
{"id":2528,"date":"2017-11-15T14:58:36","date_gmt":"2017-11-15T12:58:36","guid":{"rendered":"https:\/\/ticsalutsocial.atoom.space\/?post_type=noticia&#038;p=2528"},"modified":"2021-07-21T15:31:19","modified_gmt":"2021-07-21T13:31:19","slug":"parc-tauli-y-devicare-colaboraran-en-el-desarrollo-conjunto-de-dispositivos-medicos-para-el-autocontrol-de-enfermedades-cronicas","status":"publish","type":"noticia","link":"https:\/\/ticsalutsocial.atoom.space\/es\/noticia\/parc-tauli-y-devicare-colaboraran-en-el-desarrollo-conjunto-de-dispositivos-medicos-para-el-autocontrol-de-enfermedades-cronicas\/","title":{"rendered":"Parc Taul\u00ed y Devicare colaboraran en el desarrollo conjunto de dispositivos m\u00e9dicos para el autocontrol de enfermedades cr\u00f3nicas"},"content":{"rendered":"<p>Un 34,3% de los catalanes sufren alguna enfermedad cr\u00f3nica, entre las que la patolog\u00eda mental es una de las m\u00e1s prevalentes y con mayor impacto funcional. Las personas que padecen enfermedades mentales necesitan controles frecuentes para optimizar los tratamientos, prevenir reca\u00eddas y mejorar la adherencia, por lo que cada vez es m\u00e1s importante desarrollar modelos de tratamientos personalizados.<\/p>\n<p><strong>Avance para la salud mental<\/strong><\/p>\n<p>Actualmente, y con el fin de abordar esta necesidad, el Parc Taul\u00ed y Devicare trabajan en el desarrollo de un nuevo dispositivo m\u00e9dico que permitir\u00e1 a los pacientes monitorizar desde casa el tratamiento con sales de litio, en los casos de patolog\u00edas afectivas como el trastorno bipolar y la depresi\u00f3n mayor en las que es una indicaci\u00f3n frecuente.<\/p>\n<p>La introducci\u00f3n del autocontrol monitorizado no s\u00f3lo permitir\u00e1 que el paciente participe de forma activa en el proceso terap\u00e9utico (apoderamiento del paciente), sino que facilitar\u00e1 al equipo asistencial un mejor control y un seguimiento m\u00e1s adecuado. El dispositivo se dotar\u00e1 de una tecnolog\u00eda patentada por Devicare \u00fanica en el mercado, que, mediante sensores, es capaz de medir biom\u00e9tricas cl\u00ednicas en fluidos corporales como el aliento, la sangre, el sudor, la saliva y la orina.<\/p>\n<p>En este proyecto participan dos grupos del \u00c1rea de Investigaci\u00f3n en Neurociencias y Salud Mental del I3PT: el e-Mental Health liderado por el Dr. Diego Palao y el grupo de Trastornos Afectivos liderado por el Dr. Narc\u00eds Cardoner, ambos vinculados al Centro de Investigaci\u00f3n Biom\u00e9dica en Red de Salud Mental (CIBERSAM).<\/p>\n<p>&quot;Analizar con los m\u00f3viles los niveles de litio en sangre, por parte de las personas en las que ha sido indicado, potenciar\u00e1 extraordinariamente la implicaci\u00f3n en el cuidado de su salud y ayudar\u00e1 a prevenir mejor las reca\u00eddas&quot; comenta el Dr. Palao. &quot; Este dispositivo innovador contribuir\u00e1 a mejorar el conocimiento de las enfermedades mentales ya participar activamente en la prevenci\u00f3n con informaci\u00f3n compartida, de<br \/>\nforma autom\u00e1tica, con el equipo m\u00e9dico responsable &quot;.<\/p>\n<p>El Dr. Cardoner tambi\u00e9n pone en valor el avance que supondr\u00e1 este nuevo dispositivo para el tratamiento con carbonato de litio: &quot;Aumentar\u00e1 la seguridad de uno de los f\u00e1rmacos m\u00e1s efectivos y fomentar\u00e1 el empoderamiento de las personas afectadas&quot;.<\/p>\n<p>La tecnolog\u00eda de Devicare ya se est\u00e1 utilizando en otras enfermedades cr\u00f3nicas a trav\u00e9s de Lit-Control&reg;, destinado a los pacientes con enfermedades urinarias recurrentes, y Tao-Control&reg;, para los que toman anticoagulantes orales. &quot;Sumaremos esfuerzos para que nuestra tecnolog\u00eda avance m\u00e1s y se siga introduciendo en campos prioritarios como hemos hecho en urolog\u00eda, cardiolog\u00eda y, ahora, en salud mental&quot; remarca Rosendo Garganta,<br \/>\nfundador y CEO de Devicare.<\/p>\n","protected":false},"author":21,"featured_media":6717,"menu_order":0,"template":"","meta":{"_acf_changed":false,"inline_featured_image":false},"etiqueta":[],"tipus":[],"topic":[],"class_list":["post-2528","noticia","type-noticia","status-publish","has-post-thumbnail","hentry"],"acf":{"imatge":6717,"autor":"Adri\u00e0 G.Font"},"yoast_head":"<!-- This site is optimized with the Yoast SEO plugin v27.1.1 - https:\/\/yoast.com\/product\/yoast-seo-wordpress\/ -->\n<title>Parc Taul\u00ed y Devicare colaboraran en el desarrollo conjunto de dispositivos m\u00e9dicos para el autocontrol de enfermedades cr\u00f3nicas - Fundaci\u00f3 TIC Salut i Social<\/title>\n<meta name=\"robots\" content=\"index, follow, max-snippet:-1, max-image-preview:large, max-video-preview:-1\" \/>\n<link rel=\"canonical\" href=\"https:\/\/ticsalutsocial.atoom.space\/es\/noticia\/parc-tauli-y-devicare-colaboraran-en-el-desarrollo-conjunto-de-dispositivos-medicos-para-el-autocontrol-de-enfermedades-cronicas\/\" \/>\n<meta property=\"og:locale\" content=\"es_ES\" \/>\n<meta property=\"og:type\" content=\"article\" \/>\n<meta property=\"og:title\" content=\"Parc Taul\u00ed y Devicare colaboraran en el desarrollo conjunto de dispositivos m\u00e9dicos para el autocontrol de enfermedades cr\u00f3nicas - Fundaci\u00f3 TIC Salut i Social\" \/>\n<meta property=\"og:description\" content=\"Un 34,3% de los catalanes sufren alguna enfermedad cr\u00f3nica, entre las que la patolog\u00eda mental es una de las m\u00e1s prevalentes y con mayor impacto funcional. Las personas que padecen enfermedades mentales necesitan controles frecuentes para optimizar los tratamientos, prevenir reca\u00eddas y mejorar la adherencia, por lo que cada vez es m\u00e1s importante desarrollar modelos [&hellip;]\" \/>\n<meta property=\"og:url\" content=\"https:\/\/ticsalutsocial.atoom.space\/es\/noticia\/parc-tauli-y-devicare-colaboraran-en-el-desarrollo-conjunto-de-dispositivos-medicos-para-el-autocontrol-de-enfermedades-cronicas\/\" \/>\n<meta property=\"og:site_name\" content=\"Fundaci\u00f3 TIC Salut i Social\" \/>\n<meta property=\"article:modified_time\" content=\"2021-07-21T13:31:19+00:00\" \/>\n<meta property=\"og:image\" content=\"https:\/\/ticsalutsocial.atoom.space\/wp-content\/uploads\/2017\/11\/devicare_parc_tauli_centre_79_538.jpg\" \/>\n\t<meta property=\"og:image:width\" content=\"572\" \/>\n\t<meta property=\"og:image:height\" content=\"347\" \/>\n\t<meta property=\"og:image:type\" content=\"image\/jpeg\" \/>\n<meta name=\"twitter:card\" content=\"summary_large_image\" \/>\n<meta name=\"twitter:label1\" content=\"Tiempo de lectura\" \/>\n\t<meta name=\"twitter:data1\" content=\"2 minutos\" \/>\n<script type=\"application\/ld+json\" class=\"yoast-schema-graph\">{\"@context\":\"https:\/\/schema.org\",\"@graph\":[{\"@type\":\"WebPage\",\"@id\":\"https:\/\/ticsalutsocial.atoom.space\/es\/noticia\/parc-tauli-y-devicare-colaboraran-en-el-desarrollo-conjunto-de-dispositivos-medicos-para-el-autocontrol-de-enfermedades-cronicas\/\",\"url\":\"https:\/\/ticsalutsocial.atoom.space\/es\/noticia\/parc-tauli-y-devicare-colaboraran-en-el-desarrollo-conjunto-de-dispositivos-medicos-para-el-autocontrol-de-enfermedades-cronicas\/\",\"name\":\"Parc Taul\u00ed y Devicare colaboraran en el desarrollo conjunto de dispositivos m\u00e9dicos para el autocontrol de enfermedades cr\u00f3nicas - Fundaci\u00f3 TIC Salut i Social\",\"isPartOf\":{\"@id\":\"https:\/\/ticsalutsocial.atoom.space\/es\/#website\"},\"primaryImageOfPage\":{\"@id\":\"https:\/\/ticsalutsocial.atoom.space\/es\/noticia\/parc-tauli-y-devicare-colaboraran-en-el-desarrollo-conjunto-de-dispositivos-medicos-para-el-autocontrol-de-enfermedades-cronicas\/#primaryimage\"},\"image\":{\"@id\":\"https:\/\/ticsalutsocial.atoom.space\/es\/noticia\/parc-tauli-y-devicare-colaboraran-en-el-desarrollo-conjunto-de-dispositivos-medicos-para-el-autocontrol-de-enfermedades-cronicas\/#primaryimage\"},\"thumbnailUrl\":\"https:\/\/ticsalutsocial.atoom.space\/wp-content\/uploads\/2017\/11\/devicare_parc_tauli_centre_79_538.jpg\",\"datePublished\":\"2017-11-15T12:58:36+00:00\",\"dateModified\":\"2021-07-21T13:31:19+00:00\",\"breadcrumb\":{\"@id\":\"https:\/\/ticsalutsocial.atoom.space\/es\/noticia\/parc-tauli-y-devicare-colaboraran-en-el-desarrollo-conjunto-de-dispositivos-medicos-para-el-autocontrol-de-enfermedades-cronicas\/#breadcrumb\"},\"inLanguage\":\"es\",\"potentialAction\":[{\"@type\":\"ReadAction\",\"target\":[\"https:\/\/ticsalutsocial.atoom.space\/es\/noticia\/parc-tauli-y-devicare-colaboraran-en-el-desarrollo-conjunto-de-dispositivos-medicos-para-el-autocontrol-de-enfermedades-cronicas\/\"]}]},{\"@type\":\"ImageObject\",\"inLanguage\":\"es\",\"@id\":\"https:\/\/ticsalutsocial.atoom.space\/es\/noticia\/parc-tauli-y-devicare-colaboraran-en-el-desarrollo-conjunto-de-dispositivos-medicos-para-el-autocontrol-de-enfermedades-cronicas\/#primaryimage\",\"url\":\"https:\/\/ticsalutsocial.atoom.space\/wp-content\/uploads\/2017\/11\/devicare_parc_tauli_centre_79_538.jpg\",\"contentUrl\":\"https:\/\/ticsalutsocial.atoom.space\/wp-content\/uploads\/2017\/11\/devicare_parc_tauli_centre_79_538.jpg\",\"width\":572,\"height\":347},{\"@type\":\"BreadcrumbList\",\"@id\":\"https:\/\/ticsalutsocial.atoom.space\/es\/noticia\/parc-tauli-y-devicare-colaboraran-en-el-desarrollo-conjunto-de-dispositivos-medicos-para-el-autocontrol-de-enfermedades-cronicas\/#breadcrumb\",\"itemListElement\":[{\"@type\":\"ListItem\",\"position\":1,\"name\":\"Inici\",\"item\":\"https:\/\/ticsalutsocial.atoom.space\/es\/\"},{\"@type\":\"ListItem\",\"position\":2,\"name\":\"Parc Taul\u00ed y Devicare colaboraran en el desarrollo conjunto de dispositivos m\u00e9dicos para el autocontrol de enfermedades cr\u00f3nicas\"}]},{\"@type\":\"WebSite\",\"@id\":\"https:\/\/ticsalutsocial.atoom.space\/es\/#website\",\"url\":\"https:\/\/ticsalutsocial.atoom.space\/es\/\",\"name\":\"Fundaci\u00f3 TIC Salut i Social\",\"description\":\"\",\"potentialAction\":[{\"@type\":\"SearchAction\",\"target\":{\"@type\":\"EntryPoint\",\"urlTemplate\":\"https:\/\/ticsalutsocial.atoom.space\/es\/?s={search_term_string}\"},\"query-input\":{\"@type\":\"PropertyValueSpecification\",\"valueRequired\":true,\"valueName\":\"search_term_string\"}}],\"inLanguage\":\"es\"}]}<\/script>\n<!-- \/ Yoast SEO plugin. -->","yoast_head_json":{"title":"Parc Taul\u00ed y Devicare colaboraran en el desarrollo conjunto de dispositivos m\u00e9dicos para el autocontrol de enfermedades cr\u00f3nicas - Fundaci\u00f3 TIC Salut i Social","robots":{"index":"index","follow":"follow","max-snippet":"max-snippet:-1","max-image-preview":"max-image-preview:large","max-video-preview":"max-video-preview:-1"},"canonical":"https:\/\/ticsalutsocial.atoom.space\/es\/noticia\/parc-tauli-y-devicare-colaboraran-en-el-desarrollo-conjunto-de-dispositivos-medicos-para-el-autocontrol-de-enfermedades-cronicas\/","og_locale":"es_ES","og_type":"article","og_title":"Parc Taul\u00ed y Devicare colaboraran en el desarrollo conjunto de dispositivos m\u00e9dicos para el autocontrol de enfermedades cr\u00f3nicas - Fundaci\u00f3 TIC Salut i Social","og_description":"Un 34,3% de los catalanes sufren alguna enfermedad cr\u00f3nica, entre las que la patolog\u00eda mental es una de las m\u00e1s prevalentes y con mayor impacto funcional. Las personas que padecen enfermedades mentales necesitan controles frecuentes para optimizar los tratamientos, prevenir reca\u00eddas y mejorar la adherencia, por lo que cada vez es m\u00e1s importante desarrollar modelos [&hellip;]","og_url":"https:\/\/ticsalutsocial.atoom.space\/es\/noticia\/parc-tauli-y-devicare-colaboraran-en-el-desarrollo-conjunto-de-dispositivos-medicos-para-el-autocontrol-de-enfermedades-cronicas\/","og_site_name":"Fundaci\u00f3 TIC Salut i Social","article_modified_time":"2021-07-21T13:31:19+00:00","og_image":[{"width":572,"height":347,"url":"https:\/\/ticsalutsocial.atoom.space\/wp-content\/uploads\/2017\/11\/devicare_parc_tauli_centre_79_538.jpg","type":"image\/jpeg"}],"twitter_card":"summary_large_image","twitter_misc":{"Tiempo de lectura":"2 minutos"},"schema":{"@context":"https:\/\/schema.org","@graph":[{"@type":"WebPage","@id":"https:\/\/ticsalutsocial.atoom.space\/es\/noticia\/parc-tauli-y-devicare-colaboraran-en-el-desarrollo-conjunto-de-dispositivos-medicos-para-el-autocontrol-de-enfermedades-cronicas\/","url":"https:\/\/ticsalutsocial.atoom.space\/es\/noticia\/parc-tauli-y-devicare-colaboraran-en-el-desarrollo-conjunto-de-dispositivos-medicos-para-el-autocontrol-de-enfermedades-cronicas\/","name":"Parc Taul\u00ed y Devicare colaboraran en el desarrollo conjunto de dispositivos m\u00e9dicos para el autocontrol de enfermedades cr\u00f3nicas - Fundaci\u00f3 TIC Salut i Social","isPartOf":{"@id":"https:\/\/ticsalutsocial.atoom.space\/es\/#website"},"primaryImageOfPage":{"@id":"https:\/\/ticsalutsocial.atoom.space\/es\/noticia\/parc-tauli-y-devicare-colaboraran-en-el-desarrollo-conjunto-de-dispositivos-medicos-para-el-autocontrol-de-enfermedades-cronicas\/#primaryimage"},"image":{"@id":"https:\/\/ticsalutsocial.atoom.space\/es\/noticia\/parc-tauli-y-devicare-colaboraran-en-el-desarrollo-conjunto-de-dispositivos-medicos-para-el-autocontrol-de-enfermedades-cronicas\/#primaryimage"},"thumbnailUrl":"https:\/\/ticsalutsocial.atoom.space\/wp-content\/uploads\/2017\/11\/devicare_parc_tauli_centre_79_538.jpg","datePublished":"2017-11-15T12:58:36+00:00","dateModified":"2021-07-21T13:31:19+00:00","breadcrumb":{"@id":"https:\/\/ticsalutsocial.atoom.space\/es\/noticia\/parc-tauli-y-devicare-colaboraran-en-el-desarrollo-conjunto-de-dispositivos-medicos-para-el-autocontrol-de-enfermedades-cronicas\/#breadcrumb"},"inLanguage":"es","potentialAction":[{"@type":"ReadAction","target":["https:\/\/ticsalutsocial.atoom.space\/es\/noticia\/parc-tauli-y-devicare-colaboraran-en-el-desarrollo-conjunto-de-dispositivos-medicos-para-el-autocontrol-de-enfermedades-cronicas\/"]}]},{"@type":"ImageObject","inLanguage":"es","@id":"https:\/\/ticsalutsocial.atoom.space\/es\/noticia\/parc-tauli-y-devicare-colaboraran-en-el-desarrollo-conjunto-de-dispositivos-medicos-para-el-autocontrol-de-enfermedades-cronicas\/#primaryimage","url":"https:\/\/ticsalutsocial.atoom.space\/wp-content\/uploads\/2017\/11\/devicare_parc_tauli_centre_79_538.jpg","contentUrl":"https:\/\/ticsalutsocial.atoom.space\/wp-content\/uploads\/2017\/11\/devicare_parc_tauli_centre_79_538.jpg","width":572,"height":347},{"@type":"BreadcrumbList","@id":"https:\/\/ticsalutsocial.atoom.space\/es\/noticia\/parc-tauli-y-devicare-colaboraran-en-el-desarrollo-conjunto-de-dispositivos-medicos-para-el-autocontrol-de-enfermedades-cronicas\/#breadcrumb","itemListElement":[{"@type":"ListItem","position":1,"name":"Inici","item":"https:\/\/ticsalutsocial.atoom.space\/es\/"},{"@type":"ListItem","position":2,"name":"Parc Taul\u00ed y Devicare colaboraran en el desarrollo conjunto de dispositivos m\u00e9dicos para el autocontrol de enfermedades cr\u00f3nicas"}]},{"@type":"WebSite","@id":"https:\/\/ticsalutsocial.atoom.space\/es\/#website","url":"https:\/\/ticsalutsocial.atoom.space\/es\/","name":"Fundaci\u00f3 TIC Salut i Social","description":"","potentialAction":[{"@type":"SearchAction","target":{"@type":"EntryPoint","urlTemplate":"https:\/\/ticsalutsocial.atoom.space\/es\/?s={search_term_string}"},"query-input":{"@type":"PropertyValueSpecification","valueRequired":true,"valueName":"search_term_string"}}],"inLanguage":"es"}]}},"_links":{"self":[{"href":"https:\/\/ticsalutsocial.atoom.space\/es\/wp-json\/wp\/v2\/noticia\/2528","targetHints":{"allow":["GET"]}}],"collection":[{"href":"https:\/\/ticsalutsocial.atoom.space\/es\/wp-json\/wp\/v2\/noticia"}],"about":[{"href":"https:\/\/ticsalutsocial.atoom.space\/es\/wp-json\/wp\/v2\/types\/noticia"}],"author":[{"embeddable":true,"href":"https:\/\/ticsalutsocial.atoom.space\/es\/wp-json\/wp\/v2\/users\/21"}],"wp:featuredmedia":[{"embeddable":true,"href":"https:\/\/ticsalutsocial.atoom.space\/es\/wp-json\/wp\/v2\/media\/6717"}],"wp:attachment":[{"href":"https:\/\/ticsalutsocial.atoom.space\/es\/wp-json\/wp\/v2\/media?parent=2528"}],"wp:term":[{"taxonomy":"etiqueta","embeddable":true,"href":"https:\/\/ticsalutsocial.atoom.space\/es\/wp-json\/wp\/v2\/etiqueta?post=2528"},{"taxonomy":"tipus","embeddable":true,"href":"https:\/\/ticsalutsocial.atoom.space\/es\/wp-json\/wp\/v2\/tipus?post=2528"},{"taxonomy":"topic","embeddable":true,"href":"https:\/\/ticsalutsocial.atoom.space\/es\/wp-json\/wp\/v2\/topic?post=2528"}],"curies":[{"name":"wp","href":"https:\/\/api.w.org\/{rel}","templated":true}]}}