
{"id":25406,"date":"2024-02-08T14:13:29","date_gmt":"2024-02-08T12:13:29","guid":{"rendered":"https:\/\/ticsalutsocial.atoom.space\/noticia\/visita-el-catalonia-health-innovation-ecosystem-pavilion-al-4yfn\/"},"modified":"2024-02-08T14:25:39","modified_gmt":"2024-02-08T12:25:39","slug":"visita-el-catalonia-health-innovation-ecosystem-pavilion-al-4yfn","status":"publish","type":"noticia","link":"https:\/\/ticsalutsocial.atoom.space\/es\/noticia\/visita-el-catalonia-health-innovation-ecosystem-pavilion-al-4yfn\/","title":{"rendered":"Visita el Catalonia Health Innovation Ecosystem Pavilion en el 4YFN"},"content":{"rendered":"\n<p>Catalu\u00f1a tendr\u00e1 una presencia destacada en el congreso 4YFN que se celebrar\u00e1 en el marco del Mobile World Congress del 26 al 29 de febrero de 2024 en la Fira Gran Via de Barcelona. La Fundaci\u00f3n TIC Salut Social y Biocat coordinan el <strong>Catalonia Health Innovation Ecosystem Pavilion<\/strong>, ubicado en el Hall 8.0. <a href=\"https:\/\/ticsalutsocial.atoom.space\/wp-content\/uploads\/2024\/02\/PROGRAMA-4YFN_Fundacio-TIC-Salut-Social-i-Biocat.pdf\" target=\"_blank\" rel=\"noreferrer noopener\">En este enlace se puede consultar el programa de actividades del espacio<\/a>, en el que <strong>se presentar\u00e1n y debatir\u00e1n iniciativas y proyectos tecnol\u00f3gicos punteros <\/strong>en el \u00e1mbito de la salud y social en Catalu\u00f1a. El pabell\u00f3n<strong> tambi\u00e9n acoger\u00e1 a 12 startups catalanas<\/strong> del \u00e1mbito de las ciencias de la vida que expondr\u00e1n sus soluciones y servicios innovadores.<\/p>\n\n\n\n<p>En el Catalonia Health Innovation Ecosystem Pavilion colaboran la Generalitat de Catalu\u00f1a con el Departamento de Salud, el Departamento de Derechos Sociales, ACCI\u00d3, la Ag\u00e8ncia de Qualitat i Avaluaci\u00f3 Sanit\u00e0ries de Catalunya (AQuAS), y el Institut Cata\u00e0 de la Salut (ICS); el Ayuntamiento de Barcelona; la Uni\u00f3 Catalana d\u2019Hospitals; el Consorci de Salut i Social de Catalunya (CSC); la Asociaci\u00f3n Catalana de Entidades de Salud (ACES); la Asociaci\u00f3n Catalana de Recursos Asistenciales (ACRA); y la Mesa de entidades del Tercer Sector Social de Catalu\u00f1a (M4Social).<\/p>\n\n\n\n<h2 class=\"wp-block-heading\"><strong>Sobre el 4YFN<\/strong><\/h2>\n\n\n\n<p>El congreso 4YFN conecta cada a\u00f1o la comunidad inversora y emprendedora, y es una de las citas m\u00e1s influyentes de Europa del \u00e1mbito de las startups. Este a\u00f1o celebra su 10 aniversario con un amplio programa que cubrir\u00e1 \u00e1reas tem\u00e1ticas como la conectividad, la salud digital, el fintech, el blockchain, la inteligencia artificial y la IoT, entre otras. Durante cuatro d\u00edas, el congreso acoger\u00e1 conferencias, debates, mesas redondas, paneles con l\u00edderes de opini\u00f3n, startups y actividades de networking. Asimismo, adem\u00e1s del Catalonia Health Innovation Ecosystem Pavilion, el congreso acoger\u00e1 el stand del Barcelona Health Hub, en el que tambi\u00e9n se han programado diferentes actividades.<\/p>\n\n\n\n<h2 class=\"wp-block-heading\"><strong>Enlaces de inter\u00e9s:<\/strong><\/h2>\n\n\n\n<ul class=\"wp-block-list\">\n<li><a href=\"https:\/\/ticsalutsocial.atoom.space\/wp-content\/uploads\/2024\/02\/PROGRAMA-4YFN_Fundacio-TIC-Salut-Social-i-Biocat.pdf\" target=\"_blank\" rel=\"noreferrer noopener\">Programa del Catalonia Health Innovation Ecosystem Pavilion<\/a><\/li>\n\n\n\n<li><a href=\"https:\/\/barcelonahealthhub.com\/en\/events\/4yfn-2024\/\" target=\"_blank\" rel=\"noreferrer noopener\">Programa del Barcelona Health Hub<\/a><\/li>\n\n\n\n<li><a href=\"https:\/\/www.4yfn.com\/agenda?date=2024-02-26\" target=\"_blank\" rel=\"noreferrer noopener\">Agenda del 4YFN<\/a><\/li>\n\n\n\n<li><a href=\"https:\/\/www.mwcbarcelona.com\/agenda?date=2024-02-26\" target=\"_blank\" rel=\"noreferrer noopener\">Agenda del Mobile World Congress 2024 (MWC)<\/a><\/li>\n<\/ul>\n","protected":false},"author":12,"featured_media":25405,"menu_order":0,"template":"","meta":{"_acf_changed":false,"inline_featured_image":false},"etiqueta":[],"tipus":[],"topic":[117],"class_list":["post-25406","noticia","type-noticia","status-publish","has-post-thumbnail","hentry","topic-jornadas"],"acf":{"finalitzat":false,"tipus_plantilla":"objectius","template_objectius":{"cont_principal":"","imatge":false,"cont_seguent":{"titol":"","contingut":""},"seccio_llistat":{"titol":"","llistat":false},"objectius":{"titol":"","objectius":false},"documents":false},"autor":"","imatge":25405,"textos_destacats":[{"texte":"Consulta el programa con las actividades que han coordinado la Fundaci\u00f3n TIC Salut Social y Biocat en el 4YFN, el congreso de innovaci\u00f3n y emprendimiento en el \u00e1mbito tecnol\u00f3gico que se celebra en el marco del Mobile World Congress en Barcelona."}],"documents":false},"yoast_head":"<!-- This site is optimized with the Yoast SEO plugin v27.1.1 - https:\/\/yoast.com\/product\/yoast-seo-wordpress\/ -->\n<title>Visita el Catalonia Health Innovation Ecosystem Pavilion en el 4YFN - Fundaci\u00f3 TIC Salut i Social<\/title>\n<meta name=\"description\" content=\"La Fundaci\u00f3 TIC Salut Social i Biocat coordinen el Catalonia Health Innovation Ecosystem Pavilion al 4YFN\" \/>\n<meta name=\"robots\" content=\"index, follow, max-snippet:-1, max-image-preview:large, max-video-preview:-1\" \/>\n<link rel=\"canonical\" href=\"https:\/\/ticsalutsocial.atoom.space\/es\/noticia\/visita-el-catalonia-health-innovation-ecosystem-pavilion-al-4yfn\/\" \/>\n<meta property=\"og:locale\" content=\"es_ES\" \/>\n<meta property=\"og:type\" content=\"article\" \/>\n<meta property=\"og:title\" content=\"Visita el Catalonia Health Innovation Ecosystem Pavilion en el 4YFN - Fundaci\u00f3 TIC Salut i Social\" \/>\n<meta property=\"og:description\" content=\"La Fundaci\u00f3 TIC Salut Social i Biocat coordinen el Catalonia Health Innovation Ecosystem Pavilion al 4YFN\" \/>\n<meta property=\"og:url\" content=\"https:\/\/ticsalutsocial.atoom.space\/es\/noticia\/visita-el-catalonia-health-innovation-ecosystem-pavilion-al-4yfn\/\" \/>\n<meta property=\"og:site_name\" content=\"Fundaci\u00f3 TIC Salut i Social\" \/>\n<meta property=\"article:modified_time\" content=\"2024-02-08T12:25:39+00:00\" \/>\n<meta property=\"og:image\" content=\"https:\/\/ticsalutsocial.atoom.space\/wp-content\/uploads\/2024\/02\/4YFN.jpg\" \/>\n\t<meta property=\"og:image:width\" content=\"1280\" \/>\n\t<meta property=\"og:image:height\" content=\"960\" \/>\n\t<meta property=\"og:image:type\" content=\"image\/jpeg\" \/>\n<meta name=\"twitter:card\" content=\"summary_large_image\" \/>\n<meta name=\"twitter:label1\" content=\"Tiempo de lectura\" \/>\n\t<meta name=\"twitter:data1\" content=\"2 minutos\" \/>\n<script type=\"application\/ld+json\" class=\"yoast-schema-graph\">{\"@context\":\"https:\/\/schema.org\",\"@graph\":[{\"@type\":\"WebPage\",\"@id\":\"https:\/\/ticsalutsocial.atoom.space\/es\/noticia\/visita-el-catalonia-health-innovation-ecosystem-pavilion-al-4yfn\/\",\"url\":\"https:\/\/ticsalutsocial.atoom.space\/es\/noticia\/visita-el-catalonia-health-innovation-ecosystem-pavilion-al-4yfn\/\",\"name\":\"Visita el Catalonia Health Innovation Ecosystem Pavilion en el 4YFN - Fundaci\u00f3 TIC Salut i Social\",\"isPartOf\":{\"@id\":\"https:\/\/ticsalutsocial.atoom.space\/es\/#website\"},\"primaryImageOfPage\":{\"@id\":\"https:\/\/ticsalutsocial.atoom.space\/es\/noticia\/visita-el-catalonia-health-innovation-ecosystem-pavilion-al-4yfn\/#primaryimage\"},\"image\":{\"@id\":\"https:\/\/ticsalutsocial.atoom.space\/es\/noticia\/visita-el-catalonia-health-innovation-ecosystem-pavilion-al-4yfn\/#primaryimage\"},\"thumbnailUrl\":\"https:\/\/ticsalutsocial.atoom.space\/wp-content\/uploads\/2024\/02\/4YFN.jpg\",\"datePublished\":\"2024-02-08T12:13:29+00:00\",\"dateModified\":\"2024-02-08T12:25:39+00:00\",\"description\":\"La Fundaci\u00f3 TIC Salut Social i Biocat coordinen el Catalonia Health Innovation Ecosystem Pavilion al 4YFN\",\"breadcrumb\":{\"@id\":\"https:\/\/ticsalutsocial.atoom.space\/es\/noticia\/visita-el-catalonia-health-innovation-ecosystem-pavilion-al-4yfn\/#breadcrumb\"},\"inLanguage\":\"es\",\"potentialAction\":[{\"@type\":\"ReadAction\",\"target\":[\"https:\/\/ticsalutsocial.atoom.space\/es\/noticia\/visita-el-catalonia-health-innovation-ecosystem-pavilion-al-4yfn\/\"]}]},{\"@type\":\"ImageObject\",\"inLanguage\":\"es\",\"@id\":\"https:\/\/ticsalutsocial.atoom.space\/es\/noticia\/visita-el-catalonia-health-innovation-ecosystem-pavilion-al-4yfn\/#primaryimage\",\"url\":\"https:\/\/ticsalutsocial.atoom.space\/wp-content\/uploads\/2024\/02\/4YFN.jpg\",\"contentUrl\":\"https:\/\/ticsalutsocial.atoom.space\/wp-content\/uploads\/2024\/02\/4YFN.jpg\",\"width\":1280,\"height\":960,\"caption\":\"Catalonia Health Innovation Ecosystem Pavilion al 4YFN\"},{\"@type\":\"BreadcrumbList\",\"@id\":\"https:\/\/ticsalutsocial.atoom.space\/es\/noticia\/visita-el-catalonia-health-innovation-ecosystem-pavilion-al-4yfn\/#breadcrumb\",\"itemListElement\":[{\"@type\":\"ListItem\",\"position\":1,\"name\":\"Inici\",\"item\":\"https:\/\/ticsalutsocial.atoom.space\/es\/\"},{\"@type\":\"ListItem\",\"position\":2,\"name\":\"Visita el Catalonia Health Innovation Ecosystem Pavilion en el 4YFN\"}]},{\"@type\":\"WebSite\",\"@id\":\"https:\/\/ticsalutsocial.atoom.space\/es\/#website\",\"url\":\"https:\/\/ticsalutsocial.atoom.space\/es\/\",\"name\":\"Fundaci\u00f3 TIC Salut i Social\",\"description\":\"\",\"potentialAction\":[{\"@type\":\"SearchAction\",\"target\":{\"@type\":\"EntryPoint\",\"urlTemplate\":\"https:\/\/ticsalutsocial.atoom.space\/es\/?s={search_term_string}\"},\"query-input\":{\"@type\":\"PropertyValueSpecification\",\"valueRequired\":true,\"valueName\":\"search_term_string\"}}],\"inLanguage\":\"es\"}]}<\/script>\n<!-- \/ Yoast SEO plugin. -->","yoast_head_json":{"title":"Visita el Catalonia Health Innovation Ecosystem Pavilion en el 4YFN - Fundaci\u00f3 TIC Salut i Social","description":"La Fundaci\u00f3 TIC Salut Social i Biocat coordinen el Catalonia Health Innovation Ecosystem Pavilion al 4YFN","robots":{"index":"index","follow":"follow","max-snippet":"max-snippet:-1","max-image-preview":"max-image-preview:large","max-video-preview":"max-video-preview:-1"},"canonical":"https:\/\/ticsalutsocial.atoom.space\/es\/noticia\/visita-el-catalonia-health-innovation-ecosystem-pavilion-al-4yfn\/","og_locale":"es_ES","og_type":"article","og_title":"Visita el Catalonia Health Innovation Ecosystem Pavilion en el 4YFN - Fundaci\u00f3 TIC Salut i Social","og_description":"La Fundaci\u00f3 TIC Salut Social i Biocat coordinen el Catalonia Health Innovation Ecosystem Pavilion al 4YFN","og_url":"https:\/\/ticsalutsocial.atoom.space\/es\/noticia\/visita-el-catalonia-health-innovation-ecosystem-pavilion-al-4yfn\/","og_site_name":"Fundaci\u00f3 TIC Salut i Social","article_modified_time":"2024-02-08T12:25:39+00:00","og_image":[{"width":1280,"height":960,"url":"https:\/\/ticsalutsocial.atoom.space\/wp-content\/uploads\/2024\/02\/4YFN.jpg","type":"image\/jpeg"}],"twitter_card":"summary_large_image","twitter_misc":{"Tiempo de lectura":"2 minutos"},"schema":{"@context":"https:\/\/schema.org","@graph":[{"@type":"WebPage","@id":"https:\/\/ticsalutsocial.atoom.space\/es\/noticia\/visita-el-catalonia-health-innovation-ecosystem-pavilion-al-4yfn\/","url":"https:\/\/ticsalutsocial.atoom.space\/es\/noticia\/visita-el-catalonia-health-innovation-ecosystem-pavilion-al-4yfn\/","name":"Visita el Catalonia Health Innovation Ecosystem Pavilion en el 4YFN - Fundaci\u00f3 TIC Salut i Social","isPartOf":{"@id":"https:\/\/ticsalutsocial.atoom.space\/es\/#website"},"primaryImageOfPage":{"@id":"https:\/\/ticsalutsocial.atoom.space\/es\/noticia\/visita-el-catalonia-health-innovation-ecosystem-pavilion-al-4yfn\/#primaryimage"},"image":{"@id":"https:\/\/ticsalutsocial.atoom.space\/es\/noticia\/visita-el-catalonia-health-innovation-ecosystem-pavilion-al-4yfn\/#primaryimage"},"thumbnailUrl":"https:\/\/ticsalutsocial.atoom.space\/wp-content\/uploads\/2024\/02\/4YFN.jpg","datePublished":"2024-02-08T12:13:29+00:00","dateModified":"2024-02-08T12:25:39+00:00","description":"La Fundaci\u00f3 TIC Salut Social i Biocat coordinen el Catalonia Health Innovation Ecosystem Pavilion al 4YFN","breadcrumb":{"@id":"https:\/\/ticsalutsocial.atoom.space\/es\/noticia\/visita-el-catalonia-health-innovation-ecosystem-pavilion-al-4yfn\/#breadcrumb"},"inLanguage":"es","potentialAction":[{"@type":"ReadAction","target":["https:\/\/ticsalutsocial.atoom.space\/es\/noticia\/visita-el-catalonia-health-innovation-ecosystem-pavilion-al-4yfn\/"]}]},{"@type":"ImageObject","inLanguage":"es","@id":"https:\/\/ticsalutsocial.atoom.space\/es\/noticia\/visita-el-catalonia-health-innovation-ecosystem-pavilion-al-4yfn\/#primaryimage","url":"https:\/\/ticsalutsocial.atoom.space\/wp-content\/uploads\/2024\/02\/4YFN.jpg","contentUrl":"https:\/\/ticsalutsocial.atoom.space\/wp-content\/uploads\/2024\/02\/4YFN.jpg","width":1280,"height":960,"caption":"Catalonia Health Innovation Ecosystem Pavilion al 4YFN"},{"@type":"BreadcrumbList","@id":"https:\/\/ticsalutsocial.atoom.space\/es\/noticia\/visita-el-catalonia-health-innovation-ecosystem-pavilion-al-4yfn\/#breadcrumb","itemListElement":[{"@type":"ListItem","position":1,"name":"Inici","item":"https:\/\/ticsalutsocial.atoom.space\/es\/"},{"@type":"ListItem","position":2,"name":"Visita el Catalonia Health Innovation Ecosystem Pavilion en el 4YFN"}]},{"@type":"WebSite","@id":"https:\/\/ticsalutsocial.atoom.space\/es\/#website","url":"https:\/\/ticsalutsocial.atoom.space\/es\/","name":"Fundaci\u00f3 TIC Salut i Social","description":"","potentialAction":[{"@type":"SearchAction","target":{"@type":"EntryPoint","urlTemplate":"https:\/\/ticsalutsocial.atoom.space\/es\/?s={search_term_string}"},"query-input":{"@type":"PropertyValueSpecification","valueRequired":true,"valueName":"search_term_string"}}],"inLanguage":"es"}]}},"_links":{"self":[{"href":"https:\/\/ticsalutsocial.atoom.space\/es\/wp-json\/wp\/v2\/noticia\/25406","targetHints":{"allow":["GET"]}}],"collection":[{"href":"https:\/\/ticsalutsocial.atoom.space\/es\/wp-json\/wp\/v2\/noticia"}],"about":[{"href":"https:\/\/ticsalutsocial.atoom.space\/es\/wp-json\/wp\/v2\/types\/noticia"}],"author":[{"embeddable":true,"href":"https:\/\/ticsalutsocial.atoom.space\/es\/wp-json\/wp\/v2\/users\/12"}],"wp:featuredmedia":[{"embeddable":true,"href":"https:\/\/ticsalutsocial.atoom.space\/es\/wp-json\/wp\/v2\/media\/25405"}],"wp:attachment":[{"href":"https:\/\/ticsalutsocial.atoom.space\/es\/wp-json\/wp\/v2\/media?parent=25406"}],"wp:term":[{"taxonomy":"etiqueta","embeddable":true,"href":"https:\/\/ticsalutsocial.atoom.space\/es\/wp-json\/wp\/v2\/etiqueta?post=25406"},{"taxonomy":"tipus","embeddable":true,"href":"https:\/\/ticsalutsocial.atoom.space\/es\/wp-json\/wp\/v2\/tipus?post=25406"},{"taxonomy":"topic","embeddable":true,"href":"https:\/\/ticsalutsocial.atoom.space\/es\/wp-json\/wp\/v2\/topic?post=25406"}],"curies":[{"name":"wp","href":"https:\/\/api.w.org\/{rel}","templated":true}]}}