
{"id":25432,"date":"2024-02-05T14:03:59","date_gmt":"2024-02-05T12:03:59","guid":{"rendered":"https:\/\/ticsalutsocial.atoom.space\/noticia\/loficina-del-dpd-de-salut-consulta-a-lapdcat-sobre-lus-de-la-signatura-electronica\/"},"modified":"2024-02-09T14:16:12","modified_gmt":"2024-02-09T12:16:12","slug":"loficina-del-dpd-de-salut-consulta-a-lapdcat-sobre-lus-de-la-signatura-electronica","status":"publish","type":"noticia","link":"https:\/\/ticsalutsocial.atoom.space\/es\/noticia\/loficina-del-dpd-de-salut-consulta-a-lapdcat-sobre-lus-de-la-signatura-electronica\/","title":{"rendered":"La Oficina del Delegado de Protecci\u00f3n de Datos de Salud consulta a la APDCAT sobre el uso de la firma electr\u00f3nica"},"content":{"rendered":"<p>La Oficina del Delegado de Protecci\u00f3n de Datos (DPD) de Salud ha obtenido un pronunciamiento de la <em>Autoritad Catalana de Protecci\u00f3n de Datos<\/em> (APDCAT) sobre la viabilidad jur\u00eddica de la implementaci\u00f3n de la firma electr\u00f3nica. Este pronunciamiento est\u00e1 relacionado con el uso de la firma electr\u00f3nica en diferentes casos dentro del \u00e1mbito de la administraci\u00f3n p\u00fablica sanitaria. El uso de la firma electr\u00f3nica siempre ha generado debate jur\u00eddico en cuanto a los requisitos necesarios para su admisibilidad, sin que hasta el momento existiera un pronunciamiento por parte de esta autoridad de control.<\/p>\n<p>En este sentido, el pronunciamiento de la APDCAT es relevante ya que proporciona respuestas a diversas situaciones que hasta ahora paralizaban ciertos proyectos debido a la inseguridad jur\u00eddica que generaba el uso de la firma electr\u00f3nica. A partir de los supuestos planteados por la Oficina del DPD de Salud, la APDCAT argumenta jur\u00eddicamente los siguientes t\u00e9rminos de uso aceptable de la firma electr\u00f3nica por parte de las personas no obligadas a disponer de certificado electr\u00f3nico.<\/p>\n<p>Asimismo, expone la distinci\u00f3n entre identificaci\u00f3n y autenticaci\u00f3n, que considera fundamental para los supuestos planteados por la Oficina del DPD de Salud.<\/p>\n<h3><\/h3>\n<h3><strong>Firma de documentos de consentimiento informado a trav\u00e9s de La Meva Salut (LMS)<\/strong><\/h3>\n<p>Si nos encontramos en un entorno de La Meva Salut con un alto nivel de identificaci\u00f3n y autenticaci\u00f3n, la firma electr\u00f3nica debe garantizar la integridad y conservaci\u00f3n de lo que se firma. Esto significa que, en el momento de la firma del Consentimiento Informado (CI), ser\u00e1 necesario un sistema de firma fuerte desde el punto de vista legal y t\u00e9cnico.<\/p>\n<p>Es posible firmar un documento de consentimiento informado mediante el uso de un c\u00f3digo de un solo uso (OTP), siempre que cumpla con los requisitos de seguridad necesarios, como el tiempo de validez del c\u00f3digo o el establecimiento de requisitos de seguridad adicionales de acuerdo con lo establecido en el Reglamento (UE) 910\/2014, de 23 de julio de 2014. El dictamen determina que es potestad de la Administraci\u00f3n valorar su implementaci\u00f3n, realizar el correspondiente an\u00e1lisis de riesgos e implementar los mecanismos adicionales que permitan garantizar la integridad del documento que se firma.<\/p>\n<p>Asimismo, a\u00f1ade que la articulaci\u00f3n del tr\u00e1mite de firma del CI debe realizarse de manera que permita acreditar que el ciudadano tiene a su disposici\u00f3n toda la informaci\u00f3n sobre el tr\u00e1mite de firma y que ha accedido a ella de manera efectiva.<\/p>\n<p>&nbsp;<\/p>\n<h3><strong>Firma de documentos de consentimiento informado mediante el uso de la firma electr\u00f3nica presencial<\/strong><\/h3>\n<p>Este escenario se refiere al uso de tabletas para firmar cuando una persona realiza tr\u00e1mites presencialmente, ya sea como usuario del sistema p\u00fablico de salud o como donante.<\/p>\n<p>La APDCAT analiza la naturaleza de este tipo de firma, que implica el tratamiento de un dato biom\u00e9trico y tiene la consideraci\u00f3n de dato especialmente protegido seg\u00fan la normativa de protecci\u00f3n de datos. Esto implica una limitaci\u00f3n en su uso.<\/p>\n<p>Por otro lado, es importante tener en cuenta que en estos casos la identificaci\u00f3n y autenticaci\u00f3n del usuario se realiza presencialmente por el personal que lo atiende. La firma biom\u00e9trica se realiza exclusivamente con el prop\u00f3sito de incorporar la firma electr\u00f3nica al CI, por lo que no es la firma la que autentica.<\/p>\n<p>A partir de estas premisas, la APDCAT considera que en este escenario hay dos tratamientos de datos con bases legitimadoras diferenciadas:<\/p>\n<p>Primer tratamiento: derivado de la recopilaci\u00f3n y dep\u00f3sito de la firma solo para este prop\u00f3sito, ya que la identificaci\u00f3n y autenticaci\u00f3n de la persona se ha realizado presencialmente, y solo con el fin de conservarla de manera segura para el futuro en caso de una eventual discrepancia. Es decir, no existe una plantilla biom\u00e9trica de la firma registrada previamente. La base legitimadora ser\u00eda el consentimiento del interesado, que debe tener la alternativa de firmar de manera manuscrita (art. 9.2.a. RGPD).<\/p>\n<p>Segundo tratamiento: en caso de discrepancia futura, en la que se realizar\u00eda una prueba pericial tecnol\u00f3gica contradictoria y la persona tendr\u00eda que firmar nuevamente y realizar una comparativa. La base legitimadora ser\u00eda la formulaci\u00f3n, el ejercicio o la defensa de reclamaciones (art. 9.2.f. RGPD).<\/p>\n<p>La APDCAT concluye que considera viable el uso de este tipo de firma siempre que se acompa\u00f1e de una serie de requisitos adicionales, como ofrecer un sistema alternativo de firma, aplicar las medidas de seguridad necesarias, cumplir con el deber de informaci\u00f3n sobre el tratamiento de los datos y llevar a cabo una Evaluaci\u00f3n de Impacto en la Protecci\u00f3n de Datos (AIPD).<\/p>\n<p>Estos argumentos y conclusiones son los mismos tanto si los firmantes son pacientes como si son donantes.<\/p>\n<p>&nbsp;<\/p>\n<h3><strong>Firma electr\u00f3nica remota para la firma de contratos laborales<\/strong><\/h3>\n<p>Este caso se refiere a la firma con el dedo sobre la pantalla de un dispositivo. La APDCAT considera que si la firma consiste solo en la presi\u00f3n sobre la pantalla del dispositivo, no se tratar\u00eda de un dato biom\u00e9trico. Por lo tanto, no supondr\u00eda la aplicaci\u00f3n del r\u00e9gimen de las categor\u00edas especiales de datos.<\/p>\n<p>En este caso, la APDCAT considera que es un sistema de firma v\u00e1lido desde el punto de vista legal (el art\u00edculo 25 del Reglamento eIDAS reconoce efectos jur\u00eddicos en funci\u00f3n del caso concreto), sin perjuicio de que su valor probatorio ser\u00eda inferior a otros sistemas de firma que implican medidas de seguridad correspondientes a un nivel superior.<\/p>\n<p>En estas circunstancias y teniendo en cuenta que no se considera un dato especialmente protegido, no ser\u00eda necesario realizar una Evaluaci\u00f3n de Impacto en la Protecci\u00f3n de Datos (AIPD). Sin embargo, s\u00ed ser\u00eda necesario cumplir con los requisitos de transparencia de la informaci\u00f3n y adoptar las medidas de seguridad adecuadas.<\/p>\n<p>Adjuntamos el dictamen para su conocimiento y recomendamos su lectura completa para tener en cuenta todos los matices que indica para llevar a cabo una implementaci\u00f3n correcta de los diferentes sistemas de firma electr\u00f3nica que analiza.<\/p>\n","protected":false},"author":3,"featured_media":25335,"menu_order":0,"template":"","meta":{"_acf_changed":false,"inline_featured_image":false},"etiqueta":[],"tipus":[106],"topic":[121],"class_list":["post-25432","noticia","type-noticia","status-publish","has-post-thumbnail","hentry","tipus-dpd-salud","topic-dpd-es"],"acf":{"finalitzat":false,"tipus_plantilla":"objectius","template_objectius":{"cont_principal":"","imatge":false,"cont_seguent":{"titol":"","contingut":""},"seccio_llistat":{"titol":"","llistat":false},"objectius":{"titol":"","objectius":false},"documents":false},"autor":"","imatge":false,"textos_destacats":[{"texte":"El pronunciamiento de APDCAT es relevante ya que ofrece respuestas a diversas situaciones que, hasta ahora, frenaban ciertos proyectos debido a la incertidumbre legal en torno al uso de la firma electr\u00f3nica"}],"documents":[{"titol_doc":"Dictamen en relaci\u00f3 amb la consulta formulada per l\u2019Oficina del Delegat de Protecci\u00f3 de Dades de Salut a l\u2019Autoritat Catalana de Protecci\u00f3 de Dades sobre la signatura de documents en format electr\u00f2nic","document":{"ID":25332,"id":25332,"title":"Dictamen+18-2023+vd+ss","filename":"Dictamen18-2023vdss.pdf","filesize":551028,"url":"https:\/\/ticsalutsocial.atoom.space\/wp-content\/uploads\/2024\/02\/Dictamen18-2023vdss.pdf","link":"https:\/\/ticsalutsocial.atoom.space\/es\/noticia\/loficina-del-dpd-de-salut-consulta-a-lapdcat-sobre-lus-de-la-signatura-electronica\/dictamen18-2023vdss-2\/","alt":"","author":"3","description":"","caption":"","name":"dictamen18-2023vdss-2","status":"inherit","uploaded_to":25432,"date":"2024-02-05 12:01:40","modified":"2024-02-05 12:01:40","menu_order":0,"mime_type":"application\/pdf","type":"application","subtype":"pdf","icon":"https:\/\/ticsalutsocial.atoom.space\/wp-includes\/images\/media\/document.png"}}]},"yoast_head":"<!-- This site is optimized with the Yoast SEO plugin v27.1.1 - https:\/\/yoast.com\/product\/yoast-seo-wordpress\/ -->\n<title>La Oficina del Delegado de Protecci\u00f3n de Datos de Salud consulta a la APDCAT sobre el uso de la firma electr\u00f3nica - Fundaci\u00f3 TIC Salut i Social<\/title>\n<meta name=\"robots\" content=\"index, follow, max-snippet:-1, max-image-preview:large, max-video-preview:-1\" \/>\n<link rel=\"canonical\" href=\"https:\/\/ticsalutsocial.atoom.space\/es\/noticia\/loficina-del-dpd-de-salut-consulta-a-lapdcat-sobre-lus-de-la-signatura-electronica\/\" \/>\n<meta property=\"og:locale\" content=\"es_ES\" \/>\n<meta property=\"og:type\" content=\"article\" \/>\n<meta property=\"og:title\" content=\"La Oficina del Delegado de Protecci\u00f3n de Datos de Salud consulta a la APDCAT sobre el uso de la firma electr\u00f3nica - Fundaci\u00f3 TIC Salut i Social\" \/>\n<meta property=\"og:description\" content=\"La Oficina del Delegado de Protecci\u00f3n de Datos (DPD) de Salud ha obtenido un pronunciamiento de la Autoritad Catalana de Protecci\u00f3n de Datos (APDCAT) sobre la viabilidad jur\u00eddica de la implementaci\u00f3n de la firma electr\u00f3nica. Este pronunciamiento est\u00e1 relacionado con el uso de la firma electr\u00f3nica en diferentes casos dentro del \u00e1mbito de la administraci\u00f3n [&hellip;]\" \/>\n<meta property=\"og:url\" content=\"https:\/\/ticsalutsocial.atoom.space\/es\/noticia\/loficina-del-dpd-de-salut-consulta-a-lapdcat-sobre-lus-de-la-signatura-electronica\/\" \/>\n<meta property=\"og:site_name\" content=\"Fundaci\u00f3 TIC Salut i Social\" \/>\n<meta property=\"article:modified_time\" content=\"2024-02-09T12:16:12+00:00\" \/>\n<meta property=\"og:image\" content=\"https:\/\/ticsalutsocial.atoom.space\/wp-content\/uploads\/2024\/02\/onur-binay-Uw_8vSroCSc-unsplash-scaled.jpg\" \/>\n\t<meta property=\"og:image:width\" content=\"2560\" \/>\n\t<meta property=\"og:image:height\" content=\"1440\" \/>\n\t<meta property=\"og:image:type\" content=\"image\/jpeg\" \/>\n<meta name=\"twitter:card\" content=\"summary_large_image\" \/>\n<meta name=\"twitter:label1\" content=\"Tiempo de lectura\" \/>\n\t<meta name=\"twitter:data1\" content=\"6 minutos\" \/>\n<script type=\"application\/ld+json\" class=\"yoast-schema-graph\">{\"@context\":\"https:\/\/schema.org\",\"@graph\":[{\"@type\":\"WebPage\",\"@id\":\"https:\/\/ticsalutsocial.atoom.space\/es\/noticia\/loficina-del-dpd-de-salut-consulta-a-lapdcat-sobre-lus-de-la-signatura-electronica\/\",\"url\":\"https:\/\/ticsalutsocial.atoom.space\/es\/noticia\/loficina-del-dpd-de-salut-consulta-a-lapdcat-sobre-lus-de-la-signatura-electronica\/\",\"name\":\"La Oficina del Delegado de Protecci\u00f3n de Datos de Salud consulta a la APDCAT sobre el uso de la firma electr\u00f3nica - Fundaci\u00f3 TIC Salut i Social\",\"isPartOf\":{\"@id\":\"https:\/\/ticsalutsocial.atoom.space\/es\/#website\"},\"primaryImageOfPage\":{\"@id\":\"https:\/\/ticsalutsocial.atoom.space\/es\/noticia\/loficina-del-dpd-de-salut-consulta-a-lapdcat-sobre-lus-de-la-signatura-electronica\/#primaryimage\"},\"image\":{\"@id\":\"https:\/\/ticsalutsocial.atoom.space\/es\/noticia\/loficina-del-dpd-de-salut-consulta-a-lapdcat-sobre-lus-de-la-signatura-electronica\/#primaryimage\"},\"thumbnailUrl\":\"https:\/\/ticsalutsocial.atoom.space\/wp-content\/uploads\/2024\/02\/onur-binay-Uw_8vSroCSc-unsplash-scaled.jpg\",\"datePublished\":\"2024-02-05T12:03:59+00:00\",\"dateModified\":\"2024-02-09T12:16:12+00:00\",\"breadcrumb\":{\"@id\":\"https:\/\/ticsalutsocial.atoom.space\/es\/noticia\/loficina-del-dpd-de-salut-consulta-a-lapdcat-sobre-lus-de-la-signatura-electronica\/#breadcrumb\"},\"inLanguage\":\"es\",\"potentialAction\":[{\"@type\":\"ReadAction\",\"target\":[\"https:\/\/ticsalutsocial.atoom.space\/es\/noticia\/loficina-del-dpd-de-salut-consulta-a-lapdcat-sobre-lus-de-la-signatura-electronica\/\"]}]},{\"@type\":\"ImageObject\",\"inLanguage\":\"es\",\"@id\":\"https:\/\/ticsalutsocial.atoom.space\/es\/noticia\/loficina-del-dpd-de-salut-consulta-a-lapdcat-sobre-lus-de-la-signatura-electronica\/#primaryimage\",\"url\":\"https:\/\/ticsalutsocial.atoom.space\/wp-content\/uploads\/2024\/02\/onur-binay-Uw_8vSroCSc-unsplash-scaled.jpg\",\"contentUrl\":\"https:\/\/ticsalutsocial.atoom.space\/wp-content\/uploads\/2024\/02\/onur-binay-Uw_8vSroCSc-unsplash-scaled.jpg\",\"width\":2560,\"height\":1440},{\"@type\":\"BreadcrumbList\",\"@id\":\"https:\/\/ticsalutsocial.atoom.space\/es\/noticia\/loficina-del-dpd-de-salut-consulta-a-lapdcat-sobre-lus-de-la-signatura-electronica\/#breadcrumb\",\"itemListElement\":[{\"@type\":\"ListItem\",\"position\":1,\"name\":\"Inici\",\"item\":\"https:\/\/ticsalutsocial.atoom.space\/es\/\"},{\"@type\":\"ListItem\",\"position\":2,\"name\":\"La Oficina del Delegado de Protecci\u00f3n de Datos de Salud consulta a la APDCAT sobre el uso de la firma electr\u00f3nica\"}]},{\"@type\":\"WebSite\",\"@id\":\"https:\/\/ticsalutsocial.atoom.space\/es\/#website\",\"url\":\"https:\/\/ticsalutsocial.atoom.space\/es\/\",\"name\":\"Fundaci\u00f3 TIC Salut i Social\",\"description\":\"\",\"potentialAction\":[{\"@type\":\"SearchAction\",\"target\":{\"@type\":\"EntryPoint\",\"urlTemplate\":\"https:\/\/ticsalutsocial.atoom.space\/es\/?s={search_term_string}\"},\"query-input\":{\"@type\":\"PropertyValueSpecification\",\"valueRequired\":true,\"valueName\":\"search_term_string\"}}],\"inLanguage\":\"es\"}]}<\/script>\n<!-- \/ Yoast SEO plugin. -->","yoast_head_json":{"title":"La Oficina del Delegado de Protecci\u00f3n de Datos de Salud consulta a la APDCAT sobre el uso de la firma electr\u00f3nica - Fundaci\u00f3 TIC Salut i Social","robots":{"index":"index","follow":"follow","max-snippet":"max-snippet:-1","max-image-preview":"max-image-preview:large","max-video-preview":"max-video-preview:-1"},"canonical":"https:\/\/ticsalutsocial.atoom.space\/es\/noticia\/loficina-del-dpd-de-salut-consulta-a-lapdcat-sobre-lus-de-la-signatura-electronica\/","og_locale":"es_ES","og_type":"article","og_title":"La Oficina del Delegado de Protecci\u00f3n de Datos de Salud consulta a la APDCAT sobre el uso de la firma electr\u00f3nica - Fundaci\u00f3 TIC Salut i Social","og_description":"La Oficina del Delegado de Protecci\u00f3n de Datos (DPD) de Salud ha obtenido un pronunciamiento de la Autoritad Catalana de Protecci\u00f3n de Datos (APDCAT) sobre la viabilidad jur\u00eddica de la implementaci\u00f3n de la firma electr\u00f3nica. Este pronunciamiento est\u00e1 relacionado con el uso de la firma electr\u00f3nica en diferentes casos dentro del \u00e1mbito de la administraci\u00f3n [&hellip;]","og_url":"https:\/\/ticsalutsocial.atoom.space\/es\/noticia\/loficina-del-dpd-de-salut-consulta-a-lapdcat-sobre-lus-de-la-signatura-electronica\/","og_site_name":"Fundaci\u00f3 TIC Salut i Social","article_modified_time":"2024-02-09T12:16:12+00:00","og_image":[{"width":2560,"height":1440,"url":"https:\/\/ticsalutsocial.atoom.space\/wp-content\/uploads\/2024\/02\/onur-binay-Uw_8vSroCSc-unsplash-scaled.jpg","type":"image\/jpeg"}],"twitter_card":"summary_large_image","twitter_misc":{"Tiempo de lectura":"6 minutos"},"schema":{"@context":"https:\/\/schema.org","@graph":[{"@type":"WebPage","@id":"https:\/\/ticsalutsocial.atoom.space\/es\/noticia\/loficina-del-dpd-de-salut-consulta-a-lapdcat-sobre-lus-de-la-signatura-electronica\/","url":"https:\/\/ticsalutsocial.atoom.space\/es\/noticia\/loficina-del-dpd-de-salut-consulta-a-lapdcat-sobre-lus-de-la-signatura-electronica\/","name":"La Oficina del Delegado de Protecci\u00f3n de Datos de Salud consulta a la APDCAT sobre el uso de la firma electr\u00f3nica - Fundaci\u00f3 TIC Salut i Social","isPartOf":{"@id":"https:\/\/ticsalutsocial.atoom.space\/es\/#website"},"primaryImageOfPage":{"@id":"https:\/\/ticsalutsocial.atoom.space\/es\/noticia\/loficina-del-dpd-de-salut-consulta-a-lapdcat-sobre-lus-de-la-signatura-electronica\/#primaryimage"},"image":{"@id":"https:\/\/ticsalutsocial.atoom.space\/es\/noticia\/loficina-del-dpd-de-salut-consulta-a-lapdcat-sobre-lus-de-la-signatura-electronica\/#primaryimage"},"thumbnailUrl":"https:\/\/ticsalutsocial.atoom.space\/wp-content\/uploads\/2024\/02\/onur-binay-Uw_8vSroCSc-unsplash-scaled.jpg","datePublished":"2024-02-05T12:03:59+00:00","dateModified":"2024-02-09T12:16:12+00:00","breadcrumb":{"@id":"https:\/\/ticsalutsocial.atoom.space\/es\/noticia\/loficina-del-dpd-de-salut-consulta-a-lapdcat-sobre-lus-de-la-signatura-electronica\/#breadcrumb"},"inLanguage":"es","potentialAction":[{"@type":"ReadAction","target":["https:\/\/ticsalutsocial.atoom.space\/es\/noticia\/loficina-del-dpd-de-salut-consulta-a-lapdcat-sobre-lus-de-la-signatura-electronica\/"]}]},{"@type":"ImageObject","inLanguage":"es","@id":"https:\/\/ticsalutsocial.atoom.space\/es\/noticia\/loficina-del-dpd-de-salut-consulta-a-lapdcat-sobre-lus-de-la-signatura-electronica\/#primaryimage","url":"https:\/\/ticsalutsocial.atoom.space\/wp-content\/uploads\/2024\/02\/onur-binay-Uw_8vSroCSc-unsplash-scaled.jpg","contentUrl":"https:\/\/ticsalutsocial.atoom.space\/wp-content\/uploads\/2024\/02\/onur-binay-Uw_8vSroCSc-unsplash-scaled.jpg","width":2560,"height":1440},{"@type":"BreadcrumbList","@id":"https:\/\/ticsalutsocial.atoom.space\/es\/noticia\/loficina-del-dpd-de-salut-consulta-a-lapdcat-sobre-lus-de-la-signatura-electronica\/#breadcrumb","itemListElement":[{"@type":"ListItem","position":1,"name":"Inici","item":"https:\/\/ticsalutsocial.atoom.space\/es\/"},{"@type":"ListItem","position":2,"name":"La Oficina del Delegado de Protecci\u00f3n de Datos de Salud consulta a la APDCAT sobre el uso de la firma electr\u00f3nica"}]},{"@type":"WebSite","@id":"https:\/\/ticsalutsocial.atoom.space\/es\/#website","url":"https:\/\/ticsalutsocial.atoom.space\/es\/","name":"Fundaci\u00f3 TIC Salut i Social","description":"","potentialAction":[{"@type":"SearchAction","target":{"@type":"EntryPoint","urlTemplate":"https:\/\/ticsalutsocial.atoom.space\/es\/?s={search_term_string}"},"query-input":{"@type":"PropertyValueSpecification","valueRequired":true,"valueName":"search_term_string"}}],"inLanguage":"es"}]}},"_links":{"self":[{"href":"https:\/\/ticsalutsocial.atoom.space\/es\/wp-json\/wp\/v2\/noticia\/25432","targetHints":{"allow":["GET"]}}],"collection":[{"href":"https:\/\/ticsalutsocial.atoom.space\/es\/wp-json\/wp\/v2\/noticia"}],"about":[{"href":"https:\/\/ticsalutsocial.atoom.space\/es\/wp-json\/wp\/v2\/types\/noticia"}],"author":[{"embeddable":true,"href":"https:\/\/ticsalutsocial.atoom.space\/es\/wp-json\/wp\/v2\/users\/3"}],"wp:featuredmedia":[{"embeddable":true,"href":"https:\/\/ticsalutsocial.atoom.space\/es\/wp-json\/wp\/v2\/media\/25335"}],"wp:attachment":[{"href":"https:\/\/ticsalutsocial.atoom.space\/es\/wp-json\/wp\/v2\/media?parent=25432"}],"wp:term":[{"taxonomy":"etiqueta","embeddable":true,"href":"https:\/\/ticsalutsocial.atoom.space\/es\/wp-json\/wp\/v2\/etiqueta?post=25432"},{"taxonomy":"tipus","embeddable":true,"href":"https:\/\/ticsalutsocial.atoom.space\/es\/wp-json\/wp\/v2\/tipus?post=25432"},{"taxonomy":"topic","embeddable":true,"href":"https:\/\/ticsalutsocial.atoom.space\/es\/wp-json\/wp\/v2\/topic?post=25432"}],"curies":[{"name":"wp","href":"https:\/\/api.w.org\/{rel}","templated":true}]}}