
{"id":25781,"date":"2024-02-23T10:30:00","date_gmt":"2024-02-23T08:30:00","guid":{"rendered":"https:\/\/ticsalutsocial.atoom.space\/noticia\/lecosistema-dinnovacio-en-salut-de-catalunya-suneix-per-posicionar-el-sector-a-nivell-mundial-en-el-4yfn\/"},"modified":"2024-02-29T12:37:08","modified_gmt":"2024-02-29T10:37:08","slug":"lecosistema-dinnovacio-en-salut-de-catalunya-suneix-per-posicionar-el-sector-a-nivell-mundial-en-el-4yfn","status":"publish","type":"noticia","link":"https:\/\/ticsalutsocial.atoom.space\/es\/noticia\/lecosistema-dinnovacio-en-salut-de-catalunya-suneix-per-posicionar-el-sector-a-nivell-mundial-en-el-4yfn\/","title":{"rendered":"El ecosistema de innovaci\u00f3n en salud de Catalu\u00f1a se une para posicionar el sector a nivel mundial en el 4YFN"},"content":{"rendered":"\n<p><strong>Por primera vez, los agentes que conforman el ecosistema de innovaci\u00f3n en salud en Catalu\u00f1a participan conjuntamente con un espacio en el 4YFN 2024,<\/strong>&nbsp;que se celebra del 26 al 29 de febrero, en el marco del Mobile World Congress (MWC), en Barcelona.<\/p>\n\n\n\n<p>Bajo el nombre de<strong>&nbsp;&#8216;Catalonia Health Innovation Ecosystem Pavilion&#8217;<\/strong>, Biocat, junto con TIC Salut Social, lideran un&nbsp;<em>stand&nbsp;<\/em>de 50 m\u00b2, donde tambi\u00e9n participa ACCI\u00d3, la Agencia de Calidad y Evaluaci\u00f3n Sanitarias de Catalu\u00f1a (AQuAS), el Ayuntamiento de Barcelona, el Instituto Catal\u00e1n de la Salud (ICS), la Uni\u00f3n Catalana de Hospitales (UCH), el Consorcio de Salud y Social de Catalu\u00f1a (CSC), la Asociaci\u00f3n Catalana de Entidades de Salud (ACES), Asociaci\u00f3n Catalana de Recursos Asistenciales (ACRA) y la Mesa de entidades del Tercer Sector Social de Catalu\u00f1a (M4Social). Con esta alianza, las diferentes entidades sit\u00faan al&nbsp;<em>digital health<\/em>&nbsp;de Catalu\u00f1a en el panorama internacional.<\/p>\n\n\n\n<p>En palabras del director general de Biocat,&nbsp;<strong>Robert Fabregat<\/strong>,<em>&nbsp;\u00abeste congreso es el escaparate m\u00e1s grande de propuestas innovadoras digitales en salud, y pone de manifiesto la necesidad de agilizar el desarrollo y adopci\u00f3n de aquellas innovaciones que son m\u00e1s estrat\u00e9gicas, prioritarias para el sistema, que lo transformen y lo hagan m\u00e1s resiliente, que mejoren potencialmente la salud y el bienestar de la poblaci\u00f3n, y que contribuyan al desarrollo y progreso social y econ\u00f3mico del pa\u00eds\u00bb<\/em>. En esta iniciativa trabaja Biocat, un programa que comenzar\u00e1 a ser probado en los pr\u00f3ximos meses.<\/p>\n\n\n\n<p>Este espacio, ubicado en el nuevo pabell\u00f3n dedicado exclusivamente a la salud, el Hall 8.0, acoger\u00e1 a lo largo de los cuatro d\u00edas&nbsp;<strong>m\u00e1s de 35 actividades sobre los retos de futuro del sector<\/strong>, y c\u00f3mo se puede aprovechar el gran potencial de las&nbsp;<em>digital health<\/em>&nbsp;para mejorar la atenci\u00f3n sanitaria, los diagn\u00f3sticos y tratamientos. Un amplio abanico de mesas redondas y sesiones con expertos en salud abordar\u00e1n temas como la adopci\u00f3n de la innovaci\u00f3n en el sistema de salud, iniciativas en medicina personalizada, interoperabilidad de los datos de salud entre los centros p\u00fablicos y privados, la integraci\u00f3n de drones dentro del sistema de salud, la asistencia virtual en atenci\u00f3n primaria, entre otras sesiones.<\/p>\n\n\n\n<p>El director de la Fundaci\u00f3n TIC Salut Social,<strong>&nbsp;Joan Guanyabens<\/strong>, destaca que&nbsp;<em>\u00abel congreso representa una oportunidad \u00fanica para compartir a escala internacional iniciativas y proyectos tecnol\u00f3gicos punteros de primer nivel que estamos desarrollando no solo en el Sistema de Salud de Catalu\u00f1a, sino tambi\u00e9n en el \u00e1mbito social\u00bb<\/em>. En este sentido, el programa de actividades tambi\u00e9n incorpora sesiones espec\u00edficas sobre proyectos que utilizan la inteligencia artificial para la mejora de la atenci\u00f3n social, o los avances de la Agencia de Atenci\u00f3n Integrada Social e Integrada, entre otros.<\/p>\n\n\n\n<p>Adem\u00e1s del conjunto de las actividades,&nbsp;<strong>12 compa\u00f1\u00edas tendr\u00e1n presencia en este espacio<\/strong>, donde aprovechar\u00e1n para hacer&nbsp;<em>networking<\/em>, pero tambi\u00e9n para presentar novedades, avances y \u00faltimos hitos alcanzados en el \u00faltimo a\u00f1o. Son empresas emergentes especializadas en inteligencia artificial y an\u00e1lisis de datos, dispositivos m\u00e9dicos digitales, robots de asistencia, entre otros. Estas empresas son:&nbsp;<a href=\"https:\/\/www.abzu.ai\/\" target=\"_blank\" rel=\"noreferrer noopener\">Abzu Barcelona<\/a>,&nbsp;<a href=\"https:\/\/bielglasses.com\/\" target=\"_blank\" rel=\"noreferrer noopener\">Biel Glasses<\/a>,&nbsp;<a href=\"https:\/\/biosferteslab.com\/es\/\" target=\"_blank\" rel=\"noreferrer noopener\">Biosfer Teslab<\/a>,&nbsp;<a href=\"https:\/\/www.bsuremedical.com\/en\/\" target=\"_blank\" rel=\"noreferrer noopener\">Bsure Medical<\/a>,&nbsp;<a href=\"https:\/\/www.flomics.com\/\" target=\"_blank\" rel=\"noreferrer noopener\">Flomics Biotech<\/a>,&nbsp;<a href=\"https:\/\/www.mefood.io\/\" target=\"_blank\" rel=\"noreferrer noopener\">Mefood Omics<\/a>,<a href=\"https:\/\/www.methinks.ai\/\" target=\"_blank\" rel=\"noreferrer noopener\">&nbsp;Methinks Software<\/a>,&nbsp;<a href=\"https:\/\/www.nanodecal.com\/\" target=\"_blank\" rel=\"noreferrer noopener\">Nanodecal<\/a>,&nbsp;<a href=\"https:\/\/www.tibtimeisbrain.com\/\" target=\"_blank\" rel=\"noreferrer noopener\">Time is Brain<\/a>,&nbsp;<a href=\"https:\/\/trialing.org\/\" target=\"_blank\" rel=\"noreferrer noopener\">Trialing Health<\/a>,&nbsp;<a href=\"https:\/\/www.yasyt.com\/\" target=\"_blank\" rel=\"noreferrer noopener\">YASYT<\/a>&nbsp;y&nbsp;<a href=\"https:\/\/zoundream.com\/\" target=\"_blank\" rel=\"noreferrer noopener\">Zoundream<\/a>.<\/p>\n\n\n\n<p>La directora de la Agencia de Calidad y Evaluaci\u00f3n Sanitarias de Catalu\u00f1a,\u00a0<strong>Sandra Garc\u00eda Armesto<\/strong>, destaca que\u00a0<em>\u00abel ecosistema catal\u00e1n de innovaci\u00f3n ha realizado una apuesta muy fuerte para acelerar la adopci\u00f3n de tecnolog\u00edas digitales e inteligencia artificial por parte del sistema de salud, dot\u00e1ndose de circuitos de detecci\u00f3n, validaci\u00f3n y evaluaci\u00f3n, todos adaptados a la madurez de la soluci\u00f3n en cada momento de su ciclo de desarrollo\u00bb. Esta reuni\u00f3n, a\u00f1ade, \u00abes una oportunidad magn\u00edfica para compartir esta experiencia con el sector mundial y poner en valor un modelo de pa\u00eds que fomenta la innovaci\u00f3n de los servicios p\u00fablicos, acompa\u00f1ando la iniciativa privada\u00bb.<\/em><\/p>\n\n\n\n<figure class=\"wp-block-image size-large\"><img loading=\"lazy\" decoding=\"async\" width=\"1024\" height=\"533\" src=\"https:\/\/ticsalutsocial.atoom.space\/wp-content\/uploads\/2024\/02\/startup4YFN-1024x533.png\" alt=\"\" class=\"wp-image-25514\" srcset=\"https:\/\/ticsalutsocial.atoom.space\/wp-content\/uploads\/2024\/02\/startup4YFN-1024x533.png 1024w, https:\/\/ticsalutsocial.atoom.space\/wp-content\/uploads\/2024\/02\/startup4YFN-300x156.png 300w, https:\/\/ticsalutsocial.atoom.space\/wp-content\/uploads\/2024\/02\/startup4YFN-768x400.png 768w, https:\/\/ticsalutsocial.atoom.space\/wp-content\/uploads\/2024\/02\/startup4YFN.png 1152w\" sizes=\"auto, (max-width: 1024px) 100vw, 1024px\" \/><\/figure>\n\n\n\n<h2 class=\"wp-block-heading\"><strong>El\u00a0<em>digital health<\/em>, un subsector en alza a pesar del contexto global<\/strong><\/h2>\n\n\n\n<p>El 2023 ha sido un a\u00f1o en el que las empresas de&nbsp;<em>digital health<\/em>&nbsp;han experimentado un repunte con&nbsp;<strong>63 millones de euros, acerc\u00e1ndose a su m\u00e1ximo hist\u00f3rico del 2021, cuando captaron 64 millones de euros.<\/strong>&nbsp;A diferencia de otros mercados internacionales, donde la inversi\u00f3n ha disminuido, este no ha sido el caso de las empresas catalanas, que han visto aumentado su financiamiento en un 61% respecto al a\u00f1o anterior, seg\u00fan el&nbsp;<a href=\"https:\/\/report.biocat.cat\/\" target=\"_blank\" rel=\"noreferrer noopener\">Informe de la BioRegi\u00f3n de Catalu\u00f1a 2023&nbsp;<\/a>impulsado por Biocat desde 2009, y presentado este mes de febrero en Barcelona.<\/p>\n\n\n\n<p>El subsector cuenta con<strong>&nbsp;212 empresas y factura 475 millones de euros, y es el que crece a un ritmo m\u00e1s r\u00e1pido, a pesar de ser el grupo de empresas m\u00e1s joven.<\/strong>&nbsp;De hecho, cada a\u00f1o se crean en promedio 20 nuevas<em>&nbsp;startups&nbsp;<\/em>de&nbsp;<em>digital health<\/em>&nbsp;en Catalu\u00f1a, y el 95% del total de empresas se han constituido en los \u00faltimos 10 a\u00f1os.<\/p>\n\n\n\n<p>Las principales tecnolog\u00edas que utilizan estas empresas son la&nbsp;<strong>inteligencia artificial<\/strong>&nbsp;(con t\u00e9cnicas como el&nbsp;<em>machine learning<\/em>&nbsp;y el&nbsp;<em>deep learning<\/em>), la realidad virtual, el&nbsp;<em>big<\/em>&nbsp;<em>data<\/em>, la realidad aumentada y la impresi\u00f3n 3D. La inteligencia artificial y la realidad virtual son las tecnolog\u00edas m\u00e1s invertidas. De hecho, las 85&nbsp;<em>startups<\/em>&nbsp;y&nbsp;<em>scaleups<\/em>&nbsp;de salud de Catalu\u00f1a que trabajan en la aplicaci\u00f3n de IA, han levantado m\u00e1s de 73 millones de euros en 2023, la cifra m\u00e1s alta de la historia, que no ha dejado de crecer en los \u00faltimos cinco a\u00f1os.<\/p>\n\n\n\n<p>En este momento de maduraci\u00f3n del&nbsp;<em>digital health<\/em>, un total de&nbsp;<strong>70&nbsp;<\/strong><em><strong>startups&nbsp;<\/strong><\/em><strong>y entidades del \u00e1mbito de la salud tendr\u00e1n representaci\u00f3n en esta d\u00e9cima edici\u00f3n del 4YFN.&nbsp;<\/strong>De esta manera, el sector de salud se posiciona como uno de los m\u00e1s representativos en el congreso, que este a\u00f1o ha duplicado su espacio dedicado a la salud respecto al a\u00f1o anterior y cuenta con una agenda diferenciada de&nbsp;<em>digital health.<\/em><\/p>\n\n\n\n<figure class=\"wp-block-image size-full\"><img loading=\"lazy\" decoding=\"async\" width=\"674\" height=\"673\" src=\"https:\/\/ticsalutsocial.atoom.space\/wp-content\/uploads\/2024\/02\/pavilion4YFN.png\" alt=\"\" class=\"wp-image-25517\" srcset=\"https:\/\/ticsalutsocial.atoom.space\/wp-content\/uploads\/2024\/02\/pavilion4YFN.png 674w, https:\/\/ticsalutsocial.atoom.space\/wp-content\/uploads\/2024\/02\/pavilion4YFN-300x300.png 300w, https:\/\/ticsalutsocial.atoom.space\/wp-content\/uploads\/2024\/02\/pavilion4YFN-150x150.png 150w\" sizes=\"auto, (max-width: 674px) 100vw, 674px\" \/><\/figure>\n\n\n\n<p><\/p>\n","protected":false},"author":3,"featured_media":25522,"menu_order":0,"template":"","meta":{"_acf_changed":false,"inline_featured_image":false},"etiqueta":[],"tipus":[],"topic":[],"class_list":["post-25781","noticia","type-noticia","status-publish","has-post-thumbnail","hentry"],"acf":{"autor":"","imatge":false,"textos_destacats":[{"texte":"El 'Catalonia Health Innovation Ecosystem Pavilion', situado en el hall 8, organizar\u00e1 35 actividades sobre los retos de futuro del sector y acoger\u00e1 12 startups catalanas, que expondr\u00e1n sus soluciones y servicios innovadores."}],"finalitzat":false,"tipus_plantilla":"objectius","template_objectius":{"cont_principal":"","imatge":25522,"cont_seguent":{"titol":"","contingut":""},"seccio_llistat":{"titol":"","llistat":false},"objectius":{"titol":"","objectius":false},"documents":false},"documents":false},"yoast_head":"<!-- This site is optimized with the Yoast SEO plugin v27.1.1 - https:\/\/yoast.com\/product\/yoast-seo-wordpress\/ -->\n<title>El ecosistema de innovaci\u00f3n en salud de Catalu\u00f1a se une para posicionar el sector a nivel mundial en el 4YFN - Fundaci\u00f3 TIC Salut i Social<\/title>\n<meta name=\"robots\" content=\"index, follow, max-snippet:-1, max-image-preview:large, max-video-preview:-1\" \/>\n<link rel=\"canonical\" href=\"https:\/\/ticsalutsocial.atoom.space\/es\/noticia\/lecosistema-dinnovacio-en-salut-de-catalunya-suneix-per-posicionar-el-sector-a-nivell-mundial-en-el-4yfn\/\" \/>\n<meta property=\"og:locale\" content=\"es_ES\" \/>\n<meta property=\"og:type\" content=\"article\" \/>\n<meta property=\"og:title\" content=\"El ecosistema de innovaci\u00f3n en salud de Catalu\u00f1a se une para posicionar el sector a nivel mundial en el 4YFN - Fundaci\u00f3 TIC Salut i Social\" \/>\n<meta property=\"og:description\" content=\"Por primera vez, los agentes que conforman el ecosistema de innovaci\u00f3n en salud en Catalu\u00f1a participan conjuntamente con un espacio en el 4YFN 2024,&nbsp;que se celebra del 26 al 29 de febrero, en el marco del Mobile World Congress (MWC), en Barcelona. Bajo el nombre de&nbsp;&#8216;Catalonia Health Innovation Ecosystem Pavilion&#8217;, Biocat, junto con TIC Salut [&hellip;]\" \/>\n<meta property=\"og:url\" content=\"https:\/\/ticsalutsocial.atoom.space\/es\/noticia\/lecosistema-dinnovacio-en-salut-de-catalunya-suneix-per-posicionar-el-sector-a-nivell-mundial-en-el-4yfn\/\" \/>\n<meta property=\"og:site_name\" content=\"Fundaci\u00f3 TIC Salut i Social\" \/>\n<meta property=\"article:modified_time\" content=\"2024-02-29T10:37:08+00:00\" \/>\n<meta property=\"og:image\" content=\"https:\/\/ticsalutsocial.atoom.space\/wp-content\/uploads\/2024\/02\/Mesa-de-trabajo-1-1.png\" \/>\n\t<meta property=\"og:image:width\" content=\"1280\" \/>\n\t<meta property=\"og:image:height\" content=\"960\" \/>\n\t<meta property=\"og:image:type\" content=\"image\/png\" \/>\n<meta name=\"twitter:card\" content=\"summary_large_image\" \/>\n<meta name=\"twitter:label1\" content=\"Tiempo de lectura\" \/>\n\t<meta name=\"twitter:data1\" content=\"6 minutos\" \/>\n<script type=\"application\/ld+json\" class=\"yoast-schema-graph\">{\"@context\":\"https:\/\/schema.org\",\"@graph\":[{\"@type\":\"WebPage\",\"@id\":\"https:\/\/ticsalutsocial.atoom.space\/es\/noticia\/lecosistema-dinnovacio-en-salut-de-catalunya-suneix-per-posicionar-el-sector-a-nivell-mundial-en-el-4yfn\/\",\"url\":\"https:\/\/ticsalutsocial.atoom.space\/es\/noticia\/lecosistema-dinnovacio-en-salut-de-catalunya-suneix-per-posicionar-el-sector-a-nivell-mundial-en-el-4yfn\/\",\"name\":\"El ecosistema de innovaci\u00f3n en salud de Catalu\u00f1a se une para posicionar el sector a nivel mundial en el 4YFN - Fundaci\u00f3 TIC Salut i Social\",\"isPartOf\":{\"@id\":\"https:\/\/ticsalutsocial.atoom.space\/es\/#website\"},\"primaryImageOfPage\":{\"@id\":\"https:\/\/ticsalutsocial.atoom.space\/es\/noticia\/lecosistema-dinnovacio-en-salut-de-catalunya-suneix-per-posicionar-el-sector-a-nivell-mundial-en-el-4yfn\/#primaryimage\"},\"image\":{\"@id\":\"https:\/\/ticsalutsocial.atoom.space\/es\/noticia\/lecosistema-dinnovacio-en-salut-de-catalunya-suneix-per-posicionar-el-sector-a-nivell-mundial-en-el-4yfn\/#primaryimage\"},\"thumbnailUrl\":\"https:\/\/ticsalutsocial.atoom.space\/wp-content\/uploads\/2024\/02\/Mesa-de-trabajo-1-1.png\",\"datePublished\":\"2024-02-23T08:30:00+00:00\",\"dateModified\":\"2024-02-29T10:37:08+00:00\",\"breadcrumb\":{\"@id\":\"https:\/\/ticsalutsocial.atoom.space\/es\/noticia\/lecosistema-dinnovacio-en-salut-de-catalunya-suneix-per-posicionar-el-sector-a-nivell-mundial-en-el-4yfn\/#breadcrumb\"},\"inLanguage\":\"es\",\"potentialAction\":[{\"@type\":\"ReadAction\",\"target\":[\"https:\/\/ticsalutsocial.atoom.space\/es\/noticia\/lecosistema-dinnovacio-en-salut-de-catalunya-suneix-per-posicionar-el-sector-a-nivell-mundial-en-el-4yfn\/\"]}]},{\"@type\":\"ImageObject\",\"inLanguage\":\"es\",\"@id\":\"https:\/\/ticsalutsocial.atoom.space\/es\/noticia\/lecosistema-dinnovacio-en-salut-de-catalunya-suneix-per-posicionar-el-sector-a-nivell-mundial-en-el-4yfn\/#primaryimage\",\"url\":\"https:\/\/ticsalutsocial.atoom.space\/wp-content\/uploads\/2024\/02\/Mesa-de-trabajo-1-1.png\",\"contentUrl\":\"https:\/\/ticsalutsocial.atoom.space\/wp-content\/uploads\/2024\/02\/Mesa-de-trabajo-1-1.png\",\"width\":1280,\"height\":960},{\"@type\":\"BreadcrumbList\",\"@id\":\"https:\/\/ticsalutsocial.atoom.space\/es\/noticia\/lecosistema-dinnovacio-en-salut-de-catalunya-suneix-per-posicionar-el-sector-a-nivell-mundial-en-el-4yfn\/#breadcrumb\",\"itemListElement\":[{\"@type\":\"ListItem\",\"position\":1,\"name\":\"Inici\",\"item\":\"https:\/\/ticsalutsocial.atoom.space\/es\/\"},{\"@type\":\"ListItem\",\"position\":2,\"name\":\"El ecosistema de innovaci\u00f3n en salud de Catalu\u00f1a se une para posicionar el sector a nivel mundial en el 4YFN\"}]},{\"@type\":\"WebSite\",\"@id\":\"https:\/\/ticsalutsocial.atoom.space\/es\/#website\",\"url\":\"https:\/\/ticsalutsocial.atoom.space\/es\/\",\"name\":\"Fundaci\u00f3 TIC Salut i Social\",\"description\":\"\",\"potentialAction\":[{\"@type\":\"SearchAction\",\"target\":{\"@type\":\"EntryPoint\",\"urlTemplate\":\"https:\/\/ticsalutsocial.atoom.space\/es\/?s={search_term_string}\"},\"query-input\":{\"@type\":\"PropertyValueSpecification\",\"valueRequired\":true,\"valueName\":\"search_term_string\"}}],\"inLanguage\":\"es\"}]}<\/script>\n<!-- \/ Yoast SEO plugin. -->","yoast_head_json":{"title":"El ecosistema de innovaci\u00f3n en salud de Catalu\u00f1a se une para posicionar el sector a nivel mundial en el 4YFN - Fundaci\u00f3 TIC Salut i Social","robots":{"index":"index","follow":"follow","max-snippet":"max-snippet:-1","max-image-preview":"max-image-preview:large","max-video-preview":"max-video-preview:-1"},"canonical":"https:\/\/ticsalutsocial.atoom.space\/es\/noticia\/lecosistema-dinnovacio-en-salut-de-catalunya-suneix-per-posicionar-el-sector-a-nivell-mundial-en-el-4yfn\/","og_locale":"es_ES","og_type":"article","og_title":"El ecosistema de innovaci\u00f3n en salud de Catalu\u00f1a se une para posicionar el sector a nivel mundial en el 4YFN - Fundaci\u00f3 TIC Salut i Social","og_description":"Por primera vez, los agentes que conforman el ecosistema de innovaci\u00f3n en salud en Catalu\u00f1a participan conjuntamente con un espacio en el 4YFN 2024,&nbsp;que se celebra del 26 al 29 de febrero, en el marco del Mobile World Congress (MWC), en Barcelona. Bajo el nombre de&nbsp;&#8216;Catalonia Health Innovation Ecosystem Pavilion&#8217;, Biocat, junto con TIC Salut [&hellip;]","og_url":"https:\/\/ticsalutsocial.atoom.space\/es\/noticia\/lecosistema-dinnovacio-en-salut-de-catalunya-suneix-per-posicionar-el-sector-a-nivell-mundial-en-el-4yfn\/","og_site_name":"Fundaci\u00f3 TIC Salut i Social","article_modified_time":"2024-02-29T10:37:08+00:00","og_image":[{"width":1280,"height":960,"url":"https:\/\/ticsalutsocial.atoom.space\/wp-content\/uploads\/2024\/02\/Mesa-de-trabajo-1-1.png","type":"image\/png"}],"twitter_card":"summary_large_image","twitter_misc":{"Tiempo de lectura":"6 minutos"},"schema":{"@context":"https:\/\/schema.org","@graph":[{"@type":"WebPage","@id":"https:\/\/ticsalutsocial.atoom.space\/es\/noticia\/lecosistema-dinnovacio-en-salut-de-catalunya-suneix-per-posicionar-el-sector-a-nivell-mundial-en-el-4yfn\/","url":"https:\/\/ticsalutsocial.atoom.space\/es\/noticia\/lecosistema-dinnovacio-en-salut-de-catalunya-suneix-per-posicionar-el-sector-a-nivell-mundial-en-el-4yfn\/","name":"El ecosistema de innovaci\u00f3n en salud de Catalu\u00f1a se une para posicionar el sector a nivel mundial en el 4YFN - Fundaci\u00f3 TIC Salut i Social","isPartOf":{"@id":"https:\/\/ticsalutsocial.atoom.space\/es\/#website"},"primaryImageOfPage":{"@id":"https:\/\/ticsalutsocial.atoom.space\/es\/noticia\/lecosistema-dinnovacio-en-salut-de-catalunya-suneix-per-posicionar-el-sector-a-nivell-mundial-en-el-4yfn\/#primaryimage"},"image":{"@id":"https:\/\/ticsalutsocial.atoom.space\/es\/noticia\/lecosistema-dinnovacio-en-salut-de-catalunya-suneix-per-posicionar-el-sector-a-nivell-mundial-en-el-4yfn\/#primaryimage"},"thumbnailUrl":"https:\/\/ticsalutsocial.atoom.space\/wp-content\/uploads\/2024\/02\/Mesa-de-trabajo-1-1.png","datePublished":"2024-02-23T08:30:00+00:00","dateModified":"2024-02-29T10:37:08+00:00","breadcrumb":{"@id":"https:\/\/ticsalutsocial.atoom.space\/es\/noticia\/lecosistema-dinnovacio-en-salut-de-catalunya-suneix-per-posicionar-el-sector-a-nivell-mundial-en-el-4yfn\/#breadcrumb"},"inLanguage":"es","potentialAction":[{"@type":"ReadAction","target":["https:\/\/ticsalutsocial.atoom.space\/es\/noticia\/lecosistema-dinnovacio-en-salut-de-catalunya-suneix-per-posicionar-el-sector-a-nivell-mundial-en-el-4yfn\/"]}]},{"@type":"ImageObject","inLanguage":"es","@id":"https:\/\/ticsalutsocial.atoom.space\/es\/noticia\/lecosistema-dinnovacio-en-salut-de-catalunya-suneix-per-posicionar-el-sector-a-nivell-mundial-en-el-4yfn\/#primaryimage","url":"https:\/\/ticsalutsocial.atoom.space\/wp-content\/uploads\/2024\/02\/Mesa-de-trabajo-1-1.png","contentUrl":"https:\/\/ticsalutsocial.atoom.space\/wp-content\/uploads\/2024\/02\/Mesa-de-trabajo-1-1.png","width":1280,"height":960},{"@type":"BreadcrumbList","@id":"https:\/\/ticsalutsocial.atoom.space\/es\/noticia\/lecosistema-dinnovacio-en-salut-de-catalunya-suneix-per-posicionar-el-sector-a-nivell-mundial-en-el-4yfn\/#breadcrumb","itemListElement":[{"@type":"ListItem","position":1,"name":"Inici","item":"https:\/\/ticsalutsocial.atoom.space\/es\/"},{"@type":"ListItem","position":2,"name":"El ecosistema de innovaci\u00f3n en salud de Catalu\u00f1a se une para posicionar el sector a nivel mundial en el 4YFN"}]},{"@type":"WebSite","@id":"https:\/\/ticsalutsocial.atoom.space\/es\/#website","url":"https:\/\/ticsalutsocial.atoom.space\/es\/","name":"Fundaci\u00f3 TIC Salut i Social","description":"","potentialAction":[{"@type":"SearchAction","target":{"@type":"EntryPoint","urlTemplate":"https:\/\/ticsalutsocial.atoom.space\/es\/?s={search_term_string}"},"query-input":{"@type":"PropertyValueSpecification","valueRequired":true,"valueName":"search_term_string"}}],"inLanguage":"es"}]}},"_links":{"self":[{"href":"https:\/\/ticsalutsocial.atoom.space\/es\/wp-json\/wp\/v2\/noticia\/25781","targetHints":{"allow":["GET"]}}],"collection":[{"href":"https:\/\/ticsalutsocial.atoom.space\/es\/wp-json\/wp\/v2\/noticia"}],"about":[{"href":"https:\/\/ticsalutsocial.atoom.space\/es\/wp-json\/wp\/v2\/types\/noticia"}],"author":[{"embeddable":true,"href":"https:\/\/ticsalutsocial.atoom.space\/es\/wp-json\/wp\/v2\/users\/3"}],"wp:featuredmedia":[{"embeddable":true,"href":"https:\/\/ticsalutsocial.atoom.space\/es\/wp-json\/wp\/v2\/media\/25522"}],"wp:attachment":[{"href":"https:\/\/ticsalutsocial.atoom.space\/es\/wp-json\/wp\/v2\/media?parent=25781"}],"wp:term":[{"taxonomy":"etiqueta","embeddable":true,"href":"https:\/\/ticsalutsocial.atoom.space\/es\/wp-json\/wp\/v2\/etiqueta?post=25781"},{"taxonomy":"tipus","embeddable":true,"href":"https:\/\/ticsalutsocial.atoom.space\/es\/wp-json\/wp\/v2\/tipus?post=25781"},{"taxonomy":"topic","embeddable":true,"href":"https:\/\/ticsalutsocial.atoom.space\/es\/wp-json\/wp\/v2\/topic?post=25781"}],"curies":[{"name":"wp","href":"https:\/\/api.w.org\/{rel}","templated":true}]}}