
{"id":25827,"date":"2024-02-29T14:30:51","date_gmt":"2024-02-29T12:30:51","guid":{"rendered":"https:\/\/ticsalutsocial.atoom.space\/noticia\/nou-projecte-per-fer-seguiment-domiciliari-de-pacients-a-les-terres-de-lebre\/"},"modified":"2024-03-01T15:18:47","modified_gmt":"2024-03-01T13:18:47","slug":"nou-projecte-per-fer-seguiment-domiciliari-de-pacients-a-les-terres-de-lebre","status":"publish","type":"noticia","link":"https:\/\/ticsalutsocial.atoom.space\/es\/noticia\/nou-projecte-per-fer-seguiment-domiciliari-de-pacients-a-les-terres-de-lebre\/","title":{"rendered":"Nuevo proyecto para realizar seguimiento domiciliario de pacientes en las Terres de l&#8217;Ebre"},"content":{"rendered":"\n<p>La Fundaci\u00f3n TIC Salut Social e i2CAT han dado el pistoletazo de salida a<strong> dos pruebas piloto de monitorizaci\u00f3n de pacientes a domicilio en las Terres de l&#8217;Ebre<\/strong>. Los proyectos, que <strong>han sido presentados en el congreso 4YFN<\/strong>, tienen una duraci\u00f3n prevista de 9 meses y se realizan por encargo de la Secretar\u00eda de Telecomunicaciones y Transformaci\u00f3n Digital, y la Subdirecci\u00f3n de Infraestructuras Digitales y Comunicaciones Electr\u00f3nicas de la Generalitat de Catalunya.<\/p>\n\n\n\n<p>El primer proyecto incorporar\u00e1 un <strong>equipo de comunicaciones m\u00f3viles<\/strong>, entre ellas la tecnolog\u00eda 5G, en el proceso existente de atenci\u00f3n domiciliaria para <strong>mejorar las comunicaciones de los dispositivos que utilizan los profesionales en su pr\u00e1ctica cl\u00ednica<\/strong>. \u00c9sta permitir\u00e1 transmitir la informaci\u00f3n, desde el domicilio del paciente a los sistemas de informaci\u00f3n existentes. Para hacerlo posible, se ha dotado a los equipos de Atenci\u00f3n Primaria del Instituto Catal\u00e1n de la Salud de unos dispositivos m\u00e9dicos portables (ec\u00f3grafo, ECG, fonendoscopio digital) que facilitan la asistencia sanitaria cuando se desplazan a los domicilios de los pacientes. Por su parte, con la incorporaci\u00f3n del 5G, se facilitan las comunicaciones y la transmisi\u00f3n de la informaci\u00f3n.<\/p>\n\n\n\n<p>El segundo proyecto tiene como finalidad definir un nuevo proceso asistencial de telemedicina que permita <strong>capturar la informaci\u00f3n asociada a dispositivos m\u00e9dicos y\/o portables en el entorno domiciliario de los pacientes y transmitir todas las variables<\/strong> para que sean consultables en la Estaci\u00f3n de Trabajo Cl\u00ednica de los profesionales. Con este nuevo proceso, los participantes del proyecto prev\u00e9n contribuir a mejorar la gesti\u00f3n de las patolog\u00edas, reducir el n\u00famero de desplazamientos en el centro m\u00e9dico, apoderar a los pacientes en la autogesti\u00f3n para que tendr\u00e1n acceso a sus datos cl\u00ednicos registrados, optimizar los recursos, y validar que el uso de la tecnolog\u00eda 5G garantiza la monitorizaci\u00f3n de pacientes en el entorno domiciliario.<\/p>\n\n\n\n<p>Este segundo proyecto contar\u00e1 con la participaci\u00f3n de profesionales asistenciales del Hospital M\u00f3ra d&#8217;Ebre que aportar\u00e1n su conocimiento a la fase de dise\u00f1o del piloto. Antes, se identificar\u00e1n los requerimientos cl\u00ednicos, asistenciales y tecnol\u00f3gicos, se definir\u00e1n las variables a monitorizar, se seleccionar\u00e1n los dispositivos que permitan la monitorizaci\u00f3n, y se dise\u00f1ar\u00e1 la metodolog\u00eda de evaluaci\u00f3n de la prueba piloto.<\/p>\n\n\n\n<h2 class=\"wp-block-heading\"><strong>Continuidad del proyecto 5G en salud<\/strong><\/h2>\n\n\n\n<p>Ambos proyectos parten de los resultados y aprendizajes generados en la <a href=\"https:\/\/ticsalutsocial.atoom.space\/premsa\/la-5g-pot-millorar-els-serveis-domiciliaris-de-salut-a-zones-rurals\/\" target=\"_blank\" rel=\"noreferrer noopener\">prueba piloto en el \u00e1mbito de la salud y la 5G<\/a> realizada sobre una ecograf\u00eda m\u00f3vil y un sistema de monitorizaci\u00f3n de enfermos cr\u00f3nicos a domicilio, presentada el pasado mes de noviembre en el laboratorio 5G del COEbreLAB, con la colaboraci\u00f3n del Consejo Comarcal de la Ribera d&#8217;Ebre. Esta regi\u00f3n fue seleccionada por su condici\u00f3n altamente rural, con un elevado n\u00famero de municipios con pocos habitantes y pocos centros sanitarios disponibles. Asimismo, como estos centros est\u00e1n alejados de algunos de los municipios, los pacientes y profesionales de este territorio est\u00e1n obligados a desplazarse para recibir atenci\u00f3n m\u00e9dica.<\/p>\n\n\n\n<p>Aparte de este proyecto, i2CAT y la Fundaci\u00f3n TIC Salud Social, est\u00e1n iniciando el dise\u00f1o de un estudio en las Terres de l&#8217;Ebre para acercar la ecograf\u00eda hospitalaria al domicilio del paciente.<\/p>\n","protected":false},"author":12,"featured_media":25804,"menu_order":0,"template":"","meta":{"_acf_changed":true,"inline_featured_image":false},"etiqueta":[],"tipus":[],"topic":[127],"class_list":["post-25827","noticia","type-noticia","status-publish","has-post-thumbnail","hentry","topic-proyectos"],"acf":{"finalitzat":false,"tipus_plantilla":"objectius","template_objectius":{"cont_principal":"","imatge":false,"cont_seguent":{"titol":"","contingut":""},"seccio_llistat":{"titol":"","llistat":false},"objectius":{"titol":"","objectius":false},"documents":false},"autor":"","imatge":25804,"textos_destacats":[{"texte":"La Fundaci\u00f3n TIC Salut Social e i2CAT inician dos pruebas piloto que parten de los resultados del proyecto sobre el uso de la tecnolog\u00eda 5G para servicios sanitarios en el entorno domiciliario en el laboratorio 5G de Terres de l'Ebre."}],"documents":false},"yoast_head":"<!-- This site is optimized with the Yoast SEO plugin v27.1.1 - https:\/\/yoast.com\/product\/yoast-seo-wordpress\/ -->\n<title>Nuevo proyecto para realizar seguimiento domiciliario de pacientes en las Terres de l&#039;Ebre - Fundaci\u00f3 TIC Salut i Social<\/title>\n<meta name=\"description\" content=\"La Fundaci\u00f3 TIC Salut Social i i2CAT enceten dues proves pilot de monitoratge de pacients a domicili a les Terres de l\u2019Ebre.\" \/>\n<meta name=\"robots\" content=\"index, follow, max-snippet:-1, max-image-preview:large, max-video-preview:-1\" \/>\n<link rel=\"canonical\" href=\"https:\/\/ticsalutsocial.atoom.space\/es\/noticia\/nou-projecte-per-fer-seguiment-domiciliari-de-pacients-a-les-terres-de-lebre\/\" \/>\n<meta property=\"og:locale\" content=\"es_ES\" \/>\n<meta property=\"og:type\" content=\"article\" \/>\n<meta property=\"og:title\" content=\"Nuevo proyecto para realizar seguimiento domiciliario de pacientes en las Terres de l&#039;Ebre - Fundaci\u00f3 TIC Salut i Social\" \/>\n<meta property=\"og:description\" content=\"La Fundaci\u00f3 TIC Salut Social i i2CAT enceten dues proves pilot de monitoratge de pacients a domicili a les Terres de l\u2019Ebre.\" \/>\n<meta property=\"og:url\" content=\"https:\/\/ticsalutsocial.atoom.space\/es\/noticia\/nou-projecte-per-fer-seguiment-domiciliari-de-pacients-a-les-terres-de-lebre\/\" \/>\n<meta property=\"og:site_name\" content=\"Fundaci\u00f3 TIC Salut i Social\" \/>\n<meta property=\"article:modified_time\" content=\"2024-03-01T13:18:47+00:00\" \/>\n<meta property=\"og:image\" content=\"https:\/\/ticsalutsocial.atoom.space\/wp-content\/uploads\/2024\/02\/Presentacio-projectes-5G-al-4YFN.jpg\" \/>\n\t<meta property=\"og:image:width\" content=\"1280\" \/>\n\t<meta property=\"og:image:height\" content=\"960\" \/>\n\t<meta property=\"og:image:type\" content=\"image\/jpeg\" \/>\n<meta name=\"twitter:card\" content=\"summary_large_image\" \/>\n<meta name=\"twitter:label1\" content=\"Tiempo de lectura\" \/>\n\t<meta name=\"twitter:data1\" content=\"3 minutos\" \/>\n<script type=\"application\/ld+json\" class=\"yoast-schema-graph\">{\"@context\":\"https:\/\/schema.org\",\"@graph\":[{\"@type\":\"WebPage\",\"@id\":\"https:\/\/ticsalutsocial.atoom.space\/es\/noticia\/nou-projecte-per-fer-seguiment-domiciliari-de-pacients-a-les-terres-de-lebre\/\",\"url\":\"https:\/\/ticsalutsocial.atoom.space\/es\/noticia\/nou-projecte-per-fer-seguiment-domiciliari-de-pacients-a-les-terres-de-lebre\/\",\"name\":\"Nuevo proyecto para realizar seguimiento domiciliario de pacientes en las Terres de l'Ebre - Fundaci\u00f3 TIC Salut i Social\",\"isPartOf\":{\"@id\":\"https:\/\/ticsalutsocial.atoom.space\/es\/#website\"},\"primaryImageOfPage\":{\"@id\":\"https:\/\/ticsalutsocial.atoom.space\/es\/noticia\/nou-projecte-per-fer-seguiment-domiciliari-de-pacients-a-les-terres-de-lebre\/#primaryimage\"},\"image\":{\"@id\":\"https:\/\/ticsalutsocial.atoom.space\/es\/noticia\/nou-projecte-per-fer-seguiment-domiciliari-de-pacients-a-les-terres-de-lebre\/#primaryimage\"},\"thumbnailUrl\":\"https:\/\/ticsalutsocial.atoom.space\/wp-content\/uploads\/2024\/02\/Presentacio-projectes-5G-al-4YFN.jpg\",\"datePublished\":\"2024-02-29T12:30:51+00:00\",\"dateModified\":\"2024-03-01T13:18:47+00:00\",\"description\":\"La Fundaci\u00f3 TIC Salut Social i i2CAT enceten dues proves pilot de monitoratge de pacients a domicili a les Terres de l\u2019Ebre.\",\"breadcrumb\":{\"@id\":\"https:\/\/ticsalutsocial.atoom.space\/es\/noticia\/nou-projecte-per-fer-seguiment-domiciliari-de-pacients-a-les-terres-de-lebre\/#breadcrumb\"},\"inLanguage\":\"es\",\"potentialAction\":[{\"@type\":\"ReadAction\",\"target\":[\"https:\/\/ticsalutsocial.atoom.space\/es\/noticia\/nou-projecte-per-fer-seguiment-domiciliari-de-pacients-a-les-terres-de-lebre\/\"]}]},{\"@type\":\"ImageObject\",\"inLanguage\":\"es\",\"@id\":\"https:\/\/ticsalutsocial.atoom.space\/es\/noticia\/nou-projecte-per-fer-seguiment-domiciliari-de-pacients-a-les-terres-de-lebre\/#primaryimage\",\"url\":\"https:\/\/ticsalutsocial.atoom.space\/wp-content\/uploads\/2024\/02\/Presentacio-projectes-5G-al-4YFN.jpg\",\"contentUrl\":\"https:\/\/ticsalutsocial.atoom.space\/wp-content\/uploads\/2024\/02\/Presentacio-projectes-5G-al-4YFN.jpg\",\"width\":1280,\"height\":960,\"caption\":\"Nou projecte per fer seguiment domiciliari de pacients a les Terres de l\u2019Ebre\"},{\"@type\":\"BreadcrumbList\",\"@id\":\"https:\/\/ticsalutsocial.atoom.space\/es\/noticia\/nou-projecte-per-fer-seguiment-domiciliari-de-pacients-a-les-terres-de-lebre\/#breadcrumb\",\"itemListElement\":[{\"@type\":\"ListItem\",\"position\":1,\"name\":\"Inici\",\"item\":\"https:\/\/ticsalutsocial.atoom.space\/es\/\"},{\"@type\":\"ListItem\",\"position\":2,\"name\":\"Nuevo proyecto para realizar seguimiento domiciliario de pacientes en las Terres de l&#8217;Ebre\"}]},{\"@type\":\"WebSite\",\"@id\":\"https:\/\/ticsalutsocial.atoom.space\/es\/#website\",\"url\":\"https:\/\/ticsalutsocial.atoom.space\/es\/\",\"name\":\"Fundaci\u00f3 TIC Salut i Social\",\"description\":\"\",\"potentialAction\":[{\"@type\":\"SearchAction\",\"target\":{\"@type\":\"EntryPoint\",\"urlTemplate\":\"https:\/\/ticsalutsocial.atoom.space\/es\/?s={search_term_string}\"},\"query-input\":{\"@type\":\"PropertyValueSpecification\",\"valueRequired\":true,\"valueName\":\"search_term_string\"}}],\"inLanguage\":\"es\"}]}<\/script>\n<!-- \/ Yoast SEO plugin. -->","yoast_head_json":{"title":"Nuevo proyecto para realizar seguimiento domiciliario de pacientes en las Terres de l'Ebre - Fundaci\u00f3 TIC Salut i Social","description":"La Fundaci\u00f3 TIC Salut Social i i2CAT enceten dues proves pilot de monitoratge de pacients a domicili a les Terres de l\u2019Ebre.","robots":{"index":"index","follow":"follow","max-snippet":"max-snippet:-1","max-image-preview":"max-image-preview:large","max-video-preview":"max-video-preview:-1"},"canonical":"https:\/\/ticsalutsocial.atoom.space\/es\/noticia\/nou-projecte-per-fer-seguiment-domiciliari-de-pacients-a-les-terres-de-lebre\/","og_locale":"es_ES","og_type":"article","og_title":"Nuevo proyecto para realizar seguimiento domiciliario de pacientes en las Terres de l'Ebre - Fundaci\u00f3 TIC Salut i Social","og_description":"La Fundaci\u00f3 TIC Salut Social i i2CAT enceten dues proves pilot de monitoratge de pacients a domicili a les Terres de l\u2019Ebre.","og_url":"https:\/\/ticsalutsocial.atoom.space\/es\/noticia\/nou-projecte-per-fer-seguiment-domiciliari-de-pacients-a-les-terres-de-lebre\/","og_site_name":"Fundaci\u00f3 TIC Salut i Social","article_modified_time":"2024-03-01T13:18:47+00:00","og_image":[{"width":1280,"height":960,"url":"https:\/\/ticsalutsocial.atoom.space\/wp-content\/uploads\/2024\/02\/Presentacio-projectes-5G-al-4YFN.jpg","type":"image\/jpeg"}],"twitter_card":"summary_large_image","twitter_misc":{"Tiempo de lectura":"3 minutos"},"schema":{"@context":"https:\/\/schema.org","@graph":[{"@type":"WebPage","@id":"https:\/\/ticsalutsocial.atoom.space\/es\/noticia\/nou-projecte-per-fer-seguiment-domiciliari-de-pacients-a-les-terres-de-lebre\/","url":"https:\/\/ticsalutsocial.atoom.space\/es\/noticia\/nou-projecte-per-fer-seguiment-domiciliari-de-pacients-a-les-terres-de-lebre\/","name":"Nuevo proyecto para realizar seguimiento domiciliario de pacientes en las Terres de l'Ebre - Fundaci\u00f3 TIC Salut i Social","isPartOf":{"@id":"https:\/\/ticsalutsocial.atoom.space\/es\/#website"},"primaryImageOfPage":{"@id":"https:\/\/ticsalutsocial.atoom.space\/es\/noticia\/nou-projecte-per-fer-seguiment-domiciliari-de-pacients-a-les-terres-de-lebre\/#primaryimage"},"image":{"@id":"https:\/\/ticsalutsocial.atoom.space\/es\/noticia\/nou-projecte-per-fer-seguiment-domiciliari-de-pacients-a-les-terres-de-lebre\/#primaryimage"},"thumbnailUrl":"https:\/\/ticsalutsocial.atoom.space\/wp-content\/uploads\/2024\/02\/Presentacio-projectes-5G-al-4YFN.jpg","datePublished":"2024-02-29T12:30:51+00:00","dateModified":"2024-03-01T13:18:47+00:00","description":"La Fundaci\u00f3 TIC Salut Social i i2CAT enceten dues proves pilot de monitoratge de pacients a domicili a les Terres de l\u2019Ebre.","breadcrumb":{"@id":"https:\/\/ticsalutsocial.atoom.space\/es\/noticia\/nou-projecte-per-fer-seguiment-domiciliari-de-pacients-a-les-terres-de-lebre\/#breadcrumb"},"inLanguage":"es","potentialAction":[{"@type":"ReadAction","target":["https:\/\/ticsalutsocial.atoom.space\/es\/noticia\/nou-projecte-per-fer-seguiment-domiciliari-de-pacients-a-les-terres-de-lebre\/"]}]},{"@type":"ImageObject","inLanguage":"es","@id":"https:\/\/ticsalutsocial.atoom.space\/es\/noticia\/nou-projecte-per-fer-seguiment-domiciliari-de-pacients-a-les-terres-de-lebre\/#primaryimage","url":"https:\/\/ticsalutsocial.atoom.space\/wp-content\/uploads\/2024\/02\/Presentacio-projectes-5G-al-4YFN.jpg","contentUrl":"https:\/\/ticsalutsocial.atoom.space\/wp-content\/uploads\/2024\/02\/Presentacio-projectes-5G-al-4YFN.jpg","width":1280,"height":960,"caption":"Nou projecte per fer seguiment domiciliari de pacients a les Terres de l\u2019Ebre"},{"@type":"BreadcrumbList","@id":"https:\/\/ticsalutsocial.atoom.space\/es\/noticia\/nou-projecte-per-fer-seguiment-domiciliari-de-pacients-a-les-terres-de-lebre\/#breadcrumb","itemListElement":[{"@type":"ListItem","position":1,"name":"Inici","item":"https:\/\/ticsalutsocial.atoom.space\/es\/"},{"@type":"ListItem","position":2,"name":"Nuevo proyecto para realizar seguimiento domiciliario de pacientes en las Terres de l&#8217;Ebre"}]},{"@type":"WebSite","@id":"https:\/\/ticsalutsocial.atoom.space\/es\/#website","url":"https:\/\/ticsalutsocial.atoom.space\/es\/","name":"Fundaci\u00f3 TIC Salut i Social","description":"","potentialAction":[{"@type":"SearchAction","target":{"@type":"EntryPoint","urlTemplate":"https:\/\/ticsalutsocial.atoom.space\/es\/?s={search_term_string}"},"query-input":{"@type":"PropertyValueSpecification","valueRequired":true,"valueName":"search_term_string"}}],"inLanguage":"es"}]}},"_links":{"self":[{"href":"https:\/\/ticsalutsocial.atoom.space\/es\/wp-json\/wp\/v2\/noticia\/25827","targetHints":{"allow":["GET"]}}],"collection":[{"href":"https:\/\/ticsalutsocial.atoom.space\/es\/wp-json\/wp\/v2\/noticia"}],"about":[{"href":"https:\/\/ticsalutsocial.atoom.space\/es\/wp-json\/wp\/v2\/types\/noticia"}],"author":[{"embeddable":true,"href":"https:\/\/ticsalutsocial.atoom.space\/es\/wp-json\/wp\/v2\/users\/12"}],"wp:featuredmedia":[{"embeddable":true,"href":"https:\/\/ticsalutsocial.atoom.space\/es\/wp-json\/wp\/v2\/media\/25804"}],"wp:attachment":[{"href":"https:\/\/ticsalutsocial.atoom.space\/es\/wp-json\/wp\/v2\/media?parent=25827"}],"wp:term":[{"taxonomy":"etiqueta","embeddable":true,"href":"https:\/\/ticsalutsocial.atoom.space\/es\/wp-json\/wp\/v2\/etiqueta?post=25827"},{"taxonomy":"tipus","embeddable":true,"href":"https:\/\/ticsalutsocial.atoom.space\/es\/wp-json\/wp\/v2\/tipus?post=25827"},{"taxonomy":"topic","embeddable":true,"href":"https:\/\/ticsalutsocial.atoom.space\/es\/wp-json\/wp\/v2\/topic?post=25827"}],"curies":[{"name":"wp","href":"https:\/\/api.w.org\/{rel}","templated":true}]}}