
{"id":25894,"date":"2024-01-26T15:44:53","date_gmt":"2024-01-26T13:44:53","guid":{"rendered":"https:\/\/ticsalutsocial.atoom.space\/noticia\/dia-mundial-de-la-proteccio-de-dades\/"},"modified":"2024-03-11T12:53:41","modified_gmt":"2024-03-11T10:53:41","slug":"dia-mundial-de-la-proteccio-de-dades","status":"publish","type":"noticia","link":"https:\/\/ticsalutsocial.atoom.space\/es\/noticia\/dia-mundial-de-la-proteccio-de-dades\/","title":{"rendered":"D\u00eda Mundial de la Protecci\u00f3n de Datos"},"content":{"rendered":"<p>El <strong>28 de enero<\/strong> se conmemora el <strong>D\u00eda Mundial de la Protecci\u00f3n de Datos<\/strong>. Tambi\u00e9n conocido fuera de Europa como <strong>D\u00eda de la Privacidad<\/strong>. Esta fecha coincide con el aniversario de la ratificaci\u00f3n del Convenio Global 108 para la protecci\u00f3n de datos, que ha perfilado los criterios para regular cuestiones relacionadas con la privacidad en Europa y otras regiones durante las \u00faltimas cuatro d\u00e9cadas.<\/p>\n<p>Actualmente, la sociedad digital vive en un paradigma de cambio constante. Por ello, la <strong>Oficina Delegada de Protecci\u00f3n de Datos (ODPD)<\/strong> anima a continuar la tarea de concienciar a los equipos profesionales sobre la importancia de proteger nuestra informaci\u00f3n personal.<\/p>\n<p>Como cada a\u00f1o, y desde la experiencia de la actividad diaria, el ODPD ratifica su compromiso de seguir colaborando con las entidades de Salud adheridas y con el resto del Sistema Catal\u00e1n de Salud. As\u00ed como con todos los ciudadanos. Teniendo esto en cuenta, a continuaci\u00f3n se detalla una lista abreviada de las preguntas y consultas m\u00e1s frecuentes en materia de protecci\u00f3n de datos:<\/p>\n<h2><strong>Cookies<\/strong><\/h2>\n<p>La AEPD ha actualizado la <em><strong>Gu\u00eda sobre el uso de cookies<\/strong><\/em> para cumplir con las nuevas directivas europeas y ha publicado la nueva <em><strong>Gu\u00eda sobre el uso de cookies para herramientas de medici\u00f3n de audiencia<\/strong><\/em>. Entre las principales novedades destaca la presentaci\u00f3n equitativa de opciones para aceptar o rechazar cookies. La consideraci\u00f3n de las cookies de medici\u00f3n de audiencia y estad\u00edsticas como t\u00e9cnicas exentas de consentimiento. La prohibici\u00f3n de los \u201cmuros de cookies\u201d sin alternativas. Y la posibilidad de alternativas no libres en caso de rechazo.<\/p>\n<h2>Transferencias internacionales<\/h2>\n<p>Desde la decisi\u00f3n de adecuaci\u00f3n de 10 de julio de 2023, se considera que EE.UU. garantiza un nivel adecuado de protecci\u00f3n sustancialmente comparable al de la UE, lo que implica la libre circulaci\u00f3n de datos entre ambos territorios. De esta forma, se podr\u00e1n realizar transferencias de datos desde el Espacio Econ\u00f3mico Europeo (EEE) a entidades americanas miembros de la <em>Lista Marco de Privacidad de Datos<\/em>, sin necesidad de establecer garant\u00edas adicionales de protecci\u00f3n de datos. Las entidades estadounidenses no incluidas en esta lista deber\u00e1n seguir suscribiendo algunas de las garant\u00edas contempladas en el art\u00edculo 46 RGPD.<\/p>\n<h2>Datos biom\u00e9tricos en control de presencia y acceso en el lugar de trabajo<\/h2>\n<p>A trav\u00e9s de la gu\u00eda <em>Tratamientos de control de presencia mediante sistemas biom\u00e9tricos<\/em>, publicada por la AEPD el 23 de noviembre de 2023, se considera que tanto la identificaci\u00f3n como la autenticaci\u00f3n biom\u00e9trica son tratamientos de alto riesgo que implican categor\u00edas especiales de datos. En este sentido, se declara en el \u00e1mbito laboral que el uso de datos biom\u00e9tricos para el registro de jornada y control de acceso requiere de una norma con rango de ley que espec\u00edficamente lo permita. El consentimiento no puede levantar la prohibici\u00f3n del tratamiento ni fundamentar su licitud por considerarse que existe un claro desequilibrio entre el interesado y el responsable del tratamiento.<\/p>\n","protected":false},"author":3,"featured_media":25103,"menu_order":0,"template":"","meta":{"_acf_changed":false,"inline_featured_image":false},"etiqueta":[],"tipus":[106],"topic":[121],"class_list":["post-25894","noticia","type-noticia","status-publish","has-post-thumbnail","hentry","tipus-dpd-salud","topic-dpd-es"],"acf":{"autor":"","imatge":25103,"textos_destacats":[{"texte":"La Oficina del Delegado de Protecci\u00f3n de Datos anima a continuar la tarea de concienciar a los equipos profesionales sobre la importancia de proteger nuestra informaci\u00f3n personal"}],"documents":false,"finalitzat":false,"tipus_plantilla":"objectius","template_objectius":{"cont_principal":"","imatge":false,"cont_seguent":{"titol":"","contingut":""},"seccio_llistat":{"titol":"","llistat":false},"objectius":{"titol":"","objectius":false},"documents":false}},"yoast_head":"<!-- This site is optimized with the Yoast SEO plugin v27.1.1 - https:\/\/yoast.com\/product\/yoast-seo-wordpress\/ -->\n<title>D\u00eda Mundial de la Protecci\u00f3n de Datos - Fundaci\u00f3 TIC Salut i Social<\/title>\n<meta name=\"robots\" content=\"index, follow, max-snippet:-1, max-image-preview:large, max-video-preview:-1\" \/>\n<link rel=\"canonical\" href=\"https:\/\/ticsalutsocial.atoom.space\/es\/noticia\/dia-mundial-de-la-proteccio-de-dades\/\" \/>\n<meta property=\"og:locale\" content=\"es_ES\" \/>\n<meta property=\"og:type\" content=\"article\" \/>\n<meta property=\"og:title\" content=\"D\u00eda Mundial de la Protecci\u00f3n de Datos - Fundaci\u00f3 TIC Salut i Social\" \/>\n<meta property=\"og:description\" content=\"El 28 de enero se conmemora el D\u00eda Mundial de la Protecci\u00f3n de Datos. Tambi\u00e9n conocido fuera de Europa como D\u00eda de la Privacidad. Esta fecha coincide con el aniversario de la ratificaci\u00f3n del Convenio Global 108 para la protecci\u00f3n de datos, que ha perfilado los criterios para regular cuestiones relacionadas con la privacidad en [&hellip;]\" \/>\n<meta property=\"og:url\" content=\"https:\/\/ticsalutsocial.atoom.space\/es\/noticia\/dia-mundial-de-la-proteccio-de-dades\/\" \/>\n<meta property=\"og:site_name\" content=\"Fundaci\u00f3 TIC Salut i Social\" \/>\n<meta property=\"article:modified_time\" content=\"2024-03-11T10:53:41+00:00\" \/>\n<meta property=\"og:image\" content=\"https:\/\/ticsalutsocial.atoom.space\/wp-content\/uploads\/2024\/01\/MicrosoftTeams-image-65-scaled.jpg\" \/>\n\t<meta property=\"og:image:width\" content=\"2560\" \/>\n\t<meta property=\"og:image:height\" content=\"1706\" \/>\n\t<meta property=\"og:image:type\" content=\"image\/jpeg\" \/>\n<meta name=\"twitter:card\" content=\"summary_large_image\" \/>\n<meta name=\"twitter:label1\" content=\"Tiempo de lectura\" \/>\n\t<meta name=\"twitter:data1\" content=\"3 minutos\" \/>\n<script type=\"application\/ld+json\" class=\"yoast-schema-graph\">{\"@context\":\"https:\/\/schema.org\",\"@graph\":[{\"@type\":\"WebPage\",\"@id\":\"https:\/\/ticsalutsocial.atoom.space\/es\/noticia\/dia-mundial-de-la-proteccio-de-dades\/\",\"url\":\"https:\/\/ticsalutsocial.atoom.space\/es\/noticia\/dia-mundial-de-la-proteccio-de-dades\/\",\"name\":\"D\u00eda Mundial de la Protecci\u00f3n de Datos - Fundaci\u00f3 TIC Salut i Social\",\"isPartOf\":{\"@id\":\"https:\/\/ticsalutsocial.atoom.space\/es\/#website\"},\"primaryImageOfPage\":{\"@id\":\"https:\/\/ticsalutsocial.atoom.space\/es\/noticia\/dia-mundial-de-la-proteccio-de-dades\/#primaryimage\"},\"image\":{\"@id\":\"https:\/\/ticsalutsocial.atoom.space\/es\/noticia\/dia-mundial-de-la-proteccio-de-dades\/#primaryimage\"},\"thumbnailUrl\":\"https:\/\/ticsalutsocial.atoom.space\/wp-content\/uploads\/2024\/01\/MicrosoftTeams-image-65-scaled.jpg\",\"datePublished\":\"2024-01-26T13:44:53+00:00\",\"dateModified\":\"2024-03-11T10:53:41+00:00\",\"breadcrumb\":{\"@id\":\"https:\/\/ticsalutsocial.atoom.space\/es\/noticia\/dia-mundial-de-la-proteccio-de-dades\/#breadcrumb\"},\"inLanguage\":\"es\",\"potentialAction\":[{\"@type\":\"ReadAction\",\"target\":[\"https:\/\/ticsalutsocial.atoom.space\/es\/noticia\/dia-mundial-de-la-proteccio-de-dades\/\"]}]},{\"@type\":\"ImageObject\",\"inLanguage\":\"es\",\"@id\":\"https:\/\/ticsalutsocial.atoom.space\/es\/noticia\/dia-mundial-de-la-proteccio-de-dades\/#primaryimage\",\"url\":\"https:\/\/ticsalutsocial.atoom.space\/wp-content\/uploads\/2024\/01\/MicrosoftTeams-image-65-scaled.jpg\",\"contentUrl\":\"https:\/\/ticsalutsocial.atoom.space\/wp-content\/uploads\/2024\/01\/MicrosoftTeams-image-65-scaled.jpg\",\"width\":2560,\"height\":1706,\"caption\":\"Fingerprint scan for secure access to protected data network with biometrics. Person using finger print authentication technology on laptop computer to login on private system.\"},{\"@type\":\"BreadcrumbList\",\"@id\":\"https:\/\/ticsalutsocial.atoom.space\/es\/noticia\/dia-mundial-de-la-proteccio-de-dades\/#breadcrumb\",\"itemListElement\":[{\"@type\":\"ListItem\",\"position\":1,\"name\":\"Inici\",\"item\":\"https:\/\/ticsalutsocial.atoom.space\/es\/\"},{\"@type\":\"ListItem\",\"position\":2,\"name\":\"D\u00eda Mundial de la Protecci\u00f3n de Datos\"}]},{\"@type\":\"WebSite\",\"@id\":\"https:\/\/ticsalutsocial.atoom.space\/es\/#website\",\"url\":\"https:\/\/ticsalutsocial.atoom.space\/es\/\",\"name\":\"Fundaci\u00f3 TIC Salut i Social\",\"description\":\"\",\"potentialAction\":[{\"@type\":\"SearchAction\",\"target\":{\"@type\":\"EntryPoint\",\"urlTemplate\":\"https:\/\/ticsalutsocial.atoom.space\/es\/?s={search_term_string}\"},\"query-input\":{\"@type\":\"PropertyValueSpecification\",\"valueRequired\":true,\"valueName\":\"search_term_string\"}}],\"inLanguage\":\"es\"}]}<\/script>\n<!-- \/ Yoast SEO plugin. -->","yoast_head_json":{"title":"D\u00eda Mundial de la Protecci\u00f3n de Datos - Fundaci\u00f3 TIC Salut i Social","robots":{"index":"index","follow":"follow","max-snippet":"max-snippet:-1","max-image-preview":"max-image-preview:large","max-video-preview":"max-video-preview:-1"},"canonical":"https:\/\/ticsalutsocial.atoom.space\/es\/noticia\/dia-mundial-de-la-proteccio-de-dades\/","og_locale":"es_ES","og_type":"article","og_title":"D\u00eda Mundial de la Protecci\u00f3n de Datos - Fundaci\u00f3 TIC Salut i Social","og_description":"El 28 de enero se conmemora el D\u00eda Mundial de la Protecci\u00f3n de Datos. Tambi\u00e9n conocido fuera de Europa como D\u00eda de la Privacidad. Esta fecha coincide con el aniversario de la ratificaci\u00f3n del Convenio Global 108 para la protecci\u00f3n de datos, que ha perfilado los criterios para regular cuestiones relacionadas con la privacidad en [&hellip;]","og_url":"https:\/\/ticsalutsocial.atoom.space\/es\/noticia\/dia-mundial-de-la-proteccio-de-dades\/","og_site_name":"Fundaci\u00f3 TIC Salut i Social","article_modified_time":"2024-03-11T10:53:41+00:00","og_image":[{"width":2560,"height":1706,"url":"https:\/\/ticsalutsocial.atoom.space\/wp-content\/uploads\/2024\/01\/MicrosoftTeams-image-65-scaled.jpg","type":"image\/jpeg"}],"twitter_card":"summary_large_image","twitter_misc":{"Tiempo de lectura":"3 minutos"},"schema":{"@context":"https:\/\/schema.org","@graph":[{"@type":"WebPage","@id":"https:\/\/ticsalutsocial.atoom.space\/es\/noticia\/dia-mundial-de-la-proteccio-de-dades\/","url":"https:\/\/ticsalutsocial.atoom.space\/es\/noticia\/dia-mundial-de-la-proteccio-de-dades\/","name":"D\u00eda Mundial de la Protecci\u00f3n de Datos - Fundaci\u00f3 TIC Salut i Social","isPartOf":{"@id":"https:\/\/ticsalutsocial.atoom.space\/es\/#website"},"primaryImageOfPage":{"@id":"https:\/\/ticsalutsocial.atoom.space\/es\/noticia\/dia-mundial-de-la-proteccio-de-dades\/#primaryimage"},"image":{"@id":"https:\/\/ticsalutsocial.atoom.space\/es\/noticia\/dia-mundial-de-la-proteccio-de-dades\/#primaryimage"},"thumbnailUrl":"https:\/\/ticsalutsocial.atoom.space\/wp-content\/uploads\/2024\/01\/MicrosoftTeams-image-65-scaled.jpg","datePublished":"2024-01-26T13:44:53+00:00","dateModified":"2024-03-11T10:53:41+00:00","breadcrumb":{"@id":"https:\/\/ticsalutsocial.atoom.space\/es\/noticia\/dia-mundial-de-la-proteccio-de-dades\/#breadcrumb"},"inLanguage":"es","potentialAction":[{"@type":"ReadAction","target":["https:\/\/ticsalutsocial.atoom.space\/es\/noticia\/dia-mundial-de-la-proteccio-de-dades\/"]}]},{"@type":"ImageObject","inLanguage":"es","@id":"https:\/\/ticsalutsocial.atoom.space\/es\/noticia\/dia-mundial-de-la-proteccio-de-dades\/#primaryimage","url":"https:\/\/ticsalutsocial.atoom.space\/wp-content\/uploads\/2024\/01\/MicrosoftTeams-image-65-scaled.jpg","contentUrl":"https:\/\/ticsalutsocial.atoom.space\/wp-content\/uploads\/2024\/01\/MicrosoftTeams-image-65-scaled.jpg","width":2560,"height":1706,"caption":"Fingerprint scan for secure access to protected data network with biometrics. Person using finger print authentication technology on laptop computer to login on private system."},{"@type":"BreadcrumbList","@id":"https:\/\/ticsalutsocial.atoom.space\/es\/noticia\/dia-mundial-de-la-proteccio-de-dades\/#breadcrumb","itemListElement":[{"@type":"ListItem","position":1,"name":"Inici","item":"https:\/\/ticsalutsocial.atoom.space\/es\/"},{"@type":"ListItem","position":2,"name":"D\u00eda Mundial de la Protecci\u00f3n de Datos"}]},{"@type":"WebSite","@id":"https:\/\/ticsalutsocial.atoom.space\/es\/#website","url":"https:\/\/ticsalutsocial.atoom.space\/es\/","name":"Fundaci\u00f3 TIC Salut i Social","description":"","potentialAction":[{"@type":"SearchAction","target":{"@type":"EntryPoint","urlTemplate":"https:\/\/ticsalutsocial.atoom.space\/es\/?s={search_term_string}"},"query-input":{"@type":"PropertyValueSpecification","valueRequired":true,"valueName":"search_term_string"}}],"inLanguage":"es"}]}},"_links":{"self":[{"href":"https:\/\/ticsalutsocial.atoom.space\/es\/wp-json\/wp\/v2\/noticia\/25894","targetHints":{"allow":["GET"]}}],"collection":[{"href":"https:\/\/ticsalutsocial.atoom.space\/es\/wp-json\/wp\/v2\/noticia"}],"about":[{"href":"https:\/\/ticsalutsocial.atoom.space\/es\/wp-json\/wp\/v2\/types\/noticia"}],"author":[{"embeddable":true,"href":"https:\/\/ticsalutsocial.atoom.space\/es\/wp-json\/wp\/v2\/users\/3"}],"wp:featuredmedia":[{"embeddable":true,"href":"https:\/\/ticsalutsocial.atoom.space\/es\/wp-json\/wp\/v2\/media\/25103"}],"wp:attachment":[{"href":"https:\/\/ticsalutsocial.atoom.space\/es\/wp-json\/wp\/v2\/media?parent=25894"}],"wp:term":[{"taxonomy":"etiqueta","embeddable":true,"href":"https:\/\/ticsalutsocial.atoom.space\/es\/wp-json\/wp\/v2\/etiqueta?post=25894"},{"taxonomy":"tipus","embeddable":true,"href":"https:\/\/ticsalutsocial.atoom.space\/es\/wp-json\/wp\/v2\/tipus?post=25894"},{"taxonomy":"topic","embeddable":true,"href":"https:\/\/ticsalutsocial.atoom.space\/es\/wp-json\/wp\/v2\/topic?post=25894"}],"curies":[{"name":"wp","href":"https:\/\/api.w.org\/{rel}","templated":true}]}}