
{"id":25919,"date":"2024-03-11T15:43:26","date_gmt":"2024-03-11T13:43:26","guid":{"rendered":"https:\/\/ticsalutsocial.atoom.space\/?post_type=noticia&#038;p=25919"},"modified":"2024-03-11T15:35:37","modified_gmt":"2024-03-11T13:35:37","slug":"instaladas-las-salas-inmersivas-para-mejorar-el-tratamiento-del-autismo","status":"publish","type":"noticia","link":"https:\/\/ticsalutsocial.atoom.space\/es\/noticia\/instaladas-las-salas-inmersivas-para-mejorar-el-tratamiento-del-autismo\/","title":{"rendered":"Instaladas las salas inmersivas para mejorar el tratamiento del autismo"},"content":{"rendered":"\n<p>La Fundaci\u00f3n TIC Salut Social ha hecho efectiva la compra y entrega del material necesario para equipar una sala de inmersi\u00f3n tecnol\u00f3gica y un entorno virtual inmersivo en la Fundaci\u00f3n GURU y la Fundaci\u00f3n San Francesc d&#8217;Ass\u00eds, respectivamente. Las nuevas instalaciones permitir\u00e1n llevar a cabo el proyecto que lidera la Fundaci\u00f3n TIC Salut Social con las dos entidades sociales y el eHealth Center de la UOC para valorar si el uso de las Tecnolog\u00edas de la Informaci\u00f3n y la Comunicaci\u00f3n (TIC) puede mejorar el tratamiento y la calidad de vida de las personas con Trastorno de Espectro Autista (TEA).<\/p>\n\n\n\n<h2 class=\"wp-block-heading\"><strong>Material entregado<\/strong><\/h2>\n\n\n\n<p>La Fundaci\u00f3n GURU recibi\u00f3 el pasado mes de febrero el equipamiento necesario para dotar a la sala de inmersi\u00f3n tecnol\u00f3gica: un asiento de estimulaci\u00f3n para proporcionar estimulaci\u00f3n sensorial controlada; los dispositivos de construcci\u00f3n y programaci\u00f3n para adquirir y consolidar habilidades sociales; las tabletas digitales para realizar la intervenci\u00f3n en todos los contextos de desarrollo; y una pizarra t\u00e1ctil interactiva para facilitar a las personas con TEA la visualizaci\u00f3n de la informaci\u00f3n, la interacci\u00f3n controlada, el soporte a la comunicaci\u00f3n y la estimulaci\u00f3n sensorial controlada.<\/p>\n\n\n\n<p>Por otra parte, la Fundaci\u00f3n San Francesc d&#8217;Ass\u00eds, cuenta desde finales de enero con un nuevo proyector de 360 grados que proporcionar\u00e1 una experiencia envolvente y multisensorial a las personas usuarias. Mediante la combinaci\u00f3n de gr\u00e1ficos 3D, sonido, v\u00eddeos de entornos reales y simulados, seguimiento de movimiento y dispositivos de visualizaci\u00f3n, las personas usuarias podr\u00e1n trabajar aspectos como la psico-estimulaci\u00f3n, la neuro-rehabilitaci\u00f3n, la relajaci\u00f3n e incluso realizar actividad f\u00edsica.<\/p>\n\n\n\n<h2 class=\"wp-block-heading\"><strong>Nueva herramienta metodol\u00f3gica<\/strong><\/h2>\n\n\n\n<p>El proyecto se centrar\u00e1 en desarrollar una herramienta metodol\u00f3gica destinada a ayudar a los equipos de profesionales a seleccionar las tecnolog\u00edas m\u00e1s adecuadas para integrarlas en los procesos de tratamiento de personas con autismo. El objetivo principal es que esta soluci\u00f3n tecnol\u00f3gica contribuya a mejorar diversos aspectos de la vida de las personas con autismo de grado II y III, incluyendo la autonom\u00eda, la estimulaci\u00f3n cognitiva, las habilidades comunicativas y las estrategias de autorregulaci\u00f3n emocional y conductual.<\/p>\n\n\n\n<p>La prueba piloto tendr\u00e1 lugar en las instalaciones de la Fundaci\u00f3n Sant Francesc d&#8217;Ass\u00eds y la Fundaci\u00f3n GURU. El eHealth Center de la UOC participar\u00e1 en el dise\u00f1o y la evaluaci\u00f3n del proyecto, proporcionando asesoramiento metodol\u00f3gico.<\/p>\n\n\n\n<p><a href=\"https:\/\/ticsalutsocial.atoom.space\/noticia\/podem-millorar-el-tractament-de-lautisme-amb-sales-dimmersio-tecnologica-i-entorns-virtuals-immersius\/\" target=\"_blank\" rel=\"noreferrer noopener\">M\u00e9s informaci\u00f3n<\/a><\/p>\n","protected":false},"author":3,"featured_media":25916,"menu_order":0,"template":"","meta":{"_acf_changed":true,"inline_featured_image":false},"etiqueta":[],"tipus":[],"topic":[],"class_list":["post-25919","noticia","type-noticia","status-publish","has-post-thumbnail","hentry"],"acf":{"autor":"","imatge":25916,"textos_destacats":[{"texte":"La Fundaci\u00f3n TIC Salut Social ha equipado la Fundaci\u00f3n San Francesc d'Ass\u00eds y la Fundaci\u00f3n GURU con diferentes soluciones tecnol\u00f3gicas para evaluar la mejora en el tratamiento y calidad de vida de las personas con TEA."}],"documents":false,"finalitzat":false,"tipus_plantilla":"objectius","template_objectius":{"cont_principal":"","imatge":false,"cont_seguent":{"titol":"","contingut":""},"seccio_llistat":{"titol":"","llistat":false},"objectius":{"titol":"","objectius":false},"documents":false}},"yoast_head":"<!-- This site is optimized with the Yoast SEO plugin v27.1.1 - https:\/\/yoast.com\/product\/yoast-seo-wordpress\/ -->\n<title>Instaladas las salas inmersivas para mejorar el tratamiento del autismo - Fundaci\u00f3 TIC Salut i Social<\/title>\n<meta name=\"description\" content=\"La Fundaci\u00f3n ha equipado la Fundaci\u00f3n San Francesc d&#039;Ass\u00eds y la Fundaci\u00f3n GURU con soluciones tecnol\u00f3gicas para evaluar la mejora en el tratamiento del TEA.\" \/>\n<meta name=\"robots\" content=\"index, follow, max-snippet:-1, max-image-preview:large, max-video-preview:-1\" \/>\n<link rel=\"canonical\" href=\"https:\/\/ticsalutsocial.atoom.space\/es\/noticia\/instaladas-las-salas-inmersivas-para-mejorar-el-tratamiento-del-autismo\/\" \/>\n<meta property=\"og:locale\" content=\"es_ES\" \/>\n<meta property=\"og:type\" content=\"article\" \/>\n<meta property=\"og:title\" content=\"Instaladas las salas inmersivas para mejorar el tratamiento del autismo - Fundaci\u00f3 TIC Salut i Social\" \/>\n<meta property=\"og:description\" content=\"La Fundaci\u00f3n ha equipado la Fundaci\u00f3n San Francesc d&#039;Ass\u00eds y la Fundaci\u00f3n GURU con soluciones tecnol\u00f3gicas para evaluar la mejora en el tratamiento del TEA.\" \/>\n<meta property=\"og:url\" content=\"https:\/\/ticsalutsocial.atoom.space\/es\/noticia\/instaladas-las-salas-inmersivas-para-mejorar-el-tratamiento-del-autismo\/\" \/>\n<meta property=\"og:site_name\" content=\"Fundaci\u00f3 TIC Salut i Social\" \/>\n<meta property=\"og:image\" content=\"https:\/\/ticsalutsocial.atoom.space\/wp-content\/uploads\/2024\/03\/autisme.png\" \/>\n\t<meta property=\"og:image:width\" content=\"1280\" \/>\n\t<meta property=\"og:image:height\" content=\"960\" \/>\n\t<meta property=\"og:image:type\" content=\"image\/png\" \/>\n<meta name=\"twitter:card\" content=\"summary_large_image\" \/>\n<meta name=\"twitter:label1\" content=\"Tiempo de lectura\" \/>\n\t<meta name=\"twitter:data1\" content=\"3 minutos\" \/>\n<script type=\"application\/ld+json\" class=\"yoast-schema-graph\">{\"@context\":\"https:\/\/schema.org\",\"@graph\":[{\"@type\":\"WebPage\",\"@id\":\"https:\/\/ticsalutsocial.atoom.space\/es\/noticia\/instaladas-las-salas-inmersivas-para-mejorar-el-tratamiento-del-autismo\/\",\"url\":\"https:\/\/ticsalutsocial.atoom.space\/es\/noticia\/instaladas-las-salas-inmersivas-para-mejorar-el-tratamiento-del-autismo\/\",\"name\":\"Instaladas las salas inmersivas para mejorar el tratamiento del autismo - Fundaci\u00f3 TIC Salut i Social\",\"isPartOf\":{\"@id\":\"https:\/\/ticsalutsocial.atoom.space\/es\/#website\"},\"primaryImageOfPage\":{\"@id\":\"https:\/\/ticsalutsocial.atoom.space\/es\/noticia\/instaladas-las-salas-inmersivas-para-mejorar-el-tratamiento-del-autismo\/#primaryimage\"},\"image\":{\"@id\":\"https:\/\/ticsalutsocial.atoom.space\/es\/noticia\/instaladas-las-salas-inmersivas-para-mejorar-el-tratamiento-del-autismo\/#primaryimage\"},\"thumbnailUrl\":\"https:\/\/ticsalutsocial.atoom.space\/wp-content\/uploads\/2024\/03\/autisme.png\",\"datePublished\":\"2024-03-11T13:43:26+00:00\",\"description\":\"La Fundaci\u00f3n ha equipado la Fundaci\u00f3n San Francesc d'Ass\u00eds y la Fundaci\u00f3n GURU con soluciones tecnol\u00f3gicas para evaluar la mejora en el tratamiento del TEA.\",\"breadcrumb\":{\"@id\":\"https:\/\/ticsalutsocial.atoom.space\/es\/noticia\/instaladas-las-salas-inmersivas-para-mejorar-el-tratamiento-del-autismo\/#breadcrumb\"},\"inLanguage\":\"es\",\"potentialAction\":[{\"@type\":\"ReadAction\",\"target\":[\"https:\/\/ticsalutsocial.atoom.space\/es\/noticia\/instaladas-las-salas-inmersivas-para-mejorar-el-tratamiento-del-autismo\/\"]}]},{\"@type\":\"ImageObject\",\"inLanguage\":\"es\",\"@id\":\"https:\/\/ticsalutsocial.atoom.space\/es\/noticia\/instaladas-las-salas-inmersivas-para-mejorar-el-tratamiento-del-autismo\/#primaryimage\",\"url\":\"https:\/\/ticsalutsocial.atoom.space\/wp-content\/uploads\/2024\/03\/autisme.png\",\"contentUrl\":\"https:\/\/ticsalutsocial.atoom.space\/wp-content\/uploads\/2024\/03\/autisme.png\",\"width\":1280,\"height\":960},{\"@type\":\"BreadcrumbList\",\"@id\":\"https:\/\/ticsalutsocial.atoom.space\/es\/noticia\/instaladas-las-salas-inmersivas-para-mejorar-el-tratamiento-del-autismo\/#breadcrumb\",\"itemListElement\":[{\"@type\":\"ListItem\",\"position\":1,\"name\":\"Inici\",\"item\":\"https:\/\/ticsalutsocial.atoom.space\/es\/\"},{\"@type\":\"ListItem\",\"position\":2,\"name\":\"Instaladas las salas inmersivas para mejorar el tratamiento del autismo\"}]},{\"@type\":\"WebSite\",\"@id\":\"https:\/\/ticsalutsocial.atoom.space\/es\/#website\",\"url\":\"https:\/\/ticsalutsocial.atoom.space\/es\/\",\"name\":\"Fundaci\u00f3 TIC Salut i Social\",\"description\":\"\",\"potentialAction\":[{\"@type\":\"SearchAction\",\"target\":{\"@type\":\"EntryPoint\",\"urlTemplate\":\"https:\/\/ticsalutsocial.atoom.space\/es\/?s={search_term_string}\"},\"query-input\":{\"@type\":\"PropertyValueSpecification\",\"valueRequired\":true,\"valueName\":\"search_term_string\"}}],\"inLanguage\":\"es\"}]}<\/script>\n<!-- \/ Yoast SEO plugin. -->","yoast_head_json":{"title":"Instaladas las salas inmersivas para mejorar el tratamiento del autismo - Fundaci\u00f3 TIC Salut i Social","description":"La Fundaci\u00f3n ha equipado la Fundaci\u00f3n San Francesc d'Ass\u00eds y la Fundaci\u00f3n GURU con soluciones tecnol\u00f3gicas para evaluar la mejora en el tratamiento del TEA.","robots":{"index":"index","follow":"follow","max-snippet":"max-snippet:-1","max-image-preview":"max-image-preview:large","max-video-preview":"max-video-preview:-1"},"canonical":"https:\/\/ticsalutsocial.atoom.space\/es\/noticia\/instaladas-las-salas-inmersivas-para-mejorar-el-tratamiento-del-autismo\/","og_locale":"es_ES","og_type":"article","og_title":"Instaladas las salas inmersivas para mejorar el tratamiento del autismo - Fundaci\u00f3 TIC Salut i Social","og_description":"La Fundaci\u00f3n ha equipado la Fundaci\u00f3n San Francesc d'Ass\u00eds y la Fundaci\u00f3n GURU con soluciones tecnol\u00f3gicas para evaluar la mejora en el tratamiento del TEA.","og_url":"https:\/\/ticsalutsocial.atoom.space\/es\/noticia\/instaladas-las-salas-inmersivas-para-mejorar-el-tratamiento-del-autismo\/","og_site_name":"Fundaci\u00f3 TIC Salut i Social","og_image":[{"width":1280,"height":960,"url":"https:\/\/ticsalutsocial.atoom.space\/wp-content\/uploads\/2024\/03\/autisme.png","type":"image\/png"}],"twitter_card":"summary_large_image","twitter_misc":{"Tiempo de lectura":"3 minutos"},"schema":{"@context":"https:\/\/schema.org","@graph":[{"@type":"WebPage","@id":"https:\/\/ticsalutsocial.atoom.space\/es\/noticia\/instaladas-las-salas-inmersivas-para-mejorar-el-tratamiento-del-autismo\/","url":"https:\/\/ticsalutsocial.atoom.space\/es\/noticia\/instaladas-las-salas-inmersivas-para-mejorar-el-tratamiento-del-autismo\/","name":"Instaladas las salas inmersivas para mejorar el tratamiento del autismo - Fundaci\u00f3 TIC Salut i Social","isPartOf":{"@id":"https:\/\/ticsalutsocial.atoom.space\/es\/#website"},"primaryImageOfPage":{"@id":"https:\/\/ticsalutsocial.atoom.space\/es\/noticia\/instaladas-las-salas-inmersivas-para-mejorar-el-tratamiento-del-autismo\/#primaryimage"},"image":{"@id":"https:\/\/ticsalutsocial.atoom.space\/es\/noticia\/instaladas-las-salas-inmersivas-para-mejorar-el-tratamiento-del-autismo\/#primaryimage"},"thumbnailUrl":"https:\/\/ticsalutsocial.atoom.space\/wp-content\/uploads\/2024\/03\/autisme.png","datePublished":"2024-03-11T13:43:26+00:00","description":"La Fundaci\u00f3n ha equipado la Fundaci\u00f3n San Francesc d'Ass\u00eds y la Fundaci\u00f3n GURU con soluciones tecnol\u00f3gicas para evaluar la mejora en el tratamiento del TEA.","breadcrumb":{"@id":"https:\/\/ticsalutsocial.atoom.space\/es\/noticia\/instaladas-las-salas-inmersivas-para-mejorar-el-tratamiento-del-autismo\/#breadcrumb"},"inLanguage":"es","potentialAction":[{"@type":"ReadAction","target":["https:\/\/ticsalutsocial.atoom.space\/es\/noticia\/instaladas-las-salas-inmersivas-para-mejorar-el-tratamiento-del-autismo\/"]}]},{"@type":"ImageObject","inLanguage":"es","@id":"https:\/\/ticsalutsocial.atoom.space\/es\/noticia\/instaladas-las-salas-inmersivas-para-mejorar-el-tratamiento-del-autismo\/#primaryimage","url":"https:\/\/ticsalutsocial.atoom.space\/wp-content\/uploads\/2024\/03\/autisme.png","contentUrl":"https:\/\/ticsalutsocial.atoom.space\/wp-content\/uploads\/2024\/03\/autisme.png","width":1280,"height":960},{"@type":"BreadcrumbList","@id":"https:\/\/ticsalutsocial.atoom.space\/es\/noticia\/instaladas-las-salas-inmersivas-para-mejorar-el-tratamiento-del-autismo\/#breadcrumb","itemListElement":[{"@type":"ListItem","position":1,"name":"Inici","item":"https:\/\/ticsalutsocial.atoom.space\/es\/"},{"@type":"ListItem","position":2,"name":"Instaladas las salas inmersivas para mejorar el tratamiento del autismo"}]},{"@type":"WebSite","@id":"https:\/\/ticsalutsocial.atoom.space\/es\/#website","url":"https:\/\/ticsalutsocial.atoom.space\/es\/","name":"Fundaci\u00f3 TIC Salut i Social","description":"","potentialAction":[{"@type":"SearchAction","target":{"@type":"EntryPoint","urlTemplate":"https:\/\/ticsalutsocial.atoom.space\/es\/?s={search_term_string}"},"query-input":{"@type":"PropertyValueSpecification","valueRequired":true,"valueName":"search_term_string"}}],"inLanguage":"es"}]}},"_links":{"self":[{"href":"https:\/\/ticsalutsocial.atoom.space\/es\/wp-json\/wp\/v2\/noticia\/25919","targetHints":{"allow":["GET"]}}],"collection":[{"href":"https:\/\/ticsalutsocial.atoom.space\/es\/wp-json\/wp\/v2\/noticia"}],"about":[{"href":"https:\/\/ticsalutsocial.atoom.space\/es\/wp-json\/wp\/v2\/types\/noticia"}],"author":[{"embeddable":true,"href":"https:\/\/ticsalutsocial.atoom.space\/es\/wp-json\/wp\/v2\/users\/3"}],"wp:featuredmedia":[{"embeddable":true,"href":"https:\/\/ticsalutsocial.atoom.space\/es\/wp-json\/wp\/v2\/media\/25916"}],"wp:attachment":[{"href":"https:\/\/ticsalutsocial.atoom.space\/es\/wp-json\/wp\/v2\/media?parent=25919"}],"wp:term":[{"taxonomy":"etiqueta","embeddable":true,"href":"https:\/\/ticsalutsocial.atoom.space\/es\/wp-json\/wp\/v2\/etiqueta?post=25919"},{"taxonomy":"tipus","embeddable":true,"href":"https:\/\/ticsalutsocial.atoom.space\/es\/wp-json\/wp\/v2\/tipus?post=25919"},{"taxonomy":"topic","embeddable":true,"href":"https:\/\/ticsalutsocial.atoom.space\/es\/wp-json\/wp\/v2\/topic?post=25919"}],"curies":[{"name":"wp","href":"https:\/\/api.w.org\/{rel}","templated":true}]}}