
{"id":25959,"date":"2024-03-13T16:07:15","date_gmt":"2024-03-13T14:07:15","guid":{"rendered":"https:\/\/ticsalutsocial.atoom.space\/noticia\/obert-el-termini-de-subvencions-per-a-la-incorporacio-de-la-llengua-catalana-en-productes-tecnologics\/"},"modified":"2024-03-13T17:03:10","modified_gmt":"2024-03-13T15:03:10","slug":"obert-el-termini-de-subvencions-per-a-la-incorporacio-de-la-llengua-catalana-en-productes-tecnologics","status":"publish","type":"noticia","link":"https:\/\/ticsalutsocial.atoom.space\/es\/noticia\/obert-el-termini-de-subvencions-per-a-la-incorporacio-de-la-llengua-catalana-en-productes-tecnologics\/","title":{"rendered":"Abierto el plazo de subvenciones para la incorporaci\u00f3n de la lengua catalana en productos tecnol\u00f3gicos"},"content":{"rendered":"\n<p>La Generalitat de Catalunya ha abierto el plazo de presentaci\u00f3n de solicitudes para la convocatoria de traducci\u00f3n al catal\u00e1n de productos tecnol\u00f3gicos de 2024, que estar\u00e1 abierta del 13 de marzo al 3 de abril, a las 14 h. El objeto de estas subvenciones es promover la incorporaci\u00f3n del catal\u00e1n en productos tecnol\u00f3gicos con el fin de aumentar su oferta.<\/p>\n\n\n\n<p>La convocatoria est\u00e1 dirigida a empresas con domicilio en un estado miembro de la Uni\u00f3n Europea o asociado al Espacio Econ\u00f3mico Europeo cuando su proyecto tenga incidencia en Catalu\u00f1a, y prev\u00e9 otorgar m\u00e1s puntos a los proyectos que sean del \u00e1mbito de la salud y los servicios sociales.<\/p>\n\n\n\n<p>Quedan excluidas las asociaciones, fundaciones y cualquier entidad privada sin \u00e1nimo de lucro, aunque desarrollen actividades econ\u00f3micas. Tambi\u00e9n quedan excluidas la elaboraci\u00f3n y traducci\u00f3n de p\u00e1ginas web, los videojuegos, las plataformas de videojuegos y las interfaces de videoconsolas.<\/p>\n\n\n\n<p><a href=\"https:\/\/web.gencat.cat\/ca\/tramits\/tramits-temes\/Subvencions-per-a-la-incorporacio-de-la-llengua-catalana-en-productes-tecnologics-00001?moda=1\" target=\"_blank\" rel=\"noreferrer noopener\">M\u00e1s informaci\u00f3n y tr\u00e1mites en este enlace<\/a><\/p>\n","protected":false},"author":12,"featured_media":25951,"menu_order":0,"template":"","meta":{"_acf_changed":true,"inline_featured_image":false},"etiqueta":[],"tipus":[],"topic":[],"class_list":["post-25959","noticia","type-noticia","status-publish","has-post-thumbnail","hentry"],"acf":{"finalitzat":false,"tipus_plantilla":"objectius","template_objectius":{"cont_principal":"","imatge":false,"cont_seguent":{"titol":"","contingut":""},"seccio_llistat":{"titol":"","llistat":false},"objectius":{"titol":"","objectius":false},"documents":false},"autor":"","imatge":25951,"textos_destacats":[{"texte":"La convocatoria otorgar\u00e1 m\u00e1s puntos a los proyectos que sean del \u00e1mbito de la salud y servicios sociales."}],"documents":false},"yoast_head":"<!-- This site is optimized with the Yoast SEO plugin v27.1.1 - https:\/\/yoast.com\/product\/yoast-seo-wordpress\/ -->\n<title>Abierto el plazo de subvenciones para la incorporaci\u00f3n de la lengua catalana en productos tecnol\u00f3gicos - Fundaci\u00f3 TIC Salut i Social<\/title>\n<meta name=\"description\" content=\"Subvencions per a la incorporaci\u00f3 de la llengua catalana en productes tecnol\u00f2gics\" \/>\n<meta name=\"robots\" content=\"index, follow, max-snippet:-1, max-image-preview:large, max-video-preview:-1\" \/>\n<link rel=\"canonical\" href=\"https:\/\/ticsalutsocial.atoom.space\/es\/noticia\/obert-el-termini-de-subvencions-per-a-la-incorporacio-de-la-llengua-catalana-en-productes-tecnologics\/\" \/>\n<meta property=\"og:locale\" content=\"es_ES\" \/>\n<meta property=\"og:type\" content=\"article\" \/>\n<meta property=\"og:title\" content=\"Abierto el plazo de subvenciones para la incorporaci\u00f3n de la lengua catalana en productos tecnol\u00f3gicos - Fundaci\u00f3 TIC Salut i Social\" \/>\n<meta property=\"og:description\" content=\"Subvencions per a la incorporaci\u00f3 de la llengua catalana en productes tecnol\u00f2gics\" \/>\n<meta property=\"og:url\" content=\"https:\/\/ticsalutsocial.atoom.space\/es\/noticia\/obert-el-termini-de-subvencions-per-a-la-incorporacio-de-la-llengua-catalana-en-productes-tecnologics\/\" \/>\n<meta property=\"og:site_name\" content=\"Fundaci\u00f3 TIC Salut i Social\" \/>\n<meta property=\"article:modified_time\" content=\"2024-03-13T15:03:10+00:00\" \/>\n<meta property=\"og:image\" content=\"https:\/\/ticsalutsocial.atoom.space\/wp-content\/uploads\/2024\/03\/convocatoria.jpg\" \/>\n\t<meta property=\"og:image:width\" content=\"1280\" \/>\n\t<meta property=\"og:image:height\" content=\"960\" \/>\n\t<meta property=\"og:image:type\" content=\"image\/jpeg\" \/>\n<meta name=\"twitter:card\" content=\"summary_large_image\" \/>\n<meta name=\"twitter:label1\" content=\"Tiempo de lectura\" \/>\n\t<meta name=\"twitter:data1\" content=\"2 minutos\" \/>\n<script type=\"application\/ld+json\" class=\"yoast-schema-graph\">{\"@context\":\"https:\/\/schema.org\",\"@graph\":[{\"@type\":\"WebPage\",\"@id\":\"https:\/\/ticsalutsocial.atoom.space\/es\/noticia\/obert-el-termini-de-subvencions-per-a-la-incorporacio-de-la-llengua-catalana-en-productes-tecnologics\/\",\"url\":\"https:\/\/ticsalutsocial.atoom.space\/es\/noticia\/obert-el-termini-de-subvencions-per-a-la-incorporacio-de-la-llengua-catalana-en-productes-tecnologics\/\",\"name\":\"Abierto el plazo de subvenciones para la incorporaci\u00f3n de la lengua catalana en productos tecnol\u00f3gicos - Fundaci\u00f3 TIC Salut i Social\",\"isPartOf\":{\"@id\":\"https:\/\/ticsalutsocial.atoom.space\/es\/#website\"},\"primaryImageOfPage\":{\"@id\":\"https:\/\/ticsalutsocial.atoom.space\/es\/noticia\/obert-el-termini-de-subvencions-per-a-la-incorporacio-de-la-llengua-catalana-en-productes-tecnologics\/#primaryimage\"},\"image\":{\"@id\":\"https:\/\/ticsalutsocial.atoom.space\/es\/noticia\/obert-el-termini-de-subvencions-per-a-la-incorporacio-de-la-llengua-catalana-en-productes-tecnologics\/#primaryimage\"},\"thumbnailUrl\":\"https:\/\/ticsalutsocial.atoom.space\/wp-content\/uploads\/2024\/03\/convocatoria.jpg\",\"datePublished\":\"2024-03-13T14:07:15+00:00\",\"dateModified\":\"2024-03-13T15:03:10+00:00\",\"description\":\"Subvencions per a la incorporaci\u00f3 de la llengua catalana en productes tecnol\u00f2gics\",\"breadcrumb\":{\"@id\":\"https:\/\/ticsalutsocial.atoom.space\/es\/noticia\/obert-el-termini-de-subvencions-per-a-la-incorporacio-de-la-llengua-catalana-en-productes-tecnologics\/#breadcrumb\"},\"inLanguage\":\"es\",\"potentialAction\":[{\"@type\":\"ReadAction\",\"target\":[\"https:\/\/ticsalutsocial.atoom.space\/es\/noticia\/obert-el-termini-de-subvencions-per-a-la-incorporacio-de-la-llengua-catalana-en-productes-tecnologics\/\"]}]},{\"@type\":\"ImageObject\",\"inLanguage\":\"es\",\"@id\":\"https:\/\/ticsalutsocial.atoom.space\/es\/noticia\/obert-el-termini-de-subvencions-per-a-la-incorporacio-de-la-llengua-catalana-en-productes-tecnologics\/#primaryimage\",\"url\":\"https:\/\/ticsalutsocial.atoom.space\/wp-content\/uploads\/2024\/03\/convocatoria.jpg\",\"contentUrl\":\"https:\/\/ticsalutsocial.atoom.space\/wp-content\/uploads\/2024\/03\/convocatoria.jpg\",\"width\":1280,\"height\":960,\"caption\":\"subvencions per a la incorporaci\u00f3 de la llengua catalana\"},{\"@type\":\"BreadcrumbList\",\"@id\":\"https:\/\/ticsalutsocial.atoom.space\/es\/noticia\/obert-el-termini-de-subvencions-per-a-la-incorporacio-de-la-llengua-catalana-en-productes-tecnologics\/#breadcrumb\",\"itemListElement\":[{\"@type\":\"ListItem\",\"position\":1,\"name\":\"Inici\",\"item\":\"https:\/\/ticsalutsocial.atoom.space\/es\/\"},{\"@type\":\"ListItem\",\"position\":2,\"name\":\"Abierto el plazo de subvenciones para la incorporaci\u00f3n de la lengua catalana en productos tecnol\u00f3gicos\"}]},{\"@type\":\"WebSite\",\"@id\":\"https:\/\/ticsalutsocial.atoom.space\/es\/#website\",\"url\":\"https:\/\/ticsalutsocial.atoom.space\/es\/\",\"name\":\"Fundaci\u00f3 TIC Salut i Social\",\"description\":\"\",\"potentialAction\":[{\"@type\":\"SearchAction\",\"target\":{\"@type\":\"EntryPoint\",\"urlTemplate\":\"https:\/\/ticsalutsocial.atoom.space\/es\/?s={search_term_string}\"},\"query-input\":{\"@type\":\"PropertyValueSpecification\",\"valueRequired\":true,\"valueName\":\"search_term_string\"}}],\"inLanguage\":\"es\"}]}<\/script>\n<!-- \/ Yoast SEO plugin. -->","yoast_head_json":{"title":"Abierto el plazo de subvenciones para la incorporaci\u00f3n de la lengua catalana en productos tecnol\u00f3gicos - Fundaci\u00f3 TIC Salut i Social","description":"Subvencions per a la incorporaci\u00f3 de la llengua catalana en productes tecnol\u00f2gics","robots":{"index":"index","follow":"follow","max-snippet":"max-snippet:-1","max-image-preview":"max-image-preview:large","max-video-preview":"max-video-preview:-1"},"canonical":"https:\/\/ticsalutsocial.atoom.space\/es\/noticia\/obert-el-termini-de-subvencions-per-a-la-incorporacio-de-la-llengua-catalana-en-productes-tecnologics\/","og_locale":"es_ES","og_type":"article","og_title":"Abierto el plazo de subvenciones para la incorporaci\u00f3n de la lengua catalana en productos tecnol\u00f3gicos - Fundaci\u00f3 TIC Salut i Social","og_description":"Subvencions per a la incorporaci\u00f3 de la llengua catalana en productes tecnol\u00f2gics","og_url":"https:\/\/ticsalutsocial.atoom.space\/es\/noticia\/obert-el-termini-de-subvencions-per-a-la-incorporacio-de-la-llengua-catalana-en-productes-tecnologics\/","og_site_name":"Fundaci\u00f3 TIC Salut i Social","article_modified_time":"2024-03-13T15:03:10+00:00","og_image":[{"width":1280,"height":960,"url":"https:\/\/ticsalutsocial.atoom.space\/wp-content\/uploads\/2024\/03\/convocatoria.jpg","type":"image\/jpeg"}],"twitter_card":"summary_large_image","twitter_misc":{"Tiempo de lectura":"2 minutos"},"schema":{"@context":"https:\/\/schema.org","@graph":[{"@type":"WebPage","@id":"https:\/\/ticsalutsocial.atoom.space\/es\/noticia\/obert-el-termini-de-subvencions-per-a-la-incorporacio-de-la-llengua-catalana-en-productes-tecnologics\/","url":"https:\/\/ticsalutsocial.atoom.space\/es\/noticia\/obert-el-termini-de-subvencions-per-a-la-incorporacio-de-la-llengua-catalana-en-productes-tecnologics\/","name":"Abierto el plazo de subvenciones para la incorporaci\u00f3n de la lengua catalana en productos tecnol\u00f3gicos - Fundaci\u00f3 TIC Salut i Social","isPartOf":{"@id":"https:\/\/ticsalutsocial.atoom.space\/es\/#website"},"primaryImageOfPage":{"@id":"https:\/\/ticsalutsocial.atoom.space\/es\/noticia\/obert-el-termini-de-subvencions-per-a-la-incorporacio-de-la-llengua-catalana-en-productes-tecnologics\/#primaryimage"},"image":{"@id":"https:\/\/ticsalutsocial.atoom.space\/es\/noticia\/obert-el-termini-de-subvencions-per-a-la-incorporacio-de-la-llengua-catalana-en-productes-tecnologics\/#primaryimage"},"thumbnailUrl":"https:\/\/ticsalutsocial.atoom.space\/wp-content\/uploads\/2024\/03\/convocatoria.jpg","datePublished":"2024-03-13T14:07:15+00:00","dateModified":"2024-03-13T15:03:10+00:00","description":"Subvencions per a la incorporaci\u00f3 de la llengua catalana en productes tecnol\u00f2gics","breadcrumb":{"@id":"https:\/\/ticsalutsocial.atoom.space\/es\/noticia\/obert-el-termini-de-subvencions-per-a-la-incorporacio-de-la-llengua-catalana-en-productes-tecnologics\/#breadcrumb"},"inLanguage":"es","potentialAction":[{"@type":"ReadAction","target":["https:\/\/ticsalutsocial.atoom.space\/es\/noticia\/obert-el-termini-de-subvencions-per-a-la-incorporacio-de-la-llengua-catalana-en-productes-tecnologics\/"]}]},{"@type":"ImageObject","inLanguage":"es","@id":"https:\/\/ticsalutsocial.atoom.space\/es\/noticia\/obert-el-termini-de-subvencions-per-a-la-incorporacio-de-la-llengua-catalana-en-productes-tecnologics\/#primaryimage","url":"https:\/\/ticsalutsocial.atoom.space\/wp-content\/uploads\/2024\/03\/convocatoria.jpg","contentUrl":"https:\/\/ticsalutsocial.atoom.space\/wp-content\/uploads\/2024\/03\/convocatoria.jpg","width":1280,"height":960,"caption":"subvencions per a la incorporaci\u00f3 de la llengua catalana"},{"@type":"BreadcrumbList","@id":"https:\/\/ticsalutsocial.atoom.space\/es\/noticia\/obert-el-termini-de-subvencions-per-a-la-incorporacio-de-la-llengua-catalana-en-productes-tecnologics\/#breadcrumb","itemListElement":[{"@type":"ListItem","position":1,"name":"Inici","item":"https:\/\/ticsalutsocial.atoom.space\/es\/"},{"@type":"ListItem","position":2,"name":"Abierto el plazo de subvenciones para la incorporaci\u00f3n de la lengua catalana en productos tecnol\u00f3gicos"}]},{"@type":"WebSite","@id":"https:\/\/ticsalutsocial.atoom.space\/es\/#website","url":"https:\/\/ticsalutsocial.atoom.space\/es\/","name":"Fundaci\u00f3 TIC Salut i Social","description":"","potentialAction":[{"@type":"SearchAction","target":{"@type":"EntryPoint","urlTemplate":"https:\/\/ticsalutsocial.atoom.space\/es\/?s={search_term_string}"},"query-input":{"@type":"PropertyValueSpecification","valueRequired":true,"valueName":"search_term_string"}}],"inLanguage":"es"}]}},"_links":{"self":[{"href":"https:\/\/ticsalutsocial.atoom.space\/es\/wp-json\/wp\/v2\/noticia\/25959","targetHints":{"allow":["GET"]}}],"collection":[{"href":"https:\/\/ticsalutsocial.atoom.space\/es\/wp-json\/wp\/v2\/noticia"}],"about":[{"href":"https:\/\/ticsalutsocial.atoom.space\/es\/wp-json\/wp\/v2\/types\/noticia"}],"author":[{"embeddable":true,"href":"https:\/\/ticsalutsocial.atoom.space\/es\/wp-json\/wp\/v2\/users\/12"}],"wp:featuredmedia":[{"embeddable":true,"href":"https:\/\/ticsalutsocial.atoom.space\/es\/wp-json\/wp\/v2\/media\/25951"}],"wp:attachment":[{"href":"https:\/\/ticsalutsocial.atoom.space\/es\/wp-json\/wp\/v2\/media?parent=25959"}],"wp:term":[{"taxonomy":"etiqueta","embeddable":true,"href":"https:\/\/ticsalutsocial.atoom.space\/es\/wp-json\/wp\/v2\/etiqueta?post=25959"},{"taxonomy":"tipus","embeddable":true,"href":"https:\/\/ticsalutsocial.atoom.space\/es\/wp-json\/wp\/v2\/tipus?post=25959"},{"taxonomy":"topic","embeddable":true,"href":"https:\/\/ticsalutsocial.atoom.space\/es\/wp-json\/wp\/v2\/topic?post=25959"}],"curies":[{"name":"wp","href":"https:\/\/api.w.org\/{rel}","templated":true}]}}