
{"id":26069,"date":"2024-03-13T09:26:40","date_gmt":"2024-03-13T07:26:40","guid":{"rendered":"https:\/\/ticsalutsocial.atoom.space\/noticia\/la-fundacio-tic-salut-social-col-labora-amb-el-master-en-ehealth\/"},"modified":"2024-06-14T12:39:39","modified_gmt":"2024-06-14T10:39:39","slug":"la-fundacio-tic-salut-social-col-labora-amb-el-master-en-ehealth","status":"publish","type":"noticia","link":"https:\/\/ticsalutsocial.atoom.space\/es\/noticia\/la-fundacio-tic-salut-social-col-labora-amb-el-master-en-ehealth\/","title":{"rendered":"La Fundaci\u00f3n TIC Salut Social colabora con el m\u00e1ster en eHealth de La Salle \u2013 Universitat Ram\u00f3n Llull"},"content":{"rendered":"<p>Un a\u00f1o m\u00e1s, la Fundaci\u00f3n TIC Salut Social colabora con la Universidad La Salle en el impulso de su <a href=\"https:\/\/www.salleurl.edu\/es\/estudios\/master-en-ehealth-tecnologias-de-la-informacion-y-gestion-sanitaria\" target=\"_blank\" rel=\"noopener\">M\u00e1ster en eHEALTH: Tecnolog\u00edas de la informaci\u00f3n y gesti\u00f3n sanitaria.<\/a>\u00a0El objetivo es fomentar la formaci\u00f3n en nuevas tecnolog\u00edas en el \u00e1mbito de la salud y como estrategia de apoyo a la gesti\u00f3n de los servicios sanitarios. En esta l\u00ednea, la fundaci\u00f3n ofrece dos becas anuales que cubren el 50% del costo total de la formaci\u00f3n. La primera est\u00e1 destinada a la modalidad presencial y la segunda al formato online. De esta forma, se busca facilitar que los profesionales del sector mantengan sus conocimientos actualizados mediante la participaci\u00f3n en itinerarios formativos.<\/p>\n<p>&nbsp;<\/p>\n<p><strong>El M\u00e1ster en eHealth: Tecnolog\u00edas de la Informaci\u00f3n y Gesti\u00f3n Sanitaria de La Salle <\/strong><\/p>\n<p>Este recorrido formativo tiene una periodicidad anual y permite adquirir nuevos conocimientos actualizados en salud digital. Es un programa ideal para ampliar capacidades y experiencia entre los profesionales sanitarios interesados en participar, con un enfoque estrat\u00e9gico y orientado a la innovaci\u00f3n tecnol\u00f3gica. El m\u00e1ster busca satisfacer la demanda de profesionales capacitados en la combinaci\u00f3n de tecnolog\u00eda y salud. Ha sido dise\u00f1ado en colaboraci\u00f3n con los principales hospitales p\u00fablicos y privados, laboratorios farmac\u00e9uticos e instituciones relacionadas con la salud digital. Para optar a las becas proporcionadas por la Fundaci\u00f3n TIC Salut Social es necesario ser residente en Catalu\u00f1a y el plazo m\u00e1ximo de inscripci\u00f3n para optar a una de las dos modalidades es el 14 de junio de 2024. Para obtener m\u00e1s informaci\u00f3n sobre los contenidos del m\u00e1ster y las inscripciones, contacte a trav\u00e9s del correo electr\u00f3nico <a href=\"mailto:admissions@salleurl.edu\" target=\"_blank\" rel=\"noopener\">admissions@salleurl.edu<\/a><\/p>\n","protected":false},"author":3,"featured_media":23519,"menu_order":0,"template":"","meta":{"_acf_changed":false,"inline_featured_image":false},"etiqueta":[],"tipus":[],"topic":[123,130],"class_list":["post-26069","noticia","type-noticia","status-publish","has-post-thumbnail","hentry","topic-actualidad","topic-la-fundacion"],"acf":{"finalitzat":false,"tipus_plantilla":"objectius","template_objectius":{"cont_principal":"","imatge":false,"cont_seguent":{"titol":"","contingut":""},"seccio_llistat":{"titol":"","llistat":false},"objectius":{"titol":"","objectius":false},"documents":[{"titol_doc":"Criterios de admisi\u00f3n","document":false}]},"autor":"","imatge":false,"textos_destacats":[{"texte":"La fundaci\u00f3n oferece doss becas anuales por valor del 50% del coste total de la formaci\u00f3n"}],"documents":[{"titol_doc":"Criterios de admisi\u00f3n","document":{"ID":27735,"id":27735,"title":"Criterios adminsion","filename":"Criterios-adminsion.docx","filesize":26851,"url":"https:\/\/ticsalutsocial.atoom.space\/wp-content\/uploads\/2024\/03\/Criterios-adminsion.docx","link":"https:\/\/ticsalutsocial.atoom.space\/es\/noticia\/la-fundacio-tic-salut-social-col-labora-amb-el-master-en-ehealth\/criterios-adminsion\/","alt":"","author":"3","description":"","caption":"","name":"criterios-adminsion","status":"inherit","uploaded_to":26069,"date":"2024-06-14 10:31:27","modified":"2024-06-14 10:31:27","menu_order":0,"mime_type":"application\/vnd.openxmlformats-officedocument.wordprocessingml.document","type":"application","subtype":"vnd.openxmlformats-officedocument.wordprocessingml.document","icon":"https:\/\/ticsalutsocial.atoom.space\/wp-includes\/images\/media\/document.png"}}]},"yoast_head":"<!-- This site is optimized with the Yoast SEO plugin v27.1.1 - https:\/\/yoast.com\/product\/yoast-seo-wordpress\/ -->\n<title>La Fundaci\u00f3n TIC Salut Social colabora con el m\u00e1ster en eHealth de La Salle \u2013 Universitat Ram\u00f3n Llull - Fundaci\u00f3 TIC Salut i Social<\/title>\n<meta name=\"description\" content=\"La Fundaci\u00f3 TIC Salut Social col\u00b7labora un any m\u00e9s amb el m\u00e0ster en eHealth de La Salle \u2013 Universitat Ram\u00f3n Llull\" \/>\n<meta name=\"robots\" content=\"index, follow, max-snippet:-1, max-image-preview:large, max-video-preview:-1\" \/>\n<link rel=\"canonical\" href=\"https:\/\/ticsalutsocial.atoom.space\/es\/noticia\/la-fundacio-tic-salut-social-col-labora-amb-el-master-en-ehealth\/\" \/>\n<meta property=\"og:locale\" content=\"es_ES\" \/>\n<meta property=\"og:type\" content=\"article\" \/>\n<meta property=\"og:title\" content=\"La Fundaci\u00f3n TIC Salut Social colabora con el m\u00e1ster en eHealth de La Salle \u2013 Universitat Ram\u00f3n Llull - Fundaci\u00f3 TIC Salut i Social\" \/>\n<meta property=\"og:description\" content=\"La Fundaci\u00f3 TIC Salut Social col\u00b7labora un any m\u00e9s amb el m\u00e0ster en eHealth de La Salle \u2013 Universitat Ram\u00f3n Llull\" \/>\n<meta property=\"og:url\" content=\"https:\/\/ticsalutsocial.atoom.space\/es\/noticia\/la-fundacio-tic-salut-social-col-labora-amb-el-master-en-ehealth\/\" \/>\n<meta property=\"og:site_name\" content=\"Fundaci\u00f3 TIC Salut i Social\" \/>\n<meta property=\"article:modified_time\" content=\"2024-06-14T10:39:39+00:00\" \/>\n<meta property=\"og:image\" content=\"https:\/\/ticsalutsocial.atoom.space\/wp-content\/uploads\/2023\/11\/MicrosoftTeams-image-47-1024x558.jpg\" \/>\n\t<meta property=\"og:image:width\" content=\"1024\" \/>\n\t<meta property=\"og:image:height\" content=\"558\" \/>\n\t<meta property=\"og:image:type\" content=\"image\/jpeg\" \/>\n<meta name=\"twitter:card\" content=\"summary_large_image\" \/>\n<meta name=\"twitter:label1\" content=\"Tiempo de lectura\" \/>\n\t<meta name=\"twitter:data1\" content=\"2 minutos\" \/>\n<script type=\"application\/ld+json\" class=\"yoast-schema-graph\">{\"@context\":\"https:\/\/schema.org\",\"@graph\":[{\"@type\":\"WebPage\",\"@id\":\"https:\/\/ticsalutsocial.atoom.space\/es\/noticia\/la-fundacio-tic-salut-social-col-labora-amb-el-master-en-ehealth\/\",\"url\":\"https:\/\/ticsalutsocial.atoom.space\/es\/noticia\/la-fundacio-tic-salut-social-col-labora-amb-el-master-en-ehealth\/\",\"name\":\"La Fundaci\u00f3n TIC Salut Social colabora con el m\u00e1ster en eHealth de La Salle \u2013 Universitat Ram\u00f3n Llull - Fundaci\u00f3 TIC Salut i Social\",\"isPartOf\":{\"@id\":\"https:\/\/ticsalutsocial.atoom.space\/es\/#website\"},\"primaryImageOfPage\":{\"@id\":\"https:\/\/ticsalutsocial.atoom.space\/es\/noticia\/la-fundacio-tic-salut-social-col-labora-amb-el-master-en-ehealth\/#primaryimage\"},\"image\":{\"@id\":\"https:\/\/ticsalutsocial.atoom.space\/es\/noticia\/la-fundacio-tic-salut-social-col-labora-amb-el-master-en-ehealth\/#primaryimage\"},\"thumbnailUrl\":\"https:\/\/ticsalutsocial.atoom.space\/wp-content\/uploads\/2023\/11\/MicrosoftTeams-image-47.jpg\",\"datePublished\":\"2024-03-13T07:26:40+00:00\",\"dateModified\":\"2024-06-14T10:39:39+00:00\",\"description\":\"La Fundaci\u00f3 TIC Salut Social col\u00b7labora un any m\u00e9s amb el m\u00e0ster en eHealth de La Salle \u2013 Universitat Ram\u00f3n Llull\",\"breadcrumb\":{\"@id\":\"https:\/\/ticsalutsocial.atoom.space\/es\/noticia\/la-fundacio-tic-salut-social-col-labora-amb-el-master-en-ehealth\/#breadcrumb\"},\"inLanguage\":\"es\",\"potentialAction\":[{\"@type\":\"ReadAction\",\"target\":[\"https:\/\/ticsalutsocial.atoom.space\/es\/noticia\/la-fundacio-tic-salut-social-col-labora-amb-el-master-en-ehealth\/\"]}]},{\"@type\":\"ImageObject\",\"inLanguage\":\"es\",\"@id\":\"https:\/\/ticsalutsocial.atoom.space\/es\/noticia\/la-fundacio-tic-salut-social-col-labora-amb-el-master-en-ehealth\/#primaryimage\",\"url\":\"https:\/\/ticsalutsocial.atoom.space\/wp-content\/uploads\/2023\/11\/MicrosoftTeams-image-47.jpg\",\"contentUrl\":\"https:\/\/ticsalutsocial.atoom.space\/wp-content\/uploads\/2023\/11\/MicrosoftTeams-image-47.jpg\",\"width\":9504,\"height\":5175,\"caption\":\"Medical technology concept. Remote medicine. Electronic medical record.\"},{\"@type\":\"BreadcrumbList\",\"@id\":\"https:\/\/ticsalutsocial.atoom.space\/es\/noticia\/la-fundacio-tic-salut-social-col-labora-amb-el-master-en-ehealth\/#breadcrumb\",\"itemListElement\":[{\"@type\":\"ListItem\",\"position\":1,\"name\":\"Inici\",\"item\":\"https:\/\/ticsalutsocial.atoom.space\/es\/\"},{\"@type\":\"ListItem\",\"position\":2,\"name\":\"La Fundaci\u00f3n TIC Salut Social colabora con el m\u00e1ster en eHealth de La Salle \u2013 Universitat Ram\u00f3n Llull\"}]},{\"@type\":\"WebSite\",\"@id\":\"https:\/\/ticsalutsocial.atoom.space\/es\/#website\",\"url\":\"https:\/\/ticsalutsocial.atoom.space\/es\/\",\"name\":\"Fundaci\u00f3 TIC Salut i Social\",\"description\":\"\",\"potentialAction\":[{\"@type\":\"SearchAction\",\"target\":{\"@type\":\"EntryPoint\",\"urlTemplate\":\"https:\/\/ticsalutsocial.atoom.space\/es\/?s={search_term_string}\"},\"query-input\":{\"@type\":\"PropertyValueSpecification\",\"valueRequired\":true,\"valueName\":\"search_term_string\"}}],\"inLanguage\":\"es\"}]}<\/script>\n<!-- \/ Yoast SEO plugin. -->","yoast_head_json":{"title":"La Fundaci\u00f3n TIC Salut Social colabora con el m\u00e1ster en eHealth de La Salle \u2013 Universitat Ram\u00f3n Llull - Fundaci\u00f3 TIC Salut i Social","description":"La Fundaci\u00f3 TIC Salut Social col\u00b7labora un any m\u00e9s amb el m\u00e0ster en eHealth de La Salle \u2013 Universitat Ram\u00f3n Llull","robots":{"index":"index","follow":"follow","max-snippet":"max-snippet:-1","max-image-preview":"max-image-preview:large","max-video-preview":"max-video-preview:-1"},"canonical":"https:\/\/ticsalutsocial.atoom.space\/es\/noticia\/la-fundacio-tic-salut-social-col-labora-amb-el-master-en-ehealth\/","og_locale":"es_ES","og_type":"article","og_title":"La Fundaci\u00f3n TIC Salut Social colabora con el m\u00e1ster en eHealth de La Salle \u2013 Universitat Ram\u00f3n Llull - Fundaci\u00f3 TIC Salut i Social","og_description":"La Fundaci\u00f3 TIC Salut Social col\u00b7labora un any m\u00e9s amb el m\u00e0ster en eHealth de La Salle \u2013 Universitat Ram\u00f3n Llull","og_url":"https:\/\/ticsalutsocial.atoom.space\/es\/noticia\/la-fundacio-tic-salut-social-col-labora-amb-el-master-en-ehealth\/","og_site_name":"Fundaci\u00f3 TIC Salut i Social","article_modified_time":"2024-06-14T10:39:39+00:00","og_image":[{"width":1024,"height":558,"url":"https:\/\/ticsalutsocial.atoom.space\/wp-content\/uploads\/2023\/11\/MicrosoftTeams-image-47-1024x558.jpg","type":"image\/jpeg"}],"twitter_card":"summary_large_image","twitter_misc":{"Tiempo de lectura":"2 minutos"},"schema":{"@context":"https:\/\/schema.org","@graph":[{"@type":"WebPage","@id":"https:\/\/ticsalutsocial.atoom.space\/es\/noticia\/la-fundacio-tic-salut-social-col-labora-amb-el-master-en-ehealth\/","url":"https:\/\/ticsalutsocial.atoom.space\/es\/noticia\/la-fundacio-tic-salut-social-col-labora-amb-el-master-en-ehealth\/","name":"La Fundaci\u00f3n TIC Salut Social colabora con el m\u00e1ster en eHealth de La Salle \u2013 Universitat Ram\u00f3n Llull - Fundaci\u00f3 TIC Salut i Social","isPartOf":{"@id":"https:\/\/ticsalutsocial.atoom.space\/es\/#website"},"primaryImageOfPage":{"@id":"https:\/\/ticsalutsocial.atoom.space\/es\/noticia\/la-fundacio-tic-salut-social-col-labora-amb-el-master-en-ehealth\/#primaryimage"},"image":{"@id":"https:\/\/ticsalutsocial.atoom.space\/es\/noticia\/la-fundacio-tic-salut-social-col-labora-amb-el-master-en-ehealth\/#primaryimage"},"thumbnailUrl":"https:\/\/ticsalutsocial.atoom.space\/wp-content\/uploads\/2023\/11\/MicrosoftTeams-image-47.jpg","datePublished":"2024-03-13T07:26:40+00:00","dateModified":"2024-06-14T10:39:39+00:00","description":"La Fundaci\u00f3 TIC Salut Social col\u00b7labora un any m\u00e9s amb el m\u00e0ster en eHealth de La Salle \u2013 Universitat Ram\u00f3n Llull","breadcrumb":{"@id":"https:\/\/ticsalutsocial.atoom.space\/es\/noticia\/la-fundacio-tic-salut-social-col-labora-amb-el-master-en-ehealth\/#breadcrumb"},"inLanguage":"es","potentialAction":[{"@type":"ReadAction","target":["https:\/\/ticsalutsocial.atoom.space\/es\/noticia\/la-fundacio-tic-salut-social-col-labora-amb-el-master-en-ehealth\/"]}]},{"@type":"ImageObject","inLanguage":"es","@id":"https:\/\/ticsalutsocial.atoom.space\/es\/noticia\/la-fundacio-tic-salut-social-col-labora-amb-el-master-en-ehealth\/#primaryimage","url":"https:\/\/ticsalutsocial.atoom.space\/wp-content\/uploads\/2023\/11\/MicrosoftTeams-image-47.jpg","contentUrl":"https:\/\/ticsalutsocial.atoom.space\/wp-content\/uploads\/2023\/11\/MicrosoftTeams-image-47.jpg","width":9504,"height":5175,"caption":"Medical technology concept. Remote medicine. Electronic medical record."},{"@type":"BreadcrumbList","@id":"https:\/\/ticsalutsocial.atoom.space\/es\/noticia\/la-fundacio-tic-salut-social-col-labora-amb-el-master-en-ehealth\/#breadcrumb","itemListElement":[{"@type":"ListItem","position":1,"name":"Inici","item":"https:\/\/ticsalutsocial.atoom.space\/es\/"},{"@type":"ListItem","position":2,"name":"La Fundaci\u00f3n TIC Salut Social colabora con el m\u00e1ster en eHealth de La Salle \u2013 Universitat Ram\u00f3n Llull"}]},{"@type":"WebSite","@id":"https:\/\/ticsalutsocial.atoom.space\/es\/#website","url":"https:\/\/ticsalutsocial.atoom.space\/es\/","name":"Fundaci\u00f3 TIC Salut i Social","description":"","potentialAction":[{"@type":"SearchAction","target":{"@type":"EntryPoint","urlTemplate":"https:\/\/ticsalutsocial.atoom.space\/es\/?s={search_term_string}"},"query-input":{"@type":"PropertyValueSpecification","valueRequired":true,"valueName":"search_term_string"}}],"inLanguage":"es"}]}},"_links":{"self":[{"href":"https:\/\/ticsalutsocial.atoom.space\/es\/wp-json\/wp\/v2\/noticia\/26069","targetHints":{"allow":["GET"]}}],"collection":[{"href":"https:\/\/ticsalutsocial.atoom.space\/es\/wp-json\/wp\/v2\/noticia"}],"about":[{"href":"https:\/\/ticsalutsocial.atoom.space\/es\/wp-json\/wp\/v2\/types\/noticia"}],"author":[{"embeddable":true,"href":"https:\/\/ticsalutsocial.atoom.space\/es\/wp-json\/wp\/v2\/users\/3"}],"wp:featuredmedia":[{"embeddable":true,"href":"https:\/\/ticsalutsocial.atoom.space\/es\/wp-json\/wp\/v2\/media\/23519"}],"wp:attachment":[{"href":"https:\/\/ticsalutsocial.atoom.space\/es\/wp-json\/wp\/v2\/media?parent=26069"}],"wp:term":[{"taxonomy":"etiqueta","embeddable":true,"href":"https:\/\/ticsalutsocial.atoom.space\/es\/wp-json\/wp\/v2\/etiqueta?post=26069"},{"taxonomy":"tipus","embeddable":true,"href":"https:\/\/ticsalutsocial.atoom.space\/es\/wp-json\/wp\/v2\/tipus?post=26069"},{"taxonomy":"topic","embeddable":true,"href":"https:\/\/ticsalutsocial.atoom.space\/es\/wp-json\/wp\/v2\/topic?post=26069"}],"curies":[{"name":"wp","href":"https:\/\/api.w.org\/{rel}","templated":true}]}}