
{"id":26723,"date":"2024-04-19T12:01:25","date_gmt":"2024-04-19T10:01:25","guid":{"rendered":"https:\/\/ticsalutsocial.atoom.space\/noticia\/el-director-de-la-fundacion-tic-salut-social-es-nomenat-representant-del-departament-de-salut-a-la-comissio-dintelligencia-artificial\/"},"modified":"2024-04-19T12:16:15","modified_gmt":"2024-04-19T10:16:15","slug":"el-director-de-la-fundacion-tic-salut-social-es-nomenat-representant-del-departament-de-salut-a-la-comissio-dintelligencia-artificial","status":"publish","type":"noticia","link":"https:\/\/ticsalutsocial.atoom.space\/es\/noticia\/el-director-de-la-fundacion-tic-salut-social-es-nomenat-representant-del-departament-de-salut-a-la-comissio-dintelligencia-artificial\/","title":{"rendered":"El Director de la Fundaci\u00f3n TIC Salut Social es nombrado representante del Departamento de Salud en la Comisi\u00f3n de Inteligencia Artificial"},"content":{"rendered":"\n<p>El Director de la Fundaci\u00f3n TIC Salut Social, <strong>Joan Guanyabens<\/strong>, ha sido designado <strong>representante del Departamento de Salud en la Comisi\u00f3n de Inteligencia Artificial<\/strong> aprobada en el <a href=\"https:\/\/cido.diba.cat\/legislacio\/16973925\/acord-gov452024-de-27-de-febrer-pel-qual-es-crea-la-comissio-dintelligencia-artificial-i-sestableixen-mesures-en-materia-dintelligencia-artificial-departament-de-la-presidencia\" target=\"_blank\" rel=\"noreferrer noopener\">acuerdo de gobierno 45\/2024<\/a>, de 27 de febrero de 2024. Guanyabens ha estado muy implicado en el desarrollo del Programa para la promoci\u00f3n y desarrollo de la inteligencia artificial en el sistema de salud de Catalu\u00f1a (Programa Salut\/IA), coordinado desde la Fundaci\u00f3n TIC Salut Social, y, por tanto, podr\u00e1 aportar a la Comisi\u00f3n su conocimiento estrat\u00e9gico en la aplicaci\u00f3n de esta tecnolog\u00eda disruptiva en salud.<\/p>\n\n\n\n<p>En la Comisi\u00f3n se incorporar\u00e1n como vocales una persona en representaci\u00f3n de cada departamento de la Administraci\u00f3n de la Generalitat de Catalunya que tenga encomendadas competencias o funciones en la aplicaci\u00f3n de IA, aparte de representantes de direcciones generales y organismos p\u00fablicos como la Agencia de Ciberseguridad de Catalu\u00f1a, el Centro Telecomunicaciones y Tecnolog\u00edas de la Informaci\u00f3n, el Instituto de Estad\u00edstica de Catalu\u00f1a o el Consorcio de Administraci\u00f3n Abierta de Catalu\u00f1a, entre otros.<\/p>\n\n\n\n<p>Tal y como se detall\u00f3 en el acuerdo de gobierno, la nueva iniciativa pretende dotar a la Administraci\u00f3n de la Generalitat de un <strong>marco organizativo transversal<\/strong> que coordine los diferentes \u00e1mbitos de actuaci\u00f3n que requiere la aplicaci\u00f3n de las tecnolog\u00edas basadas en IA en la prestaci\u00f3n de los servicios p\u00fablicos y, asimismo, fomente el uso de una <strong>IA \u00e9tica, confiable y respetuosa con los derechos fundamentales<\/strong>, que garantice los derechos de la ciudadan\u00eda, tales como la informaci\u00f3n, transparencia y protecci\u00f3n de los datos de car\u00e1cter personal.<\/p>\n\n\n\n<h2 class=\"wp-block-heading\"><strong>Funciones de la Comisi\u00f3n de Inteligencia Artificial<\/strong><\/h2>\n\n\n\n<p>La Comisi\u00f3n de Inteligencia Artificial debe encargarse de velar por el cumplimiento normativo, sin perjuicio de las competencias de otras unidades, y por el estudio, impulso, promoci\u00f3n y desarrollo de sistemas de IA en los servicios p\u00fablicos de la Administraci\u00f3n de la Generalitat, as\u00ed como por su control y supervisi\u00f3n.<\/p>\n\n\n\n<p>Como detalla el Diario Oficial de la Generalitat de Catalunya, las funciones de la Comisi\u00f3n son:<\/p>\n\n\n\n<ul class=\"wp-block-list\">\n<li>Impulsar y proponer al Gobierno catal\u00e1n, mediante el departamento en el que se integra, en su caso, los instrumentos o actuaciones normativos y organizativos necesarios para impulsar y supervisar la IA en los servicios p\u00fablicos de la Administraci\u00f3n de la Generalitat de Catalunya.<\/li>\n\n\n\n<li>Evaluar el impacto de la IA en los servicios p\u00fablicos de la Administraci\u00f3n de la Generalitat de Catalunya y, en especial, proponer y realizar el seguimiento de las metodolog\u00edas para la evaluaci\u00f3n de los derechos y libertades de los ciudadanos en la prestaci\u00f3n de servicios p\u00fablicos.<\/li>\n\n\n\n<li>Identificar los principales organismos implicados y sus competencias en lo que se refiere a la IA.<\/li>\n\n\n\n<li>Proponer los mecanismos de cooperaci\u00f3n y coordinaci\u00f3n entre los organismos y los agentes implicados.<\/li>\n\n\n\n<li>Impulsar, supervisar y controlar las actuaciones que deben ejecutar los diferentes grupos de trabajo que se creen para aplicar, controlar y hacer cumplir las normas en materia de IA.<\/li>\n\n\n\n<li>Supervisar el cumplimiento y adecuaci\u00f3n de la aplicaci\u00f3n de los sistemas de IA al Modelo de gobierno de los datos de la Administraci\u00f3n de la Generalitat, especialmente en lo que se refiere a las metodolog\u00edas y pol\u00edticas del Modelo.<\/li>\n\n\n\n<li>Elevar al Comit\u00e9 de \u00c9tica de los Datos las cuestiones \u00e9ticas propias del uso de la IA en el \u00e1mbito de la actuaci\u00f3n de la Administraci\u00f3n de la Generalitat.<\/li>\n\n\n\n<li>Impulsar mecanismos de buenas pr\u00e1cticas para aplicar la IA que tengan en cuenta los principios y valores \u00e9ticos.<\/li>\n\n\n\n<li>Proponer medidas de vigilancia o supervisi\u00f3n humana para prevenir o reducir al m\u00ednimo los riesgos derivados de la aplicaci\u00f3n de la IA, especialmente en relaci\u00f3n a los riesgos derivados de la protecci\u00f3n de datos personales.<\/li>\n<\/ul>\n\n\n\n<p><\/p>\n\n\n\n<p>Aparte de la Comisi\u00f3n, el propio acuerdo de gobierno contemplaba la creaci\u00f3n del <strong>Registro de sistemas de IA<\/strong> como instrumento para documentar, de forma estandarizada e indexable, las decisiones y los supuestos que ha tomado la Administraci\u00f3n sobre un sistema de IA durante todo su ciclo de vida; es decir, en el desarrollo, aplicaci\u00f3n, gesti\u00f3n y, en \u00faltima instancia, el desmantelamiento. Asimismo, garantiza el cumplimiento de las obligaciones de transparencia en el uso de los sistemas, lo que permitir\u00e1 a la ciudadan\u00eda conocer qu\u00e9 algoritmos utiliza la Administraci\u00f3n y otra informaci\u00f3n relevante relativa a la actuaci\u00f3n administrativa mediante el uso de estas tecnolog\u00edas.<\/p>\n","protected":false},"author":12,"featured_media":26721,"menu_order":0,"template":"","meta":{"_acf_changed":true,"inline_featured_image":false},"etiqueta":[],"tipus":[879],"topic":[],"class_list":["post-26723","noticia","type-noticia","status-publish","has-post-thumbnail","hentry","tipus-inteligencia-artificial"],"acf":{"finalitzat":false,"tipus_plantilla":"objectius","template_objectius":{"cont_principal":"","imatge":false,"cont_seguent":{"titol":"","contingut":""},"seccio_llistat":{"titol":"","llistat":false},"objectius":{"titol":"","objectius":false},"documents":false},"autor":"","imatge":26721,"textos_destacats":[{"texte":"Joan Guanyabens ser\u00e1 uno de los vocales de la Comisi\u00f3n creada recientemente por el gobierno catal\u00e1n con el objetivo de velar por el cumplimiento normativo, la protecci\u00f3n de datos personales y el uso \u00e9tico de los sistemas de IA."}],"documents":false},"yoast_head":"<!-- This site is optimized with the Yoast SEO plugin v27.1.1 - https:\/\/yoast.com\/product\/yoast-seo-wordpress\/ -->\n<title>El Director de la Fundaci\u00f3n TIC Salut Social es nombrado representante del Departamento de Salud en la Comisi\u00f3n de Inteligencia Artificial - Fundaci\u00f3 TIC Salut i Social<\/title>\n<meta name=\"description\" content=\"Joan Guanyabens ser\u00e1 uno de los vocales de la Comisi\u00f3n creada recientemente por el gobierno catal\u00e1n con el objetivo de velar por el cumplimiento normativo, la protecci\u00f3n de datos personales y el uso \u00e9tico de los sistemas de IA.\" \/>\n<meta name=\"robots\" content=\"index, follow, max-snippet:-1, max-image-preview:large, max-video-preview:-1\" \/>\n<link rel=\"canonical\" href=\"https:\/\/ticsalutsocial.atoom.space\/es\/noticia\/el-director-de-la-fundacion-tic-salut-social-es-nomenat-representant-del-departament-de-salut-a-la-comissio-dintelligencia-artificial\/\" \/>\n<meta property=\"og:locale\" content=\"es_ES\" \/>\n<meta property=\"og:type\" content=\"article\" \/>\n<meta property=\"og:title\" content=\"El Director de la Fundaci\u00f3n TIC Salut Social es nombrado representante del Departamento de Salud en la Comisi\u00f3n de Inteligencia Artificial - Fundaci\u00f3 TIC Salut i Social\" \/>\n<meta property=\"og:description\" content=\"Joan Guanyabens ser\u00e1 uno de los vocales de la Comisi\u00f3n creada recientemente por el gobierno catal\u00e1n con el objetivo de velar por el cumplimiento normativo, la protecci\u00f3n de datos personales y el uso \u00e9tico de los sistemas de IA.\" \/>\n<meta property=\"og:url\" content=\"https:\/\/ticsalutsocial.atoom.space\/es\/noticia\/el-director-de-la-fundacion-tic-salut-social-es-nomenat-representant-del-departament-de-salut-a-la-comissio-dintelligencia-artificial\/\" \/>\n<meta property=\"og:site_name\" content=\"Fundaci\u00f3 TIC Salut i Social\" \/>\n<meta property=\"article:modified_time\" content=\"2024-04-19T10:16:15+00:00\" \/>\n<meta property=\"og:image\" content=\"https:\/\/ticsalutsocial.atoom.space\/wp-content\/uploads\/2024\/04\/Joan-Guanyabens-Comissio-IA-web-Fundacio.jpg\" \/>\n\t<meta property=\"og:image:width\" content=\"1280\" \/>\n\t<meta property=\"og:image:height\" content=\"960\" \/>\n\t<meta property=\"og:image:type\" content=\"image\/jpeg\" \/>\n<meta name=\"twitter:card\" content=\"summary_large_image\" \/>\n<meta name=\"twitter:label1\" content=\"Tiempo de lectura\" \/>\n\t<meta name=\"twitter:data1\" content=\"5 minutos\" \/>\n<script type=\"application\/ld+json\" class=\"yoast-schema-graph\">{\"@context\":\"https:\/\/schema.org\",\"@graph\":[{\"@type\":\"WebPage\",\"@id\":\"https:\/\/ticsalutsocial.atoom.space\/es\/noticia\/el-director-de-la-fundacion-tic-salut-social-es-nomenat-representant-del-departament-de-salut-a-la-comissio-dintelligencia-artificial\/\",\"url\":\"https:\/\/ticsalutsocial.atoom.space\/es\/noticia\/el-director-de-la-fundacion-tic-salut-social-es-nomenat-representant-del-departament-de-salut-a-la-comissio-dintelligencia-artificial\/\",\"name\":\"El Director de la Fundaci\u00f3n TIC Salut Social es nombrado representante del Departamento de Salud en la Comisi\u00f3n de Inteligencia Artificial - Fundaci\u00f3 TIC Salut i Social\",\"isPartOf\":{\"@id\":\"https:\/\/ticsalutsocial.atoom.space\/es\/#website\"},\"primaryImageOfPage\":{\"@id\":\"https:\/\/ticsalutsocial.atoom.space\/es\/noticia\/el-director-de-la-fundacion-tic-salut-social-es-nomenat-representant-del-departament-de-salut-a-la-comissio-dintelligencia-artificial\/#primaryimage\"},\"image\":{\"@id\":\"https:\/\/ticsalutsocial.atoom.space\/es\/noticia\/el-director-de-la-fundacion-tic-salut-social-es-nomenat-representant-del-departament-de-salut-a-la-comissio-dintelligencia-artificial\/#primaryimage\"},\"thumbnailUrl\":\"https:\/\/ticsalutsocial.atoom.space\/wp-content\/uploads\/2024\/04\/Joan-Guanyabens-Comissio-IA-web-Fundacio.jpg\",\"datePublished\":\"2024-04-19T10:01:25+00:00\",\"dateModified\":\"2024-04-19T10:16:15+00:00\",\"description\":\"Joan Guanyabens ser\u00e1 uno de los vocales de la Comisi\u00f3n creada recientemente por el gobierno catal\u00e1n con el objetivo de velar por el cumplimiento normativo, la protecci\u00f3n de datos personales y el uso \u00e9tico de los sistemas de IA.\",\"breadcrumb\":{\"@id\":\"https:\/\/ticsalutsocial.atoom.space\/es\/noticia\/el-director-de-la-fundacion-tic-salut-social-es-nomenat-representant-del-departament-de-salut-a-la-comissio-dintelligencia-artificial\/#breadcrumb\"},\"inLanguage\":\"es\",\"potentialAction\":[{\"@type\":\"ReadAction\",\"target\":[\"https:\/\/ticsalutsocial.atoom.space\/es\/noticia\/el-director-de-la-fundacion-tic-salut-social-es-nomenat-representant-del-departament-de-salut-a-la-comissio-dintelligencia-artificial\/\"]}]},{\"@type\":\"ImageObject\",\"inLanguage\":\"es\",\"@id\":\"https:\/\/ticsalutsocial.atoom.space\/es\/noticia\/el-director-de-la-fundacion-tic-salut-social-es-nomenat-representant-del-departament-de-salut-a-la-comissio-dintelligencia-artificial\/#primaryimage\",\"url\":\"https:\/\/ticsalutsocial.atoom.space\/wp-content\/uploads\/2024\/04\/Joan-Guanyabens-Comissio-IA-web-Fundacio.jpg\",\"contentUrl\":\"https:\/\/ticsalutsocial.atoom.space\/wp-content\/uploads\/2024\/04\/Joan-Guanyabens-Comissio-IA-web-Fundacio.jpg\",\"width\":1280,\"height\":960,\"caption\":\"Joan Guanyabens ser\u00e0 un dels vocals de la Comissi\u00f3 creada recentment pel govern amb l\u2019objectiu de vetllar pel compliment normatiu, la protecci\u00f3 de dades personals i l\u2019\u00fas \u00e8tic dels sistemes d\u2019IA.\"},{\"@type\":\"BreadcrumbList\",\"@id\":\"https:\/\/ticsalutsocial.atoom.space\/es\/noticia\/el-director-de-la-fundacion-tic-salut-social-es-nomenat-representant-del-departament-de-salut-a-la-comissio-dintelligencia-artificial\/#breadcrumb\",\"itemListElement\":[{\"@type\":\"ListItem\",\"position\":1,\"name\":\"Inici\",\"item\":\"https:\/\/ticsalutsocial.atoom.space\/es\/\"},{\"@type\":\"ListItem\",\"position\":2,\"name\":\"El Director de la Fundaci\u00f3n TIC Salut Social es nombrado representante del Departamento de Salud en la Comisi\u00f3n de Inteligencia Artificial\"}]},{\"@type\":\"WebSite\",\"@id\":\"https:\/\/ticsalutsocial.atoom.space\/es\/#website\",\"url\":\"https:\/\/ticsalutsocial.atoom.space\/es\/\",\"name\":\"Fundaci\u00f3 TIC Salut i Social\",\"description\":\"\",\"potentialAction\":[{\"@type\":\"SearchAction\",\"target\":{\"@type\":\"EntryPoint\",\"urlTemplate\":\"https:\/\/ticsalutsocial.atoom.space\/es\/?s={search_term_string}\"},\"query-input\":{\"@type\":\"PropertyValueSpecification\",\"valueRequired\":true,\"valueName\":\"search_term_string\"}}],\"inLanguage\":\"es\"}]}<\/script>\n<!-- \/ Yoast SEO plugin. -->","yoast_head_json":{"title":"El Director de la Fundaci\u00f3n TIC Salut Social es nombrado representante del Departamento de Salud en la Comisi\u00f3n de Inteligencia Artificial - Fundaci\u00f3 TIC Salut i Social","description":"Joan Guanyabens ser\u00e1 uno de los vocales de la Comisi\u00f3n creada recientemente por el gobierno catal\u00e1n con el objetivo de velar por el cumplimiento normativo, la protecci\u00f3n de datos personales y el uso \u00e9tico de los sistemas de IA.","robots":{"index":"index","follow":"follow","max-snippet":"max-snippet:-1","max-image-preview":"max-image-preview:large","max-video-preview":"max-video-preview:-1"},"canonical":"https:\/\/ticsalutsocial.atoom.space\/es\/noticia\/el-director-de-la-fundacion-tic-salut-social-es-nomenat-representant-del-departament-de-salut-a-la-comissio-dintelligencia-artificial\/","og_locale":"es_ES","og_type":"article","og_title":"El Director de la Fundaci\u00f3n TIC Salut Social es nombrado representante del Departamento de Salud en la Comisi\u00f3n de Inteligencia Artificial - Fundaci\u00f3 TIC Salut i Social","og_description":"Joan Guanyabens ser\u00e1 uno de los vocales de la Comisi\u00f3n creada recientemente por el gobierno catal\u00e1n con el objetivo de velar por el cumplimiento normativo, la protecci\u00f3n de datos personales y el uso \u00e9tico de los sistemas de IA.","og_url":"https:\/\/ticsalutsocial.atoom.space\/es\/noticia\/el-director-de-la-fundacion-tic-salut-social-es-nomenat-representant-del-departament-de-salut-a-la-comissio-dintelligencia-artificial\/","og_site_name":"Fundaci\u00f3 TIC Salut i Social","article_modified_time":"2024-04-19T10:16:15+00:00","og_image":[{"width":1280,"height":960,"url":"https:\/\/ticsalutsocial.atoom.space\/wp-content\/uploads\/2024\/04\/Joan-Guanyabens-Comissio-IA-web-Fundacio.jpg","type":"image\/jpeg"}],"twitter_card":"summary_large_image","twitter_misc":{"Tiempo de lectura":"5 minutos"},"schema":{"@context":"https:\/\/schema.org","@graph":[{"@type":"WebPage","@id":"https:\/\/ticsalutsocial.atoom.space\/es\/noticia\/el-director-de-la-fundacion-tic-salut-social-es-nomenat-representant-del-departament-de-salut-a-la-comissio-dintelligencia-artificial\/","url":"https:\/\/ticsalutsocial.atoom.space\/es\/noticia\/el-director-de-la-fundacion-tic-salut-social-es-nomenat-representant-del-departament-de-salut-a-la-comissio-dintelligencia-artificial\/","name":"El Director de la Fundaci\u00f3n TIC Salut Social es nombrado representante del Departamento de Salud en la Comisi\u00f3n de Inteligencia Artificial - Fundaci\u00f3 TIC Salut i Social","isPartOf":{"@id":"https:\/\/ticsalutsocial.atoom.space\/es\/#website"},"primaryImageOfPage":{"@id":"https:\/\/ticsalutsocial.atoom.space\/es\/noticia\/el-director-de-la-fundacion-tic-salut-social-es-nomenat-representant-del-departament-de-salut-a-la-comissio-dintelligencia-artificial\/#primaryimage"},"image":{"@id":"https:\/\/ticsalutsocial.atoom.space\/es\/noticia\/el-director-de-la-fundacion-tic-salut-social-es-nomenat-representant-del-departament-de-salut-a-la-comissio-dintelligencia-artificial\/#primaryimage"},"thumbnailUrl":"https:\/\/ticsalutsocial.atoom.space\/wp-content\/uploads\/2024\/04\/Joan-Guanyabens-Comissio-IA-web-Fundacio.jpg","datePublished":"2024-04-19T10:01:25+00:00","dateModified":"2024-04-19T10:16:15+00:00","description":"Joan Guanyabens ser\u00e1 uno de los vocales de la Comisi\u00f3n creada recientemente por el gobierno catal\u00e1n con el objetivo de velar por el cumplimiento normativo, la protecci\u00f3n de datos personales y el uso \u00e9tico de los sistemas de IA.","breadcrumb":{"@id":"https:\/\/ticsalutsocial.atoom.space\/es\/noticia\/el-director-de-la-fundacion-tic-salut-social-es-nomenat-representant-del-departament-de-salut-a-la-comissio-dintelligencia-artificial\/#breadcrumb"},"inLanguage":"es","potentialAction":[{"@type":"ReadAction","target":["https:\/\/ticsalutsocial.atoom.space\/es\/noticia\/el-director-de-la-fundacion-tic-salut-social-es-nomenat-representant-del-departament-de-salut-a-la-comissio-dintelligencia-artificial\/"]}]},{"@type":"ImageObject","inLanguage":"es","@id":"https:\/\/ticsalutsocial.atoom.space\/es\/noticia\/el-director-de-la-fundacion-tic-salut-social-es-nomenat-representant-del-departament-de-salut-a-la-comissio-dintelligencia-artificial\/#primaryimage","url":"https:\/\/ticsalutsocial.atoom.space\/wp-content\/uploads\/2024\/04\/Joan-Guanyabens-Comissio-IA-web-Fundacio.jpg","contentUrl":"https:\/\/ticsalutsocial.atoom.space\/wp-content\/uploads\/2024\/04\/Joan-Guanyabens-Comissio-IA-web-Fundacio.jpg","width":1280,"height":960,"caption":"Joan Guanyabens ser\u00e0 un dels vocals de la Comissi\u00f3 creada recentment pel govern amb l\u2019objectiu de vetllar pel compliment normatiu, la protecci\u00f3 de dades personals i l\u2019\u00fas \u00e8tic dels sistemes d\u2019IA."},{"@type":"BreadcrumbList","@id":"https:\/\/ticsalutsocial.atoom.space\/es\/noticia\/el-director-de-la-fundacion-tic-salut-social-es-nomenat-representant-del-departament-de-salut-a-la-comissio-dintelligencia-artificial\/#breadcrumb","itemListElement":[{"@type":"ListItem","position":1,"name":"Inici","item":"https:\/\/ticsalutsocial.atoom.space\/es\/"},{"@type":"ListItem","position":2,"name":"El Director de la Fundaci\u00f3n TIC Salut Social es nombrado representante del Departamento de Salud en la Comisi\u00f3n de Inteligencia Artificial"}]},{"@type":"WebSite","@id":"https:\/\/ticsalutsocial.atoom.space\/es\/#website","url":"https:\/\/ticsalutsocial.atoom.space\/es\/","name":"Fundaci\u00f3 TIC Salut i Social","description":"","potentialAction":[{"@type":"SearchAction","target":{"@type":"EntryPoint","urlTemplate":"https:\/\/ticsalutsocial.atoom.space\/es\/?s={search_term_string}"},"query-input":{"@type":"PropertyValueSpecification","valueRequired":true,"valueName":"search_term_string"}}],"inLanguage":"es"}]}},"_links":{"self":[{"href":"https:\/\/ticsalutsocial.atoom.space\/es\/wp-json\/wp\/v2\/noticia\/26723","targetHints":{"allow":["GET"]}}],"collection":[{"href":"https:\/\/ticsalutsocial.atoom.space\/es\/wp-json\/wp\/v2\/noticia"}],"about":[{"href":"https:\/\/ticsalutsocial.atoom.space\/es\/wp-json\/wp\/v2\/types\/noticia"}],"author":[{"embeddable":true,"href":"https:\/\/ticsalutsocial.atoom.space\/es\/wp-json\/wp\/v2\/users\/12"}],"wp:featuredmedia":[{"embeddable":true,"href":"https:\/\/ticsalutsocial.atoom.space\/es\/wp-json\/wp\/v2\/media\/26721"}],"wp:attachment":[{"href":"https:\/\/ticsalutsocial.atoom.space\/es\/wp-json\/wp\/v2\/media?parent=26723"}],"wp:term":[{"taxonomy":"etiqueta","embeddable":true,"href":"https:\/\/ticsalutsocial.atoom.space\/es\/wp-json\/wp\/v2\/etiqueta?post=26723"},{"taxonomy":"tipus","embeddable":true,"href":"https:\/\/ticsalutsocial.atoom.space\/es\/wp-json\/wp\/v2\/tipus?post=26723"},{"taxonomy":"topic","embeddable":true,"href":"https:\/\/ticsalutsocial.atoom.space\/es\/wp-json\/wp\/v2\/topic?post=26723"}],"curies":[{"name":"wp","href":"https:\/\/api.w.org\/{rel}","templated":true}]}}