
{"id":26910,"date":"2024-04-29T13:25:35","date_gmt":"2024-04-29T11:25:35","guid":{"rendered":"https:\/\/ticsalutsocial.atoom.space\/noticia\/les-xiii-jornades-rdi-tic-salut-social-conclouen-amb-exit-de-participacio-a-vic\/"},"modified":"2024-04-30T09:33:36","modified_gmt":"2024-04-30T07:33:36","slug":"las-xiii-jornadas-rdi-tic-salut-social-concluyen-con-exito-de-participacion","status":"publish","type":"noticia","link":"https:\/\/ticsalutsocial.atoom.space\/es\/noticia\/las-xiii-jornadas-rdi-tic-salut-social-concluyen-con-exito-de-participacion\/","title":{"rendered":"Las XIII Jornadas RDI TIC Salut Social concluyen con \u00e9xito de participaci\u00f3n en Vic"},"content":{"rendered":"\r\n<p>Las <strong>XIII Jornadas RDI TIC Salut Social<\/strong> Concluyen con \u00e9xito de participaci\u00f3n en Vic. El pasado 25 de abril reunieron a un total de 466 asistentes combinando el formato presencial (215) y online (251). Durante todo el d\u00eda, el Paraninfo de la Universitat de Vic \u2013 Universitat Central de Catalunya (UVic-UCC) ha sido el punto de confluencia del ecosistema catal\u00e1n dedicado a la innovaci\u00f3n tecnol\u00f3gica de los servicios sociales y la salud para poner en com\u00fan y compartir experiencias y aprendizajes.<\/p>\r\n\r\n\r\n\r\n<p>La jornada ha contado con <a href=\"https:\/\/youtube.com\/live\/fQNm1v0hS_0\" target=\"_blank\" rel=\"noopener\">4 debates para abordar las necesidades de la ciudadan\u00eda y c\u00f3mo resolverlas<\/a> de forma eficiente con la ayuda de la tecnolog\u00eda. En este sentido, <strong>Joan Guanyabens<\/strong>, director de la Fundaci\u00f3n TIC Salut Social ha remarcado que el proceso no es sencillo porque la tecnolog\u00eda no deja de crecer y avanzar con mucha velocidad\u201d y ha a\u00f1adido que estas jornadas \u201csirven para aprender sobre las experiencias y proyectos llevados a cabo y para seguir avanzando\u201d.<\/p>\r\n\r\n\r\n\r\n<h2 class=\"wp-block-heading\"><strong>Construir inclusi\u00f3n con inteligencia artificial: desburocratizaci\u00f3n y humanizaci\u00f3n en la atenci\u00f3n a la persona<\/strong><\/h2>\r\n\r\n\r\n\r\n<p>El pistoletazo de salida a cargo de <strong>Ramon L\u00f3pez de M\u00e1ntaras<\/strong>, miembro del Institut d&#8217;Estudis Catalans, fundador y ex director del Instituto de Investigaci\u00f3n en Inteligencia Artificial, ha sentado las bases. Bajo el t\u00edtulo de<em> Inteligencia artificial: mitos y realidades<\/em> ha puesto sobre la mesa el <em>leitmotiv <\/em>de la jornada: \u00abla IA ni es artificial, ni es inteligencia\u00bb.<\/p>\r\n\r\n\r\n\r\n<figure class=\"wp-block-image size-large\">\r\n<div id=\"attachment_26907\" style=\"width: 1034px\" class=\"wp-caption alignnone\"><img loading=\"lazy\" decoding=\"async\" aria-describedby=\"caption-attachment-26907\" class=\"wp-image-26907\" src=\"https:\/\/ticsalutsocial.atoom.space\/wp-content\/uploads\/2024\/04\/vic2-1024x677.png\" alt=\"Jes\u00fas Delgado, S\u00edlvia Madrid y Montse Sol\u00e9 durante el debat sobre necesidades sociales de la ciudadan\u00eda.\" width=\"1024\" height=\"677\" srcset=\"https:\/\/ticsalutsocial.atoom.space\/wp-content\/uploads\/2024\/04\/vic2-1024x677.png 1024w, https:\/\/ticsalutsocial.atoom.space\/wp-content\/uploads\/2024\/04\/vic2-300x198.png 300w, https:\/\/ticsalutsocial.atoom.space\/wp-content\/uploads\/2024\/04\/vic2-768x508.png 768w, https:\/\/ticsalutsocial.atoom.space\/wp-content\/uploads\/2024\/04\/vic2.png 1030w\" sizes=\"auto, (max-width: 1024px) 100vw, 1024px\" \/><p id=\"caption-attachment-26907\" class=\"wp-caption-text\">Jes\u00fas Delgado, S\u00edlvia Madrid y Montse Sol\u00e9 durante el debat sobre necesidades sociales de la ciudadan\u00eda.<\/p><\/div>\r\n\r\n<\/figure>\r\n\r\n\r\n\r\n<p>En este sentido, durante la tarde se han presentado 10 proyectos relacionados con esta tecnolog\u00eda aplicada a los servicios sociales y salud. \u00datiles para constatar otra idea del debate: la funci\u00f3n desburocatizadora de la tecnolog\u00eda. En este sentido, como ha apuntado la directora general de la Autonom\u00eda Personal y la Discapacidad del Departamento de Derechos Sociales,<strong> Marta Segura<\/strong>, \u201cdebemos aprovechar los cambios tecnol\u00f3gicos para mejorar la vida de las personas que debemos cuidar, la de las personas cuidadoras y de las profesionales\u201d.<\/p>\r\n<p>Revive la jornada en diferido <a href=\"https:\/\/youtube.com\/live\/fQNm1v0hS_0\" target=\"_blank\" rel=\"noopener\">accediendo a este enlace<\/a>.<\/p>\r\n\r\n\r\n\r\n<h2 class=\"wp-block-heading\"><strong>El ecosistema de innovaci\u00f3n catal\u00e1n<\/strong><\/h2>\r\n\r\n\r\n\r\n<p>A trav\u00e9s de la C\u00e1tedra TIC Salud Social, la Fundaci\u00f3n TIC Salut Social y la Universitat de Vic \u2013 Universitat Central de Catalunya (UVic-UCC) impulsan las <strong>Jornadas RDI TIC Salut Social<\/strong> de forma anual. Lo hacen con la colaboraci\u00f3n activa de entidades de la Catalu\u00f1a central como Osona Acci\u00f3n Social, Osonament, Fundaci\u00f3n Sant Tom\u00e0s, Osona Salud Mental, el Consorcio Hospitalario de Vic-Fundaci\u00f3n Hospital de la Santa Cruz de Vic, Fundaci\u00f3n Althaia, el Instituto Catal\u00e1n de la Salud, EAP Centelles y EAP Vic.<\/p>\r\n\r\n\r\n\r\n<p>Este a\u00f1o se han sumado como patrocinadoras las empresas iN2, Doole Health, Evidenze, NTT Data, Seidor, Minsait y Chiesi. Una participaci\u00f3n que ilustra el compromiso del tejido industrial en una triple confluencia con el mundo asistencial y acad\u00e9mico para impulsar la mejora de la salud y bienestar de la ciudadan\u00eda. \u00c9ste es un reto que, seg\u00fan <strong>Jordi Ambl\u00e0s<\/strong>, director de Atenci\u00f3n Integrada del Departamento de Salud, y co-coordinador de la Agencia Integrada Social y Sanitaria \u201cnos da la oportunidad de modelar el futuro de la atenci\u00f3n a las personas, y aunque pueda parecer contradictorio, de personalizar y humanizar este cuidado desde una perspectiva m\u00e1s integral e integrada\u201d. Y con esa mirada desgrana los cuatro retos donde poner el foco: 1) la telemedicina, la salud digital y la internet de las cosas; 2) la interoperabilidad y los est\u00e1ndares de datos; 3) la ciberseguridad y la privacidad de los datos; y 4) el an\u00e1lisis predictivo y la atenci\u00f3n personalizada de la mano de la inteligencia artificial y el Machine Learning.<\/p>\r\n","protected":false},"author":3,"featured_media":26905,"menu_order":0,"template":"","meta":{"_acf_changed":false,"inline_featured_image":false},"etiqueta":[],"tipus":[],"topic":[],"class_list":["post-26910","noticia","type-noticia","status-publish","has-post-thumbnail","hentry"],"acf":{"autor":"","imatge":26902,"textos_destacats":[{"texte":"El debate de las XIII Jornadas RDI TIC Salud Social ha girado en torno a la idea de construir una mayor inclusi\u00f3n con la inteligencia artificial en los servicios sociales."}],"documents":false,"finalitzat":false,"tipus_plantilla":"objectius","template_objectius":{"cont_principal":"","imatge":false,"cont_seguent":{"titol":"","contingut":""},"seccio_llistat":{"titol":"","llistat":false},"objectius":{"titol":"","objectius":false},"documents":false}},"yoast_head":"<!-- This site is optimized with the Yoast SEO plugin v27.1.1 - https:\/\/yoast.com\/product\/yoast-seo-wordpress\/ -->\n<title>Las XIII Jornadas RDI TIC Salut Social concluyen con \u00e9xito de participaci\u00f3n en Vic - Fundaci\u00f3 TIC Salut i Social<\/title>\n<meta name=\"description\" content=\"El passat 25 d\u2019abril a Vic, les XIII Jornades RDI TIC Salut Social van reunir un total de 466 assistents.\" \/>\n<meta name=\"robots\" content=\"index, follow, max-snippet:-1, max-image-preview:large, max-video-preview:-1\" \/>\n<link rel=\"canonical\" href=\"https:\/\/ticsalutsocial.atoom.space\/es\/noticia\/las-xiii-jornadas-rdi-tic-salut-social-concluyen-con-exito-de-participacion\/\" \/>\n<meta property=\"og:locale\" content=\"es_ES\" \/>\n<meta property=\"og:type\" content=\"article\" \/>\n<meta property=\"og:title\" content=\"Las XIII Jornadas RDI TIC Salut Social concluyen con \u00e9xito de participaci\u00f3n en Vic - Fundaci\u00f3 TIC Salut i Social\" \/>\n<meta property=\"og:description\" content=\"El passat 25 d\u2019abril a Vic, les XIII Jornades RDI TIC Salut Social van reunir un total de 466 assistents.\" \/>\n<meta property=\"og:url\" content=\"https:\/\/ticsalutsocial.atoom.space\/es\/noticia\/las-xiii-jornadas-rdi-tic-salut-social-concluyen-con-exito-de-participacion\/\" \/>\n<meta property=\"og:site_name\" content=\"Fundaci\u00f3 TIC Salut i Social\" \/>\n<meta property=\"article:modified_time\" content=\"2024-04-30T07:33:36+00:00\" \/>\n<meta property=\"og:image\" content=\"https:\/\/ticsalutsocial.atoom.space\/wp-content\/uploads\/2024\/04\/vic.png\" \/>\n\t<meta property=\"og:image:width\" content=\"1280\" \/>\n\t<meta property=\"og:image:height\" content=\"960\" \/>\n\t<meta property=\"og:image:type\" content=\"image\/png\" \/>\n<meta name=\"twitter:card\" content=\"summary_large_image\" \/>\n<meta name=\"twitter:label1\" content=\"Tiempo de lectura\" \/>\n\t<meta name=\"twitter:data1\" content=\"4 minutos\" \/>\n<script type=\"application\/ld+json\" class=\"yoast-schema-graph\">{\"@context\":\"https:\/\/schema.org\",\"@graph\":[{\"@type\":\"WebPage\",\"@id\":\"https:\/\/ticsalutsocial.atoom.space\/es\/noticia\/las-xiii-jornadas-rdi-tic-salut-social-concluyen-con-exito-de-participacion\/\",\"url\":\"https:\/\/ticsalutsocial.atoom.space\/es\/noticia\/las-xiii-jornadas-rdi-tic-salut-social-concluyen-con-exito-de-participacion\/\",\"name\":\"Las XIII Jornadas RDI TIC Salut Social concluyen con \u00e9xito de participaci\u00f3n en Vic - Fundaci\u00f3 TIC Salut i Social\",\"isPartOf\":{\"@id\":\"https:\/\/ticsalutsocial.atoom.space\/es\/#website\"},\"primaryImageOfPage\":{\"@id\":\"https:\/\/ticsalutsocial.atoom.space\/es\/noticia\/las-xiii-jornadas-rdi-tic-salut-social-concluyen-con-exito-de-participacion\/#primaryimage\"},\"image\":{\"@id\":\"https:\/\/ticsalutsocial.atoom.space\/es\/noticia\/las-xiii-jornadas-rdi-tic-salut-social-concluyen-con-exito-de-participacion\/#primaryimage\"},\"thumbnailUrl\":\"https:\/\/ticsalutsocial.atoom.space\/wp-content\/uploads\/2024\/04\/vic.png\",\"datePublished\":\"2024-04-29T11:25:35+00:00\",\"dateModified\":\"2024-04-30T07:33:36+00:00\",\"description\":\"El passat 25 d\u2019abril a Vic, les XIII Jornades RDI TIC Salut Social van reunir un total de 466 assistents.\",\"breadcrumb\":{\"@id\":\"https:\/\/ticsalutsocial.atoom.space\/es\/noticia\/las-xiii-jornadas-rdi-tic-salut-social-concluyen-con-exito-de-participacion\/#breadcrumb\"},\"inLanguage\":\"es\",\"potentialAction\":[{\"@type\":\"ReadAction\",\"target\":[\"https:\/\/ticsalutsocial.atoom.space\/es\/noticia\/las-xiii-jornadas-rdi-tic-salut-social-concluyen-con-exito-de-participacion\/\"]}]},{\"@type\":\"ImageObject\",\"inLanguage\":\"es\",\"@id\":\"https:\/\/ticsalutsocial.atoom.space\/es\/noticia\/las-xiii-jornadas-rdi-tic-salut-social-concluyen-con-exito-de-participacion\/#primaryimage\",\"url\":\"https:\/\/ticsalutsocial.atoom.space\/wp-content\/uploads\/2024\/04\/vic.png\",\"contentUrl\":\"https:\/\/ticsalutsocial.atoom.space\/wp-content\/uploads\/2024\/04\/vic.png\",\"width\":1280,\"height\":960,\"caption\":\"Marta Segura, acom\u00e0n\u00f1ada de jordi Ambl\u00e0s, Albert Castells y Joan Guanyabens durante la inauguraci\u00f3n de la jornada.\"},{\"@type\":\"BreadcrumbList\",\"@id\":\"https:\/\/ticsalutsocial.atoom.space\/es\/noticia\/las-xiii-jornadas-rdi-tic-salut-social-concluyen-con-exito-de-participacion\/#breadcrumb\",\"itemListElement\":[{\"@type\":\"ListItem\",\"position\":1,\"name\":\"Inici\",\"item\":\"https:\/\/ticsalutsocial.atoom.space\/es\/\"},{\"@type\":\"ListItem\",\"position\":2,\"name\":\"Las XIII Jornadas RDI TIC Salut Social concluyen con \u00e9xito de participaci\u00f3n en Vic\"}]},{\"@type\":\"WebSite\",\"@id\":\"https:\/\/ticsalutsocial.atoom.space\/es\/#website\",\"url\":\"https:\/\/ticsalutsocial.atoom.space\/es\/\",\"name\":\"Fundaci\u00f3 TIC Salut i Social\",\"description\":\"\",\"potentialAction\":[{\"@type\":\"SearchAction\",\"target\":{\"@type\":\"EntryPoint\",\"urlTemplate\":\"https:\/\/ticsalutsocial.atoom.space\/es\/?s={search_term_string}\"},\"query-input\":{\"@type\":\"PropertyValueSpecification\",\"valueRequired\":true,\"valueName\":\"search_term_string\"}}],\"inLanguage\":\"es\"}]}<\/script>\n<!-- \/ Yoast SEO plugin. -->","yoast_head_json":{"title":"Las XIII Jornadas RDI TIC Salut Social concluyen con \u00e9xito de participaci\u00f3n en Vic - Fundaci\u00f3 TIC Salut i Social","description":"El passat 25 d\u2019abril a Vic, les XIII Jornades RDI TIC Salut Social van reunir un total de 466 assistents.","robots":{"index":"index","follow":"follow","max-snippet":"max-snippet:-1","max-image-preview":"max-image-preview:large","max-video-preview":"max-video-preview:-1"},"canonical":"https:\/\/ticsalutsocial.atoom.space\/es\/noticia\/las-xiii-jornadas-rdi-tic-salut-social-concluyen-con-exito-de-participacion\/","og_locale":"es_ES","og_type":"article","og_title":"Las XIII Jornadas RDI TIC Salut Social concluyen con \u00e9xito de participaci\u00f3n en Vic - Fundaci\u00f3 TIC Salut i Social","og_description":"El passat 25 d\u2019abril a Vic, les XIII Jornades RDI TIC Salut Social van reunir un total de 466 assistents.","og_url":"https:\/\/ticsalutsocial.atoom.space\/es\/noticia\/las-xiii-jornadas-rdi-tic-salut-social-concluyen-con-exito-de-participacion\/","og_site_name":"Fundaci\u00f3 TIC Salut i Social","article_modified_time":"2024-04-30T07:33:36+00:00","og_image":[{"width":1280,"height":960,"url":"https:\/\/ticsalutsocial.atoom.space\/wp-content\/uploads\/2024\/04\/vic.png","type":"image\/png"}],"twitter_card":"summary_large_image","twitter_misc":{"Tiempo de lectura":"4 minutos"},"schema":{"@context":"https:\/\/schema.org","@graph":[{"@type":"WebPage","@id":"https:\/\/ticsalutsocial.atoom.space\/es\/noticia\/las-xiii-jornadas-rdi-tic-salut-social-concluyen-con-exito-de-participacion\/","url":"https:\/\/ticsalutsocial.atoom.space\/es\/noticia\/las-xiii-jornadas-rdi-tic-salut-social-concluyen-con-exito-de-participacion\/","name":"Las XIII Jornadas RDI TIC Salut Social concluyen con \u00e9xito de participaci\u00f3n en Vic - Fundaci\u00f3 TIC Salut i Social","isPartOf":{"@id":"https:\/\/ticsalutsocial.atoom.space\/es\/#website"},"primaryImageOfPage":{"@id":"https:\/\/ticsalutsocial.atoom.space\/es\/noticia\/las-xiii-jornadas-rdi-tic-salut-social-concluyen-con-exito-de-participacion\/#primaryimage"},"image":{"@id":"https:\/\/ticsalutsocial.atoom.space\/es\/noticia\/las-xiii-jornadas-rdi-tic-salut-social-concluyen-con-exito-de-participacion\/#primaryimage"},"thumbnailUrl":"https:\/\/ticsalutsocial.atoom.space\/wp-content\/uploads\/2024\/04\/vic.png","datePublished":"2024-04-29T11:25:35+00:00","dateModified":"2024-04-30T07:33:36+00:00","description":"El passat 25 d\u2019abril a Vic, les XIII Jornades RDI TIC Salut Social van reunir un total de 466 assistents.","breadcrumb":{"@id":"https:\/\/ticsalutsocial.atoom.space\/es\/noticia\/las-xiii-jornadas-rdi-tic-salut-social-concluyen-con-exito-de-participacion\/#breadcrumb"},"inLanguage":"es","potentialAction":[{"@type":"ReadAction","target":["https:\/\/ticsalutsocial.atoom.space\/es\/noticia\/las-xiii-jornadas-rdi-tic-salut-social-concluyen-con-exito-de-participacion\/"]}]},{"@type":"ImageObject","inLanguage":"es","@id":"https:\/\/ticsalutsocial.atoom.space\/es\/noticia\/las-xiii-jornadas-rdi-tic-salut-social-concluyen-con-exito-de-participacion\/#primaryimage","url":"https:\/\/ticsalutsocial.atoom.space\/wp-content\/uploads\/2024\/04\/vic.png","contentUrl":"https:\/\/ticsalutsocial.atoom.space\/wp-content\/uploads\/2024\/04\/vic.png","width":1280,"height":960,"caption":"Marta Segura, acom\u00e0n\u00f1ada de jordi Ambl\u00e0s, Albert Castells y Joan Guanyabens durante la inauguraci\u00f3n de la jornada."},{"@type":"BreadcrumbList","@id":"https:\/\/ticsalutsocial.atoom.space\/es\/noticia\/las-xiii-jornadas-rdi-tic-salut-social-concluyen-con-exito-de-participacion\/#breadcrumb","itemListElement":[{"@type":"ListItem","position":1,"name":"Inici","item":"https:\/\/ticsalutsocial.atoom.space\/es\/"},{"@type":"ListItem","position":2,"name":"Las XIII Jornadas RDI TIC Salut Social concluyen con \u00e9xito de participaci\u00f3n en Vic"}]},{"@type":"WebSite","@id":"https:\/\/ticsalutsocial.atoom.space\/es\/#website","url":"https:\/\/ticsalutsocial.atoom.space\/es\/","name":"Fundaci\u00f3 TIC Salut i Social","description":"","potentialAction":[{"@type":"SearchAction","target":{"@type":"EntryPoint","urlTemplate":"https:\/\/ticsalutsocial.atoom.space\/es\/?s={search_term_string}"},"query-input":{"@type":"PropertyValueSpecification","valueRequired":true,"valueName":"search_term_string"}}],"inLanguage":"es"}]}},"_links":{"self":[{"href":"https:\/\/ticsalutsocial.atoom.space\/es\/wp-json\/wp\/v2\/noticia\/26910","targetHints":{"allow":["GET"]}}],"collection":[{"href":"https:\/\/ticsalutsocial.atoom.space\/es\/wp-json\/wp\/v2\/noticia"}],"about":[{"href":"https:\/\/ticsalutsocial.atoom.space\/es\/wp-json\/wp\/v2\/types\/noticia"}],"author":[{"embeddable":true,"href":"https:\/\/ticsalutsocial.atoom.space\/es\/wp-json\/wp\/v2\/users\/3"}],"wp:featuredmedia":[{"embeddable":true,"href":"https:\/\/ticsalutsocial.atoom.space\/es\/wp-json\/wp\/v2\/media\/26905"}],"wp:attachment":[{"href":"https:\/\/ticsalutsocial.atoom.space\/es\/wp-json\/wp\/v2\/media?parent=26910"}],"wp:term":[{"taxonomy":"etiqueta","embeddable":true,"href":"https:\/\/ticsalutsocial.atoom.space\/es\/wp-json\/wp\/v2\/etiqueta?post=26910"},{"taxonomy":"tipus","embeddable":true,"href":"https:\/\/ticsalutsocial.atoom.space\/es\/wp-json\/wp\/v2\/tipus?post=26910"},{"taxonomy":"topic","embeddable":true,"href":"https:\/\/ticsalutsocial.atoom.space\/es\/wp-json\/wp\/v2\/topic?post=26910"}],"curies":[{"name":"wp","href":"https:\/\/api.w.org\/{rel}","templated":true}]}}