
{"id":26960,"date":"2024-05-06T12:14:16","date_gmt":"2024-05-06T10:14:16","guid":{"rendered":"https:\/\/ticsalutsocial.atoom.space\/noticia\/el-xpatient-bcn-congress-obre-convocatoria-per-presentar-porjectes-a-ledicio-2024\/"},"modified":"2024-05-08T14:03:17","modified_gmt":"2024-05-08T12:03:17","slug":"el-xpatient-bcn-congress-obre-convocatoria-per-presentar-porjectes-a-ledicio-2024","status":"publish","type":"noticia","link":"https:\/\/ticsalutsocial.atoom.space\/es\/noticia\/el-xpatient-bcn-congress-obre-convocatoria-per-presentar-porjectes-a-ledicio-2024\/","title":{"rendered":"XPatient BCN Congress abre convocatoria para presentar proyectos en la edici\u00f3n 2024"},"content":{"rendered":"<p>El congreso anual sobre experiencia de paciente, <strong>XPatient Barcelona Congress<\/strong>, abre convocatoria para presentar proyectos a su edici\u00f3n de 2024. Este a\u00f1o llega a su novena convocatoria bajo el lema <em><strong>Evaluaci\u00f3n del futuro<\/strong><\/em>. El evento se llevar\u00e1 a cabo el pr\u00f3ximo <strong>mi\u00e9rcoles 18 de septiembre en el paraninfo de la Facultad de Medicina de la Universidad de Barcelona<\/strong>. Tambi\u00e9n contar\u00e1 con sesiones sat\u00e9lite el d\u00eda 17 de septiembre y una formaci\u00f3n de 8 horas el d\u00eda 19 de septiembre, impulsada por la Fundaci\u00f3n TIC Salut Social, Hospital Cl\u00ednic de Barcelona, AQuAS y Eurecat.<\/p>\n<p>Despu\u00e9s de ocho ediciones, este congreso se ha consolidado como referencia en torno a la innovaci\u00f3n en salud para mejorar la experiencia del paciente. La edici\u00f3n de este a\u00f1o plantea la reflexi\u00f3n sobre c\u00f3mo la experiencia del paciente est\u00e1 convirti\u00e9ndose en un elemento clave en la evaluaci\u00f3n sanitaria y c\u00f3mo la tecnolog\u00eda facilita y potencia este proceso.<\/p>\n<p>Este evento, que re\u00fane a profesionales de la salud, empresas tecnol\u00f3gicas, emprendedores, pacientes, cuidadores y otros actores del sector de la salud, ofrece una oportunidad para debatir e intercambiar ideas con la mirada puesta en el paciente.<\/p>\n<h3>Plazos de presentaci\u00f3n para propuestas<\/h3>\n<p>Si tienes una propuesta innovadora relacionada con la experiencia del paciente, puedes presentarla en esta convocatoria hasta el 8 de julio de 2024. Los proyectos seleccionados se pueden presentar dentro de las categor\u00edas de <strong><em>Proyectos de Referencia<\/em><\/strong> o <strong><em>Proyectos Destacados<\/em><\/strong> durante el transcurso del congreso.<\/p>\n<p>Para acceder al formulario de solicitud haz clic en este <a href=\"https:\/\/forms.office.com\/e\/1EcSAtWuAv\" target=\"_blank\" rel=\"noopener\">enlace.<\/a><\/p>\n<p>Para otras consultas dir\u00edgete al correo electr\u00f3nico: <a href=\"mailto:eie@clinic.cat\" target=\"_blank\" rel=\"noopener noreferrer\">eie@clinic.cat<\/a><\/p>\n<p>&nbsp;<\/p>\n","protected":false},"author":3,"featured_media":26954,"menu_order":0,"template":"","meta":{"_acf_changed":false,"inline_featured_image":false},"etiqueta":[],"tipus":[],"topic":[],"class_list":["post-26960","noticia","type-noticia","status-publish","has-post-thumbnail","hentry"],"acf":{"finalitzat":false,"tipus_plantilla":"objectius","template_objectius":{"cont_principal":"","imatge":false,"cont_seguent":{"titol":"","contingut":""},"seccio_llistat":{"titol":"","llistat":false},"objectius":{"titol":"","objectius":false},"documents":false},"autor":"","imatge":false,"textos_destacats":[{"texte":"El plazo para presentar proyectos finaliza el 8 de julio"}],"documents":false},"yoast_head":"<!-- This site is optimized with the Yoast SEO plugin v27.1.1 - https:\/\/yoast.com\/product\/yoast-seo-wordpress\/ -->\n<title>XPatient BCN Congress abre convocatoria para presentar proyectos en la edici\u00f3n 2024 - Fundaci\u00f3 TIC Salut i Social<\/title>\n<meta name=\"robots\" content=\"index, follow, max-snippet:-1, max-image-preview:large, max-video-preview:-1\" \/>\n<link rel=\"canonical\" href=\"https:\/\/ticsalutsocial.atoom.space\/es\/noticia\/el-xpatient-bcn-congress-obre-convocatoria-per-presentar-porjectes-a-ledicio-2024\/\" \/>\n<meta property=\"og:locale\" content=\"es_ES\" \/>\n<meta property=\"og:type\" content=\"article\" \/>\n<meta property=\"og:title\" content=\"XPatient BCN Congress abre convocatoria para presentar proyectos en la edici\u00f3n 2024 - Fundaci\u00f3 TIC Salut i Social\" \/>\n<meta property=\"og:description\" content=\"El congreso anual sobre experiencia de paciente, XPatient Barcelona Congress, abre convocatoria para presentar proyectos a su edici\u00f3n de 2024. Este a\u00f1o llega a su novena convocatoria bajo el lema Evaluaci\u00f3n del futuro. El evento se llevar\u00e1 a cabo el pr\u00f3ximo mi\u00e9rcoles 18 de septiembre en el paraninfo de la Facultad de Medicina de la [&hellip;]\" \/>\n<meta property=\"og:url\" content=\"https:\/\/ticsalutsocial.atoom.space\/es\/noticia\/el-xpatient-bcn-congress-obre-convocatoria-per-presentar-porjectes-a-ledicio-2024\/\" \/>\n<meta property=\"og:site_name\" content=\"Fundaci\u00f3 TIC Salut i Social\" \/>\n<meta property=\"article:modified_time\" content=\"2024-05-08T12:03:17+00:00\" \/>\n<meta property=\"og:image\" content=\"https:\/\/ticsalutsocial.atoom.space\/wp-content\/uploads\/2024\/05\/iStock-1152517697-1024x683.jpg\" \/>\n\t<meta property=\"og:image:width\" content=\"1024\" \/>\n\t<meta property=\"og:image:height\" content=\"683\" \/>\n\t<meta property=\"og:image:type\" content=\"image\/jpeg\" \/>\n<meta name=\"twitter:card\" content=\"summary_large_image\" \/>\n<meta name=\"twitter:label1\" content=\"Tiempo de lectura\" \/>\n\t<meta name=\"twitter:data1\" content=\"2 minutos\" \/>\n<script type=\"application\/ld+json\" class=\"yoast-schema-graph\">{\"@context\":\"https:\/\/schema.org\",\"@graph\":[{\"@type\":\"WebPage\",\"@id\":\"https:\/\/ticsalutsocial.atoom.space\/es\/noticia\/el-xpatient-bcn-congress-obre-convocatoria-per-presentar-porjectes-a-ledicio-2024\/\",\"url\":\"https:\/\/ticsalutsocial.atoom.space\/es\/noticia\/el-xpatient-bcn-congress-obre-convocatoria-per-presentar-porjectes-a-ledicio-2024\/\",\"name\":\"XPatient BCN Congress abre convocatoria para presentar proyectos en la edici\u00f3n 2024 - Fundaci\u00f3 TIC Salut i Social\",\"isPartOf\":{\"@id\":\"https:\/\/ticsalutsocial.atoom.space\/es\/#website\"},\"primaryImageOfPage\":{\"@id\":\"https:\/\/ticsalutsocial.atoom.space\/es\/noticia\/el-xpatient-bcn-congress-obre-convocatoria-per-presentar-porjectes-a-ledicio-2024\/#primaryimage\"},\"image\":{\"@id\":\"https:\/\/ticsalutsocial.atoom.space\/es\/noticia\/el-xpatient-bcn-congress-obre-convocatoria-per-presentar-porjectes-a-ledicio-2024\/#primaryimage\"},\"thumbnailUrl\":\"https:\/\/ticsalutsocial.atoom.space\/wp-content\/uploads\/2024\/05\/iStock-1152517697.jpg\",\"datePublished\":\"2024-05-06T10:14:16+00:00\",\"dateModified\":\"2024-05-08T12:03:17+00:00\",\"breadcrumb\":{\"@id\":\"https:\/\/ticsalutsocial.atoom.space\/es\/noticia\/el-xpatient-bcn-congress-obre-convocatoria-per-presentar-porjectes-a-ledicio-2024\/#breadcrumb\"},\"inLanguage\":\"es\",\"potentialAction\":[{\"@type\":\"ReadAction\",\"target\":[\"https:\/\/ticsalutsocial.atoom.space\/es\/noticia\/el-xpatient-bcn-congress-obre-convocatoria-per-presentar-porjectes-a-ledicio-2024\/\"]}]},{\"@type\":\"ImageObject\",\"inLanguage\":\"es\",\"@id\":\"https:\/\/ticsalutsocial.atoom.space\/es\/noticia\/el-xpatient-bcn-congress-obre-convocatoria-per-presentar-porjectes-a-ledicio-2024\/#primaryimage\",\"url\":\"https:\/\/ticsalutsocial.atoom.space\/wp-content\/uploads\/2024\/05\/iStock-1152517697.jpg\",\"contentUrl\":\"https:\/\/ticsalutsocial.atoom.space\/wp-content\/uploads\/2024\/05\/iStock-1152517697.jpg\",\"width\":8048,\"height\":5365,\"caption\":\"An elderly doctor of African descent talks to her young patient. She is experiencing depression and anxiety and would like help to overcome her issues. The patient is explaining her problems as the doctor listens intently.\"},{\"@type\":\"BreadcrumbList\",\"@id\":\"https:\/\/ticsalutsocial.atoom.space\/es\/noticia\/el-xpatient-bcn-congress-obre-convocatoria-per-presentar-porjectes-a-ledicio-2024\/#breadcrumb\",\"itemListElement\":[{\"@type\":\"ListItem\",\"position\":1,\"name\":\"Inici\",\"item\":\"https:\/\/ticsalutsocial.atoom.space\/es\/\"},{\"@type\":\"ListItem\",\"position\":2,\"name\":\"XPatient BCN Congress abre convocatoria para presentar proyectos en la edici\u00f3n 2024\"}]},{\"@type\":\"WebSite\",\"@id\":\"https:\/\/ticsalutsocial.atoom.space\/es\/#website\",\"url\":\"https:\/\/ticsalutsocial.atoom.space\/es\/\",\"name\":\"Fundaci\u00f3 TIC Salut i Social\",\"description\":\"\",\"potentialAction\":[{\"@type\":\"SearchAction\",\"target\":{\"@type\":\"EntryPoint\",\"urlTemplate\":\"https:\/\/ticsalutsocial.atoom.space\/es\/?s={search_term_string}\"},\"query-input\":{\"@type\":\"PropertyValueSpecification\",\"valueRequired\":true,\"valueName\":\"search_term_string\"}}],\"inLanguage\":\"es\"}]}<\/script>\n<!-- \/ Yoast SEO plugin. -->","yoast_head_json":{"title":"XPatient BCN Congress abre convocatoria para presentar proyectos en la edici\u00f3n 2024 - Fundaci\u00f3 TIC Salut i Social","robots":{"index":"index","follow":"follow","max-snippet":"max-snippet:-1","max-image-preview":"max-image-preview:large","max-video-preview":"max-video-preview:-1"},"canonical":"https:\/\/ticsalutsocial.atoom.space\/es\/noticia\/el-xpatient-bcn-congress-obre-convocatoria-per-presentar-porjectes-a-ledicio-2024\/","og_locale":"es_ES","og_type":"article","og_title":"XPatient BCN Congress abre convocatoria para presentar proyectos en la edici\u00f3n 2024 - Fundaci\u00f3 TIC Salut i Social","og_description":"El congreso anual sobre experiencia de paciente, XPatient Barcelona Congress, abre convocatoria para presentar proyectos a su edici\u00f3n de 2024. Este a\u00f1o llega a su novena convocatoria bajo el lema Evaluaci\u00f3n del futuro. El evento se llevar\u00e1 a cabo el pr\u00f3ximo mi\u00e9rcoles 18 de septiembre en el paraninfo de la Facultad de Medicina de la [&hellip;]","og_url":"https:\/\/ticsalutsocial.atoom.space\/es\/noticia\/el-xpatient-bcn-congress-obre-convocatoria-per-presentar-porjectes-a-ledicio-2024\/","og_site_name":"Fundaci\u00f3 TIC Salut i Social","article_modified_time":"2024-05-08T12:03:17+00:00","og_image":[{"width":1024,"height":683,"url":"https:\/\/ticsalutsocial.atoom.space\/wp-content\/uploads\/2024\/05\/iStock-1152517697-1024x683.jpg","type":"image\/jpeg"}],"twitter_card":"summary_large_image","twitter_misc":{"Tiempo de lectura":"2 minutos"},"schema":{"@context":"https:\/\/schema.org","@graph":[{"@type":"WebPage","@id":"https:\/\/ticsalutsocial.atoom.space\/es\/noticia\/el-xpatient-bcn-congress-obre-convocatoria-per-presentar-porjectes-a-ledicio-2024\/","url":"https:\/\/ticsalutsocial.atoom.space\/es\/noticia\/el-xpatient-bcn-congress-obre-convocatoria-per-presentar-porjectes-a-ledicio-2024\/","name":"XPatient BCN Congress abre convocatoria para presentar proyectos en la edici\u00f3n 2024 - Fundaci\u00f3 TIC Salut i Social","isPartOf":{"@id":"https:\/\/ticsalutsocial.atoom.space\/es\/#website"},"primaryImageOfPage":{"@id":"https:\/\/ticsalutsocial.atoom.space\/es\/noticia\/el-xpatient-bcn-congress-obre-convocatoria-per-presentar-porjectes-a-ledicio-2024\/#primaryimage"},"image":{"@id":"https:\/\/ticsalutsocial.atoom.space\/es\/noticia\/el-xpatient-bcn-congress-obre-convocatoria-per-presentar-porjectes-a-ledicio-2024\/#primaryimage"},"thumbnailUrl":"https:\/\/ticsalutsocial.atoom.space\/wp-content\/uploads\/2024\/05\/iStock-1152517697.jpg","datePublished":"2024-05-06T10:14:16+00:00","dateModified":"2024-05-08T12:03:17+00:00","breadcrumb":{"@id":"https:\/\/ticsalutsocial.atoom.space\/es\/noticia\/el-xpatient-bcn-congress-obre-convocatoria-per-presentar-porjectes-a-ledicio-2024\/#breadcrumb"},"inLanguage":"es","potentialAction":[{"@type":"ReadAction","target":["https:\/\/ticsalutsocial.atoom.space\/es\/noticia\/el-xpatient-bcn-congress-obre-convocatoria-per-presentar-porjectes-a-ledicio-2024\/"]}]},{"@type":"ImageObject","inLanguage":"es","@id":"https:\/\/ticsalutsocial.atoom.space\/es\/noticia\/el-xpatient-bcn-congress-obre-convocatoria-per-presentar-porjectes-a-ledicio-2024\/#primaryimage","url":"https:\/\/ticsalutsocial.atoom.space\/wp-content\/uploads\/2024\/05\/iStock-1152517697.jpg","contentUrl":"https:\/\/ticsalutsocial.atoom.space\/wp-content\/uploads\/2024\/05\/iStock-1152517697.jpg","width":8048,"height":5365,"caption":"An elderly doctor of African descent talks to her young patient. She is experiencing depression and anxiety and would like help to overcome her issues. The patient is explaining her problems as the doctor listens intently."},{"@type":"BreadcrumbList","@id":"https:\/\/ticsalutsocial.atoom.space\/es\/noticia\/el-xpatient-bcn-congress-obre-convocatoria-per-presentar-porjectes-a-ledicio-2024\/#breadcrumb","itemListElement":[{"@type":"ListItem","position":1,"name":"Inici","item":"https:\/\/ticsalutsocial.atoom.space\/es\/"},{"@type":"ListItem","position":2,"name":"XPatient BCN Congress abre convocatoria para presentar proyectos en la edici\u00f3n 2024"}]},{"@type":"WebSite","@id":"https:\/\/ticsalutsocial.atoom.space\/es\/#website","url":"https:\/\/ticsalutsocial.atoom.space\/es\/","name":"Fundaci\u00f3 TIC Salut i Social","description":"","potentialAction":[{"@type":"SearchAction","target":{"@type":"EntryPoint","urlTemplate":"https:\/\/ticsalutsocial.atoom.space\/es\/?s={search_term_string}"},"query-input":{"@type":"PropertyValueSpecification","valueRequired":true,"valueName":"search_term_string"}}],"inLanguage":"es"}]}},"_links":{"self":[{"href":"https:\/\/ticsalutsocial.atoom.space\/es\/wp-json\/wp\/v2\/noticia\/26960","targetHints":{"allow":["GET"]}}],"collection":[{"href":"https:\/\/ticsalutsocial.atoom.space\/es\/wp-json\/wp\/v2\/noticia"}],"about":[{"href":"https:\/\/ticsalutsocial.atoom.space\/es\/wp-json\/wp\/v2\/types\/noticia"}],"author":[{"embeddable":true,"href":"https:\/\/ticsalutsocial.atoom.space\/es\/wp-json\/wp\/v2\/users\/3"}],"wp:featuredmedia":[{"embeddable":true,"href":"https:\/\/ticsalutsocial.atoom.space\/es\/wp-json\/wp\/v2\/media\/26954"}],"wp:attachment":[{"href":"https:\/\/ticsalutsocial.atoom.space\/es\/wp-json\/wp\/v2\/media?parent=26960"}],"wp:term":[{"taxonomy":"etiqueta","embeddable":true,"href":"https:\/\/ticsalutsocial.atoom.space\/es\/wp-json\/wp\/v2\/etiqueta?post=26960"},{"taxonomy":"tipus","embeddable":true,"href":"https:\/\/ticsalutsocial.atoom.space\/es\/wp-json\/wp\/v2\/tipus?post=26960"},{"taxonomy":"topic","embeddable":true,"href":"https:\/\/ticsalutsocial.atoom.space\/es\/wp-json\/wp\/v2\/topic?post=26960"}],"curies":[{"name":"wp","href":"https:\/\/api.w.org\/{rel}","templated":true}]}}