
{"id":27340,"date":"2024-05-22T09:40:34","date_gmt":"2024-05-22T07:40:34","guid":{"rendered":"https:\/\/ticsalutsocial.atoom.space\/noticia\/la-unio-europea-llanca-el-reglament-eidas-2-per-reforcar-la-identitat-digital-i-la-seguretat-electronica\/"},"modified":"2024-05-22T09:48:27","modified_gmt":"2024-05-22T07:48:27","slug":"la-unio-europea-lanza-el-reglamento-eidas-2-para-reforzarla-identidad-digital-y-la-seguridad-electronica","status":"publish","type":"noticia","link":"https:\/\/ticsalutsocial.atoom.space\/es\/noticia\/la-unio-europea-lanza-el-reglamento-eidas-2-para-reforzarla-identidad-digital-y-la-seguridad-electronica\/","title":{"rendered":"La Uni\u00f3n Europea lanza el Reglamento eIDAS 2 para reforzar la identidad digital y la seguridad electr\u00f3nica"},"content":{"rendered":"\n<p>Desde el 20 de mayo de 2024, ha entrado en vigor el nuevo <a href=\"https:\/\/www.boe.es\/doue\/2024\/1183\/L00001-00056.pdf\" target=\"_blank\" rel=\"noreferrer noopener\">Reglamento (UE) 2024\/1183<\/a>, conocido como eIDAS 2. Este reglamento supone avances importantes en la identificaci\u00f3n electr\u00f3nica y los servicios de confianza para transacciones electr\u00f3nicas en toda Europa. Este nuevo marco normativo representa un paso adelante en la construcci\u00f3n de un espacio digital m\u00e1s seguro y accesible para todos los ciudadanos de la UE.<\/p>\n\n\n\n<p>El Reglamento eIDAS 2 actualiza y reemplaza el anterior marco legal eIDAS, estableciendo un sistema unificado de identidad digital en la Uni\u00f3n Europea. Este cambio normativo pretende mejorar el acceso a servicios tanto p\u00fablicos como privados, incrementar la interoperabilidad y la adopci\u00f3n de soluciones digitales, y fortalecer la seguridad de las identidades digitales.<\/p>\n\n\n\n<p>Una de las innovaciones m\u00e1s destacadas es la introducci\u00f3n de la Cartera de Identidad Digital Europea (e-ID Wallet), una aplicaci\u00f3n m\u00f3vil que permitir\u00e1 a ciudadanos y residentes de la UE gestionar sus identidades digitales de manera segura. Esta cartera facilitar\u00e1 el acceso a una variedad de servicios en cualquier estado miembro, incluyendo la apertura de cuentas bancarias y el acceso a informaci\u00f3n de salud durante viajes o estancias en otros pa\u00edses de la UE.<\/p>\n\n\n\n<p>Adem\u00e1s, el reglamento busca mejorar la interoperabilidad entre los estados miembros, garantizando que las identidades digitales y las firmas electr\u00f3nicas sean reconocidas de manera transfronteriza. Tambi\u00e9n se han incrementado las medidas de protecci\u00f3n de datos y seguridad de la informaci\u00f3n, con requisitos m\u00e1s estrictos para los proveedores de servicios y la incorporaci\u00f3n de tecnolog\u00edas avanzadas como la criptograf\u00eda y la autenticaci\u00f3n multifactor.<\/p>\n\n\n\n<p>Otro aspecto clave del eIDAS 2 es la ampliaci\u00f3n de los servicios de confianza, que ahora incluyen autenticaci\u00f3n de sitios web y servicios relacionados con la preservaci\u00f3n de la informaci\u00f3n electr\u00f3nica, entre otros. Esto representa un apoyo significativo para la econom\u00eda digital, al simplificar regulaciones y aumentar la confianza en las transacciones electr\u00f3nicas.<\/p>\n\n\n\n<p>El reglamento tambi\u00e9n establece disposiciones transitorias hasta 2027, permitiendo que ciertos dispositivos y certificados contin\u00faen siendo considerados cualificados mientras se completa la transici\u00f3n al nuevo sistema.<\/p>\n\n\n\n<p>Para m\u00e1s detalles sobre el Reglamento (UE) 2024\/1183 contacte con la Oficina del Delegado de Protecci\u00f3n de Datos de la Fundaci\u00f3n TIC Salut Social en <a href=\"mailto:dpd@ticsalutsocial.cat\">dpd@ticsalutsocial.cat<\/a><\/p>\n","protected":false},"author":3,"featured_media":27338,"menu_order":0,"template":"","meta":{"_acf_changed":true,"inline_featured_image":false},"etiqueta":[],"tipus":[106],"topic":[],"class_list":["post-27340","noticia","type-noticia","status-publish","has-post-thumbnail","hentry","tipus-dpd-salud"],"acf":{"autor":"","imatge":27338,"textos_destacats":[{"texte":"Este reglamento supone unos avances en la identificaci\u00f3n electr\u00f3nica y en los servicios de confianza para transacciones electr\u00f3nicas."}],"documents":false,"finalitzat":false,"tipus_plantilla":"objectius","template_objectius":{"cont_principal":"","imatge":false,"cont_seguent":{"titol":"","contingut":""},"seccio_llistat":{"titol":"","llistat":false},"objectius":{"titol":"","objectius":false},"documents":false}},"yoast_head":"<!-- This site is optimized with the Yoast SEO plugin v27.1.1 - https:\/\/yoast.com\/product\/yoast-seo-wordpress\/ -->\n<title>La Uni\u00f3n Europea lanza el Reglamento eIDAS 2 para reforzar la identidad digital y la seguridad electr\u00f3nica - Fundaci\u00f3 TIC Salut i Social<\/title>\n<meta name=\"description\" content=\"Este reglamento supone unos avances en la identificaci\u00f3n electr\u00f3nica y en los servicios de confianza para transacciones electr\u00f3nicas.\" \/>\n<meta name=\"robots\" content=\"index, follow, max-snippet:-1, max-image-preview:large, max-video-preview:-1\" \/>\n<link rel=\"canonical\" href=\"https:\/\/ticsalutsocial.atoom.space\/es\/noticia\/la-unio-europea-lanza-el-reglamento-eidas-2-para-reforzarla-identidad-digital-y-la-seguridad-electronica\/\" \/>\n<meta property=\"og:locale\" content=\"es_ES\" \/>\n<meta property=\"og:type\" content=\"article\" \/>\n<meta property=\"og:title\" content=\"La Uni\u00f3n Europea lanza el Reglamento eIDAS 2 para reforzar la identidad digital y la seguridad electr\u00f3nica - Fundaci\u00f3 TIC Salut i Social\" \/>\n<meta property=\"og:description\" content=\"Este reglamento supone unos avances en la identificaci\u00f3n electr\u00f3nica y en los servicios de confianza para transacciones electr\u00f3nicas.\" \/>\n<meta property=\"og:url\" content=\"https:\/\/ticsalutsocial.atoom.space\/es\/noticia\/la-unio-europea-lanza-el-reglamento-eidas-2-para-reforzarla-identidad-digital-y-la-seguridad-electronica\/\" \/>\n<meta property=\"og:site_name\" content=\"Fundaci\u00f3 TIC Salut i Social\" \/>\n<meta property=\"article:modified_time\" content=\"2024-05-22T07:48:27+00:00\" \/>\n<meta property=\"og:image\" content=\"https:\/\/ticsalutsocial.atoom.space\/wp-content\/uploads\/2024\/05\/ProteccioDades-2-scaled.jpg\" \/>\n\t<meta property=\"og:image:width\" content=\"2560\" \/>\n\t<meta property=\"og:image:height\" content=\"1706\" \/>\n\t<meta property=\"og:image:type\" content=\"image\/jpeg\" \/>\n<meta name=\"twitter:card\" content=\"summary_large_image\" \/>\n<meta name=\"twitter:label1\" content=\"Tiempo de lectura\" \/>\n\t<meta name=\"twitter:data1\" content=\"3 minutos\" \/>\n<script type=\"application\/ld+json\" class=\"yoast-schema-graph\">{\"@context\":\"https:\/\/schema.org\",\"@graph\":[{\"@type\":\"WebPage\",\"@id\":\"https:\/\/ticsalutsocial.atoom.space\/es\/noticia\/la-unio-europea-lanza-el-reglamento-eidas-2-para-reforzarla-identidad-digital-y-la-seguridad-electronica\/\",\"url\":\"https:\/\/ticsalutsocial.atoom.space\/es\/noticia\/la-unio-europea-lanza-el-reglamento-eidas-2-para-reforzarla-identidad-digital-y-la-seguridad-electronica\/\",\"name\":\"La Uni\u00f3n Europea lanza el Reglamento eIDAS 2 para reforzar la identidad digital y la seguridad electr\u00f3nica - Fundaci\u00f3 TIC Salut i Social\",\"isPartOf\":{\"@id\":\"https:\/\/ticsalutsocial.atoom.space\/es\/#website\"},\"primaryImageOfPage\":{\"@id\":\"https:\/\/ticsalutsocial.atoom.space\/es\/noticia\/la-unio-europea-lanza-el-reglamento-eidas-2-para-reforzarla-identidad-digital-y-la-seguridad-electronica\/#primaryimage\"},\"image\":{\"@id\":\"https:\/\/ticsalutsocial.atoom.space\/es\/noticia\/la-unio-europea-lanza-el-reglamento-eidas-2-para-reforzarla-identidad-digital-y-la-seguridad-electronica\/#primaryimage\"},\"thumbnailUrl\":\"https:\/\/ticsalutsocial.atoom.space\/wp-content\/uploads\/2024\/05\/ProteccioDades-2-scaled.jpg\",\"datePublished\":\"2024-05-22T07:40:34+00:00\",\"dateModified\":\"2024-05-22T07:48:27+00:00\",\"description\":\"Este reglamento supone unos avances en la identificaci\u00f3n electr\u00f3nica y en los servicios de confianza para transacciones electr\u00f3nicas.\",\"breadcrumb\":{\"@id\":\"https:\/\/ticsalutsocial.atoom.space\/es\/noticia\/la-unio-europea-lanza-el-reglamento-eidas-2-para-reforzarla-identidad-digital-y-la-seguridad-electronica\/#breadcrumb\"},\"inLanguage\":\"es\",\"potentialAction\":[{\"@type\":\"ReadAction\",\"target\":[\"https:\/\/ticsalutsocial.atoom.space\/es\/noticia\/la-unio-europea-lanza-el-reglamento-eidas-2-para-reforzarla-identidad-digital-y-la-seguridad-electronica\/\"]}]},{\"@type\":\"ImageObject\",\"inLanguage\":\"es\",\"@id\":\"https:\/\/ticsalutsocial.atoom.space\/es\/noticia\/la-unio-europea-lanza-el-reglamento-eidas-2-para-reforzarla-identidad-digital-y-la-seguridad-electronica\/#primaryimage\",\"url\":\"https:\/\/ticsalutsocial.atoom.space\/wp-content\/uploads\/2024\/05\/ProteccioDades-2-scaled.jpg\",\"contentUrl\":\"https:\/\/ticsalutsocial.atoom.space\/wp-content\/uploads\/2024\/05\/ProteccioDades-2-scaled.jpg\",\"width\":2560,\"height\":1706,\"caption\":\"Fingerprint scan for secure access to protected data network with biometrics. Person using finger print authentication technology on laptop computer to login on private system.\"},{\"@type\":\"BreadcrumbList\",\"@id\":\"https:\/\/ticsalutsocial.atoom.space\/es\/noticia\/la-unio-europea-lanza-el-reglamento-eidas-2-para-reforzarla-identidad-digital-y-la-seguridad-electronica\/#breadcrumb\",\"itemListElement\":[{\"@type\":\"ListItem\",\"position\":1,\"name\":\"Inici\",\"item\":\"https:\/\/ticsalutsocial.atoom.space\/es\/\"},{\"@type\":\"ListItem\",\"position\":2,\"name\":\"La Uni\u00f3n Europea lanza el Reglamento eIDAS 2 para reforzar la identidad digital y la seguridad electr\u00f3nica\"}]},{\"@type\":\"WebSite\",\"@id\":\"https:\/\/ticsalutsocial.atoom.space\/es\/#website\",\"url\":\"https:\/\/ticsalutsocial.atoom.space\/es\/\",\"name\":\"Fundaci\u00f3 TIC Salut i Social\",\"description\":\"\",\"potentialAction\":[{\"@type\":\"SearchAction\",\"target\":{\"@type\":\"EntryPoint\",\"urlTemplate\":\"https:\/\/ticsalutsocial.atoom.space\/es\/?s={search_term_string}\"},\"query-input\":{\"@type\":\"PropertyValueSpecification\",\"valueRequired\":true,\"valueName\":\"search_term_string\"}}],\"inLanguage\":\"es\"}]}<\/script>\n<!-- \/ Yoast SEO plugin. -->","yoast_head_json":{"title":"La Uni\u00f3n Europea lanza el Reglamento eIDAS 2 para reforzar la identidad digital y la seguridad electr\u00f3nica - Fundaci\u00f3 TIC Salut i Social","description":"Este reglamento supone unos avances en la identificaci\u00f3n electr\u00f3nica y en los servicios de confianza para transacciones electr\u00f3nicas.","robots":{"index":"index","follow":"follow","max-snippet":"max-snippet:-1","max-image-preview":"max-image-preview:large","max-video-preview":"max-video-preview:-1"},"canonical":"https:\/\/ticsalutsocial.atoom.space\/es\/noticia\/la-unio-europea-lanza-el-reglamento-eidas-2-para-reforzarla-identidad-digital-y-la-seguridad-electronica\/","og_locale":"es_ES","og_type":"article","og_title":"La Uni\u00f3n Europea lanza el Reglamento eIDAS 2 para reforzar la identidad digital y la seguridad electr\u00f3nica - Fundaci\u00f3 TIC Salut i Social","og_description":"Este reglamento supone unos avances en la identificaci\u00f3n electr\u00f3nica y en los servicios de confianza para transacciones electr\u00f3nicas.","og_url":"https:\/\/ticsalutsocial.atoom.space\/es\/noticia\/la-unio-europea-lanza-el-reglamento-eidas-2-para-reforzarla-identidad-digital-y-la-seguridad-electronica\/","og_site_name":"Fundaci\u00f3 TIC Salut i Social","article_modified_time":"2024-05-22T07:48:27+00:00","og_image":[{"width":2560,"height":1706,"url":"https:\/\/ticsalutsocial.atoom.space\/wp-content\/uploads\/2024\/05\/ProteccioDades-2-scaled.jpg","type":"image\/jpeg"}],"twitter_card":"summary_large_image","twitter_misc":{"Tiempo de lectura":"3 minutos"},"schema":{"@context":"https:\/\/schema.org","@graph":[{"@type":"WebPage","@id":"https:\/\/ticsalutsocial.atoom.space\/es\/noticia\/la-unio-europea-lanza-el-reglamento-eidas-2-para-reforzarla-identidad-digital-y-la-seguridad-electronica\/","url":"https:\/\/ticsalutsocial.atoom.space\/es\/noticia\/la-unio-europea-lanza-el-reglamento-eidas-2-para-reforzarla-identidad-digital-y-la-seguridad-electronica\/","name":"La Uni\u00f3n Europea lanza el Reglamento eIDAS 2 para reforzar la identidad digital y la seguridad electr\u00f3nica - Fundaci\u00f3 TIC Salut i Social","isPartOf":{"@id":"https:\/\/ticsalutsocial.atoom.space\/es\/#website"},"primaryImageOfPage":{"@id":"https:\/\/ticsalutsocial.atoom.space\/es\/noticia\/la-unio-europea-lanza-el-reglamento-eidas-2-para-reforzarla-identidad-digital-y-la-seguridad-electronica\/#primaryimage"},"image":{"@id":"https:\/\/ticsalutsocial.atoom.space\/es\/noticia\/la-unio-europea-lanza-el-reglamento-eidas-2-para-reforzarla-identidad-digital-y-la-seguridad-electronica\/#primaryimage"},"thumbnailUrl":"https:\/\/ticsalutsocial.atoom.space\/wp-content\/uploads\/2024\/05\/ProteccioDades-2-scaled.jpg","datePublished":"2024-05-22T07:40:34+00:00","dateModified":"2024-05-22T07:48:27+00:00","description":"Este reglamento supone unos avances en la identificaci\u00f3n electr\u00f3nica y en los servicios de confianza para transacciones electr\u00f3nicas.","breadcrumb":{"@id":"https:\/\/ticsalutsocial.atoom.space\/es\/noticia\/la-unio-europea-lanza-el-reglamento-eidas-2-para-reforzarla-identidad-digital-y-la-seguridad-electronica\/#breadcrumb"},"inLanguage":"es","potentialAction":[{"@type":"ReadAction","target":["https:\/\/ticsalutsocial.atoom.space\/es\/noticia\/la-unio-europea-lanza-el-reglamento-eidas-2-para-reforzarla-identidad-digital-y-la-seguridad-electronica\/"]}]},{"@type":"ImageObject","inLanguage":"es","@id":"https:\/\/ticsalutsocial.atoom.space\/es\/noticia\/la-unio-europea-lanza-el-reglamento-eidas-2-para-reforzarla-identidad-digital-y-la-seguridad-electronica\/#primaryimage","url":"https:\/\/ticsalutsocial.atoom.space\/wp-content\/uploads\/2024\/05\/ProteccioDades-2-scaled.jpg","contentUrl":"https:\/\/ticsalutsocial.atoom.space\/wp-content\/uploads\/2024\/05\/ProteccioDades-2-scaled.jpg","width":2560,"height":1706,"caption":"Fingerprint scan for secure access to protected data network with biometrics. Person using finger print authentication technology on laptop computer to login on private system."},{"@type":"BreadcrumbList","@id":"https:\/\/ticsalutsocial.atoom.space\/es\/noticia\/la-unio-europea-lanza-el-reglamento-eidas-2-para-reforzarla-identidad-digital-y-la-seguridad-electronica\/#breadcrumb","itemListElement":[{"@type":"ListItem","position":1,"name":"Inici","item":"https:\/\/ticsalutsocial.atoom.space\/es\/"},{"@type":"ListItem","position":2,"name":"La Uni\u00f3n Europea lanza el Reglamento eIDAS 2 para reforzar la identidad digital y la seguridad electr\u00f3nica"}]},{"@type":"WebSite","@id":"https:\/\/ticsalutsocial.atoom.space\/es\/#website","url":"https:\/\/ticsalutsocial.atoom.space\/es\/","name":"Fundaci\u00f3 TIC Salut i Social","description":"","potentialAction":[{"@type":"SearchAction","target":{"@type":"EntryPoint","urlTemplate":"https:\/\/ticsalutsocial.atoom.space\/es\/?s={search_term_string}"},"query-input":{"@type":"PropertyValueSpecification","valueRequired":true,"valueName":"search_term_string"}}],"inLanguage":"es"}]}},"_links":{"self":[{"href":"https:\/\/ticsalutsocial.atoom.space\/es\/wp-json\/wp\/v2\/noticia\/27340","targetHints":{"allow":["GET"]}}],"collection":[{"href":"https:\/\/ticsalutsocial.atoom.space\/es\/wp-json\/wp\/v2\/noticia"}],"about":[{"href":"https:\/\/ticsalutsocial.atoom.space\/es\/wp-json\/wp\/v2\/types\/noticia"}],"author":[{"embeddable":true,"href":"https:\/\/ticsalutsocial.atoom.space\/es\/wp-json\/wp\/v2\/users\/3"}],"wp:featuredmedia":[{"embeddable":true,"href":"https:\/\/ticsalutsocial.atoom.space\/es\/wp-json\/wp\/v2\/media\/27338"}],"wp:attachment":[{"href":"https:\/\/ticsalutsocial.atoom.space\/es\/wp-json\/wp\/v2\/media?parent=27340"}],"wp:term":[{"taxonomy":"etiqueta","embeddable":true,"href":"https:\/\/ticsalutsocial.atoom.space\/es\/wp-json\/wp\/v2\/etiqueta?post=27340"},{"taxonomy":"tipus","embeddable":true,"href":"https:\/\/ticsalutsocial.atoom.space\/es\/wp-json\/wp\/v2\/tipus?post=27340"},{"taxonomy":"topic","embeddable":true,"href":"https:\/\/ticsalutsocial.atoom.space\/es\/wp-json\/wp\/v2\/topic?post=27340"}],"curies":[{"name":"wp","href":"https:\/\/api.w.org\/{rel}","templated":true}]}}