
{"id":27371,"date":"2024-05-27T10:00:00","date_gmt":"2024-05-27T08:00:00","guid":{"rendered":"https:\/\/ticsalutsocial.atoom.space\/?post_type=noticia&#038;p=27371"},"modified":"2024-05-24T10:19:03","modified_gmt":"2024-05-24T08:19:03","slug":"el-projecte-xshare-fara-realitat-la-comparticio-dades-de-salut-a-europa","status":"publish","type":"noticia","link":"https:\/\/ticsalutsocial.atoom.space\/es\/noticia\/el-projecte-xshare-fara-realitat-la-comparticio-dades-de-salut-a-europa\/","title":{"rendered":"El proyecto xShare har\u00e1 realidad la compartici\u00f3n de datos de salud en Europa"},"content":{"rendered":"\n<h2 class=\"wp-block-heading\"><strong>El EHRxF europeo con un solo clic a trav\u00e9s del bot\u00f3n amarillo de xShare<\/strong><\/h2>\n\n\n\n<p>Con el objetivo de facilitar la compartici\u00f3n de datos de salud, el proyecto xShare desarrollar\u00e1 su innovador Bot\u00f3n Amarillo. Esta herramienta permite a los usuarios compartir sus datos m\u00e9dicos con profesionales de la salud de manera r\u00e1pida y segura. Integrado con el Electronic Health Record Exchange Format (EHRxF) europeo, con un solo clic, pacientes y m\u00e9dicos de la comunidad europea podr\u00e1n compartir informaci\u00f3n, mejorando as\u00ed la coordinaci\u00f3n y la eficacia de los tratamientos.<\/p>\n\n\n\n<p><\/p>\n\n\n\n<h2 class=\"wp-block-heading\"><strong>El bot\u00f3n amarillo de xShare hace realidad el EHDS<\/strong><\/h2>\n\n\n\n<p>El proyecto xShare se alinea con el European Health Data Space (EHDS), una iniciativa que busca mejorar la interoperabilidad y el acceso a los datos de salud a nivel europeo. El Bot\u00f3n Amarillo de xShare es una pieza clave en este esfuerzo, ya que facilita la transferencia de datos entre diferentes sistemas y pa\u00edses, asegurando que los profesionales de la salud dispongan de la informaci\u00f3n necesaria cuando m\u00e1s la requieran. Esta herramienta contribuye no solo a una mejor atenci\u00f3n sanitaria, sino tambi\u00e9n a la investigaci\u00f3n m\u00e9dica colaborativa a escala europea.<\/p>\n\n\n\n<p><\/p>\n\n\n\n<h2 class=\"wp-block-heading\"><strong>Empoderamiento ciudadano y mayor control sobre los datos de salud<\/strong><\/h2>\n\n\n\n<p>Una de las principales caracter\u00edsticas del Bot\u00f3n Amarillo de xShare es su enfoque en el control de los ciudadanos sobre sus datos de salud. Los pacientes pueden decidir qu\u00e9 informaci\u00f3n compartir, con qui\u00e9n y en qu\u00e9 momento, todo bajo estrictas medidas de seguridad y privacidad. Esta herramienta permite a los usuarios gestionar sus datos de manera informada y segura, empoder\u00e1ndolos en el cuidado de su propia salud.<\/p>\n\n\n\n<p><\/p>\n\n\n\n<h2 class=\"wp-block-heading\"><strong>Catalu\u00f1a como Adoption Site del Bot\u00f3n Amarillo<\/strong><\/h2>\n\n\n\n<p>Catalu\u00f1a, a trav\u00e9s de la Fundaci\u00f3n TIC Salut Social y en representaci\u00f3n del Sistema de Salud catal\u00e1n y el Ministerio de Sanidad espa\u00f1ol, juega un papel fundamental en este proyecto. Durante la fase piloto del Bot\u00f3n Amarillo de xShare, Catalu\u00f1a ser\u00e1 uno de los 8 Adoption Sites. Con una trayectoria consolidada en innovaci\u00f3n tecnol\u00f3gica, Catalu\u00f1a ha desarrollado el Bot\u00f3n Azul, una herramienta propia para la compartici\u00f3n de datos de salud que cumple con los est\u00e1ndares internacionales de interoperabilidad. Su participaci\u00f3n en el proyecto xShare demuestra el compromiso de Catalu\u00f1a con la mejora de la atenci\u00f3n sanitaria mediante la tecnolog\u00eda y la colaboraci\u00f3n internacional, consolidando su posici\u00f3n como referente en este \u00e1mbito.<\/p>\n\n\n\n<p>Carla \u00c1lvarez, responsable de Programas P\u00fablicos, nos explica m\u00e1s detalles del proyecto:<\/p>\n\n\n\n<figure class=\"wp-block-embed is-type-video is-provider-youtube wp-block-embed-youtube wp-embed-aspect-16-9 wp-has-aspect-ratio\"><div class=\"wp-block-embed__wrapper\">\n<iframe loading=\"lazy\" title=\"TIC Salut Social | Projecte xShare\" width=\"500\" height=\"281\" src=\"https:\/\/www.youtube.com\/embed\/O4GSU4eCVJg?feature=oembed\" frameborder=\"0\" allow=\"accelerometer; autoplay; clipboard-write; encrypted-media; gyroscope; picture-in-picture; web-share\" referrerpolicy=\"strict-origin-when-cross-origin\" allowfullscreen><\/iframe>\n<\/div><\/figure>\n\n\n\n<p>El proyecto xShare y su Bot\u00f3n Amarillo son un paso adelante en la forma de compartir los datos de salud en Europa. Y FHIR International, uno de los socios del consorcio, aporta el enfoque estrat\u00e9gico para garantizar la interoperabilidad, la accesibilidad y el control de los ciudadanos sobre sus datos.<\/p>\n","protected":false},"author":3,"featured_media":27369,"menu_order":0,"template":"","meta":{"_acf_changed":false,"inline_featured_image":false},"etiqueta":[],"tipus":[],"topic":[],"class_list":["post-27371","noticia","type-noticia","status-publish","has-post-thumbnail","hentry"],"acf":{"autor":"","imatge":27369,"textos_destacats":[{"texte":"Catalunya, a trav\u00e9s de la Fundaci\u00f3 TIC Salut Social juga un paper fonamental en el projecte del bot\u00f3 groc de xShare."}],"documents":false,"finalitzat":false,"tipus_plantilla":"objectius","template_objectius":{"cont_principal":"","imatge":false,"cont_seguent":{"titol":"","contingut":""},"seccio_llistat":{"titol":"","llistat":false},"objectius":{"titol":"","objectius":false},"documents":false}},"yoast_head":"<!-- This site is optimized with the Yoast SEO plugin v27.1.1 - https:\/\/yoast.com\/product\/yoast-seo-wordpress\/ -->\n<title>El proyecto xShare har\u00e1 realidad la compartici\u00f3n de datos de salud en Europa - Fundaci\u00f3 TIC Salut i Social<\/title>\n<meta name=\"description\" content=\"Catalunya, a trav\u00e9s de la Fundaci\u00f3n TIC Salut Social juega un papel fundamental en el proyecto del bot\u00f3n amarillo xShare.\" \/>\n<meta name=\"robots\" content=\"index, follow, max-snippet:-1, max-image-preview:large, max-video-preview:-1\" \/>\n<link rel=\"canonical\" href=\"https:\/\/ticsalutsocial.atoom.space\/es\/noticia\/el-projecte-xshare-fara-realitat-la-comparticio-dades-de-salut-a-europa\/\" \/>\n<meta property=\"og:locale\" content=\"es_ES\" \/>\n<meta property=\"og:type\" content=\"article\" \/>\n<meta property=\"og:title\" content=\"El proyecto xShare har\u00e1 realidad la compartici\u00f3n de datos de salud en Europa - Fundaci\u00f3 TIC Salut i Social\" \/>\n<meta property=\"og:description\" content=\"Catalunya, a trav\u00e9s de la Fundaci\u00f3n TIC Salut Social juega un papel fundamental en el proyecto del bot\u00f3n amarillo xShare.\" \/>\n<meta property=\"og:url\" content=\"https:\/\/ticsalutsocial.atoom.space\/es\/noticia\/el-projecte-xshare-fara-realitat-la-comparticio-dades-de-salut-a-europa\/\" \/>\n<meta property=\"og:site_name\" content=\"Fundaci\u00f3 TIC Salut i Social\" \/>\n<meta property=\"og:image\" content=\"https:\/\/ticsalutsocial.atoom.space\/wp-content\/uploads\/2024\/05\/yellow_buutton.png\" \/>\n\t<meta property=\"og:image:width\" content=\"1182\" \/>\n\t<meta property=\"og:image:height\" content=\"396\" \/>\n\t<meta property=\"og:image:type\" content=\"image\/png\" \/>\n<meta name=\"twitter:card\" content=\"summary_large_image\" \/>\n<meta name=\"twitter:label1\" content=\"Tiempo de lectura\" \/>\n\t<meta name=\"twitter:data1\" content=\"3 minutos\" \/>\n<script type=\"application\/ld+json\" class=\"yoast-schema-graph\">{\"@context\":\"https:\/\/schema.org\",\"@graph\":[{\"@type\":\"WebPage\",\"@id\":\"https:\/\/ticsalutsocial.atoom.space\/es\/noticia\/el-projecte-xshare-fara-realitat-la-comparticio-dades-de-salut-a-europa\/\",\"url\":\"https:\/\/ticsalutsocial.atoom.space\/es\/noticia\/el-projecte-xshare-fara-realitat-la-comparticio-dades-de-salut-a-europa\/\",\"name\":\"El proyecto xShare har\u00e1 realidad la compartici\u00f3n de datos de salud en Europa - Fundaci\u00f3 TIC Salut i Social\",\"isPartOf\":{\"@id\":\"https:\/\/ticsalutsocial.atoom.space\/es\/#website\"},\"primaryImageOfPage\":{\"@id\":\"https:\/\/ticsalutsocial.atoom.space\/es\/noticia\/el-projecte-xshare-fara-realitat-la-comparticio-dades-de-salut-a-europa\/#primaryimage\"},\"image\":{\"@id\":\"https:\/\/ticsalutsocial.atoom.space\/es\/noticia\/el-projecte-xshare-fara-realitat-la-comparticio-dades-de-salut-a-europa\/#primaryimage\"},\"thumbnailUrl\":\"https:\/\/ticsalutsocial.atoom.space\/wp-content\/uploads\/2024\/05\/yellow_buutton.png\",\"datePublished\":\"2024-05-27T08:00:00+00:00\",\"description\":\"Catalunya, a trav\u00e9s de la Fundaci\u00f3n TIC Salut Social juega un papel fundamental en el proyecto del bot\u00f3n amarillo xShare.\",\"breadcrumb\":{\"@id\":\"https:\/\/ticsalutsocial.atoom.space\/es\/noticia\/el-projecte-xshare-fara-realitat-la-comparticio-dades-de-salut-a-europa\/#breadcrumb\"},\"inLanguage\":\"es\",\"potentialAction\":[{\"@type\":\"ReadAction\",\"target\":[\"https:\/\/ticsalutsocial.atoom.space\/es\/noticia\/el-projecte-xshare-fara-realitat-la-comparticio-dades-de-salut-a-europa\/\"]}]},{\"@type\":\"ImageObject\",\"inLanguage\":\"es\",\"@id\":\"https:\/\/ticsalutsocial.atoom.space\/es\/noticia\/el-projecte-xshare-fara-realitat-la-comparticio-dades-de-salut-a-europa\/#primaryimage\",\"url\":\"https:\/\/ticsalutsocial.atoom.space\/wp-content\/uploads\/2024\/05\/yellow_buutton.png\",\"contentUrl\":\"https:\/\/ticsalutsocial.atoom.space\/wp-content\/uploads\/2024\/05\/yellow_buutton.png\",\"width\":1182,\"height\":396},{\"@type\":\"BreadcrumbList\",\"@id\":\"https:\/\/ticsalutsocial.atoom.space\/es\/noticia\/el-projecte-xshare-fara-realitat-la-comparticio-dades-de-salut-a-europa\/#breadcrumb\",\"itemListElement\":[{\"@type\":\"ListItem\",\"position\":1,\"name\":\"Inici\",\"item\":\"https:\/\/ticsalutsocial.atoom.space\/es\/\"},{\"@type\":\"ListItem\",\"position\":2,\"name\":\"El proyecto xShare har\u00e1 realidad la compartici\u00f3n de datos de salud en Europa\"}]},{\"@type\":\"WebSite\",\"@id\":\"https:\/\/ticsalutsocial.atoom.space\/es\/#website\",\"url\":\"https:\/\/ticsalutsocial.atoom.space\/es\/\",\"name\":\"Fundaci\u00f3 TIC Salut i Social\",\"description\":\"\",\"potentialAction\":[{\"@type\":\"SearchAction\",\"target\":{\"@type\":\"EntryPoint\",\"urlTemplate\":\"https:\/\/ticsalutsocial.atoom.space\/es\/?s={search_term_string}\"},\"query-input\":{\"@type\":\"PropertyValueSpecification\",\"valueRequired\":true,\"valueName\":\"search_term_string\"}}],\"inLanguage\":\"es\"}]}<\/script>\n<!-- \/ Yoast SEO plugin. -->","yoast_head_json":{"title":"El proyecto xShare har\u00e1 realidad la compartici\u00f3n de datos de salud en Europa - Fundaci\u00f3 TIC Salut i Social","description":"Catalunya, a trav\u00e9s de la Fundaci\u00f3n TIC Salut Social juega un papel fundamental en el proyecto del bot\u00f3n amarillo xShare.","robots":{"index":"index","follow":"follow","max-snippet":"max-snippet:-1","max-image-preview":"max-image-preview:large","max-video-preview":"max-video-preview:-1"},"canonical":"https:\/\/ticsalutsocial.atoom.space\/es\/noticia\/el-projecte-xshare-fara-realitat-la-comparticio-dades-de-salut-a-europa\/","og_locale":"es_ES","og_type":"article","og_title":"El proyecto xShare har\u00e1 realidad la compartici\u00f3n de datos de salud en Europa - Fundaci\u00f3 TIC Salut i Social","og_description":"Catalunya, a trav\u00e9s de la Fundaci\u00f3n TIC Salut Social juega un papel fundamental en el proyecto del bot\u00f3n amarillo xShare.","og_url":"https:\/\/ticsalutsocial.atoom.space\/es\/noticia\/el-projecte-xshare-fara-realitat-la-comparticio-dades-de-salut-a-europa\/","og_site_name":"Fundaci\u00f3 TIC Salut i Social","og_image":[{"width":1182,"height":396,"url":"https:\/\/ticsalutsocial.atoom.space\/wp-content\/uploads\/2024\/05\/yellow_buutton.png","type":"image\/png"}],"twitter_card":"summary_large_image","twitter_misc":{"Tiempo de lectura":"3 minutos"},"schema":{"@context":"https:\/\/schema.org","@graph":[{"@type":"WebPage","@id":"https:\/\/ticsalutsocial.atoom.space\/es\/noticia\/el-projecte-xshare-fara-realitat-la-comparticio-dades-de-salut-a-europa\/","url":"https:\/\/ticsalutsocial.atoom.space\/es\/noticia\/el-projecte-xshare-fara-realitat-la-comparticio-dades-de-salut-a-europa\/","name":"El proyecto xShare har\u00e1 realidad la compartici\u00f3n de datos de salud en Europa - Fundaci\u00f3 TIC Salut i Social","isPartOf":{"@id":"https:\/\/ticsalutsocial.atoom.space\/es\/#website"},"primaryImageOfPage":{"@id":"https:\/\/ticsalutsocial.atoom.space\/es\/noticia\/el-projecte-xshare-fara-realitat-la-comparticio-dades-de-salut-a-europa\/#primaryimage"},"image":{"@id":"https:\/\/ticsalutsocial.atoom.space\/es\/noticia\/el-projecte-xshare-fara-realitat-la-comparticio-dades-de-salut-a-europa\/#primaryimage"},"thumbnailUrl":"https:\/\/ticsalutsocial.atoom.space\/wp-content\/uploads\/2024\/05\/yellow_buutton.png","datePublished":"2024-05-27T08:00:00+00:00","description":"Catalunya, a trav\u00e9s de la Fundaci\u00f3n TIC Salut Social juega un papel fundamental en el proyecto del bot\u00f3n amarillo xShare.","breadcrumb":{"@id":"https:\/\/ticsalutsocial.atoom.space\/es\/noticia\/el-projecte-xshare-fara-realitat-la-comparticio-dades-de-salut-a-europa\/#breadcrumb"},"inLanguage":"es","potentialAction":[{"@type":"ReadAction","target":["https:\/\/ticsalutsocial.atoom.space\/es\/noticia\/el-projecte-xshare-fara-realitat-la-comparticio-dades-de-salut-a-europa\/"]}]},{"@type":"ImageObject","inLanguage":"es","@id":"https:\/\/ticsalutsocial.atoom.space\/es\/noticia\/el-projecte-xshare-fara-realitat-la-comparticio-dades-de-salut-a-europa\/#primaryimage","url":"https:\/\/ticsalutsocial.atoom.space\/wp-content\/uploads\/2024\/05\/yellow_buutton.png","contentUrl":"https:\/\/ticsalutsocial.atoom.space\/wp-content\/uploads\/2024\/05\/yellow_buutton.png","width":1182,"height":396},{"@type":"BreadcrumbList","@id":"https:\/\/ticsalutsocial.atoom.space\/es\/noticia\/el-projecte-xshare-fara-realitat-la-comparticio-dades-de-salut-a-europa\/#breadcrumb","itemListElement":[{"@type":"ListItem","position":1,"name":"Inici","item":"https:\/\/ticsalutsocial.atoom.space\/es\/"},{"@type":"ListItem","position":2,"name":"El proyecto xShare har\u00e1 realidad la compartici\u00f3n de datos de salud en Europa"}]},{"@type":"WebSite","@id":"https:\/\/ticsalutsocial.atoom.space\/es\/#website","url":"https:\/\/ticsalutsocial.atoom.space\/es\/","name":"Fundaci\u00f3 TIC Salut i Social","description":"","potentialAction":[{"@type":"SearchAction","target":{"@type":"EntryPoint","urlTemplate":"https:\/\/ticsalutsocial.atoom.space\/es\/?s={search_term_string}"},"query-input":{"@type":"PropertyValueSpecification","valueRequired":true,"valueName":"search_term_string"}}],"inLanguage":"es"}]}},"_links":{"self":[{"href":"https:\/\/ticsalutsocial.atoom.space\/es\/wp-json\/wp\/v2\/noticia\/27371","targetHints":{"allow":["GET"]}}],"collection":[{"href":"https:\/\/ticsalutsocial.atoom.space\/es\/wp-json\/wp\/v2\/noticia"}],"about":[{"href":"https:\/\/ticsalutsocial.atoom.space\/es\/wp-json\/wp\/v2\/types\/noticia"}],"author":[{"embeddable":true,"href":"https:\/\/ticsalutsocial.atoom.space\/es\/wp-json\/wp\/v2\/users\/3"}],"wp:featuredmedia":[{"embeddable":true,"href":"https:\/\/ticsalutsocial.atoom.space\/es\/wp-json\/wp\/v2\/media\/27369"}],"wp:attachment":[{"href":"https:\/\/ticsalutsocial.atoom.space\/es\/wp-json\/wp\/v2\/media?parent=27371"}],"wp:term":[{"taxonomy":"etiqueta","embeddable":true,"href":"https:\/\/ticsalutsocial.atoom.space\/es\/wp-json\/wp\/v2\/etiqueta?post=27371"},{"taxonomy":"tipus","embeddable":true,"href":"https:\/\/ticsalutsocial.atoom.space\/es\/wp-json\/wp\/v2\/tipus?post=27371"},{"taxonomy":"topic","embeddable":true,"href":"https:\/\/ticsalutsocial.atoom.space\/es\/wp-json\/wp\/v2\/topic?post=27371"}],"curies":[{"name":"wp","href":"https:\/\/api.w.org\/{rel}","templated":true}]}}