
{"id":27415,"date":"2024-05-28T12:56:36","date_gmt":"2024-05-28T10:56:36","guid":{"rendered":"https:\/\/ticsalutsocial.atoom.space\/noticia\/els-socis-del-carecitylab-de-mataro-signen-el-conveni-de-collaboracio-i-constitueixen-el-consell-directiu\/"},"modified":"2024-05-28T13:20:21","modified_gmt":"2024-05-28T11:20:21","slug":"els-socis-del-carecitylab-de-mataro-signen-el-conveni-de-collaboracio-i-constitueixen-el-consell-directiu","status":"publish","type":"noticia","link":"https:\/\/ticsalutsocial.atoom.space\/es\/noticia\/els-socis-del-carecitylab-de-mataro-signen-el-conveni-de-collaboracio-i-constitueixen-el-consell-directiu\/","title":{"rendered":"Los socios del CareCityLab de Matar\u00f3 firman el convenio de colaboraci\u00f3n y constituyen el Consejo Directivo"},"content":{"rendered":"\n<p>Los socios del proyecto CareCityLab, impulsado por el Ayuntamiento de Matar\u00f3, han hecho efectiva la <strong>firma del convenio de colaboraci\u00f3n y la constituci\u00f3n del Consejo Directivo<\/strong>. La Fundaci\u00f3n TIC Salut Social es una de las entidades que forman parte de este <strong>nuevo centro de cuidados e investigaci\u00f3n en el \u00e1mbito sociosanitario de Matar\u00f3<\/strong>, que tiene el objetivo de ofrecer soluciones y una mejor calidad de vida a la ciudadan\u00eda en situaci\u00f3n de fragilidad y dependencia, as\u00ed como a sus cuidadores. Asimismo, es un centro de innovaci\u00f3n, investigaci\u00f3n y transferencia del conocimiento.<\/p>\n\n\n\n<p>Al acto de firma del convenio asistieron el alcalde de Matar\u00f3, David Bote; Meritxell Puyan\u00e9 por la Fundaci\u00f3n TecnoCampus Matar\u00f3-Maresme; el gerente del Consorcio Sanitario del Maresme, Rafael Lled\u00f3; Joaqu\u00edn Casanovas de la Fundaci\u00f3n Salud del Consorcio Sanitario del Maresme; el gerente de la Fundaci\u00f3n Hospital Sant Jaume y Santa Magdalena, Alfred Batet; Miquel Rey de la Fundaci\u00f3n EURECAT; Cristina Bustillo de la Fundaci\u00f3n TIC Salut Social; Josep Basora en representaci\u00f3n de la Fundaci\u00f3n Instituto Universitario para la Investigaci\u00f3n en la Atenci\u00f3n Primaria Jordi Gol i Gurina, y Jordi Ara del Rey en nombre de la Atenci\u00f3n Primaria Metropolitana Norte del Instituto Catal\u00e1n de la Salud.<\/p>\n\n\n\n<p>En el encuentro se ha puesto de manifiesto c\u00f3mo la colaboraci\u00f3n de diversas administraciones, entidades y organismos ha sido esencial para la definici\u00f3n, construcci\u00f3n y puesta en marcha de este equipamiento.<\/p>\n\n\n\n<p>El nuevo centro se enmarca en el proyecto estrat\u00e9gico Matar\u00f3, Ciudad Cuidadora, y est\u00e1 financiado con Fondos Europeos, concretamente con el PECT Matar\u00f3-Maresme.<\/p>\n\n\n\n<p><a href=\"https:\/\/www.mataro.cat\/ca\/actualitat\/noticies\/2024\/els-socis-del-carecitylab-signen-el-conveni-de-col-laboracio-i-constitueixen-el-consell-directiu\" target=\"_blank\" rel=\"noreferrer noopener\">M\u00e1s informaci\u00f3n<\/a><\/p>\n","protected":false},"author":12,"featured_media":27414,"menu_order":0,"template":"","meta":{"_acf_changed":true,"inline_featured_image":false},"etiqueta":[],"tipus":[],"topic":[123],"class_list":["post-27415","noticia","type-noticia","status-publish","has-post-thumbnail","hentry","topic-actualidad"],"acf":{"finalitzat":false,"tipus_plantilla":"objectius","template_objectius":{"cont_principal":"","imatge":false,"cont_seguent":{"titol":"","contingut":""},"seccio_llistat":{"titol":"","llistat":false},"objectius":{"titol":"","objectius":false},"documents":false},"autor":"","imatge":27414,"textos_destacats":[{"texte":"La Fundaci\u00f3n TIC Salut Social es una de las entidades socias de CareCityLab, el nuevo centro de cuidados e investigaci\u00f3n en el \u00e1mbito sociosanitario de la capital del Maresme."}],"documents":false},"yoast_head":"<!-- This site is optimized with the Yoast SEO plugin v27.1.1 - https:\/\/yoast.com\/product\/yoast-seo-wordpress\/ -->\n<title>Los socios del CareCityLab de Matar\u00f3 firman el convenio de colaboraci\u00f3n y constituyen el Consejo Directivo - Fundaci\u00f3 TIC Salut i Social<\/title>\n<meta name=\"description\" content=\"La Fundaci\u00f3n TIC Salut Social es una de las entidades socias de CareCityLab, el nuevo centro de cuidados e investigaci\u00f3n en el \u00e1mbito sociosanitario de la capital del Maresme.\" \/>\n<meta name=\"robots\" content=\"index, follow, max-snippet:-1, max-image-preview:large, max-video-preview:-1\" \/>\n<link rel=\"canonical\" href=\"https:\/\/ticsalutsocial.atoom.space\/es\/noticia\/els-socis-del-carecitylab-de-mataro-signen-el-conveni-de-collaboracio-i-constitueixen-el-consell-directiu\/\" \/>\n<meta property=\"og:locale\" content=\"es_ES\" \/>\n<meta property=\"og:type\" content=\"article\" \/>\n<meta property=\"og:title\" content=\"Los socios del CareCityLab de Matar\u00f3 firman el convenio de colaboraci\u00f3n y constituyen el Consejo Directivo - Fundaci\u00f3 TIC Salut i Social\" \/>\n<meta property=\"og:description\" content=\"La Fundaci\u00f3n TIC Salut Social es una de las entidades socias de CareCityLab, el nuevo centro de cuidados e investigaci\u00f3n en el \u00e1mbito sociosanitario de la capital del Maresme.\" \/>\n<meta property=\"og:url\" content=\"https:\/\/ticsalutsocial.atoom.space\/es\/noticia\/els-socis-del-carecitylab-de-mataro-signen-el-conveni-de-collaboracio-i-constitueixen-el-consell-directiu\/\" \/>\n<meta property=\"og:site_name\" content=\"Fundaci\u00f3 TIC Salut i Social\" \/>\n<meta property=\"article:modified_time\" content=\"2024-05-28T11:20:21+00:00\" \/>\n<meta property=\"og:image\" content=\"https:\/\/ticsalutsocial.atoom.space\/wp-content\/uploads\/2024\/05\/Citycarelab.png\" \/>\n\t<meta property=\"og:image:width\" content=\"1280\" \/>\n\t<meta property=\"og:image:height\" content=\"960\" \/>\n\t<meta property=\"og:image:type\" content=\"image\/png\" \/>\n<meta name=\"twitter:card\" content=\"summary_large_image\" \/>\n<meta name=\"twitter:label1\" content=\"Tiempo de lectura\" \/>\n\t<meta name=\"twitter:data1\" content=\"2 minutos\" \/>\n<script type=\"application\/ld+json\" class=\"yoast-schema-graph\">{\"@context\":\"https:\/\/schema.org\",\"@graph\":[{\"@type\":\"WebPage\",\"@id\":\"https:\/\/ticsalutsocial.atoom.space\/es\/noticia\/els-socis-del-carecitylab-de-mataro-signen-el-conveni-de-collaboracio-i-constitueixen-el-consell-directiu\/\",\"url\":\"https:\/\/ticsalutsocial.atoom.space\/es\/noticia\/els-socis-del-carecitylab-de-mataro-signen-el-conveni-de-collaboracio-i-constitueixen-el-consell-directiu\/\",\"name\":\"Los socios del CareCityLab de Matar\u00f3 firman el convenio de colaboraci\u00f3n y constituyen el Consejo Directivo - Fundaci\u00f3 TIC Salut i Social\",\"isPartOf\":{\"@id\":\"https:\/\/ticsalutsocial.atoom.space\/es\/#website\"},\"primaryImageOfPage\":{\"@id\":\"https:\/\/ticsalutsocial.atoom.space\/es\/noticia\/els-socis-del-carecitylab-de-mataro-signen-el-conveni-de-collaboracio-i-constitueixen-el-consell-directiu\/#primaryimage\"},\"image\":{\"@id\":\"https:\/\/ticsalutsocial.atoom.space\/es\/noticia\/els-socis-del-carecitylab-de-mataro-signen-el-conveni-de-collaboracio-i-constitueixen-el-consell-directiu\/#primaryimage\"},\"thumbnailUrl\":\"https:\/\/ticsalutsocial.atoom.space\/wp-content\/uploads\/2024\/05\/Citycarelab.png\",\"datePublished\":\"2024-05-28T10:56:36+00:00\",\"dateModified\":\"2024-05-28T11:20:21+00:00\",\"description\":\"La Fundaci\u00f3n TIC Salut Social es una de las entidades socias de CareCityLab, el nuevo centro de cuidados e investigaci\u00f3n en el \u00e1mbito sociosanitario de la capital del Maresme.\",\"breadcrumb\":{\"@id\":\"https:\/\/ticsalutsocial.atoom.space\/es\/noticia\/els-socis-del-carecitylab-de-mataro-signen-el-conveni-de-collaboracio-i-constitueixen-el-consell-directiu\/#breadcrumb\"},\"inLanguage\":\"es\",\"potentialAction\":[{\"@type\":\"ReadAction\",\"target\":[\"https:\/\/ticsalutsocial.atoom.space\/es\/noticia\/els-socis-del-carecitylab-de-mataro-signen-el-conveni-de-collaboracio-i-constitueixen-el-consell-directiu\/\"]}]},{\"@type\":\"ImageObject\",\"inLanguage\":\"es\",\"@id\":\"https:\/\/ticsalutsocial.atoom.space\/es\/noticia\/els-socis-del-carecitylab-de-mataro-signen-el-conveni-de-collaboracio-i-constitueixen-el-consell-directiu\/#primaryimage\",\"url\":\"https:\/\/ticsalutsocial.atoom.space\/wp-content\/uploads\/2024\/05\/Citycarelab.png\",\"contentUrl\":\"https:\/\/ticsalutsocial.atoom.space\/wp-content\/uploads\/2024\/05\/Citycarelab.png\",\"width\":1280,\"height\":960,\"caption\":\"CityCareLab\"},{\"@type\":\"BreadcrumbList\",\"@id\":\"https:\/\/ticsalutsocial.atoom.space\/es\/noticia\/els-socis-del-carecitylab-de-mataro-signen-el-conveni-de-collaboracio-i-constitueixen-el-consell-directiu\/#breadcrumb\",\"itemListElement\":[{\"@type\":\"ListItem\",\"position\":1,\"name\":\"Inici\",\"item\":\"https:\/\/ticsalutsocial.atoom.space\/es\/\"},{\"@type\":\"ListItem\",\"position\":2,\"name\":\"Los socios del CareCityLab de Matar\u00f3 firman el convenio de colaboraci\u00f3n y constituyen el Consejo Directivo\"}]},{\"@type\":\"WebSite\",\"@id\":\"https:\/\/ticsalutsocial.atoom.space\/es\/#website\",\"url\":\"https:\/\/ticsalutsocial.atoom.space\/es\/\",\"name\":\"Fundaci\u00f3 TIC Salut i Social\",\"description\":\"\",\"potentialAction\":[{\"@type\":\"SearchAction\",\"target\":{\"@type\":\"EntryPoint\",\"urlTemplate\":\"https:\/\/ticsalutsocial.atoom.space\/es\/?s={search_term_string}\"},\"query-input\":{\"@type\":\"PropertyValueSpecification\",\"valueRequired\":true,\"valueName\":\"search_term_string\"}}],\"inLanguage\":\"es\"}]}<\/script>\n<!-- \/ Yoast SEO plugin. -->","yoast_head_json":{"title":"Los socios del CareCityLab de Matar\u00f3 firman el convenio de colaboraci\u00f3n y constituyen el Consejo Directivo - Fundaci\u00f3 TIC Salut i Social","description":"La Fundaci\u00f3n TIC Salut Social es una de las entidades socias de CareCityLab, el nuevo centro de cuidados e investigaci\u00f3n en el \u00e1mbito sociosanitario de la capital del Maresme.","robots":{"index":"index","follow":"follow","max-snippet":"max-snippet:-1","max-image-preview":"max-image-preview:large","max-video-preview":"max-video-preview:-1"},"canonical":"https:\/\/ticsalutsocial.atoom.space\/es\/noticia\/els-socis-del-carecitylab-de-mataro-signen-el-conveni-de-collaboracio-i-constitueixen-el-consell-directiu\/","og_locale":"es_ES","og_type":"article","og_title":"Los socios del CareCityLab de Matar\u00f3 firman el convenio de colaboraci\u00f3n y constituyen el Consejo Directivo - Fundaci\u00f3 TIC Salut i Social","og_description":"La Fundaci\u00f3n TIC Salut Social es una de las entidades socias de CareCityLab, el nuevo centro de cuidados e investigaci\u00f3n en el \u00e1mbito sociosanitario de la capital del Maresme.","og_url":"https:\/\/ticsalutsocial.atoom.space\/es\/noticia\/els-socis-del-carecitylab-de-mataro-signen-el-conveni-de-collaboracio-i-constitueixen-el-consell-directiu\/","og_site_name":"Fundaci\u00f3 TIC Salut i Social","article_modified_time":"2024-05-28T11:20:21+00:00","og_image":[{"width":1280,"height":960,"url":"https:\/\/ticsalutsocial.atoom.space\/wp-content\/uploads\/2024\/05\/Citycarelab.png","type":"image\/png"}],"twitter_card":"summary_large_image","twitter_misc":{"Tiempo de lectura":"2 minutos"},"schema":{"@context":"https:\/\/schema.org","@graph":[{"@type":"WebPage","@id":"https:\/\/ticsalutsocial.atoom.space\/es\/noticia\/els-socis-del-carecitylab-de-mataro-signen-el-conveni-de-collaboracio-i-constitueixen-el-consell-directiu\/","url":"https:\/\/ticsalutsocial.atoom.space\/es\/noticia\/els-socis-del-carecitylab-de-mataro-signen-el-conveni-de-collaboracio-i-constitueixen-el-consell-directiu\/","name":"Los socios del CareCityLab de Matar\u00f3 firman el convenio de colaboraci\u00f3n y constituyen el Consejo Directivo - Fundaci\u00f3 TIC Salut i Social","isPartOf":{"@id":"https:\/\/ticsalutsocial.atoom.space\/es\/#website"},"primaryImageOfPage":{"@id":"https:\/\/ticsalutsocial.atoom.space\/es\/noticia\/els-socis-del-carecitylab-de-mataro-signen-el-conveni-de-collaboracio-i-constitueixen-el-consell-directiu\/#primaryimage"},"image":{"@id":"https:\/\/ticsalutsocial.atoom.space\/es\/noticia\/els-socis-del-carecitylab-de-mataro-signen-el-conveni-de-collaboracio-i-constitueixen-el-consell-directiu\/#primaryimage"},"thumbnailUrl":"https:\/\/ticsalutsocial.atoom.space\/wp-content\/uploads\/2024\/05\/Citycarelab.png","datePublished":"2024-05-28T10:56:36+00:00","dateModified":"2024-05-28T11:20:21+00:00","description":"La Fundaci\u00f3n TIC Salut Social es una de las entidades socias de CareCityLab, el nuevo centro de cuidados e investigaci\u00f3n en el \u00e1mbito sociosanitario de la capital del Maresme.","breadcrumb":{"@id":"https:\/\/ticsalutsocial.atoom.space\/es\/noticia\/els-socis-del-carecitylab-de-mataro-signen-el-conveni-de-collaboracio-i-constitueixen-el-consell-directiu\/#breadcrumb"},"inLanguage":"es","potentialAction":[{"@type":"ReadAction","target":["https:\/\/ticsalutsocial.atoom.space\/es\/noticia\/els-socis-del-carecitylab-de-mataro-signen-el-conveni-de-collaboracio-i-constitueixen-el-consell-directiu\/"]}]},{"@type":"ImageObject","inLanguage":"es","@id":"https:\/\/ticsalutsocial.atoom.space\/es\/noticia\/els-socis-del-carecitylab-de-mataro-signen-el-conveni-de-collaboracio-i-constitueixen-el-consell-directiu\/#primaryimage","url":"https:\/\/ticsalutsocial.atoom.space\/wp-content\/uploads\/2024\/05\/Citycarelab.png","contentUrl":"https:\/\/ticsalutsocial.atoom.space\/wp-content\/uploads\/2024\/05\/Citycarelab.png","width":1280,"height":960,"caption":"CityCareLab"},{"@type":"BreadcrumbList","@id":"https:\/\/ticsalutsocial.atoom.space\/es\/noticia\/els-socis-del-carecitylab-de-mataro-signen-el-conveni-de-collaboracio-i-constitueixen-el-consell-directiu\/#breadcrumb","itemListElement":[{"@type":"ListItem","position":1,"name":"Inici","item":"https:\/\/ticsalutsocial.atoom.space\/es\/"},{"@type":"ListItem","position":2,"name":"Los socios del CareCityLab de Matar\u00f3 firman el convenio de colaboraci\u00f3n y constituyen el Consejo Directivo"}]},{"@type":"WebSite","@id":"https:\/\/ticsalutsocial.atoom.space\/es\/#website","url":"https:\/\/ticsalutsocial.atoom.space\/es\/","name":"Fundaci\u00f3 TIC Salut i Social","description":"","potentialAction":[{"@type":"SearchAction","target":{"@type":"EntryPoint","urlTemplate":"https:\/\/ticsalutsocial.atoom.space\/es\/?s={search_term_string}"},"query-input":{"@type":"PropertyValueSpecification","valueRequired":true,"valueName":"search_term_string"}}],"inLanguage":"es"}]}},"_links":{"self":[{"href":"https:\/\/ticsalutsocial.atoom.space\/es\/wp-json\/wp\/v2\/noticia\/27415","targetHints":{"allow":["GET"]}}],"collection":[{"href":"https:\/\/ticsalutsocial.atoom.space\/es\/wp-json\/wp\/v2\/noticia"}],"about":[{"href":"https:\/\/ticsalutsocial.atoom.space\/es\/wp-json\/wp\/v2\/types\/noticia"}],"author":[{"embeddable":true,"href":"https:\/\/ticsalutsocial.atoom.space\/es\/wp-json\/wp\/v2\/users\/12"}],"wp:featuredmedia":[{"embeddable":true,"href":"https:\/\/ticsalutsocial.atoom.space\/es\/wp-json\/wp\/v2\/media\/27414"}],"wp:attachment":[{"href":"https:\/\/ticsalutsocial.atoom.space\/es\/wp-json\/wp\/v2\/media?parent=27415"}],"wp:term":[{"taxonomy":"etiqueta","embeddable":true,"href":"https:\/\/ticsalutsocial.atoom.space\/es\/wp-json\/wp\/v2\/etiqueta?post=27415"},{"taxonomy":"tipus","embeddable":true,"href":"https:\/\/ticsalutsocial.atoom.space\/es\/wp-json\/wp\/v2\/tipus?post=27415"},{"taxonomy":"topic","embeddable":true,"href":"https:\/\/ticsalutsocial.atoom.space\/es\/wp-json\/wp\/v2\/topic?post=27415"}],"curies":[{"name":"wp","href":"https:\/\/api.w.org\/{rel}","templated":true}]}}