
{"id":27526,"date":"2024-06-06T15:47:37","date_gmt":"2024-06-06T13:47:37","guid":{"rendered":"https:\/\/ticsalutsocial.atoom.space\/noticia\/balcells-laplicacio-dels-drons-en-la-salut-te-un-gran-interes-per-avancar-en-la-sostenibilitat-ambiental-reduir-costos-i-temps-de-desplacaments\/"},"modified":"2024-06-25T12:43:35","modified_gmt":"2024-06-25T10:43:35","slug":"balcells-laplicacio-dels-drons-en-la-salut-te-un-gran-interes-per-avancar-en-la-sostenibilitat-ambiental-reduir-costos-i-temps-de-desplacaments","status":"publish","type":"noticia","link":"https:\/\/ticsalutsocial.atoom.space\/es\/noticia\/balcells-laplicacio-dels-drons-en-la-salut-te-un-gran-interes-per-avancar-en-la-sostenibilitat-ambiental-reduir-costos-i-temps-de-desplacaments\/","title":{"rendered":"Balcells: \u00abLa aplicaci\u00f3n de los drones en la salud tiene un gran inter\u00e9s por avanzar en la sostenibilidad ambiental, reducir costes y tiempo de desplazamientos\u00bb"},"content":{"rendered":"\n<p>La Fundaci\u00f3n TIC Salut Social, el Centro de Telecomunicaciones y Tecnolog\u00edas de la Informaci\u00f3n (CTTI) y la Fundaci\u00f3n Hospital de Olot y Comarcal de la Garrotxa han celebrado hoy un acto para abordar los retos que presenta la tecnolog\u00eda dron en el \u00e1mbito de la salud. En la jornada, se ha presentado el informe &#8216;<a href=\"https:\/\/ticsalutsocial.atoom.space\/wp-content\/uploads\/2024\/06\/Informe_Drones_Salud.pdf\" target=\"_blank\" rel=\"noreferrer noopener\">Integraci\u00f3n de Drones en el Entorno de Salud<\/a>&#8216; y algunas de las pruebas piloto de transporte de material sanitario y muestras biol\u00f3gicas que se iniciar\u00e1n pr\u00f3ximamente.<\/p>\n\n\n\n<p>El consejero de Salud, Manel Balcells, ha participado en el acto y ha presenciado la demostraci\u00f3n de vuelo que se ha hecho desde el \u00c1rea B\u00e1sica de Salud (ABS) del Valle de Bas hasta el Hospital de &#8216;Olot. Balcells ha destacado que \u00ab<strong>hoy hemos vivido el presente y el futuro de la aplicaci\u00f3n de drones en el \u00e1mbito sanitario<\/strong>\u00ab. Balcells ha puesto en valor el \u00ab<strong>gran inter\u00e9s de esta tecnolog\u00eda por cuestiones de sostenibilidad ambiental y econ\u00f3mica, as\u00ed como las posibles aplicaciones de esta tecnolog\u00eda, por ejemplo, en el transporte de muestras o medicamentos entre centros sanitarios aislados<\/strong>.\u00bb El titular de Salud tambi\u00e9n ha destacado la trayectoria del Hospital de Olot con proyectos de innovaci\u00f3n y especialmente en lo que se refiere a la utilizaci\u00f3n de los drones.<\/p>\n\n\n\n<p>El informe presentado en la jornada ha estado liderado por la Fundaci\u00f3n TIC Salut Social, con el apoyo de la <em>Digital Catalonia Alliance<\/em>. El director de la Fundaci\u00f3n, Joan Guanyabens, ha apuntado que \u00ab<strong>los drones muestran un gran potencial para mejorar la atenci\u00f3n m\u00e9dica y el transporte de muestras biol\u00f3gicas y material sanitario, especialmente en zonas rurales o de dif\u00edcil acceso<\/strong>\u00ab. Por eso, ha anunciado, \u00ab<strong>tenemos previsto hacer pruebas piloto centradas en el \u00e1mbito log\u00edstico, de emergencias y cl\u00ednico, involucrando a las principales instituciones implicadas del sistema<\/strong>\u00ab.<\/p>\n\n\n\n<p>Por su parte, el gerente del Hospital de Olot, Josep Maria Padrosa, ha explicado que \u00ab<strong>tener centros de atenci\u00f3n primaria de proximidad pone en valor las facilidades y la capacidad de desarrollar proyectos de innovaci\u00f3n de estas caracter\u00edsticas<\/strong>\u00bb . De hecho, ha recordado que \u00ab<strong>el primer caso de uso de vuelo de dron con muestras biol\u00f3gicas fue en Olot hace un a\u00f1o<\/strong>\u00ab.<\/p>\n\n\n\n<p>El CTTI impulsa y coordina las pruebas piloto que se llevar\u00e1n a cabo con drones. Lo hace en el marco de su programa de innovaci\u00f3n, que busca dar respuesta a los retos y necesidades planteadas por la administraci\u00f3n para acelerar su transformaci\u00f3n digital y la mejora de sus servicios.<\/p>\n\n\n\n<h2 class=\"wp-block-heading\"><strong>Integraci\u00f3n de drones en el entorno de salud<\/strong><\/h2>\n\n\n\n<p>El informe introduce la tecnolog\u00eda dron, los aspectos normativos, \u00e9ticos, de seguridad y privacidad asociados a su uso, y sus posibles aplicaciones en salud, con ejemplos de estudios y pruebas piloto que se han realizado en Europa y en todo el mundo .<\/p>\n\n\n\n<p>Por lo que respecta a los casos de uso de drones en salud, los clasifica en tres \u00e1reas principales: la log\u00edstica, la de emergencias y la cl\u00ednica. La log\u00edstica comprende el uso de drones para el transporte de muestras biol\u00f3gicas y tejidos, terapias farmacol\u00f3gicas, dispositivos m\u00e9dicos y otros tipos de material. En el \u00e1rea de emergencias, aparte del propio transporte de material sanitario, se contempla incorporar soluciones de telemedicina, facilitar las comunicaciones y dotar de recursos (iluminaci\u00f3n, imagen, sensores, etc) a los operativos con cargo a la gesti\u00f3n de una situaci\u00f3n emergencia para agilizar la atenci\u00f3n en situaciones de dif\u00edcil acceso en las que la rapidez es vital. Por \u00faltimo, la integraci\u00f3n de drones dentro del \u00e1rea cl\u00ednica de salud es la que se encuentra en una fase m\u00e1s incipiente, aunque se han encontrado pruebas de concepto relacionadas con la mejora del desarrollo cognitivo.<\/p>\n\n\n\n<p>Los principales retos en todas las \u00e1reas mencionadas se centran en la estricta normativa vigente, la seguridad de los datos, la habilitaci\u00f3n de un espacio espec\u00edfico para realizar la operativa de vuelo, y la coordinaci\u00f3n e integraci\u00f3n de las operaciones con drones con las de la aviaci\u00f3n tripulada. Pese a los desaf\u00edos, el informe hace \u00e9nfasis en la necesidad de evolucionar en la normativa para aprovechar al m\u00e1ximo los potenciales beneficios del uso de drones en salud. Entre ellos, se prev\u00e9 mejorar la calidad y la eficiencia de la asistencia, disminuir los costes econ\u00f3micos asociados al transporte y reducir considerablemente el tiempo de trayecto y emisiones de CO2 en comparaci\u00f3n con el transporte rodado y a\u00e9reo convencional.<\/p>\n\n\n\n<h2 class=\"wp-block-heading\"><strong>Pruebas piloto en la Garrotxa y la zona Metropolitana Nord<\/strong><\/h2>\n\n\n\n<p>La Fundaci\u00f3n TIC Salut Social y el CTTI iniciar\u00e1n pr\u00f3ximamente diversas pruebas piloto para dimensionar costes y evaluar los riesgos y beneficios del uso de drones en las tres \u00e1reas de trabajo. La primera prueba empezar\u00e1 a finales de este mes de junio y consistir\u00e1 en el transporte de muestras biol\u00f3gicas del ABS del Valle de Bas en el Hospital de Olot para su an\u00e1lisis, y el transporte no programado de otras muestras o equipamiento m\u00e9dico en el sentido inverso.<\/p>\n\n\n\n<p>El trayecto realizado hoy con dron entre el CAP Sant Esteve d&#8217;en Bas y el Hospital de Olot ha permitido constatar un ahorro de un 60% del tiempo de transporte, as\u00ed como una reducci\u00f3n de la huella de carbono en comparaci\u00f3n con si se hubiera realizado por v\u00eda terrestre. El vuelo de dron tuvo una duraci\u00f3n de unos 7 minutos, mientras que el trayecto realizado en veh\u00edculo dura 20 minutos.<\/p>\n\n\n\n<p>En cuanto a la segunda prueba piloto, una iniciativa de la Direcci\u00f3n de Atenci\u00f3n Primaria de la Metropolitana Norte del Instituto Catal\u00e1n de la Salud y que se prev\u00e9 iniciar pr\u00f3ximamente, consistir\u00e1 en el transporte de muestras biol\u00f3gicas entre el CAP Sant Fost- Martorelles y el Hospital Universitario Germans Trias i Pujol de Badalona. Aparte de los centros de salud implicados, en las dos pruebas participar\u00e1 el Sistema de Emergencias M\u00e9dicas (SEM) y la empresa T-Systems. Y la segunda, una iniciativa de la Direcci\u00f3n de Atenci\u00f3n Primaria de la Metropolitana Norte del Instituto Catal\u00e1n de la Salud y que se prev\u00e9 iniciar pr\u00f3ximamente, consistir\u00e1 en el transporte de muestras biol\u00f3gicas entre el CAP Sant Fost-Martorelles y el Hospital Universitario Hermanos Trias y Pujol de Badalona. Aparte de los centros de salud implicados, en las dos pruebas participar\u00e1 el Sistema de Emergencias M\u00e9dicas (SEM) y la empresa T-Systems.<\/p>\n\n\n\n<p>Estas pruebas siguen el trabajo iniciado en mayo de 2023 en el Hospital de Olot, cuando <a href=\"https:\/\/ticsalutsocial.atoom.space\/premsa\/primer-cas-dexit-de-transport-de-mostres-biologiques-amb-dron-en-la-prova-pilot-dolot\/\" target=\"_blank\" rel=\"noreferrer noopener\">se valid\u00f3 la viabilidad de transportar anal\u00edticas de sangre con dron<\/a>. En este piloto se logr\u00f3 conservar en buen estado las muestras y reducir un <strong>43% el tiempo del transporte<\/strong> y un 80% las <strong>emisiones de CO2. Ahora, el siguiente paso es evaluar si el servicio es de aplicaci\u00f3n y escalable al Sistema de Salud<\/strong>.<\/p>\n","protected":false},"author":3,"featured_media":27519,"menu_order":0,"template":"","meta":{"_acf_changed":true,"inline_featured_image":false},"etiqueta":[],"tipus":[],"topic":[],"class_list":["post-27526","noticia","type-noticia","status-publish","has-post-thumbnail","hentry"],"acf":{"autor":"","imatge":27519,"textos_destacats":[{"texte":"La Fundaci\u00f3n TIC Salut Social ha presentado un informe sobre la integraci\u00f3n de drones en salud, con tres \u00e1reas de trabajo: la log\u00edstica de transporte sanitario, las emergencias m\u00e9dicas y la aplicabilidad cl\u00ednica"},{"texte":"En los pr\u00f3ximos meses, se iniciar\u00e1n pruebas piloto en toda Catalu\u00f1a para evaluar los beneficios de los drones en el entorno salud. Entre ellos, se prev\u00e9 mejorar la entrega de muestras biol\u00f3gicas, farmacolog\u00eda y equipamientos m\u00e9dicos entre distintos centros sanitarios, principalmente en zonas rurales"}],"documents":[{"titol_doc":"Nota de premsa","document":{"ID":27522,"id":27522,"title":"NP informe drons def","filename":"NP-informe-drons-def.pdf","filesize":210616,"url":"https:\/\/ticsalutsocial.atoom.space\/wp-content\/uploads\/2024\/06\/NP-informe-drons-def.pdf","link":"https:\/\/ticsalutsocial.atoom.space\/es\/noticia\/balcells-laplicacio-dels-drons-en-la-salut-te-un-gran-interes-per-avancar-en-la-sostenibilitat-ambiental-reduir-costos-i-temps-de-desplacaments\/np-informe-drons-def-2\/","alt":"","author":"12","description":"","caption":"","name":"np-informe-drons-def-2","status":"inherit","uploaded_to":27526,"date":"2024-06-06 13:50:03","modified":"2024-06-06 13:50:18","menu_order":0,"mime_type":"application\/pdf","type":"application","subtype":"pdf","icon":"https:\/\/ticsalutsocial.atoom.space\/wp-includes\/images\/media\/document.png"}}],"finalitzat":false,"tipus_plantilla":"objectius","template_objectius":{"cont_principal":"","imatge":false,"cont_seguent":{"titol":"","contingut":""},"seccio_llistat":{"titol":"","llistat":false},"objectius":{"titol":"","objectius":false},"documents":false}},"yoast_head":"<!-- This site is optimized with the Yoast SEO plugin v27.1.1 - https:\/\/yoast.com\/product\/yoast-seo-wordpress\/ -->\n<title>Balcells: &quot;La aplicaci\u00f3n de los drones en la salud tiene un gran inter\u00e9s por avanzar en la sostenibilidad ambiental, reducir costes y tiempo de desplazamientos&quot; - Fundaci\u00f3 TIC Salut i Social<\/title>\n<meta name=\"description\" content=\"S&#039;ha celebrat un acte per abordar els reptes que presenta la tecnologia dron en l\u2019\u00e0mbit de la salut a Catalunya.\" \/>\n<meta name=\"robots\" content=\"index, follow, max-snippet:-1, max-image-preview:large, max-video-preview:-1\" \/>\n<link rel=\"canonical\" href=\"https:\/\/ticsalutsocial.atoom.space\/es\/noticia\/balcells-laplicacio-dels-drons-en-la-salut-te-un-gran-interes-per-avancar-en-la-sostenibilitat-ambiental-reduir-costos-i-temps-de-desplacaments\/\" \/>\n<meta property=\"og:locale\" content=\"es_ES\" \/>\n<meta property=\"og:type\" content=\"article\" \/>\n<meta property=\"og:title\" content=\"Balcells: &quot;La aplicaci\u00f3n de los drones en la salud tiene un gran inter\u00e9s por avanzar en la sostenibilidad ambiental, reducir costes y tiempo de desplazamientos&quot; - Fundaci\u00f3 TIC Salut i Social\" \/>\n<meta property=\"og:description\" content=\"S&#039;ha celebrat un acte per abordar els reptes que presenta la tecnologia dron en l\u2019\u00e0mbit de la salut a Catalunya.\" \/>\n<meta property=\"og:url\" content=\"https:\/\/ticsalutsocial.atoom.space\/es\/noticia\/balcells-laplicacio-dels-drons-en-la-salut-te-un-gran-interes-per-avancar-en-la-sostenibilitat-ambiental-reduir-costos-i-temps-de-desplacaments\/\" \/>\n<meta property=\"og:site_name\" content=\"Fundaci\u00f3 TIC Salut i Social\" \/>\n<meta property=\"article:modified_time\" content=\"2024-06-25T10:43:35+00:00\" \/>\n<meta property=\"og:image\" content=\"https:\/\/ticsalutsocial.atoom.space\/wp-content\/uploads\/2024\/06\/dron-.jpg\" \/>\n\t<meta property=\"og:image:width\" content=\"1280\" \/>\n\t<meta property=\"og:image:height\" content=\"960\" \/>\n\t<meta property=\"og:image:type\" content=\"image\/jpeg\" \/>\n<meta name=\"twitter:card\" content=\"summary_large_image\" \/>\n<meta name=\"twitter:label1\" content=\"Tiempo de lectura\" \/>\n\t<meta name=\"twitter:data1\" content=\"7 minutos\" \/>\n<script type=\"application\/ld+json\" class=\"yoast-schema-graph\">{\"@context\":\"https:\/\/schema.org\",\"@graph\":[{\"@type\":\"WebPage\",\"@id\":\"https:\/\/ticsalutsocial.atoom.space\/es\/noticia\/balcells-laplicacio-dels-drons-en-la-salut-te-un-gran-interes-per-avancar-en-la-sostenibilitat-ambiental-reduir-costos-i-temps-de-desplacaments\/\",\"url\":\"https:\/\/ticsalutsocial.atoom.space\/es\/noticia\/balcells-laplicacio-dels-drons-en-la-salut-te-un-gran-interes-per-avancar-en-la-sostenibilitat-ambiental-reduir-costos-i-temps-de-desplacaments\/\",\"name\":\"Balcells: \\\"La aplicaci\u00f3n de los drones en la salud tiene un gran inter\u00e9s por avanzar en la sostenibilidad ambiental, reducir costes y tiempo de desplazamientos\\\" - Fundaci\u00f3 TIC Salut i Social\",\"isPartOf\":{\"@id\":\"https:\/\/ticsalutsocial.atoom.space\/es\/#website\"},\"primaryImageOfPage\":{\"@id\":\"https:\/\/ticsalutsocial.atoom.space\/es\/noticia\/balcells-laplicacio-dels-drons-en-la-salut-te-un-gran-interes-per-avancar-en-la-sostenibilitat-ambiental-reduir-costos-i-temps-de-desplacaments\/#primaryimage\"},\"image\":{\"@id\":\"https:\/\/ticsalutsocial.atoom.space\/es\/noticia\/balcells-laplicacio-dels-drons-en-la-salut-te-un-gran-interes-per-avancar-en-la-sostenibilitat-ambiental-reduir-costos-i-temps-de-desplacaments\/#primaryimage\"},\"thumbnailUrl\":\"https:\/\/ticsalutsocial.atoom.space\/wp-content\/uploads\/2024\/06\/dron-.jpg\",\"datePublished\":\"2024-06-06T13:47:37+00:00\",\"dateModified\":\"2024-06-25T10:43:35+00:00\",\"description\":\"S'ha celebrat un acte per abordar els reptes que presenta la tecnologia dron en l\u2019\u00e0mbit de la salut a Catalunya.\",\"breadcrumb\":{\"@id\":\"https:\/\/ticsalutsocial.atoom.space\/es\/noticia\/balcells-laplicacio-dels-drons-en-la-salut-te-un-gran-interes-per-avancar-en-la-sostenibilitat-ambiental-reduir-costos-i-temps-de-desplacaments\/#breadcrumb\"},\"inLanguage\":\"es\",\"potentialAction\":[{\"@type\":\"ReadAction\",\"target\":[\"https:\/\/ticsalutsocial.atoom.space\/es\/noticia\/balcells-laplicacio-dels-drons-en-la-salut-te-un-gran-interes-per-avancar-en-la-sostenibilitat-ambiental-reduir-costos-i-temps-de-desplacaments\/\"]}]},{\"@type\":\"ImageObject\",\"inLanguage\":\"es\",\"@id\":\"https:\/\/ticsalutsocial.atoom.space\/es\/noticia\/balcells-laplicacio-dels-drons-en-la-salut-te-un-gran-interes-per-avancar-en-la-sostenibilitat-ambiental-reduir-costos-i-temps-de-desplacaments\/#primaryimage\",\"url\":\"https:\/\/ticsalutsocial.atoom.space\/wp-content\/uploads\/2024\/06\/dron-.jpg\",\"contentUrl\":\"https:\/\/ticsalutsocial.atoom.space\/wp-content\/uploads\/2024\/06\/dron-.jpg\",\"width\":1280,\"height\":960,\"caption\":\"drons salut\"},{\"@type\":\"BreadcrumbList\",\"@id\":\"https:\/\/ticsalutsocial.atoom.space\/es\/noticia\/balcells-laplicacio-dels-drons-en-la-salut-te-un-gran-interes-per-avancar-en-la-sostenibilitat-ambiental-reduir-costos-i-temps-de-desplacaments\/#breadcrumb\",\"itemListElement\":[{\"@type\":\"ListItem\",\"position\":1,\"name\":\"Inici\",\"item\":\"https:\/\/ticsalutsocial.atoom.space\/es\/\"},{\"@type\":\"ListItem\",\"position\":2,\"name\":\"Balcells: &#8220;La aplicaci\u00f3n de los drones en la salud tiene un gran inter\u00e9s por avanzar en la sostenibilidad ambiental, reducir costes y tiempo de desplazamientos&#8221;\"}]},{\"@type\":\"WebSite\",\"@id\":\"https:\/\/ticsalutsocial.atoom.space\/es\/#website\",\"url\":\"https:\/\/ticsalutsocial.atoom.space\/es\/\",\"name\":\"Fundaci\u00f3 TIC Salut i Social\",\"description\":\"\",\"potentialAction\":[{\"@type\":\"SearchAction\",\"target\":{\"@type\":\"EntryPoint\",\"urlTemplate\":\"https:\/\/ticsalutsocial.atoom.space\/es\/?s={search_term_string}\"},\"query-input\":{\"@type\":\"PropertyValueSpecification\",\"valueRequired\":true,\"valueName\":\"search_term_string\"}}],\"inLanguage\":\"es\"}]}<\/script>\n<!-- \/ Yoast SEO plugin. -->","yoast_head_json":{"title":"Balcells: \"La aplicaci\u00f3n de los drones en la salud tiene un gran inter\u00e9s por avanzar en la sostenibilidad ambiental, reducir costes y tiempo de desplazamientos\" - Fundaci\u00f3 TIC Salut i Social","description":"S'ha celebrat un acte per abordar els reptes que presenta la tecnologia dron en l\u2019\u00e0mbit de la salut a Catalunya.","robots":{"index":"index","follow":"follow","max-snippet":"max-snippet:-1","max-image-preview":"max-image-preview:large","max-video-preview":"max-video-preview:-1"},"canonical":"https:\/\/ticsalutsocial.atoom.space\/es\/noticia\/balcells-laplicacio-dels-drons-en-la-salut-te-un-gran-interes-per-avancar-en-la-sostenibilitat-ambiental-reduir-costos-i-temps-de-desplacaments\/","og_locale":"es_ES","og_type":"article","og_title":"Balcells: \"La aplicaci\u00f3n de los drones en la salud tiene un gran inter\u00e9s por avanzar en la sostenibilidad ambiental, reducir costes y tiempo de desplazamientos\" - Fundaci\u00f3 TIC Salut i Social","og_description":"S'ha celebrat un acte per abordar els reptes que presenta la tecnologia dron en l\u2019\u00e0mbit de la salut a Catalunya.","og_url":"https:\/\/ticsalutsocial.atoom.space\/es\/noticia\/balcells-laplicacio-dels-drons-en-la-salut-te-un-gran-interes-per-avancar-en-la-sostenibilitat-ambiental-reduir-costos-i-temps-de-desplacaments\/","og_site_name":"Fundaci\u00f3 TIC Salut i Social","article_modified_time":"2024-06-25T10:43:35+00:00","og_image":[{"width":1280,"height":960,"url":"https:\/\/ticsalutsocial.atoom.space\/wp-content\/uploads\/2024\/06\/dron-.jpg","type":"image\/jpeg"}],"twitter_card":"summary_large_image","twitter_misc":{"Tiempo de lectura":"7 minutos"},"schema":{"@context":"https:\/\/schema.org","@graph":[{"@type":"WebPage","@id":"https:\/\/ticsalutsocial.atoom.space\/es\/noticia\/balcells-laplicacio-dels-drons-en-la-salut-te-un-gran-interes-per-avancar-en-la-sostenibilitat-ambiental-reduir-costos-i-temps-de-desplacaments\/","url":"https:\/\/ticsalutsocial.atoom.space\/es\/noticia\/balcells-laplicacio-dels-drons-en-la-salut-te-un-gran-interes-per-avancar-en-la-sostenibilitat-ambiental-reduir-costos-i-temps-de-desplacaments\/","name":"Balcells: \"La aplicaci\u00f3n de los drones en la salud tiene un gran inter\u00e9s por avanzar en la sostenibilidad ambiental, reducir costes y tiempo de desplazamientos\" - Fundaci\u00f3 TIC Salut i Social","isPartOf":{"@id":"https:\/\/ticsalutsocial.atoom.space\/es\/#website"},"primaryImageOfPage":{"@id":"https:\/\/ticsalutsocial.atoom.space\/es\/noticia\/balcells-laplicacio-dels-drons-en-la-salut-te-un-gran-interes-per-avancar-en-la-sostenibilitat-ambiental-reduir-costos-i-temps-de-desplacaments\/#primaryimage"},"image":{"@id":"https:\/\/ticsalutsocial.atoom.space\/es\/noticia\/balcells-laplicacio-dels-drons-en-la-salut-te-un-gran-interes-per-avancar-en-la-sostenibilitat-ambiental-reduir-costos-i-temps-de-desplacaments\/#primaryimage"},"thumbnailUrl":"https:\/\/ticsalutsocial.atoom.space\/wp-content\/uploads\/2024\/06\/dron-.jpg","datePublished":"2024-06-06T13:47:37+00:00","dateModified":"2024-06-25T10:43:35+00:00","description":"S'ha celebrat un acte per abordar els reptes que presenta la tecnologia dron en l\u2019\u00e0mbit de la salut a Catalunya.","breadcrumb":{"@id":"https:\/\/ticsalutsocial.atoom.space\/es\/noticia\/balcells-laplicacio-dels-drons-en-la-salut-te-un-gran-interes-per-avancar-en-la-sostenibilitat-ambiental-reduir-costos-i-temps-de-desplacaments\/#breadcrumb"},"inLanguage":"es","potentialAction":[{"@type":"ReadAction","target":["https:\/\/ticsalutsocial.atoom.space\/es\/noticia\/balcells-laplicacio-dels-drons-en-la-salut-te-un-gran-interes-per-avancar-en-la-sostenibilitat-ambiental-reduir-costos-i-temps-de-desplacaments\/"]}]},{"@type":"ImageObject","inLanguage":"es","@id":"https:\/\/ticsalutsocial.atoom.space\/es\/noticia\/balcells-laplicacio-dels-drons-en-la-salut-te-un-gran-interes-per-avancar-en-la-sostenibilitat-ambiental-reduir-costos-i-temps-de-desplacaments\/#primaryimage","url":"https:\/\/ticsalutsocial.atoom.space\/wp-content\/uploads\/2024\/06\/dron-.jpg","contentUrl":"https:\/\/ticsalutsocial.atoom.space\/wp-content\/uploads\/2024\/06\/dron-.jpg","width":1280,"height":960,"caption":"drons salut"},{"@type":"BreadcrumbList","@id":"https:\/\/ticsalutsocial.atoom.space\/es\/noticia\/balcells-laplicacio-dels-drons-en-la-salut-te-un-gran-interes-per-avancar-en-la-sostenibilitat-ambiental-reduir-costos-i-temps-de-desplacaments\/#breadcrumb","itemListElement":[{"@type":"ListItem","position":1,"name":"Inici","item":"https:\/\/ticsalutsocial.atoom.space\/es\/"},{"@type":"ListItem","position":2,"name":"Balcells: &#8220;La aplicaci\u00f3n de los drones en la salud tiene un gran inter\u00e9s por avanzar en la sostenibilidad ambiental, reducir costes y tiempo de desplazamientos&#8221;"}]},{"@type":"WebSite","@id":"https:\/\/ticsalutsocial.atoom.space\/es\/#website","url":"https:\/\/ticsalutsocial.atoom.space\/es\/","name":"Fundaci\u00f3 TIC Salut i Social","description":"","potentialAction":[{"@type":"SearchAction","target":{"@type":"EntryPoint","urlTemplate":"https:\/\/ticsalutsocial.atoom.space\/es\/?s={search_term_string}"},"query-input":{"@type":"PropertyValueSpecification","valueRequired":true,"valueName":"search_term_string"}}],"inLanguage":"es"}]}},"_links":{"self":[{"href":"https:\/\/ticsalutsocial.atoom.space\/es\/wp-json\/wp\/v2\/noticia\/27526","targetHints":{"allow":["GET"]}}],"collection":[{"href":"https:\/\/ticsalutsocial.atoom.space\/es\/wp-json\/wp\/v2\/noticia"}],"about":[{"href":"https:\/\/ticsalutsocial.atoom.space\/es\/wp-json\/wp\/v2\/types\/noticia"}],"author":[{"embeddable":true,"href":"https:\/\/ticsalutsocial.atoom.space\/es\/wp-json\/wp\/v2\/users\/3"}],"wp:featuredmedia":[{"embeddable":true,"href":"https:\/\/ticsalutsocial.atoom.space\/es\/wp-json\/wp\/v2\/media\/27519"}],"wp:attachment":[{"href":"https:\/\/ticsalutsocial.atoom.space\/es\/wp-json\/wp\/v2\/media?parent=27526"}],"wp:term":[{"taxonomy":"etiqueta","embeddable":true,"href":"https:\/\/ticsalutsocial.atoom.space\/es\/wp-json\/wp\/v2\/etiqueta?post=27526"},{"taxonomy":"tipus","embeddable":true,"href":"https:\/\/ticsalutsocial.atoom.space\/es\/wp-json\/wp\/v2\/tipus?post=27526"},{"taxonomy":"topic","embeddable":true,"href":"https:\/\/ticsalutsocial.atoom.space\/es\/wp-json\/wp\/v2\/topic?post=27526"}],"curies":[{"name":"wp","href":"https:\/\/api.w.org\/{rel}","templated":true}]}}