
{"id":27696,"date":"2024-06-12T13:01:01","date_gmt":"2024-06-12T11:01:01","guid":{"rendered":"https:\/\/ticsalutsocial.atoom.space\/noticia\/loficina-del-dpd-de-la-fundacio-tic-salut-social-amplia-les-seves-funcions-a-totes-les-entitats-del-sector-public-que-escullin-adherir-shi\/"},"modified":"2024-06-12T13:12:18","modified_gmt":"2024-06-12T11:12:18","slug":"loficina-del-dpd-de-la-fundacio-tic-salut-social-amplia-les-seves-funcions-a-totes-les-entitats-del-sector-public-que-escullin-adherir-shi","status":"publish","type":"noticia","link":"https:\/\/ticsalutsocial.atoom.space\/es\/noticia\/loficina-del-dpd-de-la-fundacio-tic-salut-social-amplia-les-seves-funcions-a-totes-les-entitats-del-sector-public-que-escullin-adherir-shi\/","title":{"rendered":"La oficina del DPD de la Fundaci\u00f3n TIC Salud Social ampl\u00eda sus funciones a todas las entidades del sector p\u00fablico que elijan adherirse"},"content":{"rendered":"<p>Hoy entra en vigor l a Orden SLT\/131\/2024, <a href=\"https:\/\/dogc.gencat.cat\/ca\/document-del-dogc\/?documentId=987674\" target=\"_blank\" rel=\"noopener\">publicada ayer en el DOCG<\/a>, que regula la organizaci\u00f3n de la Delegaci\u00f3n de Protecci\u00f3n de Datos en el \u00e1mbit del <em>Departament de Salut<\/em> y de sus entidades de su sector p\u00fablico.<\/p>\n<p class=\"p1\">La organizaci\u00f3n de las funciones del delegado de protecci\u00f3n de datos puede ser gestionada mediante la designaci\u00f3n de un delegado propio o la transferencia de responsabilidades a una entidad dentro de su sector p\u00fablico.<\/p>\n<p class=\"p1\">Actualmente, la Fundaci\u00f3n TIC Salut Social, mediante <a href=\"https:\/\/ticsalutsocial.atoom.space\/es\/dpd-salut\/\" target=\"_blank\" rel=\"noopener\">la Oficina del Delegado de Protecci\u00f3n de D<\/a><a href=\"https:\/\/ticsalutsocial.atoom.space\/dpd-salut\/\">atos<\/a> (ODPD) es la entidad encargada de gestionar estas funciones para el <em>Departament de Salut<\/em>, el <em>Servei Catal\u00e0 de la Salut<\/em> y la Agencia de Calidad y Evaluaci\u00f3n Sanitarias de Catalu\u00f1a (AQuAS), junto con 37 entidades del sector.<\/p>\n<p class=\"p1\"><b>\u00c1mbito de la Orden<\/b><\/p>\n<p class=\"p1\">En este sentido, la Orden mantiene la funci\u00f3n de la ODPD y abre la posibilidad de ampliarla a las entidades no adheridas. Estas entidades tienen un plazo de tres meses desde la publicaci\u00f3n de la Orden para expresar su voluntad y garantizar la continuidad en la protecci\u00f3n de datos durante este per\u00edodo transitorio.<\/p>\n<p class=\"p1\">En este sentido, la figura del coordinador\/a de protecci\u00f3n de datos de las entidades adheridas tambi\u00e9n se mantiene y consolida como interlocutora directa con la ODPD.<\/p>\n<p class=\"p1\">Con estas medidas, el <em>Departament de Salut de la Generalitat de Catalunya<\/em> reconoce la trayectoria de las entidades proveedoras de servicios asistenciales y de la ODPD. Asimismo, confirma su compromiso en cumplir con los est\u00e1ndares legislativos, mejorar la gesti\u00f3n y seguridad de los datos personales en un sector tan sensible como es el sanitario, y reforzar la confianza de los ciudadanos con las instituciones p\u00fablicas y sus pol\u00edticas de privacidad.<\/p>\n<p>&nbsp;<\/p>\n<p>Fuente: <a href=\"https:\/\/dogc.gencat.cat\/ca\/document-del-dogc\/?documentId=987674\" target=\"_blank\" rel=\"noopener\">DOGC<\/a><\/p>\n","protected":false},"author":3,"featured_media":27692,"menu_order":0,"template":"","meta":{"_acf_changed":false,"inline_featured_image":false},"etiqueta":[],"tipus":[106],"topic":[121],"class_list":["post-27696","noticia","type-noticia","status-publish","has-post-thumbnail","hentry","tipus-dpd-salud","topic-dpd-es"],"acf":{"finalitzat":false,"tipus_plantilla":"objectius","template_objectius":{"cont_principal":"","imatge":false,"cont_seguent":{"titol":"","contingut":""},"seccio_llistat":{"titol":"","llistat":false},"objectius":{"titol":"","objectius":false},"documents":false},"autor":"","imatge":false,"textos_destacats":[{"texte":"La Orden SLT\/131\/2024 mantiene la funci\u00f3n de la ODPD y abre la posibilidad de ampliarla a las entidades no adheridas"}],"documents":false},"yoast_head":"<!-- This site is optimized with the Yoast SEO plugin v27.1.1 - https:\/\/yoast.com\/product\/yoast-seo-wordpress\/ -->\n<title>La oficina del DPD de la Fundaci\u00f3n TIC Salud Social ampl\u00eda sus funciones a todas las entidades del sector p\u00fablico que elijan adherirse - Fundaci\u00f3 TIC Salut i Social<\/title>\n<meta name=\"robots\" content=\"index, follow, max-snippet:-1, max-image-preview:large, max-video-preview:-1\" \/>\n<link rel=\"canonical\" href=\"https:\/\/ticsalutsocial.atoom.space\/es\/noticia\/loficina-del-dpd-de-la-fundacio-tic-salut-social-amplia-les-seves-funcions-a-totes-les-entitats-del-sector-public-que-escullin-adherir-shi\/\" \/>\n<meta property=\"og:locale\" content=\"es_ES\" \/>\n<meta property=\"og:type\" content=\"article\" \/>\n<meta property=\"og:title\" content=\"La oficina del DPD de la Fundaci\u00f3n TIC Salud Social ampl\u00eda sus funciones a todas las entidades del sector p\u00fablico que elijan adherirse - Fundaci\u00f3 TIC Salut i Social\" \/>\n<meta property=\"og:description\" content=\"Hoy entra en vigor l a Orden SLT\/131\/2024, publicada ayer en el DOCG, que regula la organizaci\u00f3n de la Delegaci\u00f3n de Protecci\u00f3n de Datos en el \u00e1mbit del Departament de Salut y de sus entidades de su sector p\u00fablico. La organizaci\u00f3n de las funciones del delegado de protecci\u00f3n de datos puede ser gestionada mediante la [&hellip;]\" \/>\n<meta property=\"og:url\" content=\"https:\/\/ticsalutsocial.atoom.space\/es\/noticia\/loficina-del-dpd-de-la-fundacio-tic-salut-social-amplia-les-seves-funcions-a-totes-les-entitats-del-sector-public-que-escullin-adherir-shi\/\" \/>\n<meta property=\"og:site_name\" content=\"Fundaci\u00f3 TIC Salut i Social\" \/>\n<meta property=\"article:modified_time\" content=\"2024-06-12T11:12:18+00:00\" \/>\n<meta property=\"og:image\" content=\"https:\/\/ticsalutsocial.atoom.space\/wp-content\/uploads\/2024\/06\/iStock-1177898404-scaled.jpg\" \/>\n\t<meta property=\"og:image:width\" content=\"2560\" \/>\n\t<meta property=\"og:image:height\" content=\"1920\" \/>\n\t<meta property=\"og:image:type\" content=\"image\/jpeg\" \/>\n<meta name=\"twitter:card\" content=\"summary_large_image\" \/>\n<meta name=\"twitter:label1\" content=\"Tiempo de lectura\" \/>\n\t<meta name=\"twitter:data1\" content=\"2 minutos\" \/>\n<script type=\"application\/ld+json\" class=\"yoast-schema-graph\">{\"@context\":\"https:\/\/schema.org\",\"@graph\":[{\"@type\":\"WebPage\",\"@id\":\"https:\/\/ticsalutsocial.atoom.space\/es\/noticia\/loficina-del-dpd-de-la-fundacio-tic-salut-social-amplia-les-seves-funcions-a-totes-les-entitats-del-sector-public-que-escullin-adherir-shi\/\",\"url\":\"https:\/\/ticsalutsocial.atoom.space\/es\/noticia\/loficina-del-dpd-de-la-fundacio-tic-salut-social-amplia-les-seves-funcions-a-totes-les-entitats-del-sector-public-que-escullin-adherir-shi\/\",\"name\":\"La oficina del DPD de la Fundaci\u00f3n TIC Salud Social ampl\u00eda sus funciones a todas las entidades del sector p\u00fablico que elijan adherirse - Fundaci\u00f3 TIC Salut i Social\",\"isPartOf\":{\"@id\":\"https:\/\/ticsalutsocial.atoom.space\/es\/#website\"},\"primaryImageOfPage\":{\"@id\":\"https:\/\/ticsalutsocial.atoom.space\/es\/noticia\/loficina-del-dpd-de-la-fundacio-tic-salut-social-amplia-les-seves-funcions-a-totes-les-entitats-del-sector-public-que-escullin-adherir-shi\/#primaryimage\"},\"image\":{\"@id\":\"https:\/\/ticsalutsocial.atoom.space\/es\/noticia\/loficina-del-dpd-de-la-fundacio-tic-salut-social-amplia-les-seves-funcions-a-totes-les-entitats-del-sector-public-que-escullin-adherir-shi\/#primaryimage\"},\"thumbnailUrl\":\"https:\/\/ticsalutsocial.atoom.space\/wp-content\/uploads\/2024\/06\/iStock-1177898404-scaled.jpg\",\"datePublished\":\"2024-06-12T11:01:01+00:00\",\"dateModified\":\"2024-06-12T11:12:18+00:00\",\"breadcrumb\":{\"@id\":\"https:\/\/ticsalutsocial.atoom.space\/es\/noticia\/loficina-del-dpd-de-la-fundacio-tic-salut-social-amplia-les-seves-funcions-a-totes-les-entitats-del-sector-public-que-escullin-adherir-shi\/#breadcrumb\"},\"inLanguage\":\"es\",\"potentialAction\":[{\"@type\":\"ReadAction\",\"target\":[\"https:\/\/ticsalutsocial.atoom.space\/es\/noticia\/loficina-del-dpd-de-la-fundacio-tic-salut-social-amplia-les-seves-funcions-a-totes-les-entitats-del-sector-public-que-escullin-adherir-shi\/\"]}]},{\"@type\":\"ImageObject\",\"inLanguage\":\"es\",\"@id\":\"https:\/\/ticsalutsocial.atoom.space\/es\/noticia\/loficina-del-dpd-de-la-fundacio-tic-salut-social-amplia-les-seves-funcions-a-totes-les-entitats-del-sector-public-que-escullin-adherir-shi\/#primaryimage\",\"url\":\"https:\/\/ticsalutsocial.atoom.space\/wp-content\/uploads\/2024\/06\/iStock-1177898404-scaled.jpg\",\"contentUrl\":\"https:\/\/ticsalutsocial.atoom.space\/wp-content\/uploads\/2024\/06\/iStock-1177898404-scaled.jpg\",\"width\":2560,\"height\":1920,\"caption\":\"Stethoscope with Padlock on Chalkboard Background - 3D Rendering\"},{\"@type\":\"BreadcrumbList\",\"@id\":\"https:\/\/ticsalutsocial.atoom.space\/es\/noticia\/loficina-del-dpd-de-la-fundacio-tic-salut-social-amplia-les-seves-funcions-a-totes-les-entitats-del-sector-public-que-escullin-adherir-shi\/#breadcrumb\",\"itemListElement\":[{\"@type\":\"ListItem\",\"position\":1,\"name\":\"Inici\",\"item\":\"https:\/\/ticsalutsocial.atoom.space\/es\/\"},{\"@type\":\"ListItem\",\"position\":2,\"name\":\"La oficina del DPD de la Fundaci\u00f3n TIC Salud Social ampl\u00eda sus funciones a todas las entidades del sector p\u00fablico que elijan adherirse\"}]},{\"@type\":\"WebSite\",\"@id\":\"https:\/\/ticsalutsocial.atoom.space\/es\/#website\",\"url\":\"https:\/\/ticsalutsocial.atoom.space\/es\/\",\"name\":\"Fundaci\u00f3 TIC Salut i Social\",\"description\":\"\",\"potentialAction\":[{\"@type\":\"SearchAction\",\"target\":{\"@type\":\"EntryPoint\",\"urlTemplate\":\"https:\/\/ticsalutsocial.atoom.space\/es\/?s={search_term_string}\"},\"query-input\":{\"@type\":\"PropertyValueSpecification\",\"valueRequired\":true,\"valueName\":\"search_term_string\"}}],\"inLanguage\":\"es\"}]}<\/script>\n<!-- \/ Yoast SEO plugin. -->","yoast_head_json":{"title":"La oficina del DPD de la Fundaci\u00f3n TIC Salud Social ampl\u00eda sus funciones a todas las entidades del sector p\u00fablico que elijan adherirse - Fundaci\u00f3 TIC Salut i Social","robots":{"index":"index","follow":"follow","max-snippet":"max-snippet:-1","max-image-preview":"max-image-preview:large","max-video-preview":"max-video-preview:-1"},"canonical":"https:\/\/ticsalutsocial.atoom.space\/es\/noticia\/loficina-del-dpd-de-la-fundacio-tic-salut-social-amplia-les-seves-funcions-a-totes-les-entitats-del-sector-public-que-escullin-adherir-shi\/","og_locale":"es_ES","og_type":"article","og_title":"La oficina del DPD de la Fundaci\u00f3n TIC Salud Social ampl\u00eda sus funciones a todas las entidades del sector p\u00fablico que elijan adherirse - Fundaci\u00f3 TIC Salut i Social","og_description":"Hoy entra en vigor l a Orden SLT\/131\/2024, publicada ayer en el DOCG, que regula la organizaci\u00f3n de la Delegaci\u00f3n de Protecci\u00f3n de Datos en el \u00e1mbit del Departament de Salut y de sus entidades de su sector p\u00fablico. La organizaci\u00f3n de las funciones del delegado de protecci\u00f3n de datos puede ser gestionada mediante la [&hellip;]","og_url":"https:\/\/ticsalutsocial.atoom.space\/es\/noticia\/loficina-del-dpd-de-la-fundacio-tic-salut-social-amplia-les-seves-funcions-a-totes-les-entitats-del-sector-public-que-escullin-adherir-shi\/","og_site_name":"Fundaci\u00f3 TIC Salut i Social","article_modified_time":"2024-06-12T11:12:18+00:00","og_image":[{"width":2560,"height":1920,"url":"https:\/\/ticsalutsocial.atoom.space\/wp-content\/uploads\/2024\/06\/iStock-1177898404-scaled.jpg","type":"image\/jpeg"}],"twitter_card":"summary_large_image","twitter_misc":{"Tiempo de lectura":"2 minutos"},"schema":{"@context":"https:\/\/schema.org","@graph":[{"@type":"WebPage","@id":"https:\/\/ticsalutsocial.atoom.space\/es\/noticia\/loficina-del-dpd-de-la-fundacio-tic-salut-social-amplia-les-seves-funcions-a-totes-les-entitats-del-sector-public-que-escullin-adherir-shi\/","url":"https:\/\/ticsalutsocial.atoom.space\/es\/noticia\/loficina-del-dpd-de-la-fundacio-tic-salut-social-amplia-les-seves-funcions-a-totes-les-entitats-del-sector-public-que-escullin-adherir-shi\/","name":"La oficina del DPD de la Fundaci\u00f3n TIC Salud Social ampl\u00eda sus funciones a todas las entidades del sector p\u00fablico que elijan adherirse - Fundaci\u00f3 TIC Salut i Social","isPartOf":{"@id":"https:\/\/ticsalutsocial.atoom.space\/es\/#website"},"primaryImageOfPage":{"@id":"https:\/\/ticsalutsocial.atoom.space\/es\/noticia\/loficina-del-dpd-de-la-fundacio-tic-salut-social-amplia-les-seves-funcions-a-totes-les-entitats-del-sector-public-que-escullin-adherir-shi\/#primaryimage"},"image":{"@id":"https:\/\/ticsalutsocial.atoom.space\/es\/noticia\/loficina-del-dpd-de-la-fundacio-tic-salut-social-amplia-les-seves-funcions-a-totes-les-entitats-del-sector-public-que-escullin-adherir-shi\/#primaryimage"},"thumbnailUrl":"https:\/\/ticsalutsocial.atoom.space\/wp-content\/uploads\/2024\/06\/iStock-1177898404-scaled.jpg","datePublished":"2024-06-12T11:01:01+00:00","dateModified":"2024-06-12T11:12:18+00:00","breadcrumb":{"@id":"https:\/\/ticsalutsocial.atoom.space\/es\/noticia\/loficina-del-dpd-de-la-fundacio-tic-salut-social-amplia-les-seves-funcions-a-totes-les-entitats-del-sector-public-que-escullin-adherir-shi\/#breadcrumb"},"inLanguage":"es","potentialAction":[{"@type":"ReadAction","target":["https:\/\/ticsalutsocial.atoom.space\/es\/noticia\/loficina-del-dpd-de-la-fundacio-tic-salut-social-amplia-les-seves-funcions-a-totes-les-entitats-del-sector-public-que-escullin-adherir-shi\/"]}]},{"@type":"ImageObject","inLanguage":"es","@id":"https:\/\/ticsalutsocial.atoom.space\/es\/noticia\/loficina-del-dpd-de-la-fundacio-tic-salut-social-amplia-les-seves-funcions-a-totes-les-entitats-del-sector-public-que-escullin-adherir-shi\/#primaryimage","url":"https:\/\/ticsalutsocial.atoom.space\/wp-content\/uploads\/2024\/06\/iStock-1177898404-scaled.jpg","contentUrl":"https:\/\/ticsalutsocial.atoom.space\/wp-content\/uploads\/2024\/06\/iStock-1177898404-scaled.jpg","width":2560,"height":1920,"caption":"Stethoscope with Padlock on Chalkboard Background - 3D Rendering"},{"@type":"BreadcrumbList","@id":"https:\/\/ticsalutsocial.atoom.space\/es\/noticia\/loficina-del-dpd-de-la-fundacio-tic-salut-social-amplia-les-seves-funcions-a-totes-les-entitats-del-sector-public-que-escullin-adherir-shi\/#breadcrumb","itemListElement":[{"@type":"ListItem","position":1,"name":"Inici","item":"https:\/\/ticsalutsocial.atoom.space\/es\/"},{"@type":"ListItem","position":2,"name":"La oficina del DPD de la Fundaci\u00f3n TIC Salud Social ampl\u00eda sus funciones a todas las entidades del sector p\u00fablico que elijan adherirse"}]},{"@type":"WebSite","@id":"https:\/\/ticsalutsocial.atoom.space\/es\/#website","url":"https:\/\/ticsalutsocial.atoom.space\/es\/","name":"Fundaci\u00f3 TIC Salut i Social","description":"","potentialAction":[{"@type":"SearchAction","target":{"@type":"EntryPoint","urlTemplate":"https:\/\/ticsalutsocial.atoom.space\/es\/?s={search_term_string}"},"query-input":{"@type":"PropertyValueSpecification","valueRequired":true,"valueName":"search_term_string"}}],"inLanguage":"es"}]}},"_links":{"self":[{"href":"https:\/\/ticsalutsocial.atoom.space\/es\/wp-json\/wp\/v2\/noticia\/27696","targetHints":{"allow":["GET"]}}],"collection":[{"href":"https:\/\/ticsalutsocial.atoom.space\/es\/wp-json\/wp\/v2\/noticia"}],"about":[{"href":"https:\/\/ticsalutsocial.atoom.space\/es\/wp-json\/wp\/v2\/types\/noticia"}],"author":[{"embeddable":true,"href":"https:\/\/ticsalutsocial.atoom.space\/es\/wp-json\/wp\/v2\/users\/3"}],"wp:featuredmedia":[{"embeddable":true,"href":"https:\/\/ticsalutsocial.atoom.space\/es\/wp-json\/wp\/v2\/media\/27692"}],"wp:attachment":[{"href":"https:\/\/ticsalutsocial.atoom.space\/es\/wp-json\/wp\/v2\/media?parent=27696"}],"wp:term":[{"taxonomy":"etiqueta","embeddable":true,"href":"https:\/\/ticsalutsocial.atoom.space\/es\/wp-json\/wp\/v2\/etiqueta?post=27696"},{"taxonomy":"tipus","embeddable":true,"href":"https:\/\/ticsalutsocial.atoom.space\/es\/wp-json\/wp\/v2\/tipus?post=27696"},{"taxonomy":"topic","embeddable":true,"href":"https:\/\/ticsalutsocial.atoom.space\/es\/wp-json\/wp\/v2\/topic?post=27696"}],"curies":[{"name":"wp","href":"https:\/\/api.w.org\/{rel}","templated":true}]}}