
{"id":27716,"date":"2024-06-14T09:38:03","date_gmt":"2024-06-14T07:38:03","guid":{"rendered":"https:\/\/ticsalutsocial.atoom.space\/noticia\/intersocial-amplia-el-diccionari-terminologic-social-amb-la-incorporacio-de-nous-conceptes\/"},"modified":"2025-06-06T11:18:29","modified_gmt":"2025-06-06T09:18:29","slug":"intersocial-amplia-el-diccionari-terminologic-social-amb-la-incorporacio-de-nous-conceptes","status":"publish","type":"noticia","link":"https:\/\/ticsalutsocial.atoom.space\/es\/noticia\/intersocial-amplia-el-diccionari-terminologic-social-amb-la-incorporacio-de-nous-conceptes\/","title":{"rendered":"InterSocial ampl\u00eda el Diccionario Terminol\u00f3gico Social con la incorporaci\u00f3n de nuevos conceptos"},"content":{"rendered":"\n<p>El pasado mes de mayo, el proyecto<a href=\"https:\/\/ticsalutsocial.atoom.space\/es\/que-fem\/ambit-social\/\" target=\"_blank\" rel=\"noreferrer noopener\"> InterSocial<\/a> ampli\u00f3 los conceptos de los sistemas de informaci\u00f3n de los Servicios Sociales de Catalu\u00f1a. De este modo el <a href=\"https:\/\/ticsalutsocial.atoom.space\/es\/formulari-dobtencio-de-snomed-ct-2\/\" target=\"_blank\" rel=\"noreferrer noopener\">diccionario terminol\u00f3gico social<\/a> crece desde 251 conceptos codificados a hasta 372. Estos nuevos conceptos corresponden al \u00e1mbito de las violencias machistas.<\/p>\n\n\n\n<p>La Fundaci\u00f3 TIC Salut Social, en colaboraci\u00f3n con el Departament de Drets Socials, participa en este proyecto desde 2016 con el objetivo de crear y ampliar progresivamente un terminolog\u00eda que permita estandarizar situaciones, factores y observaciones en el \u00e1mbito social.<\/p>\n\n\n\n<p>Mediante estos vocabularios controlados comunes se pretende proporcionar una mejora en la integraci\u00f3n de los datos de los servicios sociales de Catalu\u00f1a. Esto ayudar\u00e1 a facilitar el trabajo que desarrollan los profesionales de la atenci\u00f3n social. De igual manera se potencia la interoperabilidad eficaz entre los diferentes sistemas de informaci\u00f3n de los Servicios Sociales de Catalu\u00f1a.<\/p>\n\n\n\n<p>En este sentido, las nuevas definiciones del diccionario terminol\u00f3gico social tambi\u00e9n habilitan una visi\u00f3n m\u00e1s completa de las diferentes situaciones que requieren atenci\u00f3n prioritaria por parte de la ciudadan\u00eda. Esto permite definir un servicio m\u00e1s ajustado a las casu\u00edsticas espec\u00edficas de cada persona.<\/p>\n\n\n\n<p>Por otro lado, los conceptos codificados seg\u00fan los est\u00e1ndares internacionales SNOMED CT, tambi\u00e9n est\u00e1n pensados para poder interoperar entre los diversos sistemas de informaci\u00f3n. Salud, Educaci\u00f3n y Justicia son algunos ejemplos.<\/p>\n\n\n\n<p>InterSocial es posible gracias a la experiencia de diferentes profesionales de organismos dentro del \u00e1mbito de la salud y social, y de la futura Agencia de Atenci\u00f3n Social y Sanitaria.<\/p>\n\n\n\n<p>Actualmente estamos trabajando en el formato de distribuci\u00f3n del diccionario, pr\u00f3ximamente estar\u00e1 disponible a trav\u00e9s de la web de la Fundaci\u00f3n.<\/p>\n","protected":false},"author":3,"featured_media":27715,"menu_order":0,"template":"","meta":{"_acf_changed":true,"inline_featured_image":false},"etiqueta":[],"tipus":[1161,94],"topic":[],"class_list":["post-27716","noticia","type-noticia","status-publish","has-post-thumbnail","hentry","tipus-ambito-social","tipus-integracion-social-y-sanitaria"],"acf":{"autor":"","imatge":27715,"textos_destacats":[{"texte":"El diccionario terminol\u00f3gico social pasa de contar 251 conceptos codificados a tener 372."}],"documents":false,"finalitzat":false,"tipus_plantilla":"objectius","template_objectius":{"cont_principal":"","imatge":false,"cont_seguent":{"titol":"","contingut":""},"seccio_llistat":{"titol":"","llistat":false},"objectius":{"titol":"","objectius":false},"documents":false}},"yoast_head":"<!-- This site is optimized with the Yoast SEO plugin v27.1.1 - https:\/\/yoast.com\/product\/yoast-seo-wordpress\/ -->\n<title>InterSocial ampl\u00eda el Diccionario Terminol\u00f3gico Social con la incorporaci\u00f3n de nuevos conceptos - Fundaci\u00f3 TIC Salut i Social<\/title>\n<meta name=\"description\" content=\"El diccionario terminol\u00f3gico social pasa de contar 251 conceptos codificados a tener 372.\" \/>\n<meta name=\"robots\" content=\"index, follow, max-snippet:-1, max-image-preview:large, max-video-preview:-1\" \/>\n<link rel=\"canonical\" href=\"https:\/\/ticsalutsocial.atoom.space\/es\/noticia\/intersocial-amplia-el-diccionari-terminologic-social-amb-la-incorporacio-de-nous-conceptes\/\" \/>\n<meta property=\"og:locale\" content=\"es_ES\" \/>\n<meta property=\"og:type\" content=\"article\" \/>\n<meta property=\"og:title\" content=\"InterSocial ampl\u00eda el Diccionario Terminol\u00f3gico Social con la incorporaci\u00f3n de nuevos conceptos - Fundaci\u00f3 TIC Salut i Social\" \/>\n<meta property=\"og:description\" content=\"El diccionario terminol\u00f3gico social pasa de contar 251 conceptos codificados a tener 372.\" \/>\n<meta property=\"og:url\" content=\"https:\/\/ticsalutsocial.atoom.space\/es\/noticia\/intersocial-amplia-el-diccionari-terminologic-social-amb-la-incorporacio-de-nous-conceptes\/\" \/>\n<meta property=\"og:site_name\" content=\"Fundaci\u00f3 TIC Salut i Social\" \/>\n<meta property=\"article:modified_time\" content=\"2025-06-06T09:18:29+00:00\" \/>\n<meta property=\"og:image\" content=\"https:\/\/ticsalutsocial.atoom.space\/wp-content\/uploads\/2024\/06\/diccionarisocial.jpg\" \/>\n\t<meta property=\"og:image:width\" content=\"1280\" \/>\n\t<meta property=\"og:image:height\" content=\"960\" \/>\n\t<meta property=\"og:image:type\" content=\"image\/jpeg\" \/>\n<meta name=\"twitter:card\" content=\"summary_large_image\" \/>\n<meta name=\"twitter:label1\" content=\"Tiempo de lectura\" \/>\n\t<meta name=\"twitter:data1\" content=\"2 minutos\" \/>\n<script type=\"application\/ld+json\" class=\"yoast-schema-graph\">{\"@context\":\"https:\/\/schema.org\",\"@graph\":[{\"@type\":\"WebPage\",\"@id\":\"https:\/\/ticsalutsocial.atoom.space\/es\/noticia\/intersocial-amplia-el-diccionari-terminologic-social-amb-la-incorporacio-de-nous-conceptes\/\",\"url\":\"https:\/\/ticsalutsocial.atoom.space\/es\/noticia\/intersocial-amplia-el-diccionari-terminologic-social-amb-la-incorporacio-de-nous-conceptes\/\",\"name\":\"InterSocial ampl\u00eda el Diccionario Terminol\u00f3gico Social con la incorporaci\u00f3n de nuevos conceptos - Fundaci\u00f3 TIC Salut i Social\",\"isPartOf\":{\"@id\":\"https:\/\/ticsalutsocial.atoom.space\/es\/#website\"},\"primaryImageOfPage\":{\"@id\":\"https:\/\/ticsalutsocial.atoom.space\/es\/noticia\/intersocial-amplia-el-diccionari-terminologic-social-amb-la-incorporacio-de-nous-conceptes\/#primaryimage\"},\"image\":{\"@id\":\"https:\/\/ticsalutsocial.atoom.space\/es\/noticia\/intersocial-amplia-el-diccionari-terminologic-social-amb-la-incorporacio-de-nous-conceptes\/#primaryimage\"},\"thumbnailUrl\":\"https:\/\/ticsalutsocial.atoom.space\/wp-content\/uploads\/2024\/06\/diccionarisocial.jpg\",\"datePublished\":\"2024-06-14T07:38:03+00:00\",\"dateModified\":\"2025-06-06T09:18:29+00:00\",\"description\":\"El diccionario terminol\u00f3gico social pasa de contar 251 conceptos codificados a tener 372.\",\"breadcrumb\":{\"@id\":\"https:\/\/ticsalutsocial.atoom.space\/es\/noticia\/intersocial-amplia-el-diccionari-terminologic-social-amb-la-incorporacio-de-nous-conceptes\/#breadcrumb\"},\"inLanguage\":\"es\",\"potentialAction\":[{\"@type\":\"ReadAction\",\"target\":[\"https:\/\/ticsalutsocial.atoom.space\/es\/noticia\/intersocial-amplia-el-diccionari-terminologic-social-amb-la-incorporacio-de-nous-conceptes\/\"]}]},{\"@type\":\"ImageObject\",\"inLanguage\":\"es\",\"@id\":\"https:\/\/ticsalutsocial.atoom.space\/es\/noticia\/intersocial-amplia-el-diccionari-terminologic-social-amb-la-incorporacio-de-nous-conceptes\/#primaryimage\",\"url\":\"https:\/\/ticsalutsocial.atoom.space\/wp-content\/uploads\/2024\/06\/diccionarisocial.jpg\",\"contentUrl\":\"https:\/\/ticsalutsocial.atoom.space\/wp-content\/uploads\/2024\/06\/diccionarisocial.jpg\",\"width\":1280,\"height\":960,\"caption\":\"diccionari terminol\u00f2gic social\"},{\"@type\":\"BreadcrumbList\",\"@id\":\"https:\/\/ticsalutsocial.atoom.space\/es\/noticia\/intersocial-amplia-el-diccionari-terminologic-social-amb-la-incorporacio-de-nous-conceptes\/#breadcrumb\",\"itemListElement\":[{\"@type\":\"ListItem\",\"position\":1,\"name\":\"Inici\",\"item\":\"https:\/\/ticsalutsocial.atoom.space\/es\/\"},{\"@type\":\"ListItem\",\"position\":2,\"name\":\"InterSocial ampl\u00eda el Diccionario Terminol\u00f3gico Social con la incorporaci\u00f3n de nuevos conceptos\"}]},{\"@type\":\"WebSite\",\"@id\":\"https:\/\/ticsalutsocial.atoom.space\/es\/#website\",\"url\":\"https:\/\/ticsalutsocial.atoom.space\/es\/\",\"name\":\"Fundaci\u00f3 TIC Salut i Social\",\"description\":\"\",\"potentialAction\":[{\"@type\":\"SearchAction\",\"target\":{\"@type\":\"EntryPoint\",\"urlTemplate\":\"https:\/\/ticsalutsocial.atoom.space\/es\/?s={search_term_string}\"},\"query-input\":{\"@type\":\"PropertyValueSpecification\",\"valueRequired\":true,\"valueName\":\"search_term_string\"}}],\"inLanguage\":\"es\"}]}<\/script>\n<!-- \/ Yoast SEO plugin. -->","yoast_head_json":{"title":"InterSocial ampl\u00eda el Diccionario Terminol\u00f3gico Social con la incorporaci\u00f3n de nuevos conceptos - Fundaci\u00f3 TIC Salut i Social","description":"El diccionario terminol\u00f3gico social pasa de contar 251 conceptos codificados a tener 372.","robots":{"index":"index","follow":"follow","max-snippet":"max-snippet:-1","max-image-preview":"max-image-preview:large","max-video-preview":"max-video-preview:-1"},"canonical":"https:\/\/ticsalutsocial.atoom.space\/es\/noticia\/intersocial-amplia-el-diccionari-terminologic-social-amb-la-incorporacio-de-nous-conceptes\/","og_locale":"es_ES","og_type":"article","og_title":"InterSocial ampl\u00eda el Diccionario Terminol\u00f3gico Social con la incorporaci\u00f3n de nuevos conceptos - Fundaci\u00f3 TIC Salut i Social","og_description":"El diccionario terminol\u00f3gico social pasa de contar 251 conceptos codificados a tener 372.","og_url":"https:\/\/ticsalutsocial.atoom.space\/es\/noticia\/intersocial-amplia-el-diccionari-terminologic-social-amb-la-incorporacio-de-nous-conceptes\/","og_site_name":"Fundaci\u00f3 TIC Salut i Social","article_modified_time":"2025-06-06T09:18:29+00:00","og_image":[{"width":1280,"height":960,"url":"https:\/\/ticsalutsocial.atoom.space\/wp-content\/uploads\/2024\/06\/diccionarisocial.jpg","type":"image\/jpeg"}],"twitter_card":"summary_large_image","twitter_misc":{"Tiempo de lectura":"2 minutos"},"schema":{"@context":"https:\/\/schema.org","@graph":[{"@type":"WebPage","@id":"https:\/\/ticsalutsocial.atoom.space\/es\/noticia\/intersocial-amplia-el-diccionari-terminologic-social-amb-la-incorporacio-de-nous-conceptes\/","url":"https:\/\/ticsalutsocial.atoom.space\/es\/noticia\/intersocial-amplia-el-diccionari-terminologic-social-amb-la-incorporacio-de-nous-conceptes\/","name":"InterSocial ampl\u00eda el Diccionario Terminol\u00f3gico Social con la incorporaci\u00f3n de nuevos conceptos - Fundaci\u00f3 TIC Salut i Social","isPartOf":{"@id":"https:\/\/ticsalutsocial.atoom.space\/es\/#website"},"primaryImageOfPage":{"@id":"https:\/\/ticsalutsocial.atoom.space\/es\/noticia\/intersocial-amplia-el-diccionari-terminologic-social-amb-la-incorporacio-de-nous-conceptes\/#primaryimage"},"image":{"@id":"https:\/\/ticsalutsocial.atoom.space\/es\/noticia\/intersocial-amplia-el-diccionari-terminologic-social-amb-la-incorporacio-de-nous-conceptes\/#primaryimage"},"thumbnailUrl":"https:\/\/ticsalutsocial.atoom.space\/wp-content\/uploads\/2024\/06\/diccionarisocial.jpg","datePublished":"2024-06-14T07:38:03+00:00","dateModified":"2025-06-06T09:18:29+00:00","description":"El diccionario terminol\u00f3gico social pasa de contar 251 conceptos codificados a tener 372.","breadcrumb":{"@id":"https:\/\/ticsalutsocial.atoom.space\/es\/noticia\/intersocial-amplia-el-diccionari-terminologic-social-amb-la-incorporacio-de-nous-conceptes\/#breadcrumb"},"inLanguage":"es","potentialAction":[{"@type":"ReadAction","target":["https:\/\/ticsalutsocial.atoom.space\/es\/noticia\/intersocial-amplia-el-diccionari-terminologic-social-amb-la-incorporacio-de-nous-conceptes\/"]}]},{"@type":"ImageObject","inLanguage":"es","@id":"https:\/\/ticsalutsocial.atoom.space\/es\/noticia\/intersocial-amplia-el-diccionari-terminologic-social-amb-la-incorporacio-de-nous-conceptes\/#primaryimage","url":"https:\/\/ticsalutsocial.atoom.space\/wp-content\/uploads\/2024\/06\/diccionarisocial.jpg","contentUrl":"https:\/\/ticsalutsocial.atoom.space\/wp-content\/uploads\/2024\/06\/diccionarisocial.jpg","width":1280,"height":960,"caption":"diccionari terminol\u00f2gic social"},{"@type":"BreadcrumbList","@id":"https:\/\/ticsalutsocial.atoom.space\/es\/noticia\/intersocial-amplia-el-diccionari-terminologic-social-amb-la-incorporacio-de-nous-conceptes\/#breadcrumb","itemListElement":[{"@type":"ListItem","position":1,"name":"Inici","item":"https:\/\/ticsalutsocial.atoom.space\/es\/"},{"@type":"ListItem","position":2,"name":"InterSocial ampl\u00eda el Diccionario Terminol\u00f3gico Social con la incorporaci\u00f3n de nuevos conceptos"}]},{"@type":"WebSite","@id":"https:\/\/ticsalutsocial.atoom.space\/es\/#website","url":"https:\/\/ticsalutsocial.atoom.space\/es\/","name":"Fundaci\u00f3 TIC Salut i Social","description":"","potentialAction":[{"@type":"SearchAction","target":{"@type":"EntryPoint","urlTemplate":"https:\/\/ticsalutsocial.atoom.space\/es\/?s={search_term_string}"},"query-input":{"@type":"PropertyValueSpecification","valueRequired":true,"valueName":"search_term_string"}}],"inLanguage":"es"}]}},"_links":{"self":[{"href":"https:\/\/ticsalutsocial.atoom.space\/es\/wp-json\/wp\/v2\/noticia\/27716","targetHints":{"allow":["GET"]}}],"collection":[{"href":"https:\/\/ticsalutsocial.atoom.space\/es\/wp-json\/wp\/v2\/noticia"}],"about":[{"href":"https:\/\/ticsalutsocial.atoom.space\/es\/wp-json\/wp\/v2\/types\/noticia"}],"author":[{"embeddable":true,"href":"https:\/\/ticsalutsocial.atoom.space\/es\/wp-json\/wp\/v2\/users\/3"}],"wp:featuredmedia":[{"embeddable":true,"href":"https:\/\/ticsalutsocial.atoom.space\/es\/wp-json\/wp\/v2\/media\/27715"}],"wp:attachment":[{"href":"https:\/\/ticsalutsocial.atoom.space\/es\/wp-json\/wp\/v2\/media?parent=27716"}],"wp:term":[{"taxonomy":"etiqueta","embeddable":true,"href":"https:\/\/ticsalutsocial.atoom.space\/es\/wp-json\/wp\/v2\/etiqueta?post=27716"},{"taxonomy":"tipus","embeddable":true,"href":"https:\/\/ticsalutsocial.atoom.space\/es\/wp-json\/wp\/v2\/tipus?post=27716"},{"taxonomy":"topic","embeddable":true,"href":"https:\/\/ticsalutsocial.atoom.space\/es\/wp-json\/wp\/v2\/topic?post=27716"}],"curies":[{"name":"wp","href":"https:\/\/api.w.org\/{rel}","templated":true}]}}