
{"id":27767,"date":"2024-06-20T09:30:02","date_gmt":"2024-06-20T07:30:02","guid":{"rendered":"https:\/\/ticsalutsocial.atoom.space\/noticia\/la-catedra-tic-salut-social-coordina-lassignatura-de-salut-digital\/"},"modified":"2024-06-20T09:51:39","modified_gmt":"2024-06-20T07:51:39","slug":"la-catedra-tic-salut-social-coordina-lassignatura-de-salut-digital","status":"publish","type":"noticia","link":"https:\/\/ticsalutsocial.atoom.space\/es\/noticia\/la-catedra-tic-salut-social-coordina-lassignatura-de-salut-digital\/","title":{"rendered":"La C\u00e1tedra TIC Salut Social coordina la asignatura de Salud Digital"},"content":{"rendered":"<p>En el marco del Grado de Medicina de la Facultad de Medicina de la Universidad de Vic &#8211; Universidad Central de Catalu\u00f1a (UVic-UCC) se ha impartido la asignatura de Salud Digital durante este mes de junio. Coordinada por la C\u00e1tedra TIC Salut Social, la formaci\u00f3n proporciona a los estudiantes una base de conocimiento sobre la aplicaci\u00f3n de las TIC en entornos sanitarios. Se trata de una oferta formativa \u00fanicamente disponible en el Grado de Medicina de la UVic &#8211; UCC y que responde a los \u00e1mbitos de innovaci\u00f3n tecnol\u00f3gica de la Fundaci\u00f3n TIC Salud Social.<\/p>\n<p>La oferta de competencias pasa por la introducci\u00f3n en la estrategia digital del sistema de salud catal\u00e1n; la identificaci\u00f3n de la aplicaci\u00f3n de las TIC en diferentes situaciones del \u00e1mbito de la salud; el uso de canales de servicio no presencial en el \u00e1mbito sanitario; el desarrollo de habilidades para la comunicaci\u00f3n no presencial; y la comprensi\u00f3n de la IA como herramienta para el apoyo a la toma de decisiones en medicina.<\/p>\n<p>A trav\u00e9s de un enfoque pr\u00e1ctico, se abordan estos temas a trav\u00e9s de \u00e1mbitos como la interoperabilidad de los sistemas, la telemedicina, la imagen m\u00e9dica digital, la innovaci\u00f3n y el emprendimiento, la impresi\u00f3n 3D, o la inteligencia artificial.<\/p>\n<p>&nbsp;<\/p>\n<h4><strong>Participaci\u00f3n de expertos del sector<\/strong><\/h4>\n<p>Los profesores de los diferentes blogs tem\u00e1ticos son profesionales del ecosistema de salud catal\u00e1n que aportan su conocimiento y experiencia para enriquecer el proceso de aprendizaje. Entre sus filas se cuentan <a href=\"http:\/\/linkedin.com\/in\/ernest-sarrias-ramis-2280953\" target=\"_blank\" rel=\"noopener\">Ernest Sarrias<\/a> (consultor tecnol\u00f3gico), <a href=\"http:\/\/linkedin.com\/in\/danielmorenomartinez\" target=\"_blank\" rel=\"noopener\">Daniel Moreno<\/a> (Hospital Universitario Germans Trias i Pujol), <a href=\"http:\/\/linkedin.com\/in\/fsc-xavier-escayola-elias-3874a322\" target=\"_blank\" rel=\"noopener\">Xavier Escayola<\/a>, <a href=\"http:\/\/linkedin.com\/in\/jorgemartinezroldan\" target=\"_blank\" rel=\"noopener\">Jordi Mart\u00ednez<\/a> y <a href=\"http:\/\/linkedin.com\/in\/hernan-lew\" target=\"_blank\" rel=\"noopener\">Hern\u00e1n Lew<\/a> (Hospital San Juan de Dios de Barcelona), <a href=\"http:\/\/linkedin.com\/in\/\u00e0ngels-salvador-verges\" target=\"_blank\" rel=\"noopener\">\u00c1ngeles Salvador<\/a> (<a href=\"https:\/\/innohealth.academy\/\" target=\"_blank\" rel=\"noopener\">InnoHealthAcademy<\/a>), Cora Loste (Hospital Universitario Germans Trias i Pujol), <a href=\"http:\/\/linkedin.com\/in\/dreifs\" target=\"_blank\" rel=\"noopener\">David Reifs<\/a> (SEIDOR), y el director de la C\u00e1tedra, <a href=\"https:\/\/www.linkedin.com\/in\/francesclopezsegui\/\" target=\"_blank\" rel=\"noopener\">Francesc L\u00f3pez<\/a>.<\/p>\n<p>En este sentido, un total de 30 estudiantes han completado esta asignatura optativa del grado en su edici\u00f3n 2024 realizando un buceo en las aplicaciones actuales de la innovaci\u00f3n aplicada a la praxis de la medicina. Se trata pues de una asignatura que pone el foco en el cuidado de los pacientes y en la optimizaci\u00f3n de la calidad de los servicios sanitarios. Una muestra del compromiso de la C\u00e1tedra TIC Salud Social por la transferencia de conocimiento multidireccional en innovaci\u00f3n y salud digital. Para m\u00e1s informaci\u00f3n sobre el programa del Grado de Medicina pulse en el <a href=\"https:\/\/www.uvic.cat\/es\/grado\/medicina\" target=\"_blank\" rel=\"noopener\">enlace<\/a>.<\/p>\n","protected":false},"author":3,"featured_media":27765,"menu_order":0,"template":"","meta":{"_acf_changed":false,"inline_featured_image":false},"etiqueta":[],"tipus":[],"topic":[],"class_list":["post-27767","noticia","type-noticia","status-publish","has-post-thumbnail","hentry"],"acf":{"finalitzat":false,"tipus_plantilla":"objectius","template_objectius":{"cont_principal":"","imatge":false,"cont_seguent":{"titol":"","contingut":""},"seccio_llistat":{"titol":"","llistat":false},"objectius":{"titol":"","objectius":false},"documents":false},"autor":"","imatge":27765,"textos_destacats":[{"texte":"Una asignatura impartida \u00fanicamente en el Grado de Medicina de la Facultad de Medicina de la UVic - UCC"}],"documents":false},"yoast_head":"<!-- This site is optimized with the Yoast SEO plugin v27.1.1 - https:\/\/yoast.com\/product\/yoast-seo-wordpress\/ -->\n<title>La C\u00e1tedra TIC Salut Social coordina la asignatura de Salud Digital - Fundaci\u00f3 TIC Salut i Social<\/title>\n<meta name=\"robots\" content=\"index, follow, max-snippet:-1, max-image-preview:large, max-video-preview:-1\" \/>\n<link rel=\"canonical\" href=\"https:\/\/ticsalutsocial.atoom.space\/es\/noticia\/la-catedra-tic-salut-social-coordina-lassignatura-de-salut-digital\/\" \/>\n<meta property=\"og:locale\" content=\"es_ES\" \/>\n<meta property=\"og:type\" content=\"article\" \/>\n<meta property=\"og:title\" content=\"La C\u00e1tedra TIC Salut Social coordina la asignatura de Salud Digital - Fundaci\u00f3 TIC Salut i Social\" \/>\n<meta property=\"og:description\" content=\"En el marco del Grado de Medicina de la Facultad de Medicina de la Universidad de Vic &#8211; Universidad Central de Catalu\u00f1a (UVic-UCC) se ha impartido la asignatura de Salud Digital durante este mes de junio. Coordinada por la C\u00e1tedra TIC Salut Social, la formaci\u00f3n proporciona a los estudiantes una base de conocimiento sobre la [&hellip;]\" \/>\n<meta property=\"og:url\" content=\"https:\/\/ticsalutsocial.atoom.space\/es\/noticia\/la-catedra-tic-salut-social-coordina-lassignatura-de-salut-digital\/\" \/>\n<meta property=\"og:site_name\" content=\"Fundaci\u00f3 TIC Salut i Social\" \/>\n<meta property=\"article:modified_time\" content=\"2024-06-20T07:51:39+00:00\" \/>\n<meta property=\"og:image\" content=\"https:\/\/ticsalutsocial.atoom.space\/wp-content\/uploads\/2024\/06\/iStock-1392177599-scaled.jpg\" \/>\n\t<meta property=\"og:image:width\" content=\"2560\" \/>\n\t<meta property=\"og:image:height\" content=\"1707\" \/>\n\t<meta property=\"og:image:type\" content=\"image\/jpeg\" \/>\n<meta name=\"twitter:card\" content=\"summary_large_image\" \/>\n<meta name=\"twitter:label1\" content=\"Tiempo de lectura\" \/>\n\t<meta name=\"twitter:data1\" content=\"3 minutos\" \/>\n<script type=\"application\/ld+json\" class=\"yoast-schema-graph\">{\"@context\":\"https:\/\/schema.org\",\"@graph\":[{\"@type\":\"WebPage\",\"@id\":\"https:\/\/ticsalutsocial.atoom.space\/es\/noticia\/la-catedra-tic-salut-social-coordina-lassignatura-de-salut-digital\/\",\"url\":\"https:\/\/ticsalutsocial.atoom.space\/es\/noticia\/la-catedra-tic-salut-social-coordina-lassignatura-de-salut-digital\/\",\"name\":\"La C\u00e1tedra TIC Salut Social coordina la asignatura de Salud Digital - Fundaci\u00f3 TIC Salut i Social\",\"isPartOf\":{\"@id\":\"https:\/\/ticsalutsocial.atoom.space\/es\/#website\"},\"primaryImageOfPage\":{\"@id\":\"https:\/\/ticsalutsocial.atoom.space\/es\/noticia\/la-catedra-tic-salut-social-coordina-lassignatura-de-salut-digital\/#primaryimage\"},\"image\":{\"@id\":\"https:\/\/ticsalutsocial.atoom.space\/es\/noticia\/la-catedra-tic-salut-social-coordina-lassignatura-de-salut-digital\/#primaryimage\"},\"thumbnailUrl\":\"https:\/\/ticsalutsocial.atoom.space\/wp-content\/uploads\/2024\/06\/iStock-1392177599-scaled.jpg\",\"datePublished\":\"2024-06-20T07:30:02+00:00\",\"dateModified\":\"2024-06-20T07:51:39+00:00\",\"breadcrumb\":{\"@id\":\"https:\/\/ticsalutsocial.atoom.space\/es\/noticia\/la-catedra-tic-salut-social-coordina-lassignatura-de-salut-digital\/#breadcrumb\"},\"inLanguage\":\"es\",\"potentialAction\":[{\"@type\":\"ReadAction\",\"target\":[\"https:\/\/ticsalutsocial.atoom.space\/es\/noticia\/la-catedra-tic-salut-social-coordina-lassignatura-de-salut-digital\/\"]}]},{\"@type\":\"ImageObject\",\"inLanguage\":\"es\",\"@id\":\"https:\/\/ticsalutsocial.atoom.space\/es\/noticia\/la-catedra-tic-salut-social-coordina-lassignatura-de-salut-digital\/#primaryimage\",\"url\":\"https:\/\/ticsalutsocial.atoom.space\/wp-content\/uploads\/2024\/06\/iStock-1392177599-scaled.jpg\",\"contentUrl\":\"https:\/\/ticsalutsocial.atoom.space\/wp-content\/uploads\/2024\/06\/iStock-1392177599-scaled.jpg\",\"width\":2560,\"height\":1707,\"caption\":\"An anonymous Caucasian female reading some health articles on her mobile phone while using oximeter to check her blood condition.\"},{\"@type\":\"BreadcrumbList\",\"@id\":\"https:\/\/ticsalutsocial.atoom.space\/es\/noticia\/la-catedra-tic-salut-social-coordina-lassignatura-de-salut-digital\/#breadcrumb\",\"itemListElement\":[{\"@type\":\"ListItem\",\"position\":1,\"name\":\"Inici\",\"item\":\"https:\/\/ticsalutsocial.atoom.space\/es\/\"},{\"@type\":\"ListItem\",\"position\":2,\"name\":\"La C\u00e1tedra TIC Salut Social coordina la asignatura de Salud Digital\"}]},{\"@type\":\"WebSite\",\"@id\":\"https:\/\/ticsalutsocial.atoom.space\/es\/#website\",\"url\":\"https:\/\/ticsalutsocial.atoom.space\/es\/\",\"name\":\"Fundaci\u00f3 TIC Salut i Social\",\"description\":\"\",\"potentialAction\":[{\"@type\":\"SearchAction\",\"target\":{\"@type\":\"EntryPoint\",\"urlTemplate\":\"https:\/\/ticsalutsocial.atoom.space\/es\/?s={search_term_string}\"},\"query-input\":{\"@type\":\"PropertyValueSpecification\",\"valueRequired\":true,\"valueName\":\"search_term_string\"}}],\"inLanguage\":\"es\"}]}<\/script>\n<!-- \/ Yoast SEO plugin. -->","yoast_head_json":{"title":"La C\u00e1tedra TIC Salut Social coordina la asignatura de Salud Digital - Fundaci\u00f3 TIC Salut i Social","robots":{"index":"index","follow":"follow","max-snippet":"max-snippet:-1","max-image-preview":"max-image-preview:large","max-video-preview":"max-video-preview:-1"},"canonical":"https:\/\/ticsalutsocial.atoom.space\/es\/noticia\/la-catedra-tic-salut-social-coordina-lassignatura-de-salut-digital\/","og_locale":"es_ES","og_type":"article","og_title":"La C\u00e1tedra TIC Salut Social coordina la asignatura de Salud Digital - Fundaci\u00f3 TIC Salut i Social","og_description":"En el marco del Grado de Medicina de la Facultad de Medicina de la Universidad de Vic &#8211; Universidad Central de Catalu\u00f1a (UVic-UCC) se ha impartido la asignatura de Salud Digital durante este mes de junio. Coordinada por la C\u00e1tedra TIC Salut Social, la formaci\u00f3n proporciona a los estudiantes una base de conocimiento sobre la [&hellip;]","og_url":"https:\/\/ticsalutsocial.atoom.space\/es\/noticia\/la-catedra-tic-salut-social-coordina-lassignatura-de-salut-digital\/","og_site_name":"Fundaci\u00f3 TIC Salut i Social","article_modified_time":"2024-06-20T07:51:39+00:00","og_image":[{"width":2560,"height":1707,"url":"https:\/\/ticsalutsocial.atoom.space\/wp-content\/uploads\/2024\/06\/iStock-1392177599-scaled.jpg","type":"image\/jpeg"}],"twitter_card":"summary_large_image","twitter_misc":{"Tiempo de lectura":"3 minutos"},"schema":{"@context":"https:\/\/schema.org","@graph":[{"@type":"WebPage","@id":"https:\/\/ticsalutsocial.atoom.space\/es\/noticia\/la-catedra-tic-salut-social-coordina-lassignatura-de-salut-digital\/","url":"https:\/\/ticsalutsocial.atoom.space\/es\/noticia\/la-catedra-tic-salut-social-coordina-lassignatura-de-salut-digital\/","name":"La C\u00e1tedra TIC Salut Social coordina la asignatura de Salud Digital - Fundaci\u00f3 TIC Salut i Social","isPartOf":{"@id":"https:\/\/ticsalutsocial.atoom.space\/es\/#website"},"primaryImageOfPage":{"@id":"https:\/\/ticsalutsocial.atoom.space\/es\/noticia\/la-catedra-tic-salut-social-coordina-lassignatura-de-salut-digital\/#primaryimage"},"image":{"@id":"https:\/\/ticsalutsocial.atoom.space\/es\/noticia\/la-catedra-tic-salut-social-coordina-lassignatura-de-salut-digital\/#primaryimage"},"thumbnailUrl":"https:\/\/ticsalutsocial.atoom.space\/wp-content\/uploads\/2024\/06\/iStock-1392177599-scaled.jpg","datePublished":"2024-06-20T07:30:02+00:00","dateModified":"2024-06-20T07:51:39+00:00","breadcrumb":{"@id":"https:\/\/ticsalutsocial.atoom.space\/es\/noticia\/la-catedra-tic-salut-social-coordina-lassignatura-de-salut-digital\/#breadcrumb"},"inLanguage":"es","potentialAction":[{"@type":"ReadAction","target":["https:\/\/ticsalutsocial.atoom.space\/es\/noticia\/la-catedra-tic-salut-social-coordina-lassignatura-de-salut-digital\/"]}]},{"@type":"ImageObject","inLanguage":"es","@id":"https:\/\/ticsalutsocial.atoom.space\/es\/noticia\/la-catedra-tic-salut-social-coordina-lassignatura-de-salut-digital\/#primaryimage","url":"https:\/\/ticsalutsocial.atoom.space\/wp-content\/uploads\/2024\/06\/iStock-1392177599-scaled.jpg","contentUrl":"https:\/\/ticsalutsocial.atoom.space\/wp-content\/uploads\/2024\/06\/iStock-1392177599-scaled.jpg","width":2560,"height":1707,"caption":"An anonymous Caucasian female reading some health articles on her mobile phone while using oximeter to check her blood condition."},{"@type":"BreadcrumbList","@id":"https:\/\/ticsalutsocial.atoom.space\/es\/noticia\/la-catedra-tic-salut-social-coordina-lassignatura-de-salut-digital\/#breadcrumb","itemListElement":[{"@type":"ListItem","position":1,"name":"Inici","item":"https:\/\/ticsalutsocial.atoom.space\/es\/"},{"@type":"ListItem","position":2,"name":"La C\u00e1tedra TIC Salut Social coordina la asignatura de Salud Digital"}]},{"@type":"WebSite","@id":"https:\/\/ticsalutsocial.atoom.space\/es\/#website","url":"https:\/\/ticsalutsocial.atoom.space\/es\/","name":"Fundaci\u00f3 TIC Salut i Social","description":"","potentialAction":[{"@type":"SearchAction","target":{"@type":"EntryPoint","urlTemplate":"https:\/\/ticsalutsocial.atoom.space\/es\/?s={search_term_string}"},"query-input":{"@type":"PropertyValueSpecification","valueRequired":true,"valueName":"search_term_string"}}],"inLanguage":"es"}]}},"_links":{"self":[{"href":"https:\/\/ticsalutsocial.atoom.space\/es\/wp-json\/wp\/v2\/noticia\/27767","targetHints":{"allow":["GET"]}}],"collection":[{"href":"https:\/\/ticsalutsocial.atoom.space\/es\/wp-json\/wp\/v2\/noticia"}],"about":[{"href":"https:\/\/ticsalutsocial.atoom.space\/es\/wp-json\/wp\/v2\/types\/noticia"}],"author":[{"embeddable":true,"href":"https:\/\/ticsalutsocial.atoom.space\/es\/wp-json\/wp\/v2\/users\/3"}],"wp:featuredmedia":[{"embeddable":true,"href":"https:\/\/ticsalutsocial.atoom.space\/es\/wp-json\/wp\/v2\/media\/27765"}],"wp:attachment":[{"href":"https:\/\/ticsalutsocial.atoom.space\/es\/wp-json\/wp\/v2\/media?parent=27767"}],"wp:term":[{"taxonomy":"etiqueta","embeddable":true,"href":"https:\/\/ticsalutsocial.atoom.space\/es\/wp-json\/wp\/v2\/etiqueta?post=27767"},{"taxonomy":"tipus","embeddable":true,"href":"https:\/\/ticsalutsocial.atoom.space\/es\/wp-json\/wp\/v2\/tipus?post=27767"},{"taxonomy":"topic","embeddable":true,"href":"https:\/\/ticsalutsocial.atoom.space\/es\/wp-json\/wp\/v2\/topic?post=27767"}],"curies":[{"name":"wp","href":"https:\/\/api.w.org\/{rel}","templated":true}]}}