
{"id":27922,"date":"2024-07-10T14:26:22","date_gmt":"2024-07-10T12:26:22","guid":{"rendered":"https:\/\/ticsalutsocial.atoom.space\/noticia\/tret-de-sortida-al-marc-de-treball-per-desenvolupar-actius-digitals-per-a-la-ciutadania\/"},"modified":"2024-07-17T09:13:48","modified_gmt":"2024-07-17T07:13:48","slug":"nuevo-marco-de-trabajo-para-desarrollar-activos-digitales-para-la-ciudadania","status":"publish","type":"noticia","link":"https:\/\/ticsalutsocial.atoom.space\/es\/noticia\/nuevo-marco-de-trabajo-para-desarrollar-activos-digitales-para-la-ciudadania\/","title":{"rendered":"Pistoletazo de salida al nuevo marco de trabajo para desarrollar activos digitales para la ciudadan\u00eda en Catalu\u00f1a"},"content":{"rendered":"\n<p>La Fundaci\u00f3n TIC Salut Social y el \u00c1rea de Ciudadan\u00eda, Innovaci\u00f3n y Usuario del Servei Catal\u00e0 de la Salut organizaron el pasado 3 de julio en Barcelona la <strong>Jornada sobre Activos Digitales para la Ciudadan\u00eda<\/strong>. La retransmisi\u00f3n de la sesi\u00f3n ya est\u00e1 disponible en el canal de YouTube de la Fundaci\u00f3n TIC Salut Social.<\/p>\n\n\n\n<figure class=\"wp-block-embed is-type-video is-provider-youtube wp-block-embed-youtube wp-embed-aspect-16-9 wp-has-aspect-ratio\"><div class=\"wp-block-embed__wrapper\">\n<iframe loading=\"lazy\" title=\"TIC Salut Social | Jornada sobre Actius Digitals per a la Ciutadania\" width=\"500\" height=\"281\" src=\"https:\/\/www.youtube.com\/embed\/NNSvMXHYQZc?feature=oembed\" frameborder=\"0\" allow=\"accelerometer; autoplay; clipboard-write; encrypted-media; gyroscope; picture-in-picture; web-share\" referrerpolicy=\"strict-origin-when-cross-origin\" allowfullscreen><\/iframe>\n<\/div><\/figure>\n\n\n\n<p><\/p>\n\n\n\n<p>En la sesi\u00f3n se presentaron <strong>dos iniciativas <\/strong>impulsadas por la Fundaci\u00f3n y el Servei Catal\u00e0 de la Salut <strong>para promover el buen uso de los activos digitales en salud y fomentar la equidad de la ciudadan\u00eda<\/strong> <strong>en su acceso<\/strong>. Por un lado, la responsable de mHealth de la Fundaci\u00f3n TIC Salut Social, <strong>Carme Pratdep\u00e0dua <\/strong>present\u00f3 el <a href=\"https:\/\/ticsalutsocial.atoom.space\/wp-content\/uploads\/2024\/04\/Informe.-Radar-dActius-Digitals-al-SISCAT.pdf\" target=\"_blank\" rel=\"noreferrer noopener\">Radar de Activos Digitales en Catalu\u00f1a<\/a>, que proporciona una visi\u00f3n global de las soluciones y servicios digitales que ofrecen los centros del SISCAT. Y por otro, la Gerenta de Innovaci\u00f3n Relacional del \u00c1rea de Ciudadan\u00eda, Innovaci\u00f3n y Usuario del Servicio Catal\u00e1n de la Salud, <strong>Yolanda Portero<\/strong>, present\u00f3 la <a href=\"https:\/\/ticsalutsocial.atoom.space\/wp-content\/uploads\/2024\/04\/Guia-de-Bones-Practiques-per-desenvolupar-Actius-Digitals-per-la-Ciutadania.pdf\" target=\"_blank\" rel=\"noreferrer noopener\">Gu\u00eda de Buenas Pr\u00e1cticas para Desarrollar Activos Digitales para la Ciudadan\u00eda<\/a>, que es aplicable a todos los productos y servicios digitales de salud y bienestar dirigidos a proveedores del SISCAT.<\/p>\n\n\n\n<p>Tal y como apunt\u00f3 en la inauguraci\u00f3n del acto el Director de la Fundaci\u00f3n TIC Salut Social, <strong>Joan Guanyabens<\/strong>, el radar responde a la funci\u00f3n de observatorio de la Fundaci\u00f3n, y la gu\u00eda es un punto de partida para construir entre todas las partes implicadas: <strong>\u201cLo que presentamos hoy es un marco de trabajo a partir del cual podamos construir conjuntamente los activos digitales que la ciudadan\u00eda utilice para cuidar mejor, para tener m\u00e1s salud. Y el mensaje principal es que todo esto no lo puede construir uno solo\u201d<\/strong>. Y como ejemplos de cap\u00edtulos que quedan por construir juntos, mencion\u00f3 aspectos como d\u00f3nde deben alojarse los datos personales que obtienen las Apps, cu\u00e1l es el ciclo de vida de los datos, o c\u00f3mo deben financiarse las soluciones digitales cuando la ciudadan\u00eda las utilice, entre otros.<\/p>\n\n\n\n<p>En la jornada tambi\u00e9n se celebr\u00f3 una mesa redonda en la que participaron representantes de activos digitales surgidos en el \u00e1mbito p\u00fablico y privado. En cuanto a la parte p\u00fablica, la Directora de Transformaci\u00f3n y Salud Digital del Hospital Universitario Germans Trias i Pujol, <strong>Meritxell Davins<\/strong>, present\u00f3 la <strong>App eSalut MetroNord<\/strong>, dise\u00f1ada para ayudar a los pacientes a ser protagonistas activos del tratamiento y el seguimiento de su propia enfermedad. Y el Responsable Transformaci\u00f3n Digital, Sistemas de Informaci\u00f3n y TIC en Althaia (Red Asistencial Universitaria de Manresa), <strong>Pere Guerrero<\/strong>, present\u00f3 la <strong>App ALTHAIA<\/strong>, para acceder a la informaci\u00f3n de los centros y servicios de la red asistencial, y <strong>ALTHAIA Crono 360<\/strong>, para llevar un mejor seguimiento de la patolog\u00eda cr\u00f3nica del usuario y mejorar tanto la salud mental como la card\u00edaca. Tambi\u00e9n present\u00f3 la <strong>App PUKONO<\/strong>, que ayuda a pacientes con hipertensi\u00f3n o insuficiencia renal a identificar qu\u00e9 alimentos son aptos y seguros.<\/p>\n\n\n\n<p>Como representantes del sector privado, la cofundadora de la <strong>App HappySneeze<\/strong>, <strong>Laura Vidal<\/strong>, present\u00f3 su soluci\u00f3n dedicada a mejorar la salud del suelo p\u00e9lvico. Y la cofundadora de la <strong>App SocialDiabetes<\/strong>, <strong>Mar\u00eda Salido<\/strong>, expuso su plataforma para la autogesti\u00f3n de la diabetes.<\/p>\n\n\n\n<p>Tras la presentaci\u00f3n de las soluciones digitales, los ponentes de la mesa redonda debatieron cu\u00e1les son las claves para que el sector privado consiga introducir sus aplicaciones en el sector p\u00fablico, o las principales dificultades que se encuentran para desarrollar estos activos digitales, entre otros aspectos.<\/p>\n\n\n\n<p>La Directora del \u00c1rea de Ciudadan\u00eda, Innovaci\u00f3n y Usuario del Servicio Catal\u00e1n de la Salud, <strong>Elisenda Serra<\/strong>, concluy\u00f3 el acto remarcando la necesidad de trabajar juntos para impulsar los activos digitales, y explicando hacia d\u00f3nde quieren hacer evolucionar La Meva Salut: <strong>\u201cLa ciudadan\u00eda cada vez est\u00e1 m\u00e1s apoderada y nosotros debemos poder darle una relaci\u00f3n con el Sistema que sea omnicanal. Yo como ciudadana, como usuaria (&#8230;) tengo que poder tener una interacci\u00f3n digital, h\u00edbrida, presencial, telef\u00f3nica, y lo que nos comporte el nuevo modelo relacional\u201d<\/strong>. Y todo ello, a\u00f1adi\u00f3, garantizando la equidad, la accesibilidad y una experiencia buena y personalizada.<\/p>\n\n\n\n<p>Para cuestiones relacionadas con los puntos abordados en el acto, os pod\u00e9is dirigir al correo de la Oficina mHealth de la Fundaci\u00f3n: <a href=\"mailto:oficinamobilitat@ticsalutsocial.cat\">oficinamobilitat@ticsalutsocial.cat<\/a><\/p>\n","protected":false},"author":12,"featured_media":27921,"menu_order":0,"template":"","meta":{"_acf_changed":true,"inline_featured_image":false},"etiqueta":[],"tipus":[654],"topic":[117],"class_list":["post-27922","noticia","type-noticia","status-publish","has-post-thumbnail","hentry","tipus-activos-digitales","topic-jornadas"],"acf":{"finalitzat":false,"tipus_plantilla":"objectius","template_objectius":{"cont_principal":"","imatge":false,"cont_seguent":{"titol":"","contingut":""},"seccio_llistat":{"titol":"","llistat":false},"objectius":{"titol":"","objectius":false},"documents":false},"autor":"","imatge":27921,"textos_destacats":[{"texte":"Ya est\u00e1 disponible la retransmisi\u00f3n de la Jornada sobre Activos Digitales para la Ciudadan\u00eda, en la que se present\u00f3 el Radar de Activos Digitales en Catalu\u00f1a y la Gu\u00eda de Buenas Pr\u00e1cticas para Desarrollar Activos Digitales para la Ciudadan\u00eda."}],"documents":false},"yoast_head":"<!-- This site is optimized with the Yoast SEO plugin v27.1.1 - https:\/\/yoast.com\/product\/yoast-seo-wordpress\/ -->\n<title>Pistoletazo de salida al nuevo marco de trabajo para desarrollar activos digitales para la ciudadan\u00eda en Catalu\u00f1a - Fundaci\u00f3 TIC Salut i Social<\/title>\n<meta name=\"description\" content=\"Ya est\u00e1 disponible la retransmisi\u00f3n de la Jornada sobre Activos Digitales para la Ciudadan\u00eda, en la que se present\u00f3 el Radar de Activos Digitales en Catalu\u00f1a y la Gu\u00eda de Buenas Pr\u00e1cticas para desarrollar Activos Digitales para la Ciudadan\u00eda.\" \/>\n<meta name=\"robots\" content=\"index, follow, max-snippet:-1, max-image-preview:large, max-video-preview:-1\" \/>\n<link rel=\"canonical\" href=\"https:\/\/ticsalutsocial.atoom.space\/es\/noticia\/nuevo-marco-de-trabajo-para-desarrollar-activos-digitales-para-la-ciudadania\/\" \/>\n<meta property=\"og:locale\" content=\"es_ES\" \/>\n<meta property=\"og:type\" content=\"article\" \/>\n<meta property=\"og:title\" content=\"Pistoletazo de salida al nuevo marco de trabajo para desarrollar activos digitales para la ciudadan\u00eda en Catalu\u00f1a - Fundaci\u00f3 TIC Salut i Social\" \/>\n<meta property=\"og:description\" content=\"Ya est\u00e1 disponible la retransmisi\u00f3n de la Jornada sobre Activos Digitales para la Ciudadan\u00eda, en la que se present\u00f3 el Radar de Activos Digitales en Catalu\u00f1a y la Gu\u00eda de Buenas Pr\u00e1cticas para desarrollar Activos Digitales para la Ciudadan\u00eda.\" \/>\n<meta property=\"og:url\" content=\"https:\/\/ticsalutsocial.atoom.space\/es\/noticia\/nuevo-marco-de-trabajo-para-desarrollar-activos-digitales-para-la-ciudadania\/\" \/>\n<meta property=\"og:site_name\" content=\"Fundaci\u00f3 TIC Salut i Social\" \/>\n<meta property=\"article:modified_time\" content=\"2024-07-17T07:13:48+00:00\" \/>\n<meta property=\"og:image\" content=\"https:\/\/ticsalutsocial.atoom.space\/wp-content\/uploads\/2024\/07\/Jornada-sobre-actius-digitals-per-a-la-ciutadania.png\" \/>\n\t<meta property=\"og:image:width\" content=\"1280\" \/>\n\t<meta property=\"og:image:height\" content=\"960\" \/>\n\t<meta property=\"og:image:type\" content=\"image\/png\" \/>\n<meta name=\"twitter:card\" content=\"summary_large_image\" \/>\n<meta name=\"twitter:label1\" content=\"Tiempo de lectura\" \/>\n\t<meta name=\"twitter:data1\" content=\"4 minutos\" \/>\n<script type=\"application\/ld+json\" class=\"yoast-schema-graph\">{\"@context\":\"https:\/\/schema.org\",\"@graph\":[{\"@type\":\"WebPage\",\"@id\":\"https:\/\/ticsalutsocial.atoom.space\/es\/noticia\/nuevo-marco-de-trabajo-para-desarrollar-activos-digitales-para-la-ciudadania\/\",\"url\":\"https:\/\/ticsalutsocial.atoom.space\/es\/noticia\/nuevo-marco-de-trabajo-para-desarrollar-activos-digitales-para-la-ciudadania\/\",\"name\":\"Pistoletazo de salida al nuevo marco de trabajo para desarrollar activos digitales para la ciudadan\u00eda en Catalu\u00f1a - Fundaci\u00f3 TIC Salut i Social\",\"isPartOf\":{\"@id\":\"https:\/\/ticsalutsocial.atoom.space\/es\/#website\"},\"primaryImageOfPage\":{\"@id\":\"https:\/\/ticsalutsocial.atoom.space\/es\/noticia\/nuevo-marco-de-trabajo-para-desarrollar-activos-digitales-para-la-ciudadania\/#primaryimage\"},\"image\":{\"@id\":\"https:\/\/ticsalutsocial.atoom.space\/es\/noticia\/nuevo-marco-de-trabajo-para-desarrollar-activos-digitales-para-la-ciudadania\/#primaryimage\"},\"thumbnailUrl\":\"https:\/\/ticsalutsocial.atoom.space\/wp-content\/uploads\/2024\/07\/Jornada-sobre-actius-digitals-per-a-la-ciutadania.png\",\"datePublished\":\"2024-07-10T12:26:22+00:00\",\"dateModified\":\"2024-07-17T07:13:48+00:00\",\"description\":\"Ya est\u00e1 disponible la retransmisi\u00f3n de la Jornada sobre Activos Digitales para la Ciudadan\u00eda, en la que se present\u00f3 el Radar de Activos Digitales en Catalu\u00f1a y la Gu\u00eda de Buenas Pr\u00e1cticas para desarrollar Activos Digitales para la Ciudadan\u00eda.\",\"breadcrumb\":{\"@id\":\"https:\/\/ticsalutsocial.atoom.space\/es\/noticia\/nuevo-marco-de-trabajo-para-desarrollar-activos-digitales-para-la-ciudadania\/#breadcrumb\"},\"inLanguage\":\"es\",\"potentialAction\":[{\"@type\":\"ReadAction\",\"target\":[\"https:\/\/ticsalutsocial.atoom.space\/es\/noticia\/nuevo-marco-de-trabajo-para-desarrollar-activos-digitales-para-la-ciudadania\/\"]}]},{\"@type\":\"ImageObject\",\"inLanguage\":\"es\",\"@id\":\"https:\/\/ticsalutsocial.atoom.space\/es\/noticia\/nuevo-marco-de-trabajo-para-desarrollar-activos-digitales-para-la-ciudadania\/#primaryimage\",\"url\":\"https:\/\/ticsalutsocial.atoom.space\/wp-content\/uploads\/2024\/07\/Jornada-sobre-actius-digitals-per-a-la-ciutadania.png\",\"contentUrl\":\"https:\/\/ticsalutsocial.atoom.space\/wp-content\/uploads\/2024\/07\/Jornada-sobre-actius-digitals-per-a-la-ciutadania.png\",\"width\":1280,\"height\":960},{\"@type\":\"BreadcrumbList\",\"@id\":\"https:\/\/ticsalutsocial.atoom.space\/es\/noticia\/nuevo-marco-de-trabajo-para-desarrollar-activos-digitales-para-la-ciudadania\/#breadcrumb\",\"itemListElement\":[{\"@type\":\"ListItem\",\"position\":1,\"name\":\"Inici\",\"item\":\"https:\/\/ticsalutsocial.atoom.space\/es\/\"},{\"@type\":\"ListItem\",\"position\":2,\"name\":\"Pistoletazo de salida al nuevo marco de trabajo para desarrollar activos digitales para la ciudadan\u00eda en Catalu\u00f1a\"}]},{\"@type\":\"WebSite\",\"@id\":\"https:\/\/ticsalutsocial.atoom.space\/es\/#website\",\"url\":\"https:\/\/ticsalutsocial.atoom.space\/es\/\",\"name\":\"Fundaci\u00f3 TIC Salut i Social\",\"description\":\"\",\"potentialAction\":[{\"@type\":\"SearchAction\",\"target\":{\"@type\":\"EntryPoint\",\"urlTemplate\":\"https:\/\/ticsalutsocial.atoom.space\/es\/?s={search_term_string}\"},\"query-input\":{\"@type\":\"PropertyValueSpecification\",\"valueRequired\":true,\"valueName\":\"search_term_string\"}}],\"inLanguage\":\"es\"}]}<\/script>\n<!-- \/ Yoast SEO plugin. -->","yoast_head_json":{"title":"Pistoletazo de salida al nuevo marco de trabajo para desarrollar activos digitales para la ciudadan\u00eda en Catalu\u00f1a - Fundaci\u00f3 TIC Salut i Social","description":"Ya est\u00e1 disponible la retransmisi\u00f3n de la Jornada sobre Activos Digitales para la Ciudadan\u00eda, en la que se present\u00f3 el Radar de Activos Digitales en Catalu\u00f1a y la Gu\u00eda de Buenas Pr\u00e1cticas para desarrollar Activos Digitales para la Ciudadan\u00eda.","robots":{"index":"index","follow":"follow","max-snippet":"max-snippet:-1","max-image-preview":"max-image-preview:large","max-video-preview":"max-video-preview:-1"},"canonical":"https:\/\/ticsalutsocial.atoom.space\/es\/noticia\/nuevo-marco-de-trabajo-para-desarrollar-activos-digitales-para-la-ciudadania\/","og_locale":"es_ES","og_type":"article","og_title":"Pistoletazo de salida al nuevo marco de trabajo para desarrollar activos digitales para la ciudadan\u00eda en Catalu\u00f1a - Fundaci\u00f3 TIC Salut i Social","og_description":"Ya est\u00e1 disponible la retransmisi\u00f3n de la Jornada sobre Activos Digitales para la Ciudadan\u00eda, en la que se present\u00f3 el Radar de Activos Digitales en Catalu\u00f1a y la Gu\u00eda de Buenas Pr\u00e1cticas para desarrollar Activos Digitales para la Ciudadan\u00eda.","og_url":"https:\/\/ticsalutsocial.atoom.space\/es\/noticia\/nuevo-marco-de-trabajo-para-desarrollar-activos-digitales-para-la-ciudadania\/","og_site_name":"Fundaci\u00f3 TIC Salut i Social","article_modified_time":"2024-07-17T07:13:48+00:00","og_image":[{"width":1280,"height":960,"url":"https:\/\/ticsalutsocial.atoom.space\/wp-content\/uploads\/2024\/07\/Jornada-sobre-actius-digitals-per-a-la-ciutadania.png","type":"image\/png"}],"twitter_card":"summary_large_image","twitter_misc":{"Tiempo de lectura":"4 minutos"},"schema":{"@context":"https:\/\/schema.org","@graph":[{"@type":"WebPage","@id":"https:\/\/ticsalutsocial.atoom.space\/es\/noticia\/nuevo-marco-de-trabajo-para-desarrollar-activos-digitales-para-la-ciudadania\/","url":"https:\/\/ticsalutsocial.atoom.space\/es\/noticia\/nuevo-marco-de-trabajo-para-desarrollar-activos-digitales-para-la-ciudadania\/","name":"Pistoletazo de salida al nuevo marco de trabajo para desarrollar activos digitales para la ciudadan\u00eda en Catalu\u00f1a - Fundaci\u00f3 TIC Salut i Social","isPartOf":{"@id":"https:\/\/ticsalutsocial.atoom.space\/es\/#website"},"primaryImageOfPage":{"@id":"https:\/\/ticsalutsocial.atoom.space\/es\/noticia\/nuevo-marco-de-trabajo-para-desarrollar-activos-digitales-para-la-ciudadania\/#primaryimage"},"image":{"@id":"https:\/\/ticsalutsocial.atoom.space\/es\/noticia\/nuevo-marco-de-trabajo-para-desarrollar-activos-digitales-para-la-ciudadania\/#primaryimage"},"thumbnailUrl":"https:\/\/ticsalutsocial.atoom.space\/wp-content\/uploads\/2024\/07\/Jornada-sobre-actius-digitals-per-a-la-ciutadania.png","datePublished":"2024-07-10T12:26:22+00:00","dateModified":"2024-07-17T07:13:48+00:00","description":"Ya est\u00e1 disponible la retransmisi\u00f3n de la Jornada sobre Activos Digitales para la Ciudadan\u00eda, en la que se present\u00f3 el Radar de Activos Digitales en Catalu\u00f1a y la Gu\u00eda de Buenas Pr\u00e1cticas para desarrollar Activos Digitales para la Ciudadan\u00eda.","breadcrumb":{"@id":"https:\/\/ticsalutsocial.atoom.space\/es\/noticia\/nuevo-marco-de-trabajo-para-desarrollar-activos-digitales-para-la-ciudadania\/#breadcrumb"},"inLanguage":"es","potentialAction":[{"@type":"ReadAction","target":["https:\/\/ticsalutsocial.atoom.space\/es\/noticia\/nuevo-marco-de-trabajo-para-desarrollar-activos-digitales-para-la-ciudadania\/"]}]},{"@type":"ImageObject","inLanguage":"es","@id":"https:\/\/ticsalutsocial.atoom.space\/es\/noticia\/nuevo-marco-de-trabajo-para-desarrollar-activos-digitales-para-la-ciudadania\/#primaryimage","url":"https:\/\/ticsalutsocial.atoom.space\/wp-content\/uploads\/2024\/07\/Jornada-sobre-actius-digitals-per-a-la-ciutadania.png","contentUrl":"https:\/\/ticsalutsocial.atoom.space\/wp-content\/uploads\/2024\/07\/Jornada-sobre-actius-digitals-per-a-la-ciutadania.png","width":1280,"height":960},{"@type":"BreadcrumbList","@id":"https:\/\/ticsalutsocial.atoom.space\/es\/noticia\/nuevo-marco-de-trabajo-para-desarrollar-activos-digitales-para-la-ciudadania\/#breadcrumb","itemListElement":[{"@type":"ListItem","position":1,"name":"Inici","item":"https:\/\/ticsalutsocial.atoom.space\/es\/"},{"@type":"ListItem","position":2,"name":"Pistoletazo de salida al nuevo marco de trabajo para desarrollar activos digitales para la ciudadan\u00eda en Catalu\u00f1a"}]},{"@type":"WebSite","@id":"https:\/\/ticsalutsocial.atoom.space\/es\/#website","url":"https:\/\/ticsalutsocial.atoom.space\/es\/","name":"Fundaci\u00f3 TIC Salut i Social","description":"","potentialAction":[{"@type":"SearchAction","target":{"@type":"EntryPoint","urlTemplate":"https:\/\/ticsalutsocial.atoom.space\/es\/?s={search_term_string}"},"query-input":{"@type":"PropertyValueSpecification","valueRequired":true,"valueName":"search_term_string"}}],"inLanguage":"es"}]}},"_links":{"self":[{"href":"https:\/\/ticsalutsocial.atoom.space\/es\/wp-json\/wp\/v2\/noticia\/27922","targetHints":{"allow":["GET"]}}],"collection":[{"href":"https:\/\/ticsalutsocial.atoom.space\/es\/wp-json\/wp\/v2\/noticia"}],"about":[{"href":"https:\/\/ticsalutsocial.atoom.space\/es\/wp-json\/wp\/v2\/types\/noticia"}],"author":[{"embeddable":true,"href":"https:\/\/ticsalutsocial.atoom.space\/es\/wp-json\/wp\/v2\/users\/12"}],"wp:featuredmedia":[{"embeddable":true,"href":"https:\/\/ticsalutsocial.atoom.space\/es\/wp-json\/wp\/v2\/media\/27921"}],"wp:attachment":[{"href":"https:\/\/ticsalutsocial.atoom.space\/es\/wp-json\/wp\/v2\/media?parent=27922"}],"wp:term":[{"taxonomy":"etiqueta","embeddable":true,"href":"https:\/\/ticsalutsocial.atoom.space\/es\/wp-json\/wp\/v2\/etiqueta?post=27922"},{"taxonomy":"tipus","embeddable":true,"href":"https:\/\/ticsalutsocial.atoom.space\/es\/wp-json\/wp\/v2\/tipus?post=27922"},{"taxonomy":"topic","embeddable":true,"href":"https:\/\/ticsalutsocial.atoom.space\/es\/wp-json\/wp\/v2\/topic?post=27922"}],"curies":[{"name":"wp","href":"https:\/\/api.w.org\/{rel}","templated":true}]}}