
{"id":28103,"date":"2024-07-31T15:03:13","date_gmt":"2024-07-31T13:03:13","guid":{"rendered":"https:\/\/ticsalutsocial.atoom.space\/noticia\/lapdcat-i-la-gaip-publiquen-els-criteris-interpretatius-sobre-lacces-de-les-persones-a-la-tracabilitat-de-la-seva-historia-clinica\/"},"modified":"2024-08-30T09:52:05","modified_gmt":"2024-08-30T07:52:05","slug":"lapdcat-i-la-gaip-publiquen-els-criteris-interpretatius-sobre-lacces-de-les-persones-a-la-tracabilitat-de-la-seva-historia-clinica","status":"publish","type":"noticia","link":"https:\/\/ticsalutsocial.atoom.space\/es\/noticia\/lapdcat-i-la-gaip-publiquen-els-criteris-interpretatius-sobre-lacces-de-les-persones-a-la-tracabilitat-de-la-seva-historia-clinica\/","title":{"rendered":"APDCAT y GAIP publican los criterios interpretativos sobre el acceso de las personas a la trazabilidad de su historia cl\u00ednica"},"content":{"rendered":"\n<p>La Autoridad Catalana de Protecci\u00f3n de Datos (APDCAT) y la Comisi\u00f3n de Garant\u00eda del Derecho de Acceso a la Informaci\u00f3n P\u00fablica (GAIP) han publicado a fecha 30 de julio de 2024 los <strong>criterios de interpretaci\u00f3n sobre la aplicaci\u00f3n de las normas reguladoras y la tramitaci\u00f3n de las reclamaciones de acceso de las personas a la trazabilidad de su historia cl\u00ednica<\/strong>.<\/p>\n\n\n\n<p>Tal y como resume la Oficina del Delegado de Protecci\u00f3n de Datos en Salud en su \u00faltima <a href=\"https:\/\/ticsalutsocial.atoom.space\/wp-content\/uploads\/2024\/07\/Pindola-66.-Pronunciament-conjunt-APDCAT-GAIP-sobre-tracabilitat-accessos-HC.docx.pdf\" target=\"_blank\" rel=\"noreferrer noopener\">p\u00edldora informativa<\/a>, en cuanto a <strong>criterios interpretativos <\/strong>en relaci\u00f3n con el acceso de las personas a la trazabilidad de su historia cl\u00ednica, el pronunciamiento conjunto considera:<\/p>\n\n\n\n<ul class=\"wp-block-list\">\n<li>De aplicaci\u00f3n preferente la normativa de protecci\u00f3n de datos, contenida en el Reglamento General de Protecci\u00f3n de Datos.<\/li>\n\n\n\n<li>La normativa reguladora de la autonom\u00eda del paciente, Ley 41\/2002, de 14 de noviembre, b\u00e1sica reguladora de la autonom\u00eda del paciente y de derechos y obligaciones en materia de informaci\u00f3n y documentaci\u00f3n cl\u00ednica, y la Ley catalana 21\/2000, de 29 de diciembre, sobre los derechos de informaci\u00f3n concerniente a la salud y la autonom\u00eda del paciente, y la documentaci\u00f3n cl\u00ednica, y el resto de la normativa de salud aplicable constituyen el r\u00e9gimen especial sobre la materia.<\/li>\n\n\n\n<li>La Ley 19\/2014, de 29 de diciembre, de transparencia, acceso a la informaci\u00f3n p\u00fablica y buen gobierno (LTAIPBG) es de aplicaci\u00f3n con car\u00e1cter supletorio, de acuerdo con su disposici\u00f3n adicional primera, n\u00famero 2.<\/li>\n<\/ul>\n\n\n\n<p>De acuerdo con esto, el pronunciamiento establece que corresponde a la APDCAT resolver las reclamaciones de las solicitudes de derechos de acceso de las personas a la trazabilidad de su historia cl\u00ednica.<\/p>\n\n\n\n<p>El documento tambi\u00e9n detalla los <strong>fundamentos de derecho<\/strong> sobre la aplicaci\u00f3n supletoria de la normativa de transparencia y sobre la aplicaci\u00f3n preferente del r\u00e9gimen jur\u00eddico especial de protecci\u00f3n de datos.<\/p>\n\n\n\n<h2 class=\"wp-block-heading\"><strong>M\u00e1s informaci\u00f3n:<\/strong><\/h2>\n\n\n\n<ul class=\"wp-block-list\">\n<li><a href=\"https:\/\/apdcat.gencat.cat\/web\/.content\/01-autoritat\/normativa\/Criteris-historia-clinica-APDCAT-GAIP.pdf\" target=\"_blank\" rel=\"noreferrer noopener\">Documento de la APDCAT y la GAIP<\/a><\/li>\n<\/ul>\n\n\n\n<ul class=\"wp-block-list\">\n<li><a href=\"https:\/\/ticsalutsocial.atoom.space\/wp-content\/uploads\/2024\/07\/Pindola-66.-Pronunciament-conjunt-APDCAT-GAIP-sobre-tracabilitat-accessos-HC.docx.pdf\">P\u00edldora informativa del DPD<\/a><\/li>\n<\/ul>\n","protected":false},"author":12,"featured_media":28102,"menu_order":0,"template":"","meta":{"_acf_changed":true,"inline_featured_image":false},"etiqueta":[],"tipus":[106],"topic":[121],"class_list":["post-28103","noticia","type-noticia","status-publish","has-post-thumbnail","hentry","tipus-dpd-salud","topic-dpd-es"],"acf":{"finalitzat":false,"tipus_plantilla":"objectius","template_objectius":{"cont_principal":"","imatge":false,"cont_seguent":{"titol":"","contingut":""},"seccio_llistat":{"titol":"","llistat":false},"objectius":{"titol":"","objectius":false},"documents":false},"autor":"","imatge":28102,"textos_destacats":[{"texte":"Consulta la p\u00edldora informativa del DPD sobre la resoluci\u00f3n aprobada a 30 de julio de 2024 por la Autoridad Catalana de Protecci\u00f3n de Datos y la Comisi\u00f3n de Garant\u00eda del Derecho de Acceso a la Informaci\u00f3n P\u00fablica"}],"documents":false},"yoast_head":"<!-- This site is optimized with the Yoast SEO plugin v27.1.1 - https:\/\/yoast.com\/product\/yoast-seo-wordpress\/ -->\n<title>APDCAT y GAIP publican los criterios interpretativos sobre el acceso de las personas a la trazabilidad de su historia cl\u00ednica - Fundaci\u00f3 TIC Salut i Social<\/title>\n<meta name=\"description\" content=\"Consulta la p\u00edldora informativa del DPD sobre la resoluci\u00f3n aprobada a 30 de julio de 2024\" \/>\n<meta name=\"robots\" content=\"index, follow, max-snippet:-1, max-image-preview:large, max-video-preview:-1\" \/>\n<link rel=\"canonical\" href=\"https:\/\/ticsalutsocial.atoom.space\/es\/noticia\/lapdcat-i-la-gaip-publiquen-els-criteris-interpretatius-sobre-lacces-de-les-persones-a-la-tracabilitat-de-la-seva-historia-clinica\/\" \/>\n<meta property=\"og:locale\" content=\"es_ES\" \/>\n<meta property=\"og:type\" content=\"article\" \/>\n<meta property=\"og:title\" content=\"APDCAT y GAIP publican los criterios interpretativos sobre el acceso de las personas a la trazabilidad de su historia cl\u00ednica - Fundaci\u00f3 TIC Salut i Social\" \/>\n<meta property=\"og:description\" content=\"Consulta la p\u00edldora informativa del DPD sobre la resoluci\u00f3n aprobada a 30 de julio de 2024\" \/>\n<meta property=\"og:url\" content=\"https:\/\/ticsalutsocial.atoom.space\/es\/noticia\/lapdcat-i-la-gaip-publiquen-els-criteris-interpretatius-sobre-lacces-de-les-persones-a-la-tracabilitat-de-la-seva-historia-clinica\/\" \/>\n<meta property=\"og:site_name\" content=\"Fundaci\u00f3 TIC Salut i Social\" \/>\n<meta property=\"article:modified_time\" content=\"2024-08-30T07:52:05+00:00\" \/>\n<meta property=\"og:image\" content=\"https:\/\/ticsalutsocial.atoom.space\/wp-content\/uploads\/2024\/07\/criteris-interpretatius-sobre-lacces-de-les-persones-a-la-tracabilitat-de-la-seva-historia-clinica.png\" \/>\n\t<meta property=\"og:image:width\" content=\"1280\" \/>\n\t<meta property=\"og:image:height\" content=\"960\" \/>\n\t<meta property=\"og:image:type\" content=\"image\/png\" \/>\n<meta name=\"twitter:card\" content=\"summary_large_image\" \/>\n<meta name=\"twitter:label1\" content=\"Tiempo de lectura\" \/>\n\t<meta name=\"twitter:data1\" content=\"2 minutos\" \/>\n<script type=\"application\/ld+json\" class=\"yoast-schema-graph\">{\"@context\":\"https:\/\/schema.org\",\"@graph\":[{\"@type\":\"WebPage\",\"@id\":\"https:\/\/ticsalutsocial.atoom.space\/es\/noticia\/lapdcat-i-la-gaip-publiquen-els-criteris-interpretatius-sobre-lacces-de-les-persones-a-la-tracabilitat-de-la-seva-historia-clinica\/\",\"url\":\"https:\/\/ticsalutsocial.atoom.space\/es\/noticia\/lapdcat-i-la-gaip-publiquen-els-criteris-interpretatius-sobre-lacces-de-les-persones-a-la-tracabilitat-de-la-seva-historia-clinica\/\",\"name\":\"APDCAT y GAIP publican los criterios interpretativos sobre el acceso de las personas a la trazabilidad de su historia cl\u00ednica - Fundaci\u00f3 TIC Salut i Social\",\"isPartOf\":{\"@id\":\"https:\/\/ticsalutsocial.atoom.space\/es\/#website\"},\"primaryImageOfPage\":{\"@id\":\"https:\/\/ticsalutsocial.atoom.space\/es\/noticia\/lapdcat-i-la-gaip-publiquen-els-criteris-interpretatius-sobre-lacces-de-les-persones-a-la-tracabilitat-de-la-seva-historia-clinica\/#primaryimage\"},\"image\":{\"@id\":\"https:\/\/ticsalutsocial.atoom.space\/es\/noticia\/lapdcat-i-la-gaip-publiquen-els-criteris-interpretatius-sobre-lacces-de-les-persones-a-la-tracabilitat-de-la-seva-historia-clinica\/#primaryimage\"},\"thumbnailUrl\":\"https:\/\/ticsalutsocial.atoom.space\/wp-content\/uploads\/2024\/07\/criteris-interpretatius-sobre-lacces-de-les-persones-a-la-tracabilitat-de-la-seva-historia-clinica.png\",\"datePublished\":\"2024-07-31T13:03:13+00:00\",\"dateModified\":\"2024-08-30T07:52:05+00:00\",\"description\":\"Consulta la p\u00edldora informativa del DPD sobre la resoluci\u00f3n aprobada a 30 de julio de 2024\",\"breadcrumb\":{\"@id\":\"https:\/\/ticsalutsocial.atoom.space\/es\/noticia\/lapdcat-i-la-gaip-publiquen-els-criteris-interpretatius-sobre-lacces-de-les-persones-a-la-tracabilitat-de-la-seva-historia-clinica\/#breadcrumb\"},\"inLanguage\":\"es\",\"potentialAction\":[{\"@type\":\"ReadAction\",\"target\":[\"https:\/\/ticsalutsocial.atoom.space\/es\/noticia\/lapdcat-i-la-gaip-publiquen-els-criteris-interpretatius-sobre-lacces-de-les-persones-a-la-tracabilitat-de-la-seva-historia-clinica\/\"]}]},{\"@type\":\"ImageObject\",\"inLanguage\":\"es\",\"@id\":\"https:\/\/ticsalutsocial.atoom.space\/es\/noticia\/lapdcat-i-la-gaip-publiquen-els-criteris-interpretatius-sobre-lacces-de-les-persones-a-la-tracabilitat-de-la-seva-historia-clinica\/#primaryimage\",\"url\":\"https:\/\/ticsalutsocial.atoom.space\/wp-content\/uploads\/2024\/07\/criteris-interpretatius-sobre-lacces-de-les-persones-a-la-tracabilitat-de-la-seva-historia-clinica.png\",\"contentUrl\":\"https:\/\/ticsalutsocial.atoom.space\/wp-content\/uploads\/2024\/07\/criteris-interpretatius-sobre-lacces-de-les-persones-a-la-tracabilitat-de-la-seva-historia-clinica.png\",\"width\":1280,\"height\":960,\"caption\":\"Consulta la p\u00edndola informativa del DPD sobre la resoluci\u00f3 aprovada a 30 de juliol del 2024\"},{\"@type\":\"BreadcrumbList\",\"@id\":\"https:\/\/ticsalutsocial.atoom.space\/es\/noticia\/lapdcat-i-la-gaip-publiquen-els-criteris-interpretatius-sobre-lacces-de-les-persones-a-la-tracabilitat-de-la-seva-historia-clinica\/#breadcrumb\",\"itemListElement\":[{\"@type\":\"ListItem\",\"position\":1,\"name\":\"Inici\",\"item\":\"https:\/\/ticsalutsocial.atoom.space\/es\/\"},{\"@type\":\"ListItem\",\"position\":2,\"name\":\"APDCAT y GAIP publican los criterios interpretativos sobre el acceso de las personas a la trazabilidad de su historia cl\u00ednica\"}]},{\"@type\":\"WebSite\",\"@id\":\"https:\/\/ticsalutsocial.atoom.space\/es\/#website\",\"url\":\"https:\/\/ticsalutsocial.atoom.space\/es\/\",\"name\":\"Fundaci\u00f3 TIC Salut i Social\",\"description\":\"\",\"potentialAction\":[{\"@type\":\"SearchAction\",\"target\":{\"@type\":\"EntryPoint\",\"urlTemplate\":\"https:\/\/ticsalutsocial.atoom.space\/es\/?s={search_term_string}\"},\"query-input\":{\"@type\":\"PropertyValueSpecification\",\"valueRequired\":true,\"valueName\":\"search_term_string\"}}],\"inLanguage\":\"es\"}]}<\/script>\n<!-- \/ Yoast SEO plugin. -->","yoast_head_json":{"title":"APDCAT y GAIP publican los criterios interpretativos sobre el acceso de las personas a la trazabilidad de su historia cl\u00ednica - Fundaci\u00f3 TIC Salut i Social","description":"Consulta la p\u00edldora informativa del DPD sobre la resoluci\u00f3n aprobada a 30 de julio de 2024","robots":{"index":"index","follow":"follow","max-snippet":"max-snippet:-1","max-image-preview":"max-image-preview:large","max-video-preview":"max-video-preview:-1"},"canonical":"https:\/\/ticsalutsocial.atoom.space\/es\/noticia\/lapdcat-i-la-gaip-publiquen-els-criteris-interpretatius-sobre-lacces-de-les-persones-a-la-tracabilitat-de-la-seva-historia-clinica\/","og_locale":"es_ES","og_type":"article","og_title":"APDCAT y GAIP publican los criterios interpretativos sobre el acceso de las personas a la trazabilidad de su historia cl\u00ednica - Fundaci\u00f3 TIC Salut i Social","og_description":"Consulta la p\u00edldora informativa del DPD sobre la resoluci\u00f3n aprobada a 30 de julio de 2024","og_url":"https:\/\/ticsalutsocial.atoom.space\/es\/noticia\/lapdcat-i-la-gaip-publiquen-els-criteris-interpretatius-sobre-lacces-de-les-persones-a-la-tracabilitat-de-la-seva-historia-clinica\/","og_site_name":"Fundaci\u00f3 TIC Salut i Social","article_modified_time":"2024-08-30T07:52:05+00:00","og_image":[{"width":1280,"height":960,"url":"https:\/\/ticsalutsocial.atoom.space\/wp-content\/uploads\/2024\/07\/criteris-interpretatius-sobre-lacces-de-les-persones-a-la-tracabilitat-de-la-seva-historia-clinica.png","type":"image\/png"}],"twitter_card":"summary_large_image","twitter_misc":{"Tiempo de lectura":"2 minutos"},"schema":{"@context":"https:\/\/schema.org","@graph":[{"@type":"WebPage","@id":"https:\/\/ticsalutsocial.atoom.space\/es\/noticia\/lapdcat-i-la-gaip-publiquen-els-criteris-interpretatius-sobre-lacces-de-les-persones-a-la-tracabilitat-de-la-seva-historia-clinica\/","url":"https:\/\/ticsalutsocial.atoom.space\/es\/noticia\/lapdcat-i-la-gaip-publiquen-els-criteris-interpretatius-sobre-lacces-de-les-persones-a-la-tracabilitat-de-la-seva-historia-clinica\/","name":"APDCAT y GAIP publican los criterios interpretativos sobre el acceso de las personas a la trazabilidad de su historia cl\u00ednica - Fundaci\u00f3 TIC Salut i Social","isPartOf":{"@id":"https:\/\/ticsalutsocial.atoom.space\/es\/#website"},"primaryImageOfPage":{"@id":"https:\/\/ticsalutsocial.atoom.space\/es\/noticia\/lapdcat-i-la-gaip-publiquen-els-criteris-interpretatius-sobre-lacces-de-les-persones-a-la-tracabilitat-de-la-seva-historia-clinica\/#primaryimage"},"image":{"@id":"https:\/\/ticsalutsocial.atoom.space\/es\/noticia\/lapdcat-i-la-gaip-publiquen-els-criteris-interpretatius-sobre-lacces-de-les-persones-a-la-tracabilitat-de-la-seva-historia-clinica\/#primaryimage"},"thumbnailUrl":"https:\/\/ticsalutsocial.atoom.space\/wp-content\/uploads\/2024\/07\/criteris-interpretatius-sobre-lacces-de-les-persones-a-la-tracabilitat-de-la-seva-historia-clinica.png","datePublished":"2024-07-31T13:03:13+00:00","dateModified":"2024-08-30T07:52:05+00:00","description":"Consulta la p\u00edldora informativa del DPD sobre la resoluci\u00f3n aprobada a 30 de julio de 2024","breadcrumb":{"@id":"https:\/\/ticsalutsocial.atoom.space\/es\/noticia\/lapdcat-i-la-gaip-publiquen-els-criteris-interpretatius-sobre-lacces-de-les-persones-a-la-tracabilitat-de-la-seva-historia-clinica\/#breadcrumb"},"inLanguage":"es","potentialAction":[{"@type":"ReadAction","target":["https:\/\/ticsalutsocial.atoom.space\/es\/noticia\/lapdcat-i-la-gaip-publiquen-els-criteris-interpretatius-sobre-lacces-de-les-persones-a-la-tracabilitat-de-la-seva-historia-clinica\/"]}]},{"@type":"ImageObject","inLanguage":"es","@id":"https:\/\/ticsalutsocial.atoom.space\/es\/noticia\/lapdcat-i-la-gaip-publiquen-els-criteris-interpretatius-sobre-lacces-de-les-persones-a-la-tracabilitat-de-la-seva-historia-clinica\/#primaryimage","url":"https:\/\/ticsalutsocial.atoom.space\/wp-content\/uploads\/2024\/07\/criteris-interpretatius-sobre-lacces-de-les-persones-a-la-tracabilitat-de-la-seva-historia-clinica.png","contentUrl":"https:\/\/ticsalutsocial.atoom.space\/wp-content\/uploads\/2024\/07\/criteris-interpretatius-sobre-lacces-de-les-persones-a-la-tracabilitat-de-la-seva-historia-clinica.png","width":1280,"height":960,"caption":"Consulta la p\u00edndola informativa del DPD sobre la resoluci\u00f3 aprovada a 30 de juliol del 2024"},{"@type":"BreadcrumbList","@id":"https:\/\/ticsalutsocial.atoom.space\/es\/noticia\/lapdcat-i-la-gaip-publiquen-els-criteris-interpretatius-sobre-lacces-de-les-persones-a-la-tracabilitat-de-la-seva-historia-clinica\/#breadcrumb","itemListElement":[{"@type":"ListItem","position":1,"name":"Inici","item":"https:\/\/ticsalutsocial.atoom.space\/es\/"},{"@type":"ListItem","position":2,"name":"APDCAT y GAIP publican los criterios interpretativos sobre el acceso de las personas a la trazabilidad de su historia cl\u00ednica"}]},{"@type":"WebSite","@id":"https:\/\/ticsalutsocial.atoom.space\/es\/#website","url":"https:\/\/ticsalutsocial.atoom.space\/es\/","name":"Fundaci\u00f3 TIC Salut i Social","description":"","potentialAction":[{"@type":"SearchAction","target":{"@type":"EntryPoint","urlTemplate":"https:\/\/ticsalutsocial.atoom.space\/es\/?s={search_term_string}"},"query-input":{"@type":"PropertyValueSpecification","valueRequired":true,"valueName":"search_term_string"}}],"inLanguage":"es"}]}},"_links":{"self":[{"href":"https:\/\/ticsalutsocial.atoom.space\/es\/wp-json\/wp\/v2\/noticia\/28103","targetHints":{"allow":["GET"]}}],"collection":[{"href":"https:\/\/ticsalutsocial.atoom.space\/es\/wp-json\/wp\/v2\/noticia"}],"about":[{"href":"https:\/\/ticsalutsocial.atoom.space\/es\/wp-json\/wp\/v2\/types\/noticia"}],"author":[{"embeddable":true,"href":"https:\/\/ticsalutsocial.atoom.space\/es\/wp-json\/wp\/v2\/users\/12"}],"wp:featuredmedia":[{"embeddable":true,"href":"https:\/\/ticsalutsocial.atoom.space\/es\/wp-json\/wp\/v2\/media\/28102"}],"wp:attachment":[{"href":"https:\/\/ticsalutsocial.atoom.space\/es\/wp-json\/wp\/v2\/media?parent=28103"}],"wp:term":[{"taxonomy":"etiqueta","embeddable":true,"href":"https:\/\/ticsalutsocial.atoom.space\/es\/wp-json\/wp\/v2\/etiqueta?post=28103"},{"taxonomy":"tipus","embeddable":true,"href":"https:\/\/ticsalutsocial.atoom.space\/es\/wp-json\/wp\/v2\/tipus?post=28103"},{"taxonomy":"topic","embeddable":true,"href":"https:\/\/ticsalutsocial.atoom.space\/es\/wp-json\/wp\/v2\/topic?post=28103"}],"curies":[{"name":"wp","href":"https:\/\/api.w.org\/{rel}","templated":true}]}}