
{"id":28112,"date":"2024-08-01T08:53:52","date_gmt":"2024-08-01T06:53:52","guid":{"rendered":"https:\/\/ticsalutsocial.atoom.space\/noticia\/drets-socials-i-salut-interconnecten-els-seus-sistemes-dinformacio\/"},"modified":"2024-08-01T12:19:26","modified_gmt":"2024-08-01T10:19:26","slug":"drets-socials-i-salut-interconnecten-els-seus-sistemes-dinformacio","status":"publish","type":"noticia","link":"https:\/\/ticsalutsocial.atoom.space\/es\/noticia\/drets-socials-i-salut-interconnecten-els-seus-sistemes-dinformacio\/","title":{"rendered":"Los departamentos de Derechos Sociales y Salud de la Generalitat de Catalunya interconectan sus sistemas de informaci\u00f3n"},"content":{"rendered":"\n<p>La apuesta del gobierno de la Generalitat de Catalunya por conseguir una mayor integraci\u00f3n de los sistemas social y sanitario ha dado un paso adelante importante en beneficio tanto de los profesionales como de las personas usuarias. Desde hace unas semanas, se han interconectado los dos sistemas de informaci\u00f3n, el social y el sanitario, por lo que los profesionales sanitarios tienen ahora acceso directo a visualizar los datos de dependencia o discapacidad de las personas atendidas, mientras que los de los servicios sociales pueden visualizar un conjunto m\u00ednimo de datos del historial cl\u00ednico de cada persona.<\/p>\n\n\n\n<p>Esto permitir\u00e1 a los profesionales de ambos \u00e1mbitos trabajar de forma m\u00e1s precisa e integral, ver toda la complejidad de las personas que atienden, los apoyos con los que cuentan por parte de ambos sistemas, y los trabajadores o trabajadoras que los atienden. Y esto repercutir\u00e1 en un mayor bienestar de las personas\u00a0especialmente de las personas mayores, las personas con discapacidad, con problemas de salud mental y adicciones, y, en general, todas las que tienen necesidades complejas de atenci\u00f3n y las que forman parte del su entorno cuidador que a menudo son atendidas tanto por el sistema social como por el sanitario.<\/p>\n\n\n\n<p>Ya hay una veintena de \u00e1reas b\u00e1sicas de servicios sociales y m\u00e1s de\u00a0498\u00a0profesionales que disponen\u00a0del visor y del microvisor Salud + Social, donde pueden visualizar informaci\u00f3n relativa a la salud de sus usuarios, por ejemplo, sus diagn\u00f3sticos, marcadores de condiciones de cronicidad, niveles de fragilidad, si reciben atenci\u00f3n domiciliaria o cu\u00e1l es su equipo sanitario de referencia. El microvisor Salut + Social se va desplegando y llegar\u00e1 a los 109 servicios sociales b\u00e1sicos de Catalu\u00f1a y, m\u00e1s adelante, tambi\u00e9n se podr\u00e1 acceder desde los diferentes centros y servicios de la red p\u00fablica de atenci\u00f3n social.<\/p>\n\n\n\n<p>Por su parte, el Departamento de Derechos Sociales ha habilitado al microvisor Social + Salud con los datos sociales de que dispone, como los de dependencia o discapacidad, entre otros, que se incorporan al visor de la Historia Cl\u00ednica Compartida de Catalu\u00f1a (HC3) del Departamento de Salud. Por tanto, todos los y las profesionales sanitarios y trabajadoras\u00a0sociales de la Red P\u00fablica\u00a0de Salud podr\u00e1n consultar esta informaci\u00f3n mediante el visor del Historial Cl\u00ednico de Salud (HES). Este acceso se ha abierto a todos los \u00e1mbitos de la Red P\u00fablica de Salud.<\/p>\n\n\n\n<p>La interconexi\u00f3n de ambos sistemas de informaci\u00f3n es fruto de la apuesta del Govern por la atenci\u00f3n integrada social y sanitaria, que tiene por objetivo atender de la mejor manera posible a las personas mayores, con dependencia, con discapacidad o con necesidades complejas.<\/p>\n\n\n\n<p><strong>Fuente:<\/strong> <a href=\"https:\/\/govern.cat\/salapremsa\/notes-premsa\/630962\/drets-socials-salut-interconnecten-sistemes-dinformacio\" target=\"_blank\" rel=\"noreferrer noopener\">Nota de prensa de Derechos Sociales, Salud y Presidencia<\/a><\/p>\n\n\n\n<p>V\u00eddeo tutorial\u00a0<a href=\"https:\/\/www.youtube.com\/watch?si=G345okEoF3wsbKpl&amp;v=nsATFmirwiY&amp;feature=youtu.be\" target=\"_blank\" rel=\"noreferrer noopener\">en este enlace<\/a>.<\/p>\n","protected":false},"author":12,"featured_media":28110,"menu_order":0,"template":"","meta":{"_acf_changed":true,"inline_featured_image":false},"etiqueta":[],"tipus":[94],"topic":[],"class_list":["post-28112","noticia","type-noticia","status-publish","has-post-thumbnail","hentry","tipus-integracion-social-y-sanitaria"],"acf":{"finalitzat":false,"tipus_plantilla":"objectius","template_objectius":{"cont_principal":"","imatge":false,"cont_seguent":{"titol":"","contingut":""},"seccio_llistat":{"titol":"","llistat":false},"objectius":{"titol":"","objectius":false},"documents":false},"autor":"","imatge":28110,"textos_destacats":[{"texte":"Se trata de un paso importante en la atenci\u00f3n integrada social y sanitaria, que facilita el trabajo a los profesionales y repercutir\u00e1 positivamente en el bienestar de las personas vulnerables<br \/>\r\n"}],"documents":false},"yoast_head":"<!-- This site is optimized with the Yoast SEO plugin v27.1.1 - https:\/\/yoast.com\/product\/yoast-seo-wordpress\/ -->\n<title>Los departamentos de Derechos Sociales y Salud de la Generalitat de Catalunya interconectan sus sistemas de informaci\u00f3n - Fundaci\u00f3 TIC Salut i Social<\/title>\n<meta name=\"description\" content=\"La interconexi\u00f3n de ambos sistemas de informaci\u00f3n es fruto de la apuesta del Govern por la atenci\u00f3n integrada social y sanitaria.\" \/>\n<meta name=\"robots\" content=\"index, follow, max-snippet:-1, max-image-preview:large, max-video-preview:-1\" \/>\n<link rel=\"canonical\" href=\"https:\/\/ticsalutsocial.atoom.space\/es\/noticia\/drets-socials-i-salut-interconnecten-els-seus-sistemes-dinformacio\/\" \/>\n<meta property=\"og:locale\" content=\"es_ES\" \/>\n<meta property=\"og:type\" content=\"article\" \/>\n<meta property=\"og:title\" content=\"Los departamentos de Derechos Sociales y Salud de la Generalitat de Catalunya interconectan sus sistemas de informaci\u00f3n - Fundaci\u00f3 TIC Salut i Social\" \/>\n<meta property=\"og:description\" content=\"La interconexi\u00f3n de ambos sistemas de informaci\u00f3n es fruto de la apuesta del Govern por la atenci\u00f3n integrada social y sanitaria.\" \/>\n<meta property=\"og:url\" content=\"https:\/\/ticsalutsocial.atoom.space\/es\/noticia\/drets-socials-i-salut-interconnecten-els-seus-sistemes-dinformacio\/\" \/>\n<meta property=\"og:site_name\" content=\"Fundaci\u00f3 TIC Salut i Social\" \/>\n<meta property=\"article:modified_time\" content=\"2024-08-01T10:19:26+00:00\" \/>\n<meta property=\"og:image\" content=\"https:\/\/ticsalutsocial.atoom.space\/wp-content\/uploads\/2024\/08\/interconnexio.png\" \/>\n\t<meta property=\"og:image:width\" content=\"1280\" \/>\n\t<meta property=\"og:image:height\" content=\"960\" \/>\n\t<meta property=\"og:image:type\" content=\"image\/png\" \/>\n<meta name=\"twitter:card\" content=\"summary_large_image\" \/>\n<meta name=\"twitter:label1\" content=\"Tiempo de lectura\" \/>\n\t<meta name=\"twitter:data1\" content=\"3 minutos\" \/>\n<script type=\"application\/ld+json\" class=\"yoast-schema-graph\">{\"@context\":\"https:\/\/schema.org\",\"@graph\":[{\"@type\":\"WebPage\",\"@id\":\"https:\/\/ticsalutsocial.atoom.space\/es\/noticia\/drets-socials-i-salut-interconnecten-els-seus-sistemes-dinformacio\/\",\"url\":\"https:\/\/ticsalutsocial.atoom.space\/es\/noticia\/drets-socials-i-salut-interconnecten-els-seus-sistemes-dinformacio\/\",\"name\":\"Los departamentos de Derechos Sociales y Salud de la Generalitat de Catalunya interconectan sus sistemas de informaci\u00f3n - Fundaci\u00f3 TIC Salut i Social\",\"isPartOf\":{\"@id\":\"https:\/\/ticsalutsocial.atoom.space\/es\/#website\"},\"primaryImageOfPage\":{\"@id\":\"https:\/\/ticsalutsocial.atoom.space\/es\/noticia\/drets-socials-i-salut-interconnecten-els-seus-sistemes-dinformacio\/#primaryimage\"},\"image\":{\"@id\":\"https:\/\/ticsalutsocial.atoom.space\/es\/noticia\/drets-socials-i-salut-interconnecten-els-seus-sistemes-dinformacio\/#primaryimage\"},\"thumbnailUrl\":\"https:\/\/ticsalutsocial.atoom.space\/wp-content\/uploads\/2024\/08\/interconnexio.png\",\"datePublished\":\"2024-08-01T06:53:52+00:00\",\"dateModified\":\"2024-08-01T10:19:26+00:00\",\"description\":\"La interconexi\u00f3n de ambos sistemas de informaci\u00f3n es fruto de la apuesta del Govern por la atenci\u00f3n integrada social y sanitaria.\",\"breadcrumb\":{\"@id\":\"https:\/\/ticsalutsocial.atoom.space\/es\/noticia\/drets-socials-i-salut-interconnecten-els-seus-sistemes-dinformacio\/#breadcrumb\"},\"inLanguage\":\"es\",\"potentialAction\":[{\"@type\":\"ReadAction\",\"target\":[\"https:\/\/ticsalutsocial.atoom.space\/es\/noticia\/drets-socials-i-salut-interconnecten-els-seus-sistemes-dinformacio\/\"]}]},{\"@type\":\"ImageObject\",\"inLanguage\":\"es\",\"@id\":\"https:\/\/ticsalutsocial.atoom.space\/es\/noticia\/drets-socials-i-salut-interconnecten-els-seus-sistemes-dinformacio\/#primaryimage\",\"url\":\"https:\/\/ticsalutsocial.atoom.space\/wp-content\/uploads\/2024\/08\/interconnexio.png\",\"contentUrl\":\"https:\/\/ticsalutsocial.atoom.space\/wp-content\/uploads\/2024\/08\/interconnexio.png\",\"width\":1280,\"height\":960,\"caption\":\"Drets Socials i Salut interconnecten els seus sistemes d'informaci\u00f3\"},{\"@type\":\"BreadcrumbList\",\"@id\":\"https:\/\/ticsalutsocial.atoom.space\/es\/noticia\/drets-socials-i-salut-interconnecten-els-seus-sistemes-dinformacio\/#breadcrumb\",\"itemListElement\":[{\"@type\":\"ListItem\",\"position\":1,\"name\":\"Inici\",\"item\":\"https:\/\/ticsalutsocial.atoom.space\/es\/\"},{\"@type\":\"ListItem\",\"position\":2,\"name\":\"Los departamentos de Derechos Sociales y Salud de la Generalitat de Catalunya interconectan sus sistemas de informaci\u00f3n\"}]},{\"@type\":\"WebSite\",\"@id\":\"https:\/\/ticsalutsocial.atoom.space\/es\/#website\",\"url\":\"https:\/\/ticsalutsocial.atoom.space\/es\/\",\"name\":\"Fundaci\u00f3 TIC Salut i Social\",\"description\":\"\",\"potentialAction\":[{\"@type\":\"SearchAction\",\"target\":{\"@type\":\"EntryPoint\",\"urlTemplate\":\"https:\/\/ticsalutsocial.atoom.space\/es\/?s={search_term_string}\"},\"query-input\":{\"@type\":\"PropertyValueSpecification\",\"valueRequired\":true,\"valueName\":\"search_term_string\"}}],\"inLanguage\":\"es\"}]}<\/script>\n<!-- \/ Yoast SEO plugin. -->","yoast_head_json":{"title":"Los departamentos de Derechos Sociales y Salud de la Generalitat de Catalunya interconectan sus sistemas de informaci\u00f3n - Fundaci\u00f3 TIC Salut i Social","description":"La interconexi\u00f3n de ambos sistemas de informaci\u00f3n es fruto de la apuesta del Govern por la atenci\u00f3n integrada social y sanitaria.","robots":{"index":"index","follow":"follow","max-snippet":"max-snippet:-1","max-image-preview":"max-image-preview:large","max-video-preview":"max-video-preview:-1"},"canonical":"https:\/\/ticsalutsocial.atoom.space\/es\/noticia\/drets-socials-i-salut-interconnecten-els-seus-sistemes-dinformacio\/","og_locale":"es_ES","og_type":"article","og_title":"Los departamentos de Derechos Sociales y Salud de la Generalitat de Catalunya interconectan sus sistemas de informaci\u00f3n - Fundaci\u00f3 TIC Salut i Social","og_description":"La interconexi\u00f3n de ambos sistemas de informaci\u00f3n es fruto de la apuesta del Govern por la atenci\u00f3n integrada social y sanitaria.","og_url":"https:\/\/ticsalutsocial.atoom.space\/es\/noticia\/drets-socials-i-salut-interconnecten-els-seus-sistemes-dinformacio\/","og_site_name":"Fundaci\u00f3 TIC Salut i Social","article_modified_time":"2024-08-01T10:19:26+00:00","og_image":[{"width":1280,"height":960,"url":"https:\/\/ticsalutsocial.atoom.space\/wp-content\/uploads\/2024\/08\/interconnexio.png","type":"image\/png"}],"twitter_card":"summary_large_image","twitter_misc":{"Tiempo de lectura":"3 minutos"},"schema":{"@context":"https:\/\/schema.org","@graph":[{"@type":"WebPage","@id":"https:\/\/ticsalutsocial.atoom.space\/es\/noticia\/drets-socials-i-salut-interconnecten-els-seus-sistemes-dinformacio\/","url":"https:\/\/ticsalutsocial.atoom.space\/es\/noticia\/drets-socials-i-salut-interconnecten-els-seus-sistemes-dinformacio\/","name":"Los departamentos de Derechos Sociales y Salud de la Generalitat de Catalunya interconectan sus sistemas de informaci\u00f3n - Fundaci\u00f3 TIC Salut i Social","isPartOf":{"@id":"https:\/\/ticsalutsocial.atoom.space\/es\/#website"},"primaryImageOfPage":{"@id":"https:\/\/ticsalutsocial.atoom.space\/es\/noticia\/drets-socials-i-salut-interconnecten-els-seus-sistemes-dinformacio\/#primaryimage"},"image":{"@id":"https:\/\/ticsalutsocial.atoom.space\/es\/noticia\/drets-socials-i-salut-interconnecten-els-seus-sistemes-dinformacio\/#primaryimage"},"thumbnailUrl":"https:\/\/ticsalutsocial.atoom.space\/wp-content\/uploads\/2024\/08\/interconnexio.png","datePublished":"2024-08-01T06:53:52+00:00","dateModified":"2024-08-01T10:19:26+00:00","description":"La interconexi\u00f3n de ambos sistemas de informaci\u00f3n es fruto de la apuesta del Govern por la atenci\u00f3n integrada social y sanitaria.","breadcrumb":{"@id":"https:\/\/ticsalutsocial.atoom.space\/es\/noticia\/drets-socials-i-salut-interconnecten-els-seus-sistemes-dinformacio\/#breadcrumb"},"inLanguage":"es","potentialAction":[{"@type":"ReadAction","target":["https:\/\/ticsalutsocial.atoom.space\/es\/noticia\/drets-socials-i-salut-interconnecten-els-seus-sistemes-dinformacio\/"]}]},{"@type":"ImageObject","inLanguage":"es","@id":"https:\/\/ticsalutsocial.atoom.space\/es\/noticia\/drets-socials-i-salut-interconnecten-els-seus-sistemes-dinformacio\/#primaryimage","url":"https:\/\/ticsalutsocial.atoom.space\/wp-content\/uploads\/2024\/08\/interconnexio.png","contentUrl":"https:\/\/ticsalutsocial.atoom.space\/wp-content\/uploads\/2024\/08\/interconnexio.png","width":1280,"height":960,"caption":"Drets Socials i Salut interconnecten els seus sistemes d'informaci\u00f3"},{"@type":"BreadcrumbList","@id":"https:\/\/ticsalutsocial.atoom.space\/es\/noticia\/drets-socials-i-salut-interconnecten-els-seus-sistemes-dinformacio\/#breadcrumb","itemListElement":[{"@type":"ListItem","position":1,"name":"Inici","item":"https:\/\/ticsalutsocial.atoom.space\/es\/"},{"@type":"ListItem","position":2,"name":"Los departamentos de Derechos Sociales y Salud de la Generalitat de Catalunya interconectan sus sistemas de informaci\u00f3n"}]},{"@type":"WebSite","@id":"https:\/\/ticsalutsocial.atoom.space\/es\/#website","url":"https:\/\/ticsalutsocial.atoom.space\/es\/","name":"Fundaci\u00f3 TIC Salut i Social","description":"","potentialAction":[{"@type":"SearchAction","target":{"@type":"EntryPoint","urlTemplate":"https:\/\/ticsalutsocial.atoom.space\/es\/?s={search_term_string}"},"query-input":{"@type":"PropertyValueSpecification","valueRequired":true,"valueName":"search_term_string"}}],"inLanguage":"es"}]}},"_links":{"self":[{"href":"https:\/\/ticsalutsocial.atoom.space\/es\/wp-json\/wp\/v2\/noticia\/28112","targetHints":{"allow":["GET"]}}],"collection":[{"href":"https:\/\/ticsalutsocial.atoom.space\/es\/wp-json\/wp\/v2\/noticia"}],"about":[{"href":"https:\/\/ticsalutsocial.atoom.space\/es\/wp-json\/wp\/v2\/types\/noticia"}],"author":[{"embeddable":true,"href":"https:\/\/ticsalutsocial.atoom.space\/es\/wp-json\/wp\/v2\/users\/12"}],"wp:featuredmedia":[{"embeddable":true,"href":"https:\/\/ticsalutsocial.atoom.space\/es\/wp-json\/wp\/v2\/media\/28110"}],"wp:attachment":[{"href":"https:\/\/ticsalutsocial.atoom.space\/es\/wp-json\/wp\/v2\/media?parent=28112"}],"wp:term":[{"taxonomy":"etiqueta","embeddable":true,"href":"https:\/\/ticsalutsocial.atoom.space\/es\/wp-json\/wp\/v2\/etiqueta?post=28112"},{"taxonomy":"tipus","embeddable":true,"href":"https:\/\/ticsalutsocial.atoom.space\/es\/wp-json\/wp\/v2\/tipus?post=28112"},{"taxonomy":"topic","embeddable":true,"href":"https:\/\/ticsalutsocial.atoom.space\/es\/wp-json\/wp\/v2\/topic?post=28112"}],"curies":[{"name":"wp","href":"https:\/\/api.w.org\/{rel}","templated":true}]}}