
{"id":28151,"date":"2024-08-09T12:38:10","date_gmt":"2024-08-09T10:38:10","guid":{"rendered":"https:\/\/ticsalutsocial.atoom.space\/noticia\/coneixes-les-arees-i-projectes-que-coordina-la-fundacio-tic-salut-social\/"},"modified":"2024-08-27T09:53:58","modified_gmt":"2024-08-27T07:53:58","slug":"coneixes-les-arees-i-projectes-que-coordina-la-fundacio-tic-salut-social","status":"publish","type":"noticia","link":"https:\/\/ticsalutsocial.atoom.space\/es\/noticia\/coneixes-les-arees-i-projectes-que-coordina-la-fundacio-tic-salut-social\/","title":{"rendered":"\u00bfConoces los proyectos que coordinan las diferentes \u00e1reas de la Fundaci\u00f3n TIC Salut Social?"},"content":{"rendered":"\n<p>La Fundaci\u00f3n TIC Salut Social ha publicado la <a href=\"https:\/\/ticsalutsocial.atoom.space\/wp-content\/uploads\/2024\/08\/MEMORIA-ES.pdf\" target=\"_blank\" rel=\"noreferrer noopener\">Memoria 2023<\/a>. El documento recoge las <strong>principales actividades y logros alcanzados por el equipo de la Fundaci\u00f3n<\/strong> durante el a\u00f1o anterior, y enumera los proyectos que coordina o en los que participan el \u00c1rea Social, el \u00c1rea de Inteligencia Artificial, el \u00c1rea de Activos Digitales para la Ciudadan\u00eda, el \u00c1rea de Atenci\u00f3n y Medicina Personalizada, el \u00c1rea de Competencias Digitales, el \u00c1rea de Imagen M\u00e9dica, el \u00c1rea de Interoperabilidad y la Oficina del Delegado de Protecci\u00f3n de Datos de Salud.<\/p>\n\n\n\n<p>En total, la Fundaci\u00f3n estuvo implicada en cerca de <strong>30 proyectos de transformaci\u00f3n digital en el \u00e1mbito de la salud y el bienestar social en Catalu\u00f1a<\/strong>, principalmente, y en <strong>10 proyectos europeos <\/strong>competitivos punteros relacionados con estos \u00e1mbitos.<\/p>\n\n\n\n<p>Entre los logros m\u00e1s destacados de 2023, la Memoria destaca la <a href=\"https:\/\/ticsalutsocial.atoom.space\/es\/noticia\/el-patronat-de-la-fundacio-tic-salut-social-incorpora-nous-membres-de-lambit-social\/\">incorporaci\u00f3n de nuevos miembros del \u00e1mbito social a su Patronato<\/a>, la <a href=\"https:\/\/ticsalutsocial.atoom.space\/es\/noticia\/resolucio-de-la-creacio-del-programa-per-a-la-promocio-i-desenvolupament-de-la-intelligencia-artificial-al-sistema-de-salut\/\">resoluci\u00f3n de la creaci\u00f3n del Programa Salut\/IA para la promoci\u00f3n y el desarrollo de la inteligencia artificial en el sistema de salud<\/a> y la <a href=\"https:\/\/ticsalutsocial.atoom.space\/es\/noticia\/el-programa-salut-ia-comenca-a-treballar-en-la-promocio-i-desenvolupament-de-la-intelligencia-artificial-al-sistema-de-salut\/\">primera reuni\u00f3n de trabajo de su Comit\u00e9<\/a>, el <a href=\"https:\/\/ticsalutsocial.atoom.space\/es\/noticia\/drets-socials-atorga-mes-de-13-milions-deuros-a-projectes-tecnologics-al-servei-de-les-cures\/\">apoyo t\u00e9cnico de la Fundaci\u00f3n en la valoraci\u00f3n tecnol\u00f3gica de los proyectos en la convocatoria de subvenciones de los fondos <em>Next Generation<\/em><\/a>, el <a href=\"https:\/\/ticsalutsocial.atoom.space\/es\/noticia\/primer-cas-dexit-de-transport-de-mostres-biologiques-amb-dron-en-la-prova-pilot-dolot\/\">primer transporte de muestras biol\u00f3gicas con dron<\/a>, la <a href=\"https:\/\/ticsalutsocial.atoom.space\/es\/noticia\/presentacio-del-model-catala-sobre-competencies-digitals-per-professionals-de-la-salut-a-brusselles\/\">presentaci\u00f3n del modelo catal\u00e1n sobre competencias digitales para profesionales de la salud en Bruselas<\/a>, las <a href=\"https:\/\/ticsalutsocial.atoom.space\/es\/noticia\/noves-formacions-sobre-avaluacio-dimpacte-impartides-pel-delegat-de-proteccio-de-dades-de-salut\/\">nuevas formaciones sobre evaluaci\u00f3n de impacto impartidas por el Delegado de Protecci\u00f3n de Datos de Salud<\/a>, o la celebraci\u00f3n de las <a href=\"https:\/\/ticsalutsocial.atoom.space\/es\/noticia\/vic-acull-les-xii-jornades-rdi-tic-salut-social-per-debatre-sobre-cures-atencio-integrada-i-el-canvi-de-paradigma-en-la-cultura-organitzativa\/\">XII Jornadas I+D+i TIC Salut Social sobre cuidados y atenci\u00f3n integrada social y Sanitaria<\/a>, entre otros.<\/p>\n\n\n\n<p>El documento tambi\u00e9n incluye un listado con <strong>59 congresos, sesiones o jornadas nacionales e internacionales<\/strong> en las que el equipo de la Fundaci\u00f3n particip\u00f3, datos b\u00e1sicos del \u00c1rea de Comunicaci\u00f3n, como la actividad en redes sociales y los resultados obtenidos en medios de comunicaci\u00f3n, y la informaci\u00f3n financiera de la entidad, con unos ingresos y gastos superiores a <strong>3,4 millones de euros<\/strong>.<\/p>\n\n\n\n<p>Para m\u00e1s informaci\u00f3n, <a href=\"https:\/\/ticsalutsocial.atoom.space\/wp-content\/uploads\/2024\/08\/interactiu_MEMORIA_2023.pdf\" target=\"_blank\" rel=\"noreferrer noopener\">consulta la Memoria 2023 en este enlace<\/a>.<\/p>\n","protected":false},"author":12,"featured_media":28147,"menu_order":0,"template":"","meta":{"_acf_changed":true,"inline_featured_image":false},"etiqueta":[],"tipus":[],"topic":[130],"class_list":["post-28151","noticia","type-noticia","status-publish","has-post-thumbnail","hentry","topic-la-fundacion"],"acf":{"finalitzat":false,"tipus_plantilla":"objectius","template_objectius":{"cont_principal":"","imatge":false,"cont_seguent":{"titol":"","contingut":""},"seccio_llistat":{"titol":"","llistat":false},"objectius":{"titol":"","objectius":false},"documents":false},"autor":"","imatge":28147,"textos_destacats":[{"texte":"Ya est\u00e1 disponible la Memoria 2023, con toda la informaci\u00f3n sobre la actividad y principales hitos del a\u00f1o de la Fundaci\u00f3n."}],"documents":false},"yoast_head":"<!-- This site is optimized with the Yoast SEO plugin v27.1.1 - https:\/\/yoast.com\/product\/yoast-seo-wordpress\/ -->\n<title>\u00bfConoces los proyectos que coordinan las diferentes \u00e1reas de la Fundaci\u00f3n TIC Salut Social? - Fundaci\u00f3 TIC Salut i Social<\/title>\n<meta name=\"description\" content=\"Ya est\u00e1 disponible la Memoria 2023, con toda la informaci\u00f3n sobre la actividad y principales hitos del a\u00f1o de la Fundaci\u00f3n.\" \/>\n<meta name=\"robots\" content=\"index, follow, max-snippet:-1, max-image-preview:large, max-video-preview:-1\" \/>\n<link rel=\"canonical\" href=\"https:\/\/ticsalutsocial.atoom.space\/es\/noticia\/coneixes-les-arees-i-projectes-que-coordina-la-fundacio-tic-salut-social\/\" \/>\n<meta property=\"og:locale\" content=\"es_ES\" \/>\n<meta property=\"og:type\" content=\"article\" \/>\n<meta property=\"og:title\" content=\"\u00bfConoces los proyectos que coordinan las diferentes \u00e1reas de la Fundaci\u00f3n TIC Salut Social? - Fundaci\u00f3 TIC Salut i Social\" \/>\n<meta property=\"og:description\" content=\"Ya est\u00e1 disponible la Memoria 2023, con toda la informaci\u00f3n sobre la actividad y principales hitos del a\u00f1o de la Fundaci\u00f3n.\" \/>\n<meta property=\"og:url\" content=\"https:\/\/ticsalutsocial.atoom.space\/es\/noticia\/coneixes-les-arees-i-projectes-que-coordina-la-fundacio-tic-salut-social\/\" \/>\n<meta property=\"og:site_name\" content=\"Fundaci\u00f3 TIC Salut i Social\" \/>\n<meta property=\"article:modified_time\" content=\"2024-08-27T07:53:58+00:00\" \/>\n<meta property=\"og:image\" content=\"https:\/\/ticsalutsocial.atoom.space\/wp-content\/uploads\/2024\/08\/Memoria-2023-Fundacio-TIC-Salut-Social.jpg\" \/>\n\t<meta property=\"og:image:width\" content=\"1280\" \/>\n\t<meta property=\"og:image:height\" content=\"960\" \/>\n\t<meta property=\"og:image:type\" content=\"image\/jpeg\" \/>\n<meta name=\"twitter:card\" content=\"summary_large_image\" \/>\n<meta name=\"twitter:label1\" content=\"Tiempo de lectura\" \/>\n\t<meta name=\"twitter:data1\" content=\"3 minutos\" \/>\n<script type=\"application\/ld+json\" class=\"yoast-schema-graph\">{\"@context\":\"https:\/\/schema.org\",\"@graph\":[{\"@type\":\"WebPage\",\"@id\":\"https:\/\/ticsalutsocial.atoom.space\/es\/noticia\/coneixes-les-arees-i-projectes-que-coordina-la-fundacio-tic-salut-social\/\",\"url\":\"https:\/\/ticsalutsocial.atoom.space\/es\/noticia\/coneixes-les-arees-i-projectes-que-coordina-la-fundacio-tic-salut-social\/\",\"name\":\"\u00bfConoces los proyectos que coordinan las diferentes \u00e1reas de la Fundaci\u00f3n TIC Salut Social? - Fundaci\u00f3 TIC Salut i Social\",\"isPartOf\":{\"@id\":\"https:\/\/ticsalutsocial.atoom.space\/es\/#website\"},\"primaryImageOfPage\":{\"@id\":\"https:\/\/ticsalutsocial.atoom.space\/es\/noticia\/coneixes-les-arees-i-projectes-que-coordina-la-fundacio-tic-salut-social\/#primaryimage\"},\"image\":{\"@id\":\"https:\/\/ticsalutsocial.atoom.space\/es\/noticia\/coneixes-les-arees-i-projectes-que-coordina-la-fundacio-tic-salut-social\/#primaryimage\"},\"thumbnailUrl\":\"https:\/\/ticsalutsocial.atoom.space\/wp-content\/uploads\/2024\/08\/Memoria-2023-Fundacio-TIC-Salut-Social.jpg\",\"datePublished\":\"2024-08-09T10:38:10+00:00\",\"dateModified\":\"2024-08-27T07:53:58+00:00\",\"description\":\"Ya est\u00e1 disponible la Memoria 2023, con toda la informaci\u00f3n sobre la actividad y principales hitos del a\u00f1o de la Fundaci\u00f3n.\",\"breadcrumb\":{\"@id\":\"https:\/\/ticsalutsocial.atoom.space\/es\/noticia\/coneixes-les-arees-i-projectes-que-coordina-la-fundacio-tic-salut-social\/#breadcrumb\"},\"inLanguage\":\"es\",\"potentialAction\":[{\"@type\":\"ReadAction\",\"target\":[\"https:\/\/ticsalutsocial.atoom.space\/es\/noticia\/coneixes-les-arees-i-projectes-que-coordina-la-fundacio-tic-salut-social\/\"]}]},{\"@type\":\"ImageObject\",\"inLanguage\":\"es\",\"@id\":\"https:\/\/ticsalutsocial.atoom.space\/es\/noticia\/coneixes-les-arees-i-projectes-que-coordina-la-fundacio-tic-salut-social\/#primaryimage\",\"url\":\"https:\/\/ticsalutsocial.atoom.space\/wp-content\/uploads\/2024\/08\/Memoria-2023-Fundacio-TIC-Salut-Social.jpg\",\"contentUrl\":\"https:\/\/ticsalutsocial.atoom.space\/wp-content\/uploads\/2024\/08\/Memoria-2023-Fundacio-TIC-Salut-Social.jpg\",\"width\":1280,\"height\":960},{\"@type\":\"BreadcrumbList\",\"@id\":\"https:\/\/ticsalutsocial.atoom.space\/es\/noticia\/coneixes-les-arees-i-projectes-que-coordina-la-fundacio-tic-salut-social\/#breadcrumb\",\"itemListElement\":[{\"@type\":\"ListItem\",\"position\":1,\"name\":\"Inici\",\"item\":\"https:\/\/ticsalutsocial.atoom.space\/es\/\"},{\"@type\":\"ListItem\",\"position\":2,\"name\":\"\u00bfConoces los proyectos que coordinan las diferentes \u00e1reas de la Fundaci\u00f3n TIC Salut Social?\"}]},{\"@type\":\"WebSite\",\"@id\":\"https:\/\/ticsalutsocial.atoom.space\/es\/#website\",\"url\":\"https:\/\/ticsalutsocial.atoom.space\/es\/\",\"name\":\"Fundaci\u00f3 TIC Salut i Social\",\"description\":\"\",\"potentialAction\":[{\"@type\":\"SearchAction\",\"target\":{\"@type\":\"EntryPoint\",\"urlTemplate\":\"https:\/\/ticsalutsocial.atoom.space\/es\/?s={search_term_string}\"},\"query-input\":{\"@type\":\"PropertyValueSpecification\",\"valueRequired\":true,\"valueName\":\"search_term_string\"}}],\"inLanguage\":\"es\"}]}<\/script>\n<!-- \/ Yoast SEO plugin. -->","yoast_head_json":{"title":"\u00bfConoces los proyectos que coordinan las diferentes \u00e1reas de la Fundaci\u00f3n TIC Salut Social? - Fundaci\u00f3 TIC Salut i Social","description":"Ya est\u00e1 disponible la Memoria 2023, con toda la informaci\u00f3n sobre la actividad y principales hitos del a\u00f1o de la Fundaci\u00f3n.","robots":{"index":"index","follow":"follow","max-snippet":"max-snippet:-1","max-image-preview":"max-image-preview:large","max-video-preview":"max-video-preview:-1"},"canonical":"https:\/\/ticsalutsocial.atoom.space\/es\/noticia\/coneixes-les-arees-i-projectes-que-coordina-la-fundacio-tic-salut-social\/","og_locale":"es_ES","og_type":"article","og_title":"\u00bfConoces los proyectos que coordinan las diferentes \u00e1reas de la Fundaci\u00f3n TIC Salut Social? - Fundaci\u00f3 TIC Salut i Social","og_description":"Ya est\u00e1 disponible la Memoria 2023, con toda la informaci\u00f3n sobre la actividad y principales hitos del a\u00f1o de la Fundaci\u00f3n.","og_url":"https:\/\/ticsalutsocial.atoom.space\/es\/noticia\/coneixes-les-arees-i-projectes-que-coordina-la-fundacio-tic-salut-social\/","og_site_name":"Fundaci\u00f3 TIC Salut i Social","article_modified_time":"2024-08-27T07:53:58+00:00","og_image":[{"width":1280,"height":960,"url":"https:\/\/ticsalutsocial.atoom.space\/wp-content\/uploads\/2024\/08\/Memoria-2023-Fundacio-TIC-Salut-Social.jpg","type":"image\/jpeg"}],"twitter_card":"summary_large_image","twitter_misc":{"Tiempo de lectura":"3 minutos"},"schema":{"@context":"https:\/\/schema.org","@graph":[{"@type":"WebPage","@id":"https:\/\/ticsalutsocial.atoom.space\/es\/noticia\/coneixes-les-arees-i-projectes-que-coordina-la-fundacio-tic-salut-social\/","url":"https:\/\/ticsalutsocial.atoom.space\/es\/noticia\/coneixes-les-arees-i-projectes-que-coordina-la-fundacio-tic-salut-social\/","name":"\u00bfConoces los proyectos que coordinan las diferentes \u00e1reas de la Fundaci\u00f3n TIC Salut Social? - Fundaci\u00f3 TIC Salut i Social","isPartOf":{"@id":"https:\/\/ticsalutsocial.atoom.space\/es\/#website"},"primaryImageOfPage":{"@id":"https:\/\/ticsalutsocial.atoom.space\/es\/noticia\/coneixes-les-arees-i-projectes-que-coordina-la-fundacio-tic-salut-social\/#primaryimage"},"image":{"@id":"https:\/\/ticsalutsocial.atoom.space\/es\/noticia\/coneixes-les-arees-i-projectes-que-coordina-la-fundacio-tic-salut-social\/#primaryimage"},"thumbnailUrl":"https:\/\/ticsalutsocial.atoom.space\/wp-content\/uploads\/2024\/08\/Memoria-2023-Fundacio-TIC-Salut-Social.jpg","datePublished":"2024-08-09T10:38:10+00:00","dateModified":"2024-08-27T07:53:58+00:00","description":"Ya est\u00e1 disponible la Memoria 2023, con toda la informaci\u00f3n sobre la actividad y principales hitos del a\u00f1o de la Fundaci\u00f3n.","breadcrumb":{"@id":"https:\/\/ticsalutsocial.atoom.space\/es\/noticia\/coneixes-les-arees-i-projectes-que-coordina-la-fundacio-tic-salut-social\/#breadcrumb"},"inLanguage":"es","potentialAction":[{"@type":"ReadAction","target":["https:\/\/ticsalutsocial.atoom.space\/es\/noticia\/coneixes-les-arees-i-projectes-que-coordina-la-fundacio-tic-salut-social\/"]}]},{"@type":"ImageObject","inLanguage":"es","@id":"https:\/\/ticsalutsocial.atoom.space\/es\/noticia\/coneixes-les-arees-i-projectes-que-coordina-la-fundacio-tic-salut-social\/#primaryimage","url":"https:\/\/ticsalutsocial.atoom.space\/wp-content\/uploads\/2024\/08\/Memoria-2023-Fundacio-TIC-Salut-Social.jpg","contentUrl":"https:\/\/ticsalutsocial.atoom.space\/wp-content\/uploads\/2024\/08\/Memoria-2023-Fundacio-TIC-Salut-Social.jpg","width":1280,"height":960},{"@type":"BreadcrumbList","@id":"https:\/\/ticsalutsocial.atoom.space\/es\/noticia\/coneixes-les-arees-i-projectes-que-coordina-la-fundacio-tic-salut-social\/#breadcrumb","itemListElement":[{"@type":"ListItem","position":1,"name":"Inici","item":"https:\/\/ticsalutsocial.atoom.space\/es\/"},{"@type":"ListItem","position":2,"name":"\u00bfConoces los proyectos que coordinan las diferentes \u00e1reas de la Fundaci\u00f3n TIC Salut Social?"}]},{"@type":"WebSite","@id":"https:\/\/ticsalutsocial.atoom.space\/es\/#website","url":"https:\/\/ticsalutsocial.atoom.space\/es\/","name":"Fundaci\u00f3 TIC Salut i Social","description":"","potentialAction":[{"@type":"SearchAction","target":{"@type":"EntryPoint","urlTemplate":"https:\/\/ticsalutsocial.atoom.space\/es\/?s={search_term_string}"},"query-input":{"@type":"PropertyValueSpecification","valueRequired":true,"valueName":"search_term_string"}}],"inLanguage":"es"}]}},"_links":{"self":[{"href":"https:\/\/ticsalutsocial.atoom.space\/es\/wp-json\/wp\/v2\/noticia\/28151","targetHints":{"allow":["GET"]}}],"collection":[{"href":"https:\/\/ticsalutsocial.atoom.space\/es\/wp-json\/wp\/v2\/noticia"}],"about":[{"href":"https:\/\/ticsalutsocial.atoom.space\/es\/wp-json\/wp\/v2\/types\/noticia"}],"author":[{"embeddable":true,"href":"https:\/\/ticsalutsocial.atoom.space\/es\/wp-json\/wp\/v2\/users\/12"}],"wp:featuredmedia":[{"embeddable":true,"href":"https:\/\/ticsalutsocial.atoom.space\/es\/wp-json\/wp\/v2\/media\/28147"}],"wp:attachment":[{"href":"https:\/\/ticsalutsocial.atoom.space\/es\/wp-json\/wp\/v2\/media?parent=28151"}],"wp:term":[{"taxonomy":"etiqueta","embeddable":true,"href":"https:\/\/ticsalutsocial.atoom.space\/es\/wp-json\/wp\/v2\/etiqueta?post=28151"},{"taxonomy":"tipus","embeddable":true,"href":"https:\/\/ticsalutsocial.atoom.space\/es\/wp-json\/wp\/v2\/tipus?post=28151"},{"taxonomy":"topic","embeddable":true,"href":"https:\/\/ticsalutsocial.atoom.space\/es\/wp-json\/wp\/v2\/topic?post=28151"}],"curies":[{"name":"wp","href":"https:\/\/api.w.org\/{rel}","templated":true}]}}