
{"id":28203,"date":"2024-08-27T12:03:16","date_gmt":"2024-08-27T10:03:16","guid":{"rendered":"https:\/\/ticsalutsocial.atoom.space\/noticia\/participa-al-5e-colloqui-internacional-shared-patient-experience\/"},"modified":"2024-08-30T10:33:11","modified_gmt":"2024-08-30T08:33:11","slug":"participa-al-5e-colloqui-internacional-shared-patient-experience","status":"publish","type":"noticia","link":"https:\/\/ticsalutsocial.atoom.space\/es\/noticia\/participa-al-5e-colloqui-internacional-shared-patient-experience\/","title":{"rendered":"Participa en el 5\u00ba Coloquio Internacional &#8216;Shared Patient Experience&#8217;"},"content":{"rendered":"<p>Barcelona acoger\u00e1 entre el <a href=\"https:\/\/ticsalutsocial.atoom.space\/event\/5e-colloqui-internacional-shared-experience\/\" target=\"_blank\" rel=\"noopener\">9 y el 10 de octubre<\/a> en el World Trade Center el <a href=\"https:\/\/spexperience.org\/en\/colloquiums\/coloquio-2024\/\" target=\"_blank\" rel=\"noopener\">5\u00ba Coloquio Internacional Shared Patient Experience<\/a>. Un destacado encuentro internacional en el que habr\u00e1 un espacio dedicado a la presentaci\u00f3n de soluciones tecnol\u00f3gicas que contribuyan directamente a la mejora de la experiencia del paciente en la utilizaci\u00f3n de los servicios de salud.<\/p>\n<p>El coloquio ofrece a las startups o empresas en desarrollo la oportunidad de participar en un espacio reservado para ocho empresas, que tendr\u00e1n la opci\u00f3n de presentarse cuatro veces durante los dos d\u00edas, en los momentos de las sesiones de comunicaciones. No se trata de un espacio comercial al que se acuda durante las pausas, sino de una zona habilitada para presentar la empresa y la soluci\u00f3n a todos los asistentes de manera ordenada.<\/p>\n<p>Concretamente, esta sesi\u00f3n tendr\u00e1 un presidente que se encargar\u00e1 de hacer una presentaci\u00f3n global de todas las empresas. Esta parte se realizar\u00e1 desde un atril y con un sistema de proyecci\u00f3n; luego, en el espacio de cada empresa.<\/p>\n<p>&nbsp;<\/p>\n<h3>M\u00e1s informaci\u00f3n sobre el evento<\/h3>\n<p>&nbsp;<\/p>\n<ul>\n<li><strong>Auditorio estimado en el coloquio:<\/strong> 300 personas.<\/li>\n<li><strong>Perfil de los asistentes:<\/strong> directivos de las instituciones y profesionales sanitarios, responsables de la gesti\u00f3n de pacientes, responsables de calidad.<\/li>\n<li><strong>Aforo del espacio habilitado para startups:<\/strong> aproximadamente 50 personas.<\/li>\n<li><strong>Duraci\u00f3n prevista de estos espacios:<\/strong> 2 horas para cada una de las 4 sesiones.<\/li>\n<li>Todas las empresas estar\u00e1n disponibles en las 4 sesiones.<\/li>\n<li>Se trata de sesiones espec\u00edficas con un presidente de sesi\u00f3n y en un \u00fanico espacio.<\/li>\n<li><strong>Idioma:<\/strong> los idiomas aceptados son ingl\u00e9s, franc\u00e9s y espa\u00f1ol. En este espacio no habr\u00e1 traducci\u00f3n simult\u00e1nea.<\/li>\n<\/ul>\n<p>Pod\u00e9is consultar todos los detalles del programa: <a href=\"https:\/\/spexperience.org\/en\/colloquiums\/colloquium-2024\/program\/\" target=\"_blank\" rel=\"noopener\">https:\/\/spexperience.org\/en\/colloquiums\/colloquium-2024\/program\/<\/a><\/p>\n<p>&nbsp;<\/p>\n<h3>\u00bfC\u00f3mo participar?<\/h3>\n<p>&nbsp;<\/p>\n<p>Enviad este <a href=\"https:\/\/spexperience.org\/en\/colloquiums\/coloquio-2024\/So-co%20loq%20uio-internaciona1-%20spx-convocatoria-de-autores\/\" target=\"_blank\" rel=\"noopener\">formulario<\/a> antes del 10 de septiembre. Para obtener la aceptaci\u00f3n definitiva, deb\u00e9is inscribir a 4 personas que tendr\u00e1n acceso a todas las actividades del Coloquio.<\/p>\n<p>&nbsp;<\/p>\n<h3>Sobre Share Patient Experience<\/h3>\n<p>&nbsp;<\/p>\n<p>Share Patient Experience (SPX) es una asociaci\u00f3n europea sin \u00e1nimo de lucro que tiene como objetivo promover la utilizaci\u00f3n de la experiencia del paciente en el desarrollo de los servicios de salud. Su prioridad es trabajar con los equipos de direcci\u00f3n, los l\u00edderes profesionales y los cuadros directivos de proximidad para facilitar la gesti\u00f3n del cambio dentro de los organismos sanitarios.<\/p>\n<p>Para realizar otras consultas relacionadas con el 5\u00ba Coloquio pod\u00e9is poneros en contacto con SPX en <a rel=\"noopener\">colloque@spexperience.org<\/a><\/p>\n<p>&nbsp;<\/p>\n<p>&nbsp;<\/p>\n<p>&nbsp;<\/p>\n<p>&nbsp;<\/p>\n<p>&nbsp;<\/p>\n<p>&nbsp;<\/p>\n<p>&nbsp;<\/p>\n<p>&nbsp;<\/p>\n<p>&nbsp;<\/p>\n<p>&nbsp;<\/p>\n<p>&nbsp;<\/p>\n<p>&nbsp;<\/p>\n<p>&nbsp;<\/p>\n<p>&nbsp;<\/p>\n<p>&nbsp;<\/p>\n","protected":false},"author":3,"featured_media":28244,"menu_order":0,"template":"","meta":{"_acf_changed":false,"inline_featured_image":false},"etiqueta":[],"tipus":[],"topic":[119],"class_list":["post-28203","noticia","type-noticia","status-publish","has-post-thumbnail","hentry","topic-innovacion"],"acf":{"finalitzat":false,"tipus_plantilla":"objectius","template_objectius":{"cont_principal":"","imatge":false,"cont_seguent":{"titol":"","contingut":""},"seccio_llistat":{"titol":"","llistat":false},"objectius":{"titol":"","objectius":false},"documents":false},"autor":"","imatge":false,"textos_destacats":[{"texte":"El Shared Patient Experience es una asociaci\u00f3n europea sin \u00e1nimo de lucro que tiene como objetivo promover el desarrollo de los servicios de salud europeos"}],"documents":false},"yoast_head":"<!-- This site is optimized with the Yoast SEO plugin v27.1.1 - https:\/\/yoast.com\/product\/yoast-seo-wordpress\/ -->\n<title>Participa en el 5\u00ba Coloquio Internacional &#039;Shared Patient Experience&#039; - Fundaci\u00f3 TIC Salut i Social<\/title>\n<meta name=\"robots\" content=\"index, follow, max-snippet:-1, max-image-preview:large, max-video-preview:-1\" \/>\n<link rel=\"canonical\" href=\"https:\/\/ticsalutsocial.atoom.space\/es\/noticia\/participa-al-5e-colloqui-internacional-shared-patient-experience\/\" \/>\n<meta property=\"og:locale\" content=\"es_ES\" \/>\n<meta property=\"og:type\" content=\"article\" \/>\n<meta property=\"og:title\" content=\"Participa en el 5\u00ba Coloquio Internacional &#039;Shared Patient Experience&#039; - Fundaci\u00f3 TIC Salut i Social\" \/>\n<meta property=\"og:description\" content=\"Barcelona acoger\u00e1 entre el 9 y el 10 de octubre en el World Trade Center el 5\u00ba Coloquio Internacional Shared Patient Experience. Un destacado encuentro internacional en el que habr\u00e1 un espacio dedicado a la presentaci\u00f3n de soluciones tecnol\u00f3gicas que contribuyan directamente a la mejora de la experiencia del paciente en la utilizaci\u00f3n de los [&hellip;]\" \/>\n<meta property=\"og:url\" content=\"https:\/\/ticsalutsocial.atoom.space\/es\/noticia\/participa-al-5e-colloqui-internacional-shared-patient-experience\/\" \/>\n<meta property=\"og:site_name\" content=\"Fundaci\u00f3 TIC Salut i Social\" \/>\n<meta property=\"article:modified_time\" content=\"2024-08-30T08:33:11+00:00\" \/>\n<meta property=\"og:image\" content=\"https:\/\/ticsalutsocial.atoom.space\/wp-content\/uploads\/2024\/08\/spxES.jpg\" \/>\n\t<meta property=\"og:image:width\" content=\"560\" \/>\n\t<meta property=\"og:image:height\" content=\"314\" \/>\n\t<meta property=\"og:image:type\" content=\"image\/jpeg\" \/>\n<meta name=\"twitter:card\" content=\"summary_large_image\" \/>\n<meta name=\"twitter:label1\" content=\"Tiempo de lectura\" \/>\n\t<meta name=\"twitter:data1\" content=\"3 minutos\" \/>\n<script type=\"application\/ld+json\" class=\"yoast-schema-graph\">{\"@context\":\"https:\/\/schema.org\",\"@graph\":[{\"@type\":\"WebPage\",\"@id\":\"https:\/\/ticsalutsocial.atoom.space\/es\/noticia\/participa-al-5e-colloqui-internacional-shared-patient-experience\/\",\"url\":\"https:\/\/ticsalutsocial.atoom.space\/es\/noticia\/participa-al-5e-colloqui-internacional-shared-patient-experience\/\",\"name\":\"Participa en el 5\u00ba Coloquio Internacional 'Shared Patient Experience' - Fundaci\u00f3 TIC Salut i Social\",\"isPartOf\":{\"@id\":\"https:\/\/ticsalutsocial.atoom.space\/es\/#website\"},\"primaryImageOfPage\":{\"@id\":\"https:\/\/ticsalutsocial.atoom.space\/es\/noticia\/participa-al-5e-colloqui-internacional-shared-patient-experience\/#primaryimage\"},\"image\":{\"@id\":\"https:\/\/ticsalutsocial.atoom.space\/es\/noticia\/participa-al-5e-colloqui-internacional-shared-patient-experience\/#primaryimage\"},\"thumbnailUrl\":\"https:\/\/ticsalutsocial.atoom.space\/wp-content\/uploads\/2024\/08\/spxES.jpg\",\"datePublished\":\"2024-08-27T10:03:16+00:00\",\"dateModified\":\"2024-08-30T08:33:11+00:00\",\"breadcrumb\":{\"@id\":\"https:\/\/ticsalutsocial.atoom.space\/es\/noticia\/participa-al-5e-colloqui-internacional-shared-patient-experience\/#breadcrumb\"},\"inLanguage\":\"es\",\"potentialAction\":[{\"@type\":\"ReadAction\",\"target\":[\"https:\/\/ticsalutsocial.atoom.space\/es\/noticia\/participa-al-5e-colloqui-internacional-shared-patient-experience\/\"]}]},{\"@type\":\"ImageObject\",\"inLanguage\":\"es\",\"@id\":\"https:\/\/ticsalutsocial.atoom.space\/es\/noticia\/participa-al-5e-colloqui-internacional-shared-patient-experience\/#primaryimage\",\"url\":\"https:\/\/ticsalutsocial.atoom.space\/wp-content\/uploads\/2024\/08\/spxES.jpg\",\"contentUrl\":\"https:\/\/ticsalutsocial.atoom.space\/wp-content\/uploads\/2024\/08\/spxES.jpg\",\"width\":560,\"height\":314},{\"@type\":\"BreadcrumbList\",\"@id\":\"https:\/\/ticsalutsocial.atoom.space\/es\/noticia\/participa-al-5e-colloqui-internacional-shared-patient-experience\/#breadcrumb\",\"itemListElement\":[{\"@type\":\"ListItem\",\"position\":1,\"name\":\"Inici\",\"item\":\"https:\/\/ticsalutsocial.atoom.space\/es\/\"},{\"@type\":\"ListItem\",\"position\":2,\"name\":\"Participa en el 5\u00ba Coloquio Internacional &#8216;Shared Patient Experience&#8217;\"}]},{\"@type\":\"WebSite\",\"@id\":\"https:\/\/ticsalutsocial.atoom.space\/es\/#website\",\"url\":\"https:\/\/ticsalutsocial.atoom.space\/es\/\",\"name\":\"Fundaci\u00f3 TIC Salut i Social\",\"description\":\"\",\"potentialAction\":[{\"@type\":\"SearchAction\",\"target\":{\"@type\":\"EntryPoint\",\"urlTemplate\":\"https:\/\/ticsalutsocial.atoom.space\/es\/?s={search_term_string}\"},\"query-input\":{\"@type\":\"PropertyValueSpecification\",\"valueRequired\":true,\"valueName\":\"search_term_string\"}}],\"inLanguage\":\"es\"}]}<\/script>\n<!-- \/ Yoast SEO plugin. -->","yoast_head_json":{"title":"Participa en el 5\u00ba Coloquio Internacional 'Shared Patient Experience' - Fundaci\u00f3 TIC Salut i Social","robots":{"index":"index","follow":"follow","max-snippet":"max-snippet:-1","max-image-preview":"max-image-preview:large","max-video-preview":"max-video-preview:-1"},"canonical":"https:\/\/ticsalutsocial.atoom.space\/es\/noticia\/participa-al-5e-colloqui-internacional-shared-patient-experience\/","og_locale":"es_ES","og_type":"article","og_title":"Participa en el 5\u00ba Coloquio Internacional 'Shared Patient Experience' - Fundaci\u00f3 TIC Salut i Social","og_description":"Barcelona acoger\u00e1 entre el 9 y el 10 de octubre en el World Trade Center el 5\u00ba Coloquio Internacional Shared Patient Experience. Un destacado encuentro internacional en el que habr\u00e1 un espacio dedicado a la presentaci\u00f3n de soluciones tecnol\u00f3gicas que contribuyan directamente a la mejora de la experiencia del paciente en la utilizaci\u00f3n de los [&hellip;]","og_url":"https:\/\/ticsalutsocial.atoom.space\/es\/noticia\/participa-al-5e-colloqui-internacional-shared-patient-experience\/","og_site_name":"Fundaci\u00f3 TIC Salut i Social","article_modified_time":"2024-08-30T08:33:11+00:00","og_image":[{"width":560,"height":314,"url":"https:\/\/ticsalutsocial.atoom.space\/wp-content\/uploads\/2024\/08\/spxES.jpg","type":"image\/jpeg"}],"twitter_card":"summary_large_image","twitter_misc":{"Tiempo de lectura":"3 minutos"},"schema":{"@context":"https:\/\/schema.org","@graph":[{"@type":"WebPage","@id":"https:\/\/ticsalutsocial.atoom.space\/es\/noticia\/participa-al-5e-colloqui-internacional-shared-patient-experience\/","url":"https:\/\/ticsalutsocial.atoom.space\/es\/noticia\/participa-al-5e-colloqui-internacional-shared-patient-experience\/","name":"Participa en el 5\u00ba Coloquio Internacional 'Shared Patient Experience' - Fundaci\u00f3 TIC Salut i Social","isPartOf":{"@id":"https:\/\/ticsalutsocial.atoom.space\/es\/#website"},"primaryImageOfPage":{"@id":"https:\/\/ticsalutsocial.atoom.space\/es\/noticia\/participa-al-5e-colloqui-internacional-shared-patient-experience\/#primaryimage"},"image":{"@id":"https:\/\/ticsalutsocial.atoom.space\/es\/noticia\/participa-al-5e-colloqui-internacional-shared-patient-experience\/#primaryimage"},"thumbnailUrl":"https:\/\/ticsalutsocial.atoom.space\/wp-content\/uploads\/2024\/08\/spxES.jpg","datePublished":"2024-08-27T10:03:16+00:00","dateModified":"2024-08-30T08:33:11+00:00","breadcrumb":{"@id":"https:\/\/ticsalutsocial.atoom.space\/es\/noticia\/participa-al-5e-colloqui-internacional-shared-patient-experience\/#breadcrumb"},"inLanguage":"es","potentialAction":[{"@type":"ReadAction","target":["https:\/\/ticsalutsocial.atoom.space\/es\/noticia\/participa-al-5e-colloqui-internacional-shared-patient-experience\/"]}]},{"@type":"ImageObject","inLanguage":"es","@id":"https:\/\/ticsalutsocial.atoom.space\/es\/noticia\/participa-al-5e-colloqui-internacional-shared-patient-experience\/#primaryimage","url":"https:\/\/ticsalutsocial.atoom.space\/wp-content\/uploads\/2024\/08\/spxES.jpg","contentUrl":"https:\/\/ticsalutsocial.atoom.space\/wp-content\/uploads\/2024\/08\/spxES.jpg","width":560,"height":314},{"@type":"BreadcrumbList","@id":"https:\/\/ticsalutsocial.atoom.space\/es\/noticia\/participa-al-5e-colloqui-internacional-shared-patient-experience\/#breadcrumb","itemListElement":[{"@type":"ListItem","position":1,"name":"Inici","item":"https:\/\/ticsalutsocial.atoom.space\/es\/"},{"@type":"ListItem","position":2,"name":"Participa en el 5\u00ba Coloquio Internacional &#8216;Shared Patient Experience&#8217;"}]},{"@type":"WebSite","@id":"https:\/\/ticsalutsocial.atoom.space\/es\/#website","url":"https:\/\/ticsalutsocial.atoom.space\/es\/","name":"Fundaci\u00f3 TIC Salut i Social","description":"","potentialAction":[{"@type":"SearchAction","target":{"@type":"EntryPoint","urlTemplate":"https:\/\/ticsalutsocial.atoom.space\/es\/?s={search_term_string}"},"query-input":{"@type":"PropertyValueSpecification","valueRequired":true,"valueName":"search_term_string"}}],"inLanguage":"es"}]}},"_links":{"self":[{"href":"https:\/\/ticsalutsocial.atoom.space\/es\/wp-json\/wp\/v2\/noticia\/28203","targetHints":{"allow":["GET"]}}],"collection":[{"href":"https:\/\/ticsalutsocial.atoom.space\/es\/wp-json\/wp\/v2\/noticia"}],"about":[{"href":"https:\/\/ticsalutsocial.atoom.space\/es\/wp-json\/wp\/v2\/types\/noticia"}],"author":[{"embeddable":true,"href":"https:\/\/ticsalutsocial.atoom.space\/es\/wp-json\/wp\/v2\/users\/3"}],"wp:featuredmedia":[{"embeddable":true,"href":"https:\/\/ticsalutsocial.atoom.space\/es\/wp-json\/wp\/v2\/media\/28244"}],"wp:attachment":[{"href":"https:\/\/ticsalutsocial.atoom.space\/es\/wp-json\/wp\/v2\/media?parent=28203"}],"wp:term":[{"taxonomy":"etiqueta","embeddable":true,"href":"https:\/\/ticsalutsocial.atoom.space\/es\/wp-json\/wp\/v2\/etiqueta?post=28203"},{"taxonomy":"tipus","embeddable":true,"href":"https:\/\/ticsalutsocial.atoom.space\/es\/wp-json\/wp\/v2\/tipus?post=28203"},{"taxonomy":"topic","embeddable":true,"href":"https:\/\/ticsalutsocial.atoom.space\/es\/wp-json\/wp\/v2\/topic?post=28203"}],"curies":[{"name":"wp","href":"https:\/\/api.w.org\/{rel}","templated":true}]}}