
{"id":28234,"date":"2024-08-30T09:00:26","date_gmt":"2024-08-30T07:00:26","guid":{"rendered":"https:\/\/ticsalutsocial.atoom.space\/?post_type=noticia&#038;p=28234"},"modified":"2024-08-29T11:04:49","modified_gmt":"2024-08-29T09:04:49","slug":"abierta-la-convocatoria-del-catalunya-rural-hub-val-daran","status":"publish","type":"noticia","link":"https:\/\/ticsalutsocial.atoom.space\/es\/noticia\/abierta-la-convocatoria-del-catalunya-rural-hub-val-daran\/","title":{"rendered":"Abierta la convocatoria del &#8216;Catalunya Rural Hub Val d&#8217;Aran&#8217; para los MIR de este a\u00f1o"},"content":{"rendered":"<p>Llega una nueva edici\u00f3n del &#8216;Catalunya Rural Hub Val d\u2019Aran&#8217; y ampl\u00eda sus perfiles profesionales invitando a los m\u00e9dicos que hayan finalizado el MIR a disfrutar de dos semanas visitando la Val d\u2019Aran. Acompa\u00f1ados por la direcci\u00f3n m\u00e9dica de Aran Salut, podran descubrir de primera mano c\u00f3mo es el d\u00eda a d\u00eda de los doctores y doctoras en las zonas de alta monta\u00f1a.<\/p>\n<p><strong>Del 13 al 27 de octubre, Aran Salut ofrece alojamiento gratuito en Vielha<\/strong> y visitas guiadas con un programa personalizado seg\u00fan la especialidad. El objetivo es que los MIR puedan conocer el sistema integral \u00fanico que combina atenci\u00f3n sanitaria y social.<\/p>\n<p>Esta iniciativa, creada por la Secretar\u00eda de Pol\u00edticas Digitales de la Generalitat conjuntamente con el Mobile World Capital Barcelona, busca favorecer el arraigo de profesionales en los entornos rurales para combatir el despoblamiento de estos territorios. El Conselh Generau d\u2019Aran, a trav\u00e9s del <a href=\"https:\/\/www.hepic-hub.org\/catalunya-rural-hub\/\" target=\"_blank\" rel=\"noopener\">hub de innovaci\u00f3n H\u00e8PIC,<\/a> toma el relevo de este proyecto y busca dar a conocer un sistema asistencial pionero de atenci\u00f3n sanitaria y social conjunta, establecido en el Aran en colaboraci\u00f3n con la Fundaci\u00f3 TIC Salut Social.<\/p>\n<p>Todos aquellos m\u00e9dicos y m\u00e9dicas con especialidad en pediatr\u00eda, traumatolog\u00eda, cirug\u00eda general, anestesia, radiolog\u00eda, ginecolog\u00eda, medicina interna o de familia, pueden inscribirse en el programa antes del 13 de septiembre a trav\u00e9s del siguiente enlace: Catalunya Rural Hub \u2013 H\u00c8PIC (hepic-hub.org).<\/p>\n<p>Los participantes har\u00e1n un recorrido por las diferentes instalaciones y centros de salud, y disfrutar\u00e1n de un programa de actividades que les permitir\u00e1 conocer de primera mano proyectos innovadores basados en tecnolog\u00eda como la inteligencia artificial. Adem\u00e1s, podr\u00e1n hacer una inmersi\u00f3n en el entorno natural, paisajes y cultura de la Val d&#8217;Aran. Una experiencia \u00fanica que los participantes tendr\u00e1n el privilegio de experimentar.<\/p>\n<p><a href=\"https:\/\/docs.google.com\/forms\/d\/e\/1FAIpQLSckyBvmtp8Clt3Jgwn-uS7gxjKJ-KxvRJatBX1QThqyssttRQ\/viewform\" target=\"_blank\" rel=\"noopener\">\u00a1Inscr\u00edbete!<\/a><\/p>\n","protected":false},"author":3,"featured_media":28232,"menu_order":0,"template":"","meta":{"_acf_changed":false,"inline_featured_image":false},"etiqueta":[],"tipus":[],"topic":[],"class_list":["post-28234","noticia","type-noticia","status-publish","has-post-thumbnail","hentry"],"acf":{"finalitzat":false,"tipus_plantilla":"objectius","template_objectius":{"cont_principal":"","imatge":false,"cont_seguent":{"titol":"","contingut":""},"seccio_llistat":{"titol":"","llistat":false},"objectius":{"titol":"","objectius":false},"documents":false},"autor":"","imatge":false,"textos_destacats":[{"texte":"Todos los MIR de Catalu\u00f1a pueden experimentar c\u00f3mo es ser m\u00e9dico en un entorno de monta\u00f1a"}],"documents":false},"yoast_head":"<!-- This site is optimized with the Yoast SEO plugin v27.1.1 - https:\/\/yoast.com\/product\/yoast-seo-wordpress\/ -->\n<title>Abierta la convocatoria del &#039;Catalunya Rural Hub Val d&#039;Aran&#039; para los MIR de este a\u00f1o - Fundaci\u00f3 TIC Salut i Social<\/title>\n<meta name=\"robots\" content=\"index, follow, max-snippet:-1, max-image-preview:large, max-video-preview:-1\" \/>\n<link rel=\"canonical\" href=\"https:\/\/ticsalutsocial.atoom.space\/es\/noticia\/abierta-la-convocatoria-del-catalunya-rural-hub-val-daran\/\" \/>\n<meta property=\"og:locale\" content=\"es_ES\" \/>\n<meta property=\"og:type\" content=\"article\" \/>\n<meta property=\"og:title\" content=\"Abierta la convocatoria del &#039;Catalunya Rural Hub Val d&#039;Aran&#039; para los MIR de este a\u00f1o - Fundaci\u00f3 TIC Salut i Social\" \/>\n<meta property=\"og:description\" content=\"Llega una nueva edici\u00f3n del &#8216;Catalunya Rural Hub Val d\u2019Aran&#8217; y ampl\u00eda sus perfiles profesionales invitando a los m\u00e9dicos que hayan finalizado el MIR a disfrutar de dos semanas visitando la Val d\u2019Aran. Acompa\u00f1ados por la direcci\u00f3n m\u00e9dica de Aran Salut, podran descubrir de primera mano c\u00f3mo es el d\u00eda a d\u00eda de los doctores [&hellip;]\" \/>\n<meta property=\"og:url\" content=\"https:\/\/ticsalutsocial.atoom.space\/es\/noticia\/abierta-la-convocatoria-del-catalunya-rural-hub-val-daran\/\" \/>\n<meta property=\"og:site_name\" content=\"Fundaci\u00f3 TIC Salut i Social\" \/>\n<meta property=\"og:image\" content=\"https:\/\/ticsalutsocial.atoom.space\/wp-content\/uploads\/2024\/08\/iStock-1147968123-1-1024x683.jpg\" \/>\n\t<meta property=\"og:image:width\" content=\"1024\" \/>\n\t<meta property=\"og:image:height\" content=\"683\" \/>\n\t<meta property=\"og:image:type\" content=\"image\/jpeg\" \/>\n<meta name=\"twitter:card\" content=\"summary_large_image\" \/>\n<meta name=\"twitter:label1\" content=\"Tiempo de lectura\" \/>\n\t<meta name=\"twitter:data1\" content=\"2 minutos\" \/>\n<script type=\"application\/ld+json\" class=\"yoast-schema-graph\">{\"@context\":\"https:\/\/schema.org\",\"@graph\":[{\"@type\":\"WebPage\",\"@id\":\"https:\/\/ticsalutsocial.atoom.space\/es\/noticia\/abierta-la-convocatoria-del-catalunya-rural-hub-val-daran\/\",\"url\":\"https:\/\/ticsalutsocial.atoom.space\/es\/noticia\/abierta-la-convocatoria-del-catalunya-rural-hub-val-daran\/\",\"name\":\"Abierta la convocatoria del 'Catalunya Rural Hub Val d'Aran' para los MIR de este a\u00f1o - Fundaci\u00f3 TIC Salut i Social\",\"isPartOf\":{\"@id\":\"https:\/\/ticsalutsocial.atoom.space\/es\/#website\"},\"primaryImageOfPage\":{\"@id\":\"https:\/\/ticsalutsocial.atoom.space\/es\/noticia\/abierta-la-convocatoria-del-catalunya-rural-hub-val-daran\/#primaryimage\"},\"image\":{\"@id\":\"https:\/\/ticsalutsocial.atoom.space\/es\/noticia\/abierta-la-convocatoria-del-catalunya-rural-hub-val-daran\/#primaryimage\"},\"thumbnailUrl\":\"https:\/\/ticsalutsocial.atoom.space\/wp-content\/uploads\/2024\/08\/iStock-1147968123-1.jpg\",\"datePublished\":\"2024-08-30T07:00:26+00:00\",\"breadcrumb\":{\"@id\":\"https:\/\/ticsalutsocial.atoom.space\/es\/noticia\/abierta-la-convocatoria-del-catalunya-rural-hub-val-daran\/#breadcrumb\"},\"inLanguage\":\"es\",\"potentialAction\":[{\"@type\":\"ReadAction\",\"target\":[\"https:\/\/ticsalutsocial.atoom.space\/es\/noticia\/abierta-la-convocatoria-del-catalunya-rural-hub-val-daran\/\"]}]},{\"@type\":\"ImageObject\",\"inLanguage\":\"es\",\"@id\":\"https:\/\/ticsalutsocial.atoom.space\/es\/noticia\/abierta-la-convocatoria-del-catalunya-rural-hub-val-daran\/#primaryimage\",\"url\":\"https:\/\/ticsalutsocial.atoom.space\/wp-content\/uploads\/2024\/08\/iStock-1147968123-1.jpg\",\"contentUrl\":\"https:\/\/ticsalutsocial.atoom.space\/wp-content\/uploads\/2024\/08\/iStock-1147968123-1.jpg\",\"width\":2121,\"height\":1414,\"caption\":\"Aerial view of Les, Vall d'Aran, Lleida, Catalonia, Spain\"},{\"@type\":\"BreadcrumbList\",\"@id\":\"https:\/\/ticsalutsocial.atoom.space\/es\/noticia\/abierta-la-convocatoria-del-catalunya-rural-hub-val-daran\/#breadcrumb\",\"itemListElement\":[{\"@type\":\"ListItem\",\"position\":1,\"name\":\"Inici\",\"item\":\"https:\/\/ticsalutsocial.atoom.space\/es\/\"},{\"@type\":\"ListItem\",\"position\":2,\"name\":\"Abierta la convocatoria del &#8216;Catalunya Rural Hub Val d&#8217;Aran&#8217; para los MIR de este a\u00f1o\"}]},{\"@type\":\"WebSite\",\"@id\":\"https:\/\/ticsalutsocial.atoom.space\/es\/#website\",\"url\":\"https:\/\/ticsalutsocial.atoom.space\/es\/\",\"name\":\"Fundaci\u00f3 TIC Salut i Social\",\"description\":\"\",\"potentialAction\":[{\"@type\":\"SearchAction\",\"target\":{\"@type\":\"EntryPoint\",\"urlTemplate\":\"https:\/\/ticsalutsocial.atoom.space\/es\/?s={search_term_string}\"},\"query-input\":{\"@type\":\"PropertyValueSpecification\",\"valueRequired\":true,\"valueName\":\"search_term_string\"}}],\"inLanguage\":\"es\"}]}<\/script>\n<!-- \/ Yoast SEO plugin. -->","yoast_head_json":{"title":"Abierta la convocatoria del 'Catalunya Rural Hub Val d'Aran' para los MIR de este a\u00f1o - Fundaci\u00f3 TIC Salut i Social","robots":{"index":"index","follow":"follow","max-snippet":"max-snippet:-1","max-image-preview":"max-image-preview:large","max-video-preview":"max-video-preview:-1"},"canonical":"https:\/\/ticsalutsocial.atoom.space\/es\/noticia\/abierta-la-convocatoria-del-catalunya-rural-hub-val-daran\/","og_locale":"es_ES","og_type":"article","og_title":"Abierta la convocatoria del 'Catalunya Rural Hub Val d'Aran' para los MIR de este a\u00f1o - Fundaci\u00f3 TIC Salut i Social","og_description":"Llega una nueva edici\u00f3n del &#8216;Catalunya Rural Hub Val d\u2019Aran&#8217; y ampl\u00eda sus perfiles profesionales invitando a los m\u00e9dicos que hayan finalizado el MIR a disfrutar de dos semanas visitando la Val d\u2019Aran. Acompa\u00f1ados por la direcci\u00f3n m\u00e9dica de Aran Salut, podran descubrir de primera mano c\u00f3mo es el d\u00eda a d\u00eda de los doctores [&hellip;]","og_url":"https:\/\/ticsalutsocial.atoom.space\/es\/noticia\/abierta-la-convocatoria-del-catalunya-rural-hub-val-daran\/","og_site_name":"Fundaci\u00f3 TIC Salut i Social","og_image":[{"width":1024,"height":683,"url":"https:\/\/ticsalutsocial.atoom.space\/wp-content\/uploads\/2024\/08\/iStock-1147968123-1-1024x683.jpg","type":"image\/jpeg"}],"twitter_card":"summary_large_image","twitter_misc":{"Tiempo de lectura":"2 minutos"},"schema":{"@context":"https:\/\/schema.org","@graph":[{"@type":"WebPage","@id":"https:\/\/ticsalutsocial.atoom.space\/es\/noticia\/abierta-la-convocatoria-del-catalunya-rural-hub-val-daran\/","url":"https:\/\/ticsalutsocial.atoom.space\/es\/noticia\/abierta-la-convocatoria-del-catalunya-rural-hub-val-daran\/","name":"Abierta la convocatoria del 'Catalunya Rural Hub Val d'Aran' para los MIR de este a\u00f1o - Fundaci\u00f3 TIC Salut i Social","isPartOf":{"@id":"https:\/\/ticsalutsocial.atoom.space\/es\/#website"},"primaryImageOfPage":{"@id":"https:\/\/ticsalutsocial.atoom.space\/es\/noticia\/abierta-la-convocatoria-del-catalunya-rural-hub-val-daran\/#primaryimage"},"image":{"@id":"https:\/\/ticsalutsocial.atoom.space\/es\/noticia\/abierta-la-convocatoria-del-catalunya-rural-hub-val-daran\/#primaryimage"},"thumbnailUrl":"https:\/\/ticsalutsocial.atoom.space\/wp-content\/uploads\/2024\/08\/iStock-1147968123-1.jpg","datePublished":"2024-08-30T07:00:26+00:00","breadcrumb":{"@id":"https:\/\/ticsalutsocial.atoom.space\/es\/noticia\/abierta-la-convocatoria-del-catalunya-rural-hub-val-daran\/#breadcrumb"},"inLanguage":"es","potentialAction":[{"@type":"ReadAction","target":["https:\/\/ticsalutsocial.atoom.space\/es\/noticia\/abierta-la-convocatoria-del-catalunya-rural-hub-val-daran\/"]}]},{"@type":"ImageObject","inLanguage":"es","@id":"https:\/\/ticsalutsocial.atoom.space\/es\/noticia\/abierta-la-convocatoria-del-catalunya-rural-hub-val-daran\/#primaryimage","url":"https:\/\/ticsalutsocial.atoom.space\/wp-content\/uploads\/2024\/08\/iStock-1147968123-1.jpg","contentUrl":"https:\/\/ticsalutsocial.atoom.space\/wp-content\/uploads\/2024\/08\/iStock-1147968123-1.jpg","width":2121,"height":1414,"caption":"Aerial view of Les, Vall d'Aran, Lleida, Catalonia, Spain"},{"@type":"BreadcrumbList","@id":"https:\/\/ticsalutsocial.atoom.space\/es\/noticia\/abierta-la-convocatoria-del-catalunya-rural-hub-val-daran\/#breadcrumb","itemListElement":[{"@type":"ListItem","position":1,"name":"Inici","item":"https:\/\/ticsalutsocial.atoom.space\/es\/"},{"@type":"ListItem","position":2,"name":"Abierta la convocatoria del &#8216;Catalunya Rural Hub Val d&#8217;Aran&#8217; para los MIR de este a\u00f1o"}]},{"@type":"WebSite","@id":"https:\/\/ticsalutsocial.atoom.space\/es\/#website","url":"https:\/\/ticsalutsocial.atoom.space\/es\/","name":"Fundaci\u00f3 TIC Salut i Social","description":"","potentialAction":[{"@type":"SearchAction","target":{"@type":"EntryPoint","urlTemplate":"https:\/\/ticsalutsocial.atoom.space\/es\/?s={search_term_string}"},"query-input":{"@type":"PropertyValueSpecification","valueRequired":true,"valueName":"search_term_string"}}],"inLanguage":"es"}]}},"_links":{"self":[{"href":"https:\/\/ticsalutsocial.atoom.space\/es\/wp-json\/wp\/v2\/noticia\/28234","targetHints":{"allow":["GET"]}}],"collection":[{"href":"https:\/\/ticsalutsocial.atoom.space\/es\/wp-json\/wp\/v2\/noticia"}],"about":[{"href":"https:\/\/ticsalutsocial.atoom.space\/es\/wp-json\/wp\/v2\/types\/noticia"}],"author":[{"embeddable":true,"href":"https:\/\/ticsalutsocial.atoom.space\/es\/wp-json\/wp\/v2\/users\/3"}],"wp:featuredmedia":[{"embeddable":true,"href":"https:\/\/ticsalutsocial.atoom.space\/es\/wp-json\/wp\/v2\/media\/28232"}],"wp:attachment":[{"href":"https:\/\/ticsalutsocial.atoom.space\/es\/wp-json\/wp\/v2\/media?parent=28234"}],"wp:term":[{"taxonomy":"etiqueta","embeddable":true,"href":"https:\/\/ticsalutsocial.atoom.space\/es\/wp-json\/wp\/v2\/etiqueta?post=28234"},{"taxonomy":"tipus","embeddable":true,"href":"https:\/\/ticsalutsocial.atoom.space\/es\/wp-json\/wp\/v2\/tipus?post=28234"},{"taxonomy":"topic","embeddable":true,"href":"https:\/\/ticsalutsocial.atoom.space\/es\/wp-json\/wp\/v2\/topic?post=28234"}],"curies":[{"name":"wp","href":"https:\/\/api.w.org\/{rel}","templated":true}]}}