
{"id":28382,"date":"2024-09-02T09:33:06","date_gmt":"2024-09-02T07:33:06","guid":{"rendered":"https:\/\/ticsalutsocial.atoom.space\/noticia\/quina-formacio-especialitzada-en-salut-digital-trobem-a-catalunya\/"},"modified":"2025-06-06T12:05:02","modified_gmt":"2025-06-06T10:05:02","slug":"quina-formacio-especialitzada-en-salut-digital-trobem-a-catalunya","status":"publish","type":"noticia","link":"https:\/\/ticsalutsocial.atoom.space\/es\/noticia\/quina-formacio-especialitzada-en-salut-digital-trobem-a-catalunya\/","title":{"rendered":"\u00bfQu\u00e9 formaci\u00f3n especializada en salud digital encontramos en Catalu\u00f1a?"},"content":{"rendered":"<p>El proyecto COMPDIG Salud, dedicado a mejorar las competencias TIC de los profesionales de la salud y coordinado desde la Fundaci\u00f3n TIC Salut Social, ha publicado el <em>Mapeo de las iniciativas de formaci\u00f3n en Salud Digital en Catalu\u00f1a.<\/em> El documento <strong>recoge en detalle los cursos de formaci\u00f3n continuada enfocados en salud digital en el territorio catal\u00e1n<\/strong> y eval\u00faa si estos cubren las competencias recogidas en el nuevo\u00a0<a href=\"https:\/\/ticsalutsocial.atoom.space\/noticia\/ja-disponible-el-nou-mapa-de-competencies-digitals-per-a-professionals-de-la-salut\/\" target=\"_blank\" rel=\"noopener\">mapa de competencies digitales para profesionales de la salud<\/a> .<\/p>\n<p>El documento ha identificado <strong>16 iniciativas de formaci\u00f3n existentes en Catalu\u00f1a en salud digital<\/strong>. De estas, figuran 4 m\u00e1steres, 3 posgrados y 9 cursos de especializaci\u00f3n. La mayor\u00eda de las formaciones incluyen m\u00e1s de un \u00e1rea de conocimiento relacionadas con el mapa de las 11 competencias digitales para los profesionales sanitarios, tal y como se detalla en la siguiente figura:<\/p>\n<p><iframe loading=\"lazy\" class=\"wp-embedded-content\" sandbox=\"allow-scripts\" security=\"restricted\" title=\"Interactive or visual content\" src=\"https:\/\/flo.uri.sh\/visualisation\/19512549\/embed#?secret=EZrxgmfVN2\" data-secret=\"EZrxgmfVN2\" frameborder=\"0\" scrolling=\"no\" height=\"575\" width=\"500\"><\/iframe><\/p>\n<p>&nbsp;<\/p>\n<p>Esta visi\u00f3n general de la oferta de formaci\u00f3n disponible en Catalu\u00f1a permite al proyecto COMPDIG-Salut planificar futuras acciones para fomentar y mejorar las competencias TIC de los profesionales de la salud descritas en el mapa.<\/p>\n<p>El documento se ha desarrollado con la financiaci\u00f3n del proyecto <em>Improving Digital Competences of the Health Workforce in Spain and Estonia<\/em>, financiado por la Uni\u00f3n Europea, a trav\u00e9s del <em>Technical Support Instrument<\/em>, y ejecutado por NTT DATA, en colaboraci\u00f3n con la Direcci\u00f3n General de Apoyo a las Reformas Estructurales de la Comisi\u00f3n Europea (DG REFORM). La recopilaci\u00f3n completa de la informaci\u00f3n se realiz\u00f3 en diciembre de 2023 y se revis\u00f3 en mayo de 2024. Sin embargo, debido al dinamismo del sector, <strong>la oferta disponible y los detalles de cada formaci\u00f3n recogidos en el documento pueden haber cambiado.<\/strong><\/p>\n<p>&nbsp;<\/p>\n<p><img loading=\"lazy\" decoding=\"async\" class=\"alignleft\" src=\"https:\/\/ticsalutsocial.atoom.space\/wp-content\/uploads\/2023\/01\/Flag_of_Europe.svg.png\" width=\"107\" height=\"71\" \/><\/p>\n","protected":false},"author":3,"featured_media":28265,"menu_order":0,"template":"","meta":{"_acf_changed":false,"inline_featured_image":false},"etiqueta":[],"tipus":[1165],"topic":[],"class_list":["post-28382","noticia","type-noticia","status-publish","has-post-thumbnail","hentry","tipus-competencias-digitales"],"acf":{"finalitzat":false,"tipus_plantilla":"objectius","template_objectius":{"cont_principal":"","imatge":false,"cont_seguent":{"titol":"","contingut":""},"seccio_llistat":{"titol":"","llistat":false},"objectius":{"titol":"","objectius":false},"documents":false},"autor":"","imatge":false,"textos_destacats":[{"texte":"El proyecto COMPDIG publica el Mapeo de las iniciativas de formaci\u00f3n en Salud Digital en Catalu\u00f1a, que incluye m\u00e1steres, posgrados y cursos especializados de diferentes entidades"}],"documents":false},"yoast_head":"<!-- This site is optimized with the Yoast SEO plugin v27.1.1 - https:\/\/yoast.com\/product\/yoast-seo-wordpress\/ -->\n<title>\u00bfQu\u00e9 formaci\u00f3n especializada en salud digital encontramos en Catalu\u00f1a? - Fundaci\u00f3 TIC Salut i Social<\/title>\n<meta name=\"description\" content=\"El document recull amb detall els cursos de formaci\u00f3 continuada enfocats a salut digital en el territori catal\u00e0\" \/>\n<meta name=\"robots\" content=\"index, follow, max-snippet:-1, max-image-preview:large, max-video-preview:-1\" \/>\n<link rel=\"canonical\" href=\"https:\/\/ticsalutsocial.atoom.space\/es\/noticia\/quina-formacio-especialitzada-en-salut-digital-trobem-a-catalunya\/\" \/>\n<meta property=\"og:locale\" content=\"es_ES\" \/>\n<meta property=\"og:type\" content=\"article\" \/>\n<meta property=\"og:title\" content=\"\u00bfQu\u00e9 formaci\u00f3n especializada en salud digital encontramos en Catalu\u00f1a? - Fundaci\u00f3 TIC Salut i Social\" \/>\n<meta property=\"og:description\" content=\"El document recull amb detall els cursos de formaci\u00f3 continuada enfocats a salut digital en el territori catal\u00e0\" \/>\n<meta property=\"og:url\" content=\"https:\/\/ticsalutsocial.atoom.space\/es\/noticia\/quina-formacio-especialitzada-en-salut-digital-trobem-a-catalunya\/\" \/>\n<meta property=\"og:site_name\" content=\"Fundaci\u00f3 TIC Salut i Social\" \/>\n<meta property=\"article:modified_time\" content=\"2025-06-06T10:05:02+00:00\" \/>\n<meta property=\"og:image\" content=\"https:\/\/ticsalutsocial.atoom.space\/wp-content\/uploads\/2024\/09\/iStock-1496433480.jpg\" \/>\n\t<meta property=\"og:image:width\" content=\"2120\" \/>\n\t<meta property=\"og:image:height\" content=\"1414\" \/>\n\t<meta property=\"og:image:type\" content=\"image\/jpeg\" \/>\n<meta name=\"twitter:card\" content=\"summary_large_image\" \/>\n<meta name=\"twitter:label1\" content=\"Tiempo de lectura\" \/>\n\t<meta name=\"twitter:data1\" content=\"2 minutos\" \/>\n<script type=\"application\/ld+json\" class=\"yoast-schema-graph\">{\"@context\":\"https:\/\/schema.org\",\"@graph\":[{\"@type\":\"WebPage\",\"@id\":\"https:\/\/ticsalutsocial.atoom.space\/es\/noticia\/quina-formacio-especialitzada-en-salut-digital-trobem-a-catalunya\/\",\"url\":\"https:\/\/ticsalutsocial.atoom.space\/es\/noticia\/quina-formacio-especialitzada-en-salut-digital-trobem-a-catalunya\/\",\"name\":\"\u00bfQu\u00e9 formaci\u00f3n especializada en salud digital encontramos en Catalu\u00f1a? - Fundaci\u00f3 TIC Salut i Social\",\"isPartOf\":{\"@id\":\"https:\/\/ticsalutsocial.atoom.space\/es\/#website\"},\"primaryImageOfPage\":{\"@id\":\"https:\/\/ticsalutsocial.atoom.space\/es\/noticia\/quina-formacio-especialitzada-en-salut-digital-trobem-a-catalunya\/#primaryimage\"},\"image\":{\"@id\":\"https:\/\/ticsalutsocial.atoom.space\/es\/noticia\/quina-formacio-especialitzada-en-salut-digital-trobem-a-catalunya\/#primaryimage\"},\"thumbnailUrl\":\"https:\/\/ticsalutsocial.atoom.space\/wp-content\/uploads\/2024\/09\/iStock-1496433480.jpg\",\"datePublished\":\"2024-09-02T07:33:06+00:00\",\"dateModified\":\"2025-06-06T10:05:02+00:00\",\"description\":\"El document recull amb detall els cursos de formaci\u00f3 continuada enfocats a salut digital en el territori catal\u00e0\",\"breadcrumb\":{\"@id\":\"https:\/\/ticsalutsocial.atoom.space\/es\/noticia\/quina-formacio-especialitzada-en-salut-digital-trobem-a-catalunya\/#breadcrumb\"},\"inLanguage\":\"es\",\"potentialAction\":[{\"@type\":\"ReadAction\",\"target\":[\"https:\/\/ticsalutsocial.atoom.space\/es\/noticia\/quina-formacio-especialitzada-en-salut-digital-trobem-a-catalunya\/\"]}]},{\"@type\":\"ImageObject\",\"inLanguage\":\"es\",\"@id\":\"https:\/\/ticsalutsocial.atoom.space\/es\/noticia\/quina-formacio-especialitzada-en-salut-digital-trobem-a-catalunya\/#primaryimage\",\"url\":\"https:\/\/ticsalutsocial.atoom.space\/wp-content\/uploads\/2024\/09\/iStock-1496433480.jpg\",\"contentUrl\":\"https:\/\/ticsalutsocial.atoom.space\/wp-content\/uploads\/2024\/09\/iStock-1496433480.jpg\",\"width\":2120,\"height\":1414,\"caption\":\"Students learning computer programming, Vocational education\"},{\"@type\":\"BreadcrumbList\",\"@id\":\"https:\/\/ticsalutsocial.atoom.space\/es\/noticia\/quina-formacio-especialitzada-en-salut-digital-trobem-a-catalunya\/#breadcrumb\",\"itemListElement\":[{\"@type\":\"ListItem\",\"position\":1,\"name\":\"Inici\",\"item\":\"https:\/\/ticsalutsocial.atoom.space\/es\/\"},{\"@type\":\"ListItem\",\"position\":2,\"name\":\"\u00bfQu\u00e9 formaci\u00f3n especializada en salud digital encontramos en Catalu\u00f1a?\"}]},{\"@type\":\"WebSite\",\"@id\":\"https:\/\/ticsalutsocial.atoom.space\/es\/#website\",\"url\":\"https:\/\/ticsalutsocial.atoom.space\/es\/\",\"name\":\"Fundaci\u00f3 TIC Salut i Social\",\"description\":\"\",\"potentialAction\":[{\"@type\":\"SearchAction\",\"target\":{\"@type\":\"EntryPoint\",\"urlTemplate\":\"https:\/\/ticsalutsocial.atoom.space\/es\/?s={search_term_string}\"},\"query-input\":{\"@type\":\"PropertyValueSpecification\",\"valueRequired\":true,\"valueName\":\"search_term_string\"}}],\"inLanguage\":\"es\"}]}<\/script>\n<!-- \/ Yoast SEO plugin. -->","yoast_head_json":{"title":"\u00bfQu\u00e9 formaci\u00f3n especializada en salud digital encontramos en Catalu\u00f1a? - Fundaci\u00f3 TIC Salut i Social","description":"El document recull amb detall els cursos de formaci\u00f3 continuada enfocats a salut digital en el territori catal\u00e0","robots":{"index":"index","follow":"follow","max-snippet":"max-snippet:-1","max-image-preview":"max-image-preview:large","max-video-preview":"max-video-preview:-1"},"canonical":"https:\/\/ticsalutsocial.atoom.space\/es\/noticia\/quina-formacio-especialitzada-en-salut-digital-trobem-a-catalunya\/","og_locale":"es_ES","og_type":"article","og_title":"\u00bfQu\u00e9 formaci\u00f3n especializada en salud digital encontramos en Catalu\u00f1a? - Fundaci\u00f3 TIC Salut i Social","og_description":"El document recull amb detall els cursos de formaci\u00f3 continuada enfocats a salut digital en el territori catal\u00e0","og_url":"https:\/\/ticsalutsocial.atoom.space\/es\/noticia\/quina-formacio-especialitzada-en-salut-digital-trobem-a-catalunya\/","og_site_name":"Fundaci\u00f3 TIC Salut i Social","article_modified_time":"2025-06-06T10:05:02+00:00","og_image":[{"width":2120,"height":1414,"url":"https:\/\/ticsalutsocial.atoom.space\/wp-content\/uploads\/2024\/09\/iStock-1496433480.jpg","type":"image\/jpeg"}],"twitter_card":"summary_large_image","twitter_misc":{"Tiempo de lectura":"2 minutos"},"schema":{"@context":"https:\/\/schema.org","@graph":[{"@type":"WebPage","@id":"https:\/\/ticsalutsocial.atoom.space\/es\/noticia\/quina-formacio-especialitzada-en-salut-digital-trobem-a-catalunya\/","url":"https:\/\/ticsalutsocial.atoom.space\/es\/noticia\/quina-formacio-especialitzada-en-salut-digital-trobem-a-catalunya\/","name":"\u00bfQu\u00e9 formaci\u00f3n especializada en salud digital encontramos en Catalu\u00f1a? - Fundaci\u00f3 TIC Salut i Social","isPartOf":{"@id":"https:\/\/ticsalutsocial.atoom.space\/es\/#website"},"primaryImageOfPage":{"@id":"https:\/\/ticsalutsocial.atoom.space\/es\/noticia\/quina-formacio-especialitzada-en-salut-digital-trobem-a-catalunya\/#primaryimage"},"image":{"@id":"https:\/\/ticsalutsocial.atoom.space\/es\/noticia\/quina-formacio-especialitzada-en-salut-digital-trobem-a-catalunya\/#primaryimage"},"thumbnailUrl":"https:\/\/ticsalutsocial.atoom.space\/wp-content\/uploads\/2024\/09\/iStock-1496433480.jpg","datePublished":"2024-09-02T07:33:06+00:00","dateModified":"2025-06-06T10:05:02+00:00","description":"El document recull amb detall els cursos de formaci\u00f3 continuada enfocats a salut digital en el territori catal\u00e0","breadcrumb":{"@id":"https:\/\/ticsalutsocial.atoom.space\/es\/noticia\/quina-formacio-especialitzada-en-salut-digital-trobem-a-catalunya\/#breadcrumb"},"inLanguage":"es","potentialAction":[{"@type":"ReadAction","target":["https:\/\/ticsalutsocial.atoom.space\/es\/noticia\/quina-formacio-especialitzada-en-salut-digital-trobem-a-catalunya\/"]}]},{"@type":"ImageObject","inLanguage":"es","@id":"https:\/\/ticsalutsocial.atoom.space\/es\/noticia\/quina-formacio-especialitzada-en-salut-digital-trobem-a-catalunya\/#primaryimage","url":"https:\/\/ticsalutsocial.atoom.space\/wp-content\/uploads\/2024\/09\/iStock-1496433480.jpg","contentUrl":"https:\/\/ticsalutsocial.atoom.space\/wp-content\/uploads\/2024\/09\/iStock-1496433480.jpg","width":2120,"height":1414,"caption":"Students learning computer programming, Vocational education"},{"@type":"BreadcrumbList","@id":"https:\/\/ticsalutsocial.atoom.space\/es\/noticia\/quina-formacio-especialitzada-en-salut-digital-trobem-a-catalunya\/#breadcrumb","itemListElement":[{"@type":"ListItem","position":1,"name":"Inici","item":"https:\/\/ticsalutsocial.atoom.space\/es\/"},{"@type":"ListItem","position":2,"name":"\u00bfQu\u00e9 formaci\u00f3n especializada en salud digital encontramos en Catalu\u00f1a?"}]},{"@type":"WebSite","@id":"https:\/\/ticsalutsocial.atoom.space\/es\/#website","url":"https:\/\/ticsalutsocial.atoom.space\/es\/","name":"Fundaci\u00f3 TIC Salut i Social","description":"","potentialAction":[{"@type":"SearchAction","target":{"@type":"EntryPoint","urlTemplate":"https:\/\/ticsalutsocial.atoom.space\/es\/?s={search_term_string}"},"query-input":{"@type":"PropertyValueSpecification","valueRequired":true,"valueName":"search_term_string"}}],"inLanguage":"es"}]}},"_links":{"self":[{"href":"https:\/\/ticsalutsocial.atoom.space\/es\/wp-json\/wp\/v2\/noticia\/28382","targetHints":{"allow":["GET"]}}],"collection":[{"href":"https:\/\/ticsalutsocial.atoom.space\/es\/wp-json\/wp\/v2\/noticia"}],"about":[{"href":"https:\/\/ticsalutsocial.atoom.space\/es\/wp-json\/wp\/v2\/types\/noticia"}],"author":[{"embeddable":true,"href":"https:\/\/ticsalutsocial.atoom.space\/es\/wp-json\/wp\/v2\/users\/3"}],"wp:featuredmedia":[{"embeddable":true,"href":"https:\/\/ticsalutsocial.atoom.space\/es\/wp-json\/wp\/v2\/media\/28265"}],"wp:attachment":[{"href":"https:\/\/ticsalutsocial.atoom.space\/es\/wp-json\/wp\/v2\/media?parent=28382"}],"wp:term":[{"taxonomy":"etiqueta","embeddable":true,"href":"https:\/\/ticsalutsocial.atoom.space\/es\/wp-json\/wp\/v2\/etiqueta?post=28382"},{"taxonomy":"tipus","embeddable":true,"href":"https:\/\/ticsalutsocial.atoom.space\/es\/wp-json\/wp\/v2\/tipus?post=28382"},{"taxonomy":"topic","embeddable":true,"href":"https:\/\/ticsalutsocial.atoom.space\/es\/wp-json\/wp\/v2\/topic?post=28382"}],"curies":[{"name":"wp","href":"https:\/\/api.w.org\/{rel}","templated":true}]}}