
{"id":28385,"date":"2024-09-13T12:48:27","date_gmt":"2024-09-13T10:48:27","guid":{"rendered":"https:\/\/ticsalutsocial.atoom.space\/noticia\/arriba-una-nova-edicio-del-xpatient-barcelona-congress\/"},"modified":"2024-09-18T11:07:51","modified_gmt":"2024-09-18T09:07:51","slug":"arriba-una-nova-edicio-del-xpatient-barcelona-congress","status":"publish","type":"noticia","link":"https:\/\/ticsalutsocial.atoom.space\/es\/noticia\/arriba-una-nova-edicio-del-xpatient-barcelona-congress\/","title":{"rendered":"Llega una nueva edici\u00f3n del XPatient Barcelona Congress"},"content":{"rendered":"<p><span data-contrast=\"auto\">Llega una nueva edici\u00f3n del <\/span><b><span data-contrast=\"auto\"><a href=\"http:\/\/www.xpatientbcncongress.com\" target=\"_blank\" rel=\"noopener\">XPatient Barcelona Congress<\/a>, <\/span><\/b>el Congreso de Experiencia de Paciente de referencia. Este a\u00f1o, bajo el lema <strong>\u00abEvaluaci\u00f3n de futuro\u00bb<\/strong>, se celebra la novena edici\u00f3n anual consecutiva del <strong>XPatient Barcelona Congress<\/strong> como punto de encuentro entre pacientes y cuidadores. El congreso est\u00e1 organizado por el <strong>Cl\u00ednic Barcelona<\/strong>, el centro tecnol\u00f3gico <strong>Eurecat<\/strong>, el <strong>Hospital Cl\u00ednic de Barcelona<\/strong>, la <strong>Fundaci\u00f3 TIC Salut Social<\/strong> y <strong>AQuAS<\/strong>, con el impulso de la <strong>comunidad de pr\u00e1ctica XPA Barcelona<\/strong> y el apoyo de <strong>Boston Scientific<\/strong>.<\/p>\n<div class=\"group\/conversation-turn relative flex w-full min-w-0 flex-col agent-turn\">\n<div class=\"flex-col gap-1 md:gap-3\">\n<div class=\"flex max-w-full flex-col flex-grow\">\n<div class=\"min-h-[20px] text-message flex w-full flex-col items-end gap-2 whitespace-normal break-words [.text-message+&amp;]:mt-5\" dir=\"auto\" data-message-author-role=\"assistant\" data-message-id=\"0b06f2bc-f84a-4b5b-95c3-69ff4d4480b4\">\n<div class=\"flex w-full flex-col gap-1 empty:hidden first:pt-[3px]\">\n<div class=\"markdown prose w-full break-words dark:prose-invert dark\">\n<p>Este espacio busca compartir conocimiento y generar debate en torno a la evaluaci\u00f3n de la experiencia del paciente (XPA) y las \u00faltimas innovaciones asistenciales, tecnol\u00f3gicas y sist\u00e9micas que se est\u00e1n desarrollando en las diferentes entidades proveedoras de salud en Catalu\u00f1a. Por ello, el contenido est\u00e1 estructurado en una agenda dividida en tres d\u00edas.<\/p>\n<p>La sesi\u00f3n principal del congreso tendr\u00e1 lugar el <strong>mi\u00e9rcoles 18 de septiembre<\/strong> en el Paraninfo de la Facultad de Medicina de la <strong>Universidad de Barcelona<\/strong>, entre las 9:00 y las 17:30. Los asistentes podr\u00e1n disfrutar de mesas de discusi\u00f3n donde se debatir\u00e1 sobre la evaluaci\u00f3n de la XPA, los riesgos y oportunidades de la tecnolog\u00eda, y la visi\u00f3n aportada por experiencias internacionales. Tambi\u00e9n tendr\u00e1n la oportunidad de conocer los proyectos m\u00e1s destacados de centros implicados en la evaluaci\u00f3n y mejora de la experiencia del paciente en todo el pa\u00eds.<\/p>\n<p>Previamente, y como anticipo, est\u00e1n programadas las llamadas <strong>sesiones sat\u00e9lite<\/strong> entre los d\u00edas <strong>16 y 17 de septiembre<\/strong>. Cada sesi\u00f3n est\u00e1 impulsada por una entidad asistencial diferente, que presentar\u00e1 su caso o ejemplo de implementaci\u00f3n y consolidaci\u00f3n de la estrategia para mejorar la experiencia del paciente, utilizando o no tecnolog\u00eda. Todas las sesiones podr\u00e1n seguirse presencialmente desde la entidad proveedora correspondiente o de manera remota, previa inscripci\u00f3n. A continuaci\u00f3n, se describen todas las sesiones sat\u00e9lite y actividades del acto central. Haz clic en los enlaces para ver los detalles y acceder a los formularios de inscripci\u00f3n correspondientes:<\/p>\n<\/div>\n<\/div>\n<\/div>\n<\/div>\n<div class=\"mt-1 flex gap-3 empty:hidden -ml-2\">\n<div class=\"items-center justify-start rounded-xl p-1 flex\">\n<div class=\"flex items-center\"><button class=\"rounded-lg text-token-text-secondary hover:bg-token-main-surface-secondary\" aria-label=\"Read Aloud\" data-testid=\"voice-play-turn-action-button\"><\/button><button class=\"rounded-lg text-token-text-secondary hover:bg-token-main-surface-secondary\" aria-label=\"Copia\" data-testid=\"copy-turn-action-button\"><\/button><\/p>\n<div class=\"flex\"><\/div>\n<div class=\"flex items-center pb-0\"><\/div>\n<\/div>\n<\/div>\n<\/div>\n<\/div>\n<\/div>\n<h3><a href=\"https:\/\/ticsalutsocial.atoom.space\/event\/xpatient-barcelona-congress-sessions-satellit\/\" target=\"_blank\" rel=\"noopener\">Lunes 16 de septiembre: Sesiones sat\u00e9lite d\u00eda 1<\/a><\/h3>\n<h3><a href=\"https:\/\/ticsalutsocial.atoom.space\/event\/xpatient-barcelona-congress-sessions-satellit-dia-2\/\" target=\"_blank\" rel=\"noopener\">Martes 17 de septiembre: Sesiones sat\u00e9lite d\u00eda 2<\/a><\/h3>\n<h3><a href=\"https:\/\/ticsalutsocial.atoom.space\/event\/xpatient-barcelona-congress-2024\/\" target=\"_blank\" rel=\"noopener\">Mi\u00e9rcoles 18 de septiembre: XPatient Barcelona Congress, evaluaci\u00f3n de futuro<\/a><\/h3>\n<p>&nbsp;<\/p>\n","protected":false},"author":3,"featured_media":28350,"menu_order":0,"template":"","meta":{"_acf_changed":false,"inline_featured_image":false},"etiqueta":[],"tipus":[],"topic":[117],"class_list":["post-28385","noticia","type-noticia","status-publish","has-post-thumbnail","hentry","topic-jornadas"],"acf":{"finalitzat":false,"tipus_plantilla":"objectius","template_objectius":{"cont_principal":"","imatge":false,"cont_seguent":{"titol":"","contingut":""},"seccio_llistat":{"titol":"","llistat":false},"objectius":{"titol":"","objectius":false},"documents":false},"autor":"","imatge":false,"textos_destacats":[{"texte":"El Congreso sobre Experiencia de Paciente de referencia internacional"}],"documents":false},"yoast_head":"<!-- This site is optimized with the Yoast SEO plugin v27.1.1 - https:\/\/yoast.com\/product\/yoast-seo-wordpress\/ -->\n<title>Llega una nueva edici\u00f3n del XPatient Barcelona Congress - Fundaci\u00f3 TIC Salut i Social<\/title>\n<meta name=\"robots\" content=\"index, follow, max-snippet:-1, max-image-preview:large, max-video-preview:-1\" \/>\n<link rel=\"canonical\" href=\"https:\/\/ticsalutsocial.atoom.space\/es\/noticia\/arriba-una-nova-edicio-del-xpatient-barcelona-congress\/\" \/>\n<meta property=\"og:locale\" content=\"es_ES\" \/>\n<meta property=\"og:type\" content=\"article\" \/>\n<meta property=\"og:title\" content=\"Llega una nueva edici\u00f3n del XPatient Barcelona Congress - Fundaci\u00f3 TIC Salut i Social\" \/>\n<meta property=\"og:description\" content=\"Llega una nueva edici\u00f3n del XPatient Barcelona Congress, el Congreso de Experiencia de Paciente de referencia. Este a\u00f1o, bajo el lema \u00abEvaluaci\u00f3n de futuro\u00bb, se celebra la novena edici\u00f3n anual consecutiva del XPatient Barcelona Congress como punto de encuentro entre pacientes y cuidadores. El congreso est\u00e1 organizado por el Cl\u00ednic Barcelona, el centro tecnol\u00f3gico Eurecat, [&hellip;]\" \/>\n<meta property=\"og:url\" content=\"https:\/\/ticsalutsocial.atoom.space\/es\/noticia\/arriba-una-nova-edicio-del-xpatient-barcelona-congress\/\" \/>\n<meta property=\"og:site_name\" content=\"Fundaci\u00f3 TIC Salut i Social\" \/>\n<meta property=\"article:modified_time\" content=\"2024-09-18T09:07:51+00:00\" \/>\n<meta property=\"og:image\" content=\"https:\/\/ticsalutsocial.atoom.space\/wp-content\/uploads\/2024\/09\/iStock-1027587952.jpg\" \/>\n\t<meta property=\"og:image:width\" content=\"2119\" \/>\n\t<meta property=\"og:image:height\" content=\"1414\" \/>\n\t<meta property=\"og:image:type\" content=\"image\/jpeg\" \/>\n<meta name=\"twitter:card\" content=\"summary_large_image\" \/>\n<meta name=\"twitter:label1\" content=\"Tiempo de lectura\" \/>\n\t<meta name=\"twitter:data1\" content=\"3 minutos\" \/>\n<script type=\"application\/ld+json\" class=\"yoast-schema-graph\">{\"@context\":\"https:\/\/schema.org\",\"@graph\":[{\"@type\":\"WebPage\",\"@id\":\"https:\/\/ticsalutsocial.atoom.space\/es\/noticia\/arriba-una-nova-edicio-del-xpatient-barcelona-congress\/\",\"url\":\"https:\/\/ticsalutsocial.atoom.space\/es\/noticia\/arriba-una-nova-edicio-del-xpatient-barcelona-congress\/\",\"name\":\"Llega una nueva edici\u00f3n del XPatient Barcelona Congress - Fundaci\u00f3 TIC Salut i Social\",\"isPartOf\":{\"@id\":\"https:\/\/ticsalutsocial.atoom.space\/es\/#website\"},\"primaryImageOfPage\":{\"@id\":\"https:\/\/ticsalutsocial.atoom.space\/es\/noticia\/arriba-una-nova-edicio-del-xpatient-barcelona-congress\/#primaryimage\"},\"image\":{\"@id\":\"https:\/\/ticsalutsocial.atoom.space\/es\/noticia\/arriba-una-nova-edicio-del-xpatient-barcelona-congress\/#primaryimage\"},\"thumbnailUrl\":\"https:\/\/ticsalutsocial.atoom.space\/wp-content\/uploads\/2024\/09\/iStock-1027587952.jpg\",\"datePublished\":\"2024-09-13T10:48:27+00:00\",\"dateModified\":\"2024-09-18T09:07:51+00:00\",\"breadcrumb\":{\"@id\":\"https:\/\/ticsalutsocial.atoom.space\/es\/noticia\/arriba-una-nova-edicio-del-xpatient-barcelona-congress\/#breadcrumb\"},\"inLanguage\":\"es\",\"potentialAction\":[{\"@type\":\"ReadAction\",\"target\":[\"https:\/\/ticsalutsocial.atoom.space\/es\/noticia\/arriba-una-nova-edicio-del-xpatient-barcelona-congress\/\"]}]},{\"@type\":\"ImageObject\",\"inLanguage\":\"es\",\"@id\":\"https:\/\/ticsalutsocial.atoom.space\/es\/noticia\/arriba-una-nova-edicio-del-xpatient-barcelona-congress\/#primaryimage\",\"url\":\"https:\/\/ticsalutsocial.atoom.space\/wp-content\/uploads\/2024\/09\/iStock-1027587952.jpg\",\"contentUrl\":\"https:\/\/ticsalutsocial.atoom.space\/wp-content\/uploads\/2024\/09\/iStock-1027587952.jpg\",\"width\":2119,\"height\":1414,\"caption\":\"Cropped shot of an unrecognizable female nurse comforting a patient in the hospital\"},{\"@type\":\"BreadcrumbList\",\"@id\":\"https:\/\/ticsalutsocial.atoom.space\/es\/noticia\/arriba-una-nova-edicio-del-xpatient-barcelona-congress\/#breadcrumb\",\"itemListElement\":[{\"@type\":\"ListItem\",\"position\":1,\"name\":\"Inici\",\"item\":\"https:\/\/ticsalutsocial.atoom.space\/es\/\"},{\"@type\":\"ListItem\",\"position\":2,\"name\":\"Llega una nueva edici\u00f3n del XPatient Barcelona Congress\"}]},{\"@type\":\"WebSite\",\"@id\":\"https:\/\/ticsalutsocial.atoom.space\/es\/#website\",\"url\":\"https:\/\/ticsalutsocial.atoom.space\/es\/\",\"name\":\"Fundaci\u00f3 TIC Salut i Social\",\"description\":\"\",\"potentialAction\":[{\"@type\":\"SearchAction\",\"target\":{\"@type\":\"EntryPoint\",\"urlTemplate\":\"https:\/\/ticsalutsocial.atoom.space\/es\/?s={search_term_string}\"},\"query-input\":{\"@type\":\"PropertyValueSpecification\",\"valueRequired\":true,\"valueName\":\"search_term_string\"}}],\"inLanguage\":\"es\"}]}<\/script>\n<!-- \/ Yoast SEO plugin. -->","yoast_head_json":{"title":"Llega una nueva edici\u00f3n del XPatient Barcelona Congress - Fundaci\u00f3 TIC Salut i Social","robots":{"index":"index","follow":"follow","max-snippet":"max-snippet:-1","max-image-preview":"max-image-preview:large","max-video-preview":"max-video-preview:-1"},"canonical":"https:\/\/ticsalutsocial.atoom.space\/es\/noticia\/arriba-una-nova-edicio-del-xpatient-barcelona-congress\/","og_locale":"es_ES","og_type":"article","og_title":"Llega una nueva edici\u00f3n del XPatient Barcelona Congress - Fundaci\u00f3 TIC Salut i Social","og_description":"Llega una nueva edici\u00f3n del XPatient Barcelona Congress, el Congreso de Experiencia de Paciente de referencia. Este a\u00f1o, bajo el lema \u00abEvaluaci\u00f3n de futuro\u00bb, se celebra la novena edici\u00f3n anual consecutiva del XPatient Barcelona Congress como punto de encuentro entre pacientes y cuidadores. El congreso est\u00e1 organizado por el Cl\u00ednic Barcelona, el centro tecnol\u00f3gico Eurecat, [&hellip;]","og_url":"https:\/\/ticsalutsocial.atoom.space\/es\/noticia\/arriba-una-nova-edicio-del-xpatient-barcelona-congress\/","og_site_name":"Fundaci\u00f3 TIC Salut i Social","article_modified_time":"2024-09-18T09:07:51+00:00","og_image":[{"width":2119,"height":1414,"url":"https:\/\/ticsalutsocial.atoom.space\/wp-content\/uploads\/2024\/09\/iStock-1027587952.jpg","type":"image\/jpeg"}],"twitter_card":"summary_large_image","twitter_misc":{"Tiempo de lectura":"3 minutos"},"schema":{"@context":"https:\/\/schema.org","@graph":[{"@type":"WebPage","@id":"https:\/\/ticsalutsocial.atoom.space\/es\/noticia\/arriba-una-nova-edicio-del-xpatient-barcelona-congress\/","url":"https:\/\/ticsalutsocial.atoom.space\/es\/noticia\/arriba-una-nova-edicio-del-xpatient-barcelona-congress\/","name":"Llega una nueva edici\u00f3n del XPatient Barcelona Congress - Fundaci\u00f3 TIC Salut i Social","isPartOf":{"@id":"https:\/\/ticsalutsocial.atoom.space\/es\/#website"},"primaryImageOfPage":{"@id":"https:\/\/ticsalutsocial.atoom.space\/es\/noticia\/arriba-una-nova-edicio-del-xpatient-barcelona-congress\/#primaryimage"},"image":{"@id":"https:\/\/ticsalutsocial.atoom.space\/es\/noticia\/arriba-una-nova-edicio-del-xpatient-barcelona-congress\/#primaryimage"},"thumbnailUrl":"https:\/\/ticsalutsocial.atoom.space\/wp-content\/uploads\/2024\/09\/iStock-1027587952.jpg","datePublished":"2024-09-13T10:48:27+00:00","dateModified":"2024-09-18T09:07:51+00:00","breadcrumb":{"@id":"https:\/\/ticsalutsocial.atoom.space\/es\/noticia\/arriba-una-nova-edicio-del-xpatient-barcelona-congress\/#breadcrumb"},"inLanguage":"es","potentialAction":[{"@type":"ReadAction","target":["https:\/\/ticsalutsocial.atoom.space\/es\/noticia\/arriba-una-nova-edicio-del-xpatient-barcelona-congress\/"]}]},{"@type":"ImageObject","inLanguage":"es","@id":"https:\/\/ticsalutsocial.atoom.space\/es\/noticia\/arriba-una-nova-edicio-del-xpatient-barcelona-congress\/#primaryimage","url":"https:\/\/ticsalutsocial.atoom.space\/wp-content\/uploads\/2024\/09\/iStock-1027587952.jpg","contentUrl":"https:\/\/ticsalutsocial.atoom.space\/wp-content\/uploads\/2024\/09\/iStock-1027587952.jpg","width":2119,"height":1414,"caption":"Cropped shot of an unrecognizable female nurse comforting a patient in the hospital"},{"@type":"BreadcrumbList","@id":"https:\/\/ticsalutsocial.atoom.space\/es\/noticia\/arriba-una-nova-edicio-del-xpatient-barcelona-congress\/#breadcrumb","itemListElement":[{"@type":"ListItem","position":1,"name":"Inici","item":"https:\/\/ticsalutsocial.atoom.space\/es\/"},{"@type":"ListItem","position":2,"name":"Llega una nueva edici\u00f3n del XPatient Barcelona Congress"}]},{"@type":"WebSite","@id":"https:\/\/ticsalutsocial.atoom.space\/es\/#website","url":"https:\/\/ticsalutsocial.atoom.space\/es\/","name":"Fundaci\u00f3 TIC Salut i Social","description":"","potentialAction":[{"@type":"SearchAction","target":{"@type":"EntryPoint","urlTemplate":"https:\/\/ticsalutsocial.atoom.space\/es\/?s={search_term_string}"},"query-input":{"@type":"PropertyValueSpecification","valueRequired":true,"valueName":"search_term_string"}}],"inLanguage":"es"}]}},"_links":{"self":[{"href":"https:\/\/ticsalutsocial.atoom.space\/es\/wp-json\/wp\/v2\/noticia\/28385","targetHints":{"allow":["GET"]}}],"collection":[{"href":"https:\/\/ticsalutsocial.atoom.space\/es\/wp-json\/wp\/v2\/noticia"}],"about":[{"href":"https:\/\/ticsalutsocial.atoom.space\/es\/wp-json\/wp\/v2\/types\/noticia"}],"author":[{"embeddable":true,"href":"https:\/\/ticsalutsocial.atoom.space\/es\/wp-json\/wp\/v2\/users\/3"}],"wp:featuredmedia":[{"embeddable":true,"href":"https:\/\/ticsalutsocial.atoom.space\/es\/wp-json\/wp\/v2\/media\/28350"}],"wp:attachment":[{"href":"https:\/\/ticsalutsocial.atoom.space\/es\/wp-json\/wp\/v2\/media?parent=28385"}],"wp:term":[{"taxonomy":"etiqueta","embeddable":true,"href":"https:\/\/ticsalutsocial.atoom.space\/es\/wp-json\/wp\/v2\/etiqueta?post=28385"},{"taxonomy":"tipus","embeddable":true,"href":"https:\/\/ticsalutsocial.atoom.space\/es\/wp-json\/wp\/v2\/tipus?post=28385"},{"taxonomy":"topic","embeddable":true,"href":"https:\/\/ticsalutsocial.atoom.space\/es\/wp-json\/wp\/v2\/topic?post=28385"}],"curies":[{"name":"wp","href":"https:\/\/api.w.org\/{rel}","templated":true}]}}