
{"id":28412,"date":"2024-09-20T09:07:45","date_gmt":"2024-09-20T07:07:45","guid":{"rendered":"https:\/\/ticsalutsocial.atoom.space\/noticia\/tens-una-startup-participa-al-catalonia-health-innovation-pavillion-en-el-4yfn-2025\/"},"modified":"2024-09-20T10:05:34","modified_gmt":"2024-09-20T08:05:34","slug":"tens-una-startup-participa-al-catalonia-health-innovation-pavillion-en-el-4yfn-2025","status":"publish","type":"noticia","link":"https:\/\/ticsalutsocial.atoom.space\/es\/noticia\/tens-una-startup-participa-al-catalonia-health-innovation-pavillion-en-el-4yfn-2025\/","title":{"rendered":"\u00bfTienes una startup? Participa en el Catalonia Health Innovation Pavilion en el 4YFN 2025"},"content":{"rendered":"\n<p>El\u00a0<strong>4YFN 2025<\/strong>, evento referente para\u00a0<em>startups\u00a0<\/em>tecnol\u00f3gicas en el marco del MWC Barcelona, \u200b\u200bvuelve a ofrecer una gran oportunidad para las\u00a0<em>startups\u00a0<\/em>del \u00e1mbito de la salud. Del 3 al 6 de marzo de 2025,\u00a0la <strong>Fundaci\u00f3n TIC Salut Social<\/strong>, <strong>Biocat y ACCI\u00d3<\/strong>\u00a0coordinar\u00e1n -por segundo a\u00f1o consecutivo-, el\u00a0<strong>Catalonia Health Innovation Ecosystem Pavilion<\/strong>, un espacio diferenciado de salud ubicado en el Hall 8.0, donde las empresas de la BioRegi\u00f3n de Catalu\u00f1a podr\u00e1n exponer sus soluciones y realizar\u00a0<em>networking<\/em>. Una ocasi\u00f3n para conocer empresas y conseguir colaboraciones de alto impacto en el sector.<\/p>\n\n\n\n<h2 class=\"wp-block-heading\">\u00bfQu\u00e9 incluye la participaci\u00f3n?<\/h2>\n\n\n\n<p>Las\u00a0<em>startups\u00a0<\/em>seleccionadas dispondr\u00e1n de:<\/p>\n\n\n\n<ul class=\"wp-block-list\">\n<li>Un\u00a0<em>booth\u00a0<\/em>de exhibici\u00f3n durante 2 d\u00edas (el 3 y 4 o el 5 y 6 de marzo, seg\u00fan sorteo), dentro del Hall 8.0, dentro del \u00e1rea del Catalonia Health Innovation Pavillion.<\/li>\n\n\n\n<li>Este\u00a0<em>booth\u00a0<\/em>estar\u00e1 equipado con mostrador, taburetes, enchufes , wifi y gr\u00e1fica personalizada.<\/li>\n\n\n\n<li>Entradas para acceder al 4YFN y al MWC.<\/li>\n\n\n\n<li>Inclusi\u00f3n en cat\u00e1logos virtuales y en la web del 4YFN y del MWC.<\/li>\n<\/ul>\n\n\n\n<h2 class=\"wp-block-heading\">Requisitos para las&nbsp;<em>startups<\/em><\/h2>\n\n\n\n<p>Para optar a un espacio, las&nbsp;<em>startups&nbsp;<\/em>deben cumplir los siguientes requisitos:<\/p>\n\n\n\n<ul class=\"wp-block-list\">\n<li>Menos de 10 a\u00f1os de vida.<\/li>\n\n\n\n<li>Alto componente tecnol\u00f3gico o innovador.<\/li>\n\n\n\n<li>Modelo de negocio escalable y con potencial de crecimiento global.<\/li>\n\n\n\n<li>Equipo m\u00ednimo de 3 personas dedicadas de manera completa al proyecto.<\/li>\n\n\n\n<li>Ubicaci\u00f3n en Catalu\u00f1a.<\/li>\n\n\n\n<li>Se priorizar\u00e1n\u00a0<em>startups\u00a0<\/em>que desarrollen estrategias terap\u00e9uticas en medicina personalizada, soluciones para el diagn\u00f3stico predictivo o tecnolog\u00eda para la atenci\u00f3n integrada social y sanitaria.<\/li>\n<\/ul>\n\n\n\n<h2 class=\"wp-block-heading\">\u00bfC\u00f3mo participar?<\/h2>\n\n\n\n<p>Las\u00a0<em>startups\u00a0<\/em>interesadas en disponer de un espacio dentro del Catalonia Health Innovation Ecosystem Pavilion pueden enviar una solicitud rellenando el\u00a0<a href=\"https:\/\/formularis.accio.gencat.cat\/web\/formularis\/inscripcions\/-\/inscripcio\/2023\/11\/28\/NBauZFHhWeo9nz_z85jUAA\/sollicitud-de-participacio-al-4yfn\/\" target=\"_blank\" rel=\"noreferrer noopener\">formulario<\/a>\u00a0<strong>antes del 14 de octubre de 2024<\/strong>. En este formulario se deber\u00e1 incluir la presentaci\u00f3n de la empresa con un m\u00e1ximo de 10 diapositivas (en catal\u00e1n, castellano o ingl\u00e9s), la descripci\u00f3n el producto o servicio, el modelo de negocio, el plan de financiaci\u00f3n y el equipo.<\/p>\n\n\n\n<p>La participaci\u00f3n tiene un coste de 231,4 \u20ac + IVA y la reserva deber\u00e1 formalizarse antes del 15 de diciembre de 2024.<\/p>\n\n\n\n<h2 class=\"wp-block-heading\">Selecci\u00f3n y criterios de valoraci\u00f3n<\/h2>\n\n\n\n<p><strong>Las 12&nbsp;<\/strong><em><strong>startups&nbsp;<\/strong><\/em><strong>seleccionadas<\/strong>&nbsp;ser\u00e1n notificadas antes del&nbsp;<strong>30 de noviembre de 2024<\/strong>. La valoraci\u00f3n se basar\u00e1 en criterios como el plan de inversiones y financiaci\u00f3n (20%), el equipo (30%), innovaci\u00f3n tecnol\u00f3gica (25%), facturaci\u00f3n y llegada al mercado (10%), y escalabilidad internacional (15%).<\/p>\n\n\n\n<p><a href=\"https:\/\/formularis.accio.gencat.cat\/web\/formularis\/inscripcions\/-\/inscripcio\/2023\/11\/28\/NBauZFHhWeo9nz_z85jUAA\/sollicitud-de-participacio-al-4yfn\/\" target=\"_blank\" rel=\"noreferrer noopener\">\u00a1Ap\u00fantate!<\/a><\/p>\n\n\n\n<h2 class=\"wp-block-heading\">\u00bfA\u00fan tienes dudas?<\/h2>\n\n\n\n<p>El 1 de octubre se celebrar\u00e1 una sesi\u00f3n informativa para\u00a0<em>startups\u00a0<\/em>interesadas en participar.\u00a0<a href=\"https:\/\/agenda.accio.gencat.cat\/cercador\/-\/actes\/2024\/10\/01\/1786740\/descobreix-com-participar-amb-la-teva-startup-al-4yfn-2025-sessio-informativa?backToSearch=\/cercador\/-\/actes\/cercador\/s10092024?utm_source=AG&amp;utm_medium=email&amp;utm_campaign=enviament-agenda&amp;utm_content=486-Properes_18#activitats\" target=\"_blank\" rel=\"noreferrer noopener\">Reg\u00edstrate<\/a>\u00a0si quieres conocer las ventajas de participar en el 4YFN 2025.<\/p>\n","protected":false},"author":12,"featured_media":28410,"menu_order":0,"template":"","meta":{"_acf_changed":false,"inline_featured_image":false},"etiqueta":[],"tipus":[],"topic":[117],"class_list":["post-28412","noticia","type-noticia","status-publish","has-post-thumbnail","hentry","topic-jornadas"],"acf":{"finalitzat":false,"tipus_plantilla":"objectius","template_objectius":{"cont_principal":"","imatge":false,"cont_seguent":{"titol":"","contingut":""},"seccio_llistat":{"titol":"","llistat":false},"objectius":{"titol":"","objectius":false},"documents":false},"autor":"","imatge":28410,"textos_destacats":[{"texte":"Por segundo a\u00f1o consecutivo, la Fundaci\u00f3n TIC Salut Social, Biocat y ACCI\u00d3\u00a0coordinaran el\u00a0Catalonia Health Innovation Ecosystem Pavilion."}],"documents":false},"yoast_head":"<!-- This site is optimized with the Yoast SEO plugin v27.1.1 - https:\/\/yoast.com\/product\/yoast-seo-wordpress\/ -->\n<title>\u00bfTienes una startup? Participa en el Catalonia Health Innovation Pavilion en el 4YFN 2025 - Fundaci\u00f3 TIC Salut i Social<\/title>\n<meta name=\"description\" content=\"Fundaci\u00f3 TIC Salut Social, Biocat i\u00a0ACCI\u00d3\u00a0coordinaran -per segon any consecutiu-, el\u00a0Catalonia Health Innovation Ecosystem Pavilion,\" \/>\n<meta name=\"robots\" content=\"index, follow, max-snippet:-1, max-image-preview:large, max-video-preview:-1\" \/>\n<link rel=\"canonical\" href=\"https:\/\/ticsalutsocial.atoom.space\/es\/noticia\/tens-una-startup-participa-al-catalonia-health-innovation-pavillion-en-el-4yfn-2025\/\" \/>\n<meta property=\"og:locale\" content=\"es_ES\" \/>\n<meta property=\"og:type\" content=\"article\" \/>\n<meta property=\"og:title\" content=\"\u00bfTienes una startup? Participa en el Catalonia Health Innovation Pavilion en el 4YFN 2025 - Fundaci\u00f3 TIC Salut i Social\" \/>\n<meta property=\"og:description\" content=\"Fundaci\u00f3 TIC Salut Social, Biocat i\u00a0ACCI\u00d3\u00a0coordinaran -per segon any consecutiu-, el\u00a0Catalonia Health Innovation Ecosystem Pavilion,\" \/>\n<meta property=\"og:url\" content=\"https:\/\/ticsalutsocial.atoom.space\/es\/noticia\/tens-una-startup-participa-al-catalonia-health-innovation-pavillion-en-el-4yfn-2025\/\" \/>\n<meta property=\"og:site_name\" content=\"Fundaci\u00f3 TIC Salut i Social\" \/>\n<meta property=\"article:modified_time\" content=\"2024-09-20T08:05:34+00:00\" \/>\n<meta name=\"twitter:card\" content=\"summary_large_image\" \/>\n<meta name=\"twitter:label1\" content=\"Tiempo de lectura\" \/>\n\t<meta name=\"twitter:data1\" content=\"3 minutos\" \/>\n<script type=\"application\/ld+json\" class=\"yoast-schema-graph\">{\"@context\":\"https:\/\/schema.org\",\"@graph\":[{\"@type\":\"WebPage\",\"@id\":\"https:\/\/ticsalutsocial.atoom.space\/es\/noticia\/tens-una-startup-participa-al-catalonia-health-innovation-pavillion-en-el-4yfn-2025\/\",\"url\":\"https:\/\/ticsalutsocial.atoom.space\/es\/noticia\/tens-una-startup-participa-al-catalonia-health-innovation-pavillion-en-el-4yfn-2025\/\",\"name\":\"\u00bfTienes una startup? Participa en el Catalonia Health Innovation Pavilion en el 4YFN 2025 - Fundaci\u00f3 TIC Salut i Social\",\"isPartOf\":{\"@id\":\"https:\/\/ticsalutsocial.atoom.space\/es\/#website\"},\"primaryImageOfPage\":{\"@id\":\"https:\/\/ticsalutsocial.atoom.space\/es\/noticia\/tens-una-startup-participa-al-catalonia-health-innovation-pavillion-en-el-4yfn-2025\/#primaryimage\"},\"image\":{\"@id\":\"https:\/\/ticsalutsocial.atoom.space\/es\/noticia\/tens-una-startup-participa-al-catalonia-health-innovation-pavillion-en-el-4yfn-2025\/#primaryimage\"},\"thumbnailUrl\":\"https:\/\/ticsalutsocial.atoom.space\/wp-content\/uploads\/2024\/09\/Catalonia-pavillion-4YFN-2024.jpg\",\"datePublished\":\"2024-09-20T07:07:45+00:00\",\"dateModified\":\"2024-09-20T08:05:34+00:00\",\"description\":\"Fundaci\u00f3 TIC Salut Social, Biocat i\u00a0ACCI\u00d3\u00a0coordinaran -per segon any consecutiu-, el\u00a0Catalonia Health Innovation Ecosystem Pavilion,\",\"breadcrumb\":{\"@id\":\"https:\/\/ticsalutsocial.atoom.space\/es\/noticia\/tens-una-startup-participa-al-catalonia-health-innovation-pavillion-en-el-4yfn-2025\/#breadcrumb\"},\"inLanguage\":\"es\",\"potentialAction\":[{\"@type\":\"ReadAction\",\"target\":[\"https:\/\/ticsalutsocial.atoom.space\/es\/noticia\/tens-una-startup-participa-al-catalonia-health-innovation-pavillion-en-el-4yfn-2025\/\"]}]},{\"@type\":\"ImageObject\",\"inLanguage\":\"es\",\"@id\":\"https:\/\/ticsalutsocial.atoom.space\/es\/noticia\/tens-una-startup-participa-al-catalonia-health-innovation-pavillion-en-el-4yfn-2025\/#primaryimage\",\"url\":\"https:\/\/ticsalutsocial.atoom.space\/wp-content\/uploads\/2024\/09\/Catalonia-pavillion-4YFN-2024.jpg\",\"contentUrl\":\"https:\/\/ticsalutsocial.atoom.space\/wp-content\/uploads\/2024\/09\/Catalonia-pavillion-4YFN-2024.jpg\",\"width\":1280,\"height\":960,\"caption\":\"Catalonia pavillion 4YFN 2024\"},{\"@type\":\"BreadcrumbList\",\"@id\":\"https:\/\/ticsalutsocial.atoom.space\/es\/noticia\/tens-una-startup-participa-al-catalonia-health-innovation-pavillion-en-el-4yfn-2025\/#breadcrumb\",\"itemListElement\":[{\"@type\":\"ListItem\",\"position\":1,\"name\":\"Inici\",\"item\":\"https:\/\/ticsalutsocial.atoom.space\/es\/\"},{\"@type\":\"ListItem\",\"position\":2,\"name\":\"\u00bfTienes una startup? Participa en el Catalonia Health Innovation Pavilion en el 4YFN 2025\"}]},{\"@type\":\"WebSite\",\"@id\":\"https:\/\/ticsalutsocial.atoom.space\/es\/#website\",\"url\":\"https:\/\/ticsalutsocial.atoom.space\/es\/\",\"name\":\"Fundaci\u00f3 TIC Salut i Social\",\"description\":\"\",\"potentialAction\":[{\"@type\":\"SearchAction\",\"target\":{\"@type\":\"EntryPoint\",\"urlTemplate\":\"https:\/\/ticsalutsocial.atoom.space\/es\/?s={search_term_string}\"},\"query-input\":{\"@type\":\"PropertyValueSpecification\",\"valueRequired\":true,\"valueName\":\"search_term_string\"}}],\"inLanguage\":\"es\"}]}<\/script>\n<!-- \/ Yoast SEO plugin. -->","yoast_head_json":{"title":"\u00bfTienes una startup? Participa en el Catalonia Health Innovation Pavilion en el 4YFN 2025 - Fundaci\u00f3 TIC Salut i Social","description":"Fundaci\u00f3 TIC Salut Social, Biocat i\u00a0ACCI\u00d3\u00a0coordinaran -per segon any consecutiu-, el\u00a0Catalonia Health Innovation Ecosystem Pavilion,","robots":{"index":"index","follow":"follow","max-snippet":"max-snippet:-1","max-image-preview":"max-image-preview:large","max-video-preview":"max-video-preview:-1"},"canonical":"https:\/\/ticsalutsocial.atoom.space\/es\/noticia\/tens-una-startup-participa-al-catalonia-health-innovation-pavillion-en-el-4yfn-2025\/","og_locale":"es_ES","og_type":"article","og_title":"\u00bfTienes una startup? Participa en el Catalonia Health Innovation Pavilion en el 4YFN 2025 - Fundaci\u00f3 TIC Salut i Social","og_description":"Fundaci\u00f3 TIC Salut Social, Biocat i\u00a0ACCI\u00d3\u00a0coordinaran -per segon any consecutiu-, el\u00a0Catalonia Health Innovation Ecosystem Pavilion,","og_url":"https:\/\/ticsalutsocial.atoom.space\/es\/noticia\/tens-una-startup-participa-al-catalonia-health-innovation-pavillion-en-el-4yfn-2025\/","og_site_name":"Fundaci\u00f3 TIC Salut i Social","article_modified_time":"2024-09-20T08:05:34+00:00","twitter_card":"summary_large_image","twitter_misc":{"Tiempo de lectura":"3 minutos"},"schema":{"@context":"https:\/\/schema.org","@graph":[{"@type":"WebPage","@id":"https:\/\/ticsalutsocial.atoom.space\/es\/noticia\/tens-una-startup-participa-al-catalonia-health-innovation-pavillion-en-el-4yfn-2025\/","url":"https:\/\/ticsalutsocial.atoom.space\/es\/noticia\/tens-una-startup-participa-al-catalonia-health-innovation-pavillion-en-el-4yfn-2025\/","name":"\u00bfTienes una startup? Participa en el Catalonia Health Innovation Pavilion en el 4YFN 2025 - Fundaci\u00f3 TIC Salut i Social","isPartOf":{"@id":"https:\/\/ticsalutsocial.atoom.space\/es\/#website"},"primaryImageOfPage":{"@id":"https:\/\/ticsalutsocial.atoom.space\/es\/noticia\/tens-una-startup-participa-al-catalonia-health-innovation-pavillion-en-el-4yfn-2025\/#primaryimage"},"image":{"@id":"https:\/\/ticsalutsocial.atoom.space\/es\/noticia\/tens-una-startup-participa-al-catalonia-health-innovation-pavillion-en-el-4yfn-2025\/#primaryimage"},"thumbnailUrl":"https:\/\/ticsalutsocial.atoom.space\/wp-content\/uploads\/2024\/09\/Catalonia-pavillion-4YFN-2024.jpg","datePublished":"2024-09-20T07:07:45+00:00","dateModified":"2024-09-20T08:05:34+00:00","description":"Fundaci\u00f3 TIC Salut Social, Biocat i\u00a0ACCI\u00d3\u00a0coordinaran -per segon any consecutiu-, el\u00a0Catalonia Health Innovation Ecosystem Pavilion,","breadcrumb":{"@id":"https:\/\/ticsalutsocial.atoom.space\/es\/noticia\/tens-una-startup-participa-al-catalonia-health-innovation-pavillion-en-el-4yfn-2025\/#breadcrumb"},"inLanguage":"es","potentialAction":[{"@type":"ReadAction","target":["https:\/\/ticsalutsocial.atoom.space\/es\/noticia\/tens-una-startup-participa-al-catalonia-health-innovation-pavillion-en-el-4yfn-2025\/"]}]},{"@type":"ImageObject","inLanguage":"es","@id":"https:\/\/ticsalutsocial.atoom.space\/es\/noticia\/tens-una-startup-participa-al-catalonia-health-innovation-pavillion-en-el-4yfn-2025\/#primaryimage","url":"https:\/\/ticsalutsocial.atoom.space\/wp-content\/uploads\/2024\/09\/Catalonia-pavillion-4YFN-2024.jpg","contentUrl":"https:\/\/ticsalutsocial.atoom.space\/wp-content\/uploads\/2024\/09\/Catalonia-pavillion-4YFN-2024.jpg","width":1280,"height":960,"caption":"Catalonia pavillion 4YFN 2024"},{"@type":"BreadcrumbList","@id":"https:\/\/ticsalutsocial.atoom.space\/es\/noticia\/tens-una-startup-participa-al-catalonia-health-innovation-pavillion-en-el-4yfn-2025\/#breadcrumb","itemListElement":[{"@type":"ListItem","position":1,"name":"Inici","item":"https:\/\/ticsalutsocial.atoom.space\/es\/"},{"@type":"ListItem","position":2,"name":"\u00bfTienes una startup? Participa en el Catalonia Health Innovation Pavilion en el 4YFN 2025"}]},{"@type":"WebSite","@id":"https:\/\/ticsalutsocial.atoom.space\/es\/#website","url":"https:\/\/ticsalutsocial.atoom.space\/es\/","name":"Fundaci\u00f3 TIC Salut i Social","description":"","potentialAction":[{"@type":"SearchAction","target":{"@type":"EntryPoint","urlTemplate":"https:\/\/ticsalutsocial.atoom.space\/es\/?s={search_term_string}"},"query-input":{"@type":"PropertyValueSpecification","valueRequired":true,"valueName":"search_term_string"}}],"inLanguage":"es"}]}},"_links":{"self":[{"href":"https:\/\/ticsalutsocial.atoom.space\/es\/wp-json\/wp\/v2\/noticia\/28412","targetHints":{"allow":["GET"]}}],"collection":[{"href":"https:\/\/ticsalutsocial.atoom.space\/es\/wp-json\/wp\/v2\/noticia"}],"about":[{"href":"https:\/\/ticsalutsocial.atoom.space\/es\/wp-json\/wp\/v2\/types\/noticia"}],"author":[{"embeddable":true,"href":"https:\/\/ticsalutsocial.atoom.space\/es\/wp-json\/wp\/v2\/users\/12"}],"wp:featuredmedia":[{"embeddable":true,"href":"https:\/\/ticsalutsocial.atoom.space\/es\/wp-json\/wp\/v2\/media\/28410"}],"wp:attachment":[{"href":"https:\/\/ticsalutsocial.atoom.space\/es\/wp-json\/wp\/v2\/media?parent=28412"}],"wp:term":[{"taxonomy":"etiqueta","embeddable":true,"href":"https:\/\/ticsalutsocial.atoom.space\/es\/wp-json\/wp\/v2\/etiqueta?post=28412"},{"taxonomy":"tipus","embeddable":true,"href":"https:\/\/ticsalutsocial.atoom.space\/es\/wp-json\/wp\/v2\/tipus?post=28412"},{"taxonomy":"topic","embeddable":true,"href":"https:\/\/ticsalutsocial.atoom.space\/es\/wp-json\/wp\/v2\/topic?post=28412"}],"curies":[{"name":"wp","href":"https:\/\/api.w.org\/{rel}","templated":true}]}}