
{"id":28441,"date":"2024-09-26T10:11:26","date_gmt":"2024-09-26T08:11:26","guid":{"rendered":"https:\/\/ticsalutsocial.atoom.space\/noticia\/nou-repositori-federat-europeu-dimatge-medica-amb-deines-dia-per-millorar-el-diagnostic-i-el-tractament-del-cancer\/"},"modified":"2024-09-26T13:08:37","modified_gmt":"2024-09-26T11:08:37","slug":"nou-repositori-federat-europeu-dimatge-medica-amb-deines-dia-per-millorar-el-diagnostic-i-el-tractament-del-cancer","status":"publish","type":"noticia","link":"https:\/\/ticsalutsocial.atoom.space\/es\/noticia\/nou-repositori-federat-europeu-dimatge-medica-amb-deines-dia-per-millorar-el-diagnostic-i-el-tractament-del-cancer\/","title":{"rendered":"Nuevo repositorio federado europeo de imagen m\u00e9dica con herramientas de IA para mejorar el diagn\u00f3stico y el tratamiento del c\u00e1ncer"},"content":{"rendered":"\n<p>El proyecto INCISIVE, dedicado a mejorar el diagn\u00f3stico y tratamiento del c\u00e1ncer de pr\u00f3stata, mama, pulm\u00f3n y colorrectal, con el apoyo la inteligencia artificial (IA), ha finalizado con una evaluaci\u00f3n muy positiva de los gestores y revisores de la Comisi\u00f3n Europea. Bajo autorizaci\u00f3n previa, el proyecto pone a disposici\u00f3n de los proveedores y usuarios de datos para la investigaci\u00f3n, y de los profesionales de la salud, el<a href=\"https:\/\/share.incisive-project.eu\/\" target=\"_blank\" rel=\"noreferrer noopener\"> prototipo final de su plataforma<\/a> que integra un repositorio federado de im\u00e1genes m\u00e9dicas y datos cl\u00ednicos, y un conjunto de herramientas de IA de soporte a la toma de decisiones, de conformidad con el Reglamento General de Protecci\u00f3n de Datos de la Uni\u00f3n Europea.<\/p>\n\n\n\n<p>El consorcio INCISIVE, formado por 26 entidades de toda Europa, ha tenido una presencia destacada de profesionales del \u00e1mbito cl\u00ednico, la IA y la investigaci\u00f3n en Catalu\u00f1a, provenientes de la Fundaci\u00f3n TIC Salut Social, el Barcelona Supercomputing Center &#8211; Centro Nacional de Supercomputaci\u00f3n y el Hospital Cl\u00ednic de Barcelona &#8211; IDIBAPS.<\/p>\n\n\n\n<p>Desde la Fundaci\u00f3n TIC Salut Social, la responsable del \u00c1rea de IA y secretaria t\u00e9cnica del Programa Salut\/IA de la Generalitat de Catalunya, <strong>Susanna Auss\u00f3<\/strong>, destaca como <strong>\u201cla participaci\u00f3n en el proyecto INCISIVE nos ha permitido formar parte de grupos de trabajo de la Comisi\u00f3n Europea para decidir la estrategia comunitaria de IA y el espacio Europeo de Datos. Asimismo, hemos conseguido que nuestros resultados tengan continuidad, puedan estar disponibles, y sean entrenados y validados en la infraestructura paneuropea de im\u00e1genes del c\u00e1ncer <\/strong>(<a href=\"https:\/\/cancerimage.eu\/\" target=\"_blank\" rel=\"noreferrer noopener\">Cancer Image Europe<\/a>)\u201d. La Fundaci\u00f3n tambi\u00e9n ha liderado tareas de explicabilidad de la IA, interoperabilidad y comunicaci\u00f3n, y contribuido al lanzamiento del prototipo facilitando la infraestructura tecnol\u00f3gica temporal.<\/p>\n\n\n\n<p>Por su parte, la coordinadora del proyecto, <strong>Gianna Tsakou<\/strong>, de Maggioli Spa, destaca la <strong>\u00abexcelencia\u00bb<\/strong> del equipo multidisciplinar que ha formado parte del proyecto, y la valoraci\u00f3n positiva que ha recibido por parte de la Comisi\u00f3n Europea, que en su informe concluye que la ambiciosa naturaleza del proyecto e indicadores logrados <strong>\u00abdemuestran potencial para conseguir importantes repercusiones cient\u00edficas, t\u00e9cnicas, comerciales y sociales\u00bb<\/strong>.<\/p>\n\n\n\n<h2 class=\"wp-block-heading\"><strong>Repositorio federado europeo de imagen m\u00e9dica<\/strong><\/h2>\n\n\n\n<p>El repositorio de datos federados de INCISIVE contiene m\u00e1s de 5,5 millones de im\u00e1genes de c\u00e1ncer tratadas de forma an\u00f3nima y datos cl\u00ednicos que los acompa\u00f1an de m\u00e1s de 11.000 personas. Los datos proceden de 9 proveedores de datos, entre los que figura el Hospital Cl\u00ednic de Barcelona, \u200b\u200bque ha facilitado datos anonimizados de c\u00e1ncer de pr\u00f3stata de 380 pacientes. El repositorio permite el uso de datos sanitarios entre las partes interesadas registradas cumpliendo con los requisitos legales, \u00e9ticos, de privacidad y de seguridad para poder entrenarlos con IA e investigar.<\/p>\n\n\n\n<p>El repositorio se basa en el almacenamiento y gesti\u00f3n federada de los datos. Los titulares de \u00e9stos pueden elegir entre crear su propio nodo de datos local que interoperar\u00e1 con la plataforma, o utilizar el nodo de datos central de INCISIVE para el almacenamiento y gesti\u00f3n segura de los datos. El repositorio contempla tambi\u00e9n mecanismos de compartici\u00f3n de datos, que cubren tanto los aspectos t\u00e9cnicos como operativos necesarios, cumpliendo con las normas legales y \u00e9ticas pertinentes.<\/p>\n\n\n\n<h2 class=\"wp-block-heading\"><strong>Conjunto de herramientas de IA <\/strong><\/h2>\n\n\n\n<p>El prototipo final del conjunto de herramientas de IA proporciona una serie de servicios de IA explicable que los profesionales sanitarios pueden utilizar como herramienta de apoyo a la toma de decisiones. Comprende un total de 28 modelos de IA para c\u00e1ncer de pulm\u00f3n, colorrectal, mama y pr\u00f3stata, y est\u00e1n relacionados con la clasificaci\u00f3n de anomal\u00edas, la priorizaci\u00f3n de pacientes, la segmentaci\u00f3n de lesiones y la ayuda a la localizaci\u00f3n, el diagn\u00f3stico, la determinaci\u00f3n del estadio del c\u00e1ncer, y la predicci\u00f3n del riesgo de met\u00e1stasis.<\/p>\n\n\n\n<p>En cuanto al tipo de datos incluidos en el repositorio, figuran ex\u00e1menes de imagen (mamograf\u00eda, resonancia magn\u00e9tica, tomograf\u00eda computarizada, tomograf\u00eda por emisi\u00f3n de positrones e im\u00e1genes histopatol\u00f3gicas), y metadatos cl\u00ednicos (datos demogr\u00e1ficos del paciente, resultados de biopsias, resultados ex\u00e1menes de laboratorio, detalles del tumor y del tratamiento). El conjunto de herramientas de INCISIVE integra tambi\u00e9n m\u00e9todos y componentes para la explicabilidad de los servicios de IA, a fin de que los profesionales sanitarios comprendan las razones que han conducido al resultado. Adem\u00e1s, integra componentes que apoyan la usabilidad de los servicios de IA, tales como la transformaci\u00f3n de imagen a informe y las funcionalidades de visualizaci\u00f3n de realidad aumentada, facilitando as\u00ed la entrega de los resultados de los servicios de IA a los profesionales sanitarios.<\/p>\n\n\n<div class=\"wp-block-image\">\n<figure class=\"alignleft size-full is-resized\"><img loading=\"lazy\" decoding=\"async\" width=\"510\" height=\"340\" src=\"https:\/\/ticsalutsocial.atoom.space\/wp-content\/uploads\/2023\/01\/Flag_of_Europe.svg.png\" alt=\"\" class=\"wp-image-15447\" style=\"width:123px;height:auto\" srcset=\"https:\/\/ticsalutsocial.atoom.space\/wp-content\/uploads\/2023\/01\/Flag_of_Europe.svg.png 510w, https:\/\/ticsalutsocial.atoom.space\/wp-content\/uploads\/2023\/01\/Flag_of_Europe.svg-300x200.png 300w\" sizes=\"auto, (max-width: 510px) 100vw, 510px\" \/><\/figure>\n<\/div>\n\n\n<p>El consorcio INCISIVE ha sido coordinado por Maggioli Spa y ha estado formado por 26 socios de 9 pa\u00edses: B\u00e9lgica, Chipre, Espa\u00f1a, Finlandia, Grecia, Italia, Luxemburgo, Serbia y Reino Unido. El proyecto ha recibido financiaci\u00f3n del programa de investigaci\u00f3n e innovaci\u00f3n Horizon 2020 de la Uni\u00f3n Europea en virtud del acuerdo de subvenci\u00f3n n\u00fam. 952179.<\/p>\n\n\n\n<p><\/p>\n","protected":false},"author":12,"featured_media":28439,"menu_order":0,"template":"","meta":{"_acf_changed":true,"inline_featured_image":false},"etiqueta":[],"tipus":[879],"topic":[],"class_list":["post-28441","noticia","type-noticia","status-publish","has-post-thumbnail","hentry","tipus-inteligencia-artificial"],"acf":{"finalitzat":false,"tipus_plantilla":"objectius","template_objectius":{"cont_principal":"","imatge":false,"cont_seguent":{"titol":"","contingut":""},"seccio_llistat":{"titol":"","llistat":false},"objectius":{"titol":"","objectius":false},"documents":false},"autor":"","imatge":28439,"textos_destacats":[{"texte":"La Fundaci\u00f3n TIC Salut Social, el Barcelona Supercomputing Center y el Hospital Cl\u00ednic de Barcelona han participado en el proyecto."}],"documents":false},"yoast_head":"<!-- This site is optimized with the Yoast SEO plugin v27.1.1 - https:\/\/yoast.com\/product\/yoast-seo-wordpress\/ -->\n<title>Nuevo repositorio federado europeo de imagen m\u00e9dica con herramientas de IA para mejorar el diagn\u00f3stico y el tratamiento del c\u00e1ncer - Fundaci\u00f3 TIC Salut i Social<\/title>\n<meta name=\"description\" content=\"El proyecto europeo INCISIVE pone a disposici\u00f3n de la comunidad m\u00e9dica y los desarrolladores de IA un repositorio federado europeo de imagen m\u00e9dica y datos cl\u00ednicos, y un conjunto de herramientas de inteligencia artificial.\" \/>\n<meta name=\"robots\" content=\"index, follow, max-snippet:-1, max-image-preview:large, max-video-preview:-1\" \/>\n<link rel=\"canonical\" href=\"https:\/\/ticsalutsocial.atoom.space\/es\/noticia\/nou-repositori-federat-europeu-dimatge-medica-amb-deines-dia-per-millorar-el-diagnostic-i-el-tractament-del-cancer\/\" \/>\n<meta property=\"og:locale\" content=\"es_ES\" \/>\n<meta property=\"og:type\" content=\"article\" \/>\n<meta property=\"og:title\" content=\"Nuevo repositorio federado europeo de imagen m\u00e9dica con herramientas de IA para mejorar el diagn\u00f3stico y el tratamiento del c\u00e1ncer - Fundaci\u00f3 TIC Salut i Social\" \/>\n<meta property=\"og:description\" content=\"El proyecto europeo INCISIVE pone a disposici\u00f3n de la comunidad m\u00e9dica y los desarrolladores de IA un repositorio federado europeo de imagen m\u00e9dica y datos cl\u00ednicos, y un conjunto de herramientas de inteligencia artificial.\" \/>\n<meta property=\"og:url\" content=\"https:\/\/ticsalutsocial.atoom.space\/es\/noticia\/nou-repositori-federat-europeu-dimatge-medica-amb-deines-dia-per-millorar-el-diagnostic-i-el-tractament-del-cancer\/\" \/>\n<meta property=\"og:site_name\" content=\"Fundaci\u00f3 TIC Salut i Social\" \/>\n<meta property=\"article:modified_time\" content=\"2024-09-26T11:08:37+00:00\" \/>\n<meta property=\"og:image\" content=\"https:\/\/ticsalutsocial.atoom.space\/wp-content\/uploads\/2024\/09\/Repositori-federat-europeu.jpg\" \/>\n\t<meta property=\"og:image:width\" content=\"1280\" \/>\n\t<meta property=\"og:image:height\" content=\"960\" \/>\n\t<meta property=\"og:image:type\" content=\"image\/jpeg\" \/>\n<meta name=\"twitter:card\" content=\"summary_large_image\" \/>\n<meta name=\"twitter:label1\" content=\"Tiempo de lectura\" \/>\n\t<meta name=\"twitter:data1\" content=\"5 minutos\" \/>\n<script type=\"application\/ld+json\" class=\"yoast-schema-graph\">{\"@context\":\"https:\/\/schema.org\",\"@graph\":[{\"@type\":\"WebPage\",\"@id\":\"https:\/\/ticsalutsocial.atoom.space\/es\/noticia\/nou-repositori-federat-europeu-dimatge-medica-amb-deines-dia-per-millorar-el-diagnostic-i-el-tractament-del-cancer\/\",\"url\":\"https:\/\/ticsalutsocial.atoom.space\/es\/noticia\/nou-repositori-federat-europeu-dimatge-medica-amb-deines-dia-per-millorar-el-diagnostic-i-el-tractament-del-cancer\/\",\"name\":\"Nuevo repositorio federado europeo de imagen m\u00e9dica con herramientas de IA para mejorar el diagn\u00f3stico y el tratamiento del c\u00e1ncer - Fundaci\u00f3 TIC Salut i Social\",\"isPartOf\":{\"@id\":\"https:\/\/ticsalutsocial.atoom.space\/es\/#website\"},\"primaryImageOfPage\":{\"@id\":\"https:\/\/ticsalutsocial.atoom.space\/es\/noticia\/nou-repositori-federat-europeu-dimatge-medica-amb-deines-dia-per-millorar-el-diagnostic-i-el-tractament-del-cancer\/#primaryimage\"},\"image\":{\"@id\":\"https:\/\/ticsalutsocial.atoom.space\/es\/noticia\/nou-repositori-federat-europeu-dimatge-medica-amb-deines-dia-per-millorar-el-diagnostic-i-el-tractament-del-cancer\/#primaryimage\"},\"thumbnailUrl\":\"https:\/\/ticsalutsocial.atoom.space\/wp-content\/uploads\/2024\/09\/Repositori-federat-europeu.jpg\",\"datePublished\":\"2024-09-26T08:11:26+00:00\",\"dateModified\":\"2024-09-26T11:08:37+00:00\",\"description\":\"El proyecto europeo INCISIVE pone a disposici\u00f3n de la comunidad m\u00e9dica y los desarrolladores de IA un repositorio federado europeo de imagen m\u00e9dica y datos cl\u00ednicos, y un conjunto de herramientas de inteligencia artificial.\",\"breadcrumb\":{\"@id\":\"https:\/\/ticsalutsocial.atoom.space\/es\/noticia\/nou-repositori-federat-europeu-dimatge-medica-amb-deines-dia-per-millorar-el-diagnostic-i-el-tractament-del-cancer\/#breadcrumb\"},\"inLanguage\":\"es\",\"potentialAction\":[{\"@type\":\"ReadAction\",\"target\":[\"https:\/\/ticsalutsocial.atoom.space\/es\/noticia\/nou-repositori-federat-europeu-dimatge-medica-amb-deines-dia-per-millorar-el-diagnostic-i-el-tractament-del-cancer\/\"]}]},{\"@type\":\"ImageObject\",\"inLanguage\":\"es\",\"@id\":\"https:\/\/ticsalutsocial.atoom.space\/es\/noticia\/nou-repositori-federat-europeu-dimatge-medica-amb-deines-dia-per-millorar-el-diagnostic-i-el-tractament-del-cancer\/#primaryimage\",\"url\":\"https:\/\/ticsalutsocial.atoom.space\/wp-content\/uploads\/2024\/09\/Repositori-federat-europeu.jpg\",\"contentUrl\":\"https:\/\/ticsalutsocial.atoom.space\/wp-content\/uploads\/2024\/09\/Repositori-federat-europeu.jpg\",\"width\":1280,\"height\":960},{\"@type\":\"BreadcrumbList\",\"@id\":\"https:\/\/ticsalutsocial.atoom.space\/es\/noticia\/nou-repositori-federat-europeu-dimatge-medica-amb-deines-dia-per-millorar-el-diagnostic-i-el-tractament-del-cancer\/#breadcrumb\",\"itemListElement\":[{\"@type\":\"ListItem\",\"position\":1,\"name\":\"Inici\",\"item\":\"https:\/\/ticsalutsocial.atoom.space\/es\/\"},{\"@type\":\"ListItem\",\"position\":2,\"name\":\"Nuevo repositorio federado europeo de imagen m\u00e9dica con herramientas de IA para mejorar el diagn\u00f3stico y el tratamiento del c\u00e1ncer\"}]},{\"@type\":\"WebSite\",\"@id\":\"https:\/\/ticsalutsocial.atoom.space\/es\/#website\",\"url\":\"https:\/\/ticsalutsocial.atoom.space\/es\/\",\"name\":\"Fundaci\u00f3 TIC Salut i Social\",\"description\":\"\",\"potentialAction\":[{\"@type\":\"SearchAction\",\"target\":{\"@type\":\"EntryPoint\",\"urlTemplate\":\"https:\/\/ticsalutsocial.atoom.space\/es\/?s={search_term_string}\"},\"query-input\":{\"@type\":\"PropertyValueSpecification\",\"valueRequired\":true,\"valueName\":\"search_term_string\"}}],\"inLanguage\":\"es\"}]}<\/script>\n<!-- \/ Yoast SEO plugin. -->","yoast_head_json":{"title":"Nuevo repositorio federado europeo de imagen m\u00e9dica con herramientas de IA para mejorar el diagn\u00f3stico y el tratamiento del c\u00e1ncer - Fundaci\u00f3 TIC Salut i Social","description":"El proyecto europeo INCISIVE pone a disposici\u00f3n de la comunidad m\u00e9dica y los desarrolladores de IA un repositorio federado europeo de imagen m\u00e9dica y datos cl\u00ednicos, y un conjunto de herramientas de inteligencia artificial.","robots":{"index":"index","follow":"follow","max-snippet":"max-snippet:-1","max-image-preview":"max-image-preview:large","max-video-preview":"max-video-preview:-1"},"canonical":"https:\/\/ticsalutsocial.atoom.space\/es\/noticia\/nou-repositori-federat-europeu-dimatge-medica-amb-deines-dia-per-millorar-el-diagnostic-i-el-tractament-del-cancer\/","og_locale":"es_ES","og_type":"article","og_title":"Nuevo repositorio federado europeo de imagen m\u00e9dica con herramientas de IA para mejorar el diagn\u00f3stico y el tratamiento del c\u00e1ncer - Fundaci\u00f3 TIC Salut i Social","og_description":"El proyecto europeo INCISIVE pone a disposici\u00f3n de la comunidad m\u00e9dica y los desarrolladores de IA un repositorio federado europeo de imagen m\u00e9dica y datos cl\u00ednicos, y un conjunto de herramientas de inteligencia artificial.","og_url":"https:\/\/ticsalutsocial.atoom.space\/es\/noticia\/nou-repositori-federat-europeu-dimatge-medica-amb-deines-dia-per-millorar-el-diagnostic-i-el-tractament-del-cancer\/","og_site_name":"Fundaci\u00f3 TIC Salut i Social","article_modified_time":"2024-09-26T11:08:37+00:00","og_image":[{"width":1280,"height":960,"url":"https:\/\/ticsalutsocial.atoom.space\/wp-content\/uploads\/2024\/09\/Repositori-federat-europeu.jpg","type":"image\/jpeg"}],"twitter_card":"summary_large_image","twitter_misc":{"Tiempo de lectura":"5 minutos"},"schema":{"@context":"https:\/\/schema.org","@graph":[{"@type":"WebPage","@id":"https:\/\/ticsalutsocial.atoom.space\/es\/noticia\/nou-repositori-federat-europeu-dimatge-medica-amb-deines-dia-per-millorar-el-diagnostic-i-el-tractament-del-cancer\/","url":"https:\/\/ticsalutsocial.atoom.space\/es\/noticia\/nou-repositori-federat-europeu-dimatge-medica-amb-deines-dia-per-millorar-el-diagnostic-i-el-tractament-del-cancer\/","name":"Nuevo repositorio federado europeo de imagen m\u00e9dica con herramientas de IA para mejorar el diagn\u00f3stico y el tratamiento del c\u00e1ncer - Fundaci\u00f3 TIC Salut i Social","isPartOf":{"@id":"https:\/\/ticsalutsocial.atoom.space\/es\/#website"},"primaryImageOfPage":{"@id":"https:\/\/ticsalutsocial.atoom.space\/es\/noticia\/nou-repositori-federat-europeu-dimatge-medica-amb-deines-dia-per-millorar-el-diagnostic-i-el-tractament-del-cancer\/#primaryimage"},"image":{"@id":"https:\/\/ticsalutsocial.atoom.space\/es\/noticia\/nou-repositori-federat-europeu-dimatge-medica-amb-deines-dia-per-millorar-el-diagnostic-i-el-tractament-del-cancer\/#primaryimage"},"thumbnailUrl":"https:\/\/ticsalutsocial.atoom.space\/wp-content\/uploads\/2024\/09\/Repositori-federat-europeu.jpg","datePublished":"2024-09-26T08:11:26+00:00","dateModified":"2024-09-26T11:08:37+00:00","description":"El proyecto europeo INCISIVE pone a disposici\u00f3n de la comunidad m\u00e9dica y los desarrolladores de IA un repositorio federado europeo de imagen m\u00e9dica y datos cl\u00ednicos, y un conjunto de herramientas de inteligencia artificial.","breadcrumb":{"@id":"https:\/\/ticsalutsocial.atoom.space\/es\/noticia\/nou-repositori-federat-europeu-dimatge-medica-amb-deines-dia-per-millorar-el-diagnostic-i-el-tractament-del-cancer\/#breadcrumb"},"inLanguage":"es","potentialAction":[{"@type":"ReadAction","target":["https:\/\/ticsalutsocial.atoom.space\/es\/noticia\/nou-repositori-federat-europeu-dimatge-medica-amb-deines-dia-per-millorar-el-diagnostic-i-el-tractament-del-cancer\/"]}]},{"@type":"ImageObject","inLanguage":"es","@id":"https:\/\/ticsalutsocial.atoom.space\/es\/noticia\/nou-repositori-federat-europeu-dimatge-medica-amb-deines-dia-per-millorar-el-diagnostic-i-el-tractament-del-cancer\/#primaryimage","url":"https:\/\/ticsalutsocial.atoom.space\/wp-content\/uploads\/2024\/09\/Repositori-federat-europeu.jpg","contentUrl":"https:\/\/ticsalutsocial.atoom.space\/wp-content\/uploads\/2024\/09\/Repositori-federat-europeu.jpg","width":1280,"height":960},{"@type":"BreadcrumbList","@id":"https:\/\/ticsalutsocial.atoom.space\/es\/noticia\/nou-repositori-federat-europeu-dimatge-medica-amb-deines-dia-per-millorar-el-diagnostic-i-el-tractament-del-cancer\/#breadcrumb","itemListElement":[{"@type":"ListItem","position":1,"name":"Inici","item":"https:\/\/ticsalutsocial.atoom.space\/es\/"},{"@type":"ListItem","position":2,"name":"Nuevo repositorio federado europeo de imagen m\u00e9dica con herramientas de IA para mejorar el diagn\u00f3stico y el tratamiento del c\u00e1ncer"}]},{"@type":"WebSite","@id":"https:\/\/ticsalutsocial.atoom.space\/es\/#website","url":"https:\/\/ticsalutsocial.atoom.space\/es\/","name":"Fundaci\u00f3 TIC Salut i Social","description":"","potentialAction":[{"@type":"SearchAction","target":{"@type":"EntryPoint","urlTemplate":"https:\/\/ticsalutsocial.atoom.space\/es\/?s={search_term_string}"},"query-input":{"@type":"PropertyValueSpecification","valueRequired":true,"valueName":"search_term_string"}}],"inLanguage":"es"}]}},"_links":{"self":[{"href":"https:\/\/ticsalutsocial.atoom.space\/es\/wp-json\/wp\/v2\/noticia\/28441","targetHints":{"allow":["GET"]}}],"collection":[{"href":"https:\/\/ticsalutsocial.atoom.space\/es\/wp-json\/wp\/v2\/noticia"}],"about":[{"href":"https:\/\/ticsalutsocial.atoom.space\/es\/wp-json\/wp\/v2\/types\/noticia"}],"author":[{"embeddable":true,"href":"https:\/\/ticsalutsocial.atoom.space\/es\/wp-json\/wp\/v2\/users\/12"}],"wp:featuredmedia":[{"embeddable":true,"href":"https:\/\/ticsalutsocial.atoom.space\/es\/wp-json\/wp\/v2\/media\/28439"}],"wp:attachment":[{"href":"https:\/\/ticsalutsocial.atoom.space\/es\/wp-json\/wp\/v2\/media?parent=28441"}],"wp:term":[{"taxonomy":"etiqueta","embeddable":true,"href":"https:\/\/ticsalutsocial.atoom.space\/es\/wp-json\/wp\/v2\/etiqueta?post=28441"},{"taxonomy":"tipus","embeddable":true,"href":"https:\/\/ticsalutsocial.atoom.space\/es\/wp-json\/wp\/v2\/tipus?post=28441"},{"taxonomy":"topic","embeddable":true,"href":"https:\/\/ticsalutsocial.atoom.space\/es\/wp-json\/wp\/v2\/topic?post=28441"}],"curies":[{"name":"wp","href":"https:\/\/api.w.org\/{rel}","templated":true}]}}