
{"id":28723,"date":"2024-10-11T09:37:30","date_gmt":"2024-10-11T07:37:30","guid":{"rendered":"https:\/\/ticsalutsocial.atoom.space\/noticia\/arriba-la-primera-edicio-del-genai-health-hack-a-barcelona\/"},"modified":"2024-10-11T09:51:30","modified_gmt":"2024-10-11T07:51:30","slug":"arriba-la-primera-edicio-del-genai-health-hack-a-barcelona","status":"publish","type":"noticia","link":"https:\/\/ticsalutsocial.atoom.space\/es\/noticia\/arriba-la-primera-edicio-del-genai-health-hack-a-barcelona\/","title":{"rendered":"Llega la primera edici\u00f3n del GenAI Health Hack a Barcelona"},"content":{"rendered":"\n<p>El Hospital Cl\u00ednic Barcelona, el Programa Salut\/IA del Departamento de Salud de la Generalitat de Catalunya y la C\u00e1tedra de Oncolog\u00eda de Precisi\u00f3n de la UB, en colaboraci\u00f3n con MIT Critical Data, organizan el <strong>primer Hackathon de inteligencia artificial generativa (GenAI) aplicada a la salud<\/strong>.<\/p>\n\n\n\n<p>Este evento \u00fanico se celebrar\u00e1 del 14 al 16 de noviembre en el espacio NTT Data en Barcelona y combinar\u00e1 una ma\u00f1ana de conferencias inspiradoras con expertos del sector, seguida del hackathon. Durante dos d\u00edas, <strong>equipos multidisciplinarios<\/strong> formados por profesionales de la salud, ingenieros, investigadores y expertos en \u00e9tica <strong>trabajar\u00e1n para resolver retos pr\u00e1cticos del Sistema de Salud de Catalu\u00f1a<\/strong>.<\/p>\n\n\n\n<p>El GenAI Health Hack tiene como objetivo explorar el impacto de la IA generativa en sanidad, abordar las implicaciones \u00e9ticas y los marcos regulatorios, as\u00ed como fomentar colaboraciones interdisciplinarias para resolver problemas clave del sector.<\/p>\n\n\n\n<p>Con la participaci\u00f3n de expertos de renombre internacional, como MIT Critical Data, y el apoyo de entidades destacadas como la Fundaci\u00f3n TIC Salut Social, M\u00f3n Cl\u00ednic Barcelona e IDIBAPS, este evento aspira a convertirse en una cita anual de referencia para impulsar la innovaci\u00f3n en el sector de la salud.<\/p>\n\n\n\n<p>El evento cuenta con la colaboraci\u00f3n de Amazon Web Services, IDIBAPS, Barcelona Supercomputing Center (BSC), y el patrocinio de Logicalis, NTT Data Spain y Avvale.<\/p>\n\n\n\n<p><strong>\u00a1Las inscripciones ya est\u00e1n abiertas!<\/strong><\/p>\n\n\n\n<p>Para m\u00e1s informaci\u00f3n e inscribirte, visita la <a href=\"https:\/\/www.clinicbarcelona.org\/asistencia\/genai-health-hack\" target=\"_blank\" rel=\"noreferrer noopener\">p\u00e1gina oficial<\/a>.<\/p>\n\n\n\n<p><\/p>\n","protected":false},"author":12,"featured_media":28722,"menu_order":0,"template":"","meta":{"_acf_changed":true,"inline_featured_image":false},"etiqueta":[],"tipus":[879],"topic":[],"class_list":["post-28723","noticia","type-noticia","status-publish","has-post-thumbnail","hentry","tipus-inteligencia-artificial"],"acf":{"finalitzat":false,"tipus_plantilla":"objectius","template_objectius":{"cont_principal":"","imatge":false,"cont_seguent":{"titol":"","contingut":""},"seccio_llistat":{"titol":"","llistat":false},"objectius":{"titol":"","objectius":false},"documents":false},"autor":"","imatge":28722,"textos_destacats":[{"texte":"El Programa Salut\/IA y el Hospital Cl\u00ednic Barcelona organizan el primer Hackathon de inteligencia artificial generativa aplicada a la salud. "}],"documents":false},"yoast_head":"<!-- This site is optimized with the Yoast SEO plugin v27.1.1 - https:\/\/yoast.com\/product\/yoast-seo-wordpress\/ -->\n<title>Llega la primera edici\u00f3n del GenAI Health Hack a Barcelona - Fundaci\u00f3 TIC Salut i Social<\/title>\n<meta name=\"description\" content=\"El Programa Salut\/IA y el Hospital Cl\u00ednic Barcelona organizan el primer GenAI Health Hack.\" \/>\n<meta name=\"robots\" content=\"index, follow, max-snippet:-1, max-image-preview:large, max-video-preview:-1\" \/>\n<link rel=\"canonical\" href=\"https:\/\/ticsalutsocial.atoom.space\/es\/noticia\/arriba-la-primera-edicio-del-genai-health-hack-a-barcelona\/\" \/>\n<meta property=\"og:locale\" content=\"es_ES\" \/>\n<meta property=\"og:type\" content=\"article\" \/>\n<meta property=\"og:title\" content=\"Llega la primera edici\u00f3n del GenAI Health Hack a Barcelona - Fundaci\u00f3 TIC Salut i Social\" \/>\n<meta property=\"og:description\" content=\"El Programa Salut\/IA y el Hospital Cl\u00ednic Barcelona organizan el primer GenAI Health Hack.\" \/>\n<meta property=\"og:url\" content=\"https:\/\/ticsalutsocial.atoom.space\/es\/noticia\/arriba-la-primera-edicio-del-genai-health-hack-a-barcelona\/\" \/>\n<meta property=\"og:site_name\" content=\"Fundaci\u00f3 TIC Salut i Social\" \/>\n<meta property=\"article:modified_time\" content=\"2024-10-11T07:51:30+00:00\" \/>\n<meta property=\"og:image\" content=\"https:\/\/ticsalutsocial.atoom.space\/wp-content\/uploads\/2024\/10\/genai-health-hack-v2.jpg\" \/>\n\t<meta property=\"og:image:width\" content=\"1280\" \/>\n\t<meta property=\"og:image:height\" content=\"960\" \/>\n\t<meta property=\"og:image:type\" content=\"image\/jpeg\" \/>\n<meta name=\"twitter:card\" content=\"summary_large_image\" \/>\n<meta name=\"twitter:label1\" content=\"Tiempo de lectura\" \/>\n\t<meta name=\"twitter:data1\" content=\"2 minutos\" \/>\n<script type=\"application\/ld+json\" class=\"yoast-schema-graph\">{\"@context\":\"https:\/\/schema.org\",\"@graph\":[{\"@type\":\"WebPage\",\"@id\":\"https:\/\/ticsalutsocial.atoom.space\/es\/noticia\/arriba-la-primera-edicio-del-genai-health-hack-a-barcelona\/\",\"url\":\"https:\/\/ticsalutsocial.atoom.space\/es\/noticia\/arriba-la-primera-edicio-del-genai-health-hack-a-barcelona\/\",\"name\":\"Llega la primera edici\u00f3n del GenAI Health Hack a Barcelona - Fundaci\u00f3 TIC Salut i Social\",\"isPartOf\":{\"@id\":\"https:\/\/ticsalutsocial.atoom.space\/es\/#website\"},\"primaryImageOfPage\":{\"@id\":\"https:\/\/ticsalutsocial.atoom.space\/es\/noticia\/arriba-la-primera-edicio-del-genai-health-hack-a-barcelona\/#primaryimage\"},\"image\":{\"@id\":\"https:\/\/ticsalutsocial.atoom.space\/es\/noticia\/arriba-la-primera-edicio-del-genai-health-hack-a-barcelona\/#primaryimage\"},\"thumbnailUrl\":\"https:\/\/ticsalutsocial.atoom.space\/wp-content\/uploads\/2024\/10\/genai-health-hack-v2.jpg\",\"datePublished\":\"2024-10-11T07:37:30+00:00\",\"dateModified\":\"2024-10-11T07:51:30+00:00\",\"description\":\"El Programa Salut\/IA y el Hospital Cl\u00ednic Barcelona organizan el primer GenAI Health Hack.\",\"breadcrumb\":{\"@id\":\"https:\/\/ticsalutsocial.atoom.space\/es\/noticia\/arriba-la-primera-edicio-del-genai-health-hack-a-barcelona\/#breadcrumb\"},\"inLanguage\":\"es\",\"potentialAction\":[{\"@type\":\"ReadAction\",\"target\":[\"https:\/\/ticsalutsocial.atoom.space\/es\/noticia\/arriba-la-primera-edicio-del-genai-health-hack-a-barcelona\/\"]}]},{\"@type\":\"ImageObject\",\"inLanguage\":\"es\",\"@id\":\"https:\/\/ticsalutsocial.atoom.space\/es\/noticia\/arriba-la-primera-edicio-del-genai-health-hack-a-barcelona\/#primaryimage\",\"url\":\"https:\/\/ticsalutsocial.atoom.space\/wp-content\/uploads\/2024\/10\/genai-health-hack-v2.jpg\",\"contentUrl\":\"https:\/\/ticsalutsocial.atoom.space\/wp-content\/uploads\/2024\/10\/genai-health-hack-v2.jpg\",\"width\":1280,\"height\":960},{\"@type\":\"BreadcrumbList\",\"@id\":\"https:\/\/ticsalutsocial.atoom.space\/es\/noticia\/arriba-la-primera-edicio-del-genai-health-hack-a-barcelona\/#breadcrumb\",\"itemListElement\":[{\"@type\":\"ListItem\",\"position\":1,\"name\":\"Inici\",\"item\":\"https:\/\/ticsalutsocial.atoom.space\/es\/\"},{\"@type\":\"ListItem\",\"position\":2,\"name\":\"Llega la primera edici\u00f3n del GenAI Health Hack a Barcelona\"}]},{\"@type\":\"WebSite\",\"@id\":\"https:\/\/ticsalutsocial.atoom.space\/es\/#website\",\"url\":\"https:\/\/ticsalutsocial.atoom.space\/es\/\",\"name\":\"Fundaci\u00f3 TIC Salut i Social\",\"description\":\"\",\"potentialAction\":[{\"@type\":\"SearchAction\",\"target\":{\"@type\":\"EntryPoint\",\"urlTemplate\":\"https:\/\/ticsalutsocial.atoom.space\/es\/?s={search_term_string}\"},\"query-input\":{\"@type\":\"PropertyValueSpecification\",\"valueRequired\":true,\"valueName\":\"search_term_string\"}}],\"inLanguage\":\"es\"}]}<\/script>\n<!-- \/ Yoast SEO plugin. -->","yoast_head_json":{"title":"Llega la primera edici\u00f3n del GenAI Health Hack a Barcelona - Fundaci\u00f3 TIC Salut i Social","description":"El Programa Salut\/IA y el Hospital Cl\u00ednic Barcelona organizan el primer GenAI Health Hack.","robots":{"index":"index","follow":"follow","max-snippet":"max-snippet:-1","max-image-preview":"max-image-preview:large","max-video-preview":"max-video-preview:-1"},"canonical":"https:\/\/ticsalutsocial.atoom.space\/es\/noticia\/arriba-la-primera-edicio-del-genai-health-hack-a-barcelona\/","og_locale":"es_ES","og_type":"article","og_title":"Llega la primera edici\u00f3n del GenAI Health Hack a Barcelona - Fundaci\u00f3 TIC Salut i Social","og_description":"El Programa Salut\/IA y el Hospital Cl\u00ednic Barcelona organizan el primer GenAI Health Hack.","og_url":"https:\/\/ticsalutsocial.atoom.space\/es\/noticia\/arriba-la-primera-edicio-del-genai-health-hack-a-barcelona\/","og_site_name":"Fundaci\u00f3 TIC Salut i Social","article_modified_time":"2024-10-11T07:51:30+00:00","og_image":[{"width":1280,"height":960,"url":"https:\/\/ticsalutsocial.atoom.space\/wp-content\/uploads\/2024\/10\/genai-health-hack-v2.jpg","type":"image\/jpeg"}],"twitter_card":"summary_large_image","twitter_misc":{"Tiempo de lectura":"2 minutos"},"schema":{"@context":"https:\/\/schema.org","@graph":[{"@type":"WebPage","@id":"https:\/\/ticsalutsocial.atoom.space\/es\/noticia\/arriba-la-primera-edicio-del-genai-health-hack-a-barcelona\/","url":"https:\/\/ticsalutsocial.atoom.space\/es\/noticia\/arriba-la-primera-edicio-del-genai-health-hack-a-barcelona\/","name":"Llega la primera edici\u00f3n del GenAI Health Hack a Barcelona - Fundaci\u00f3 TIC Salut i Social","isPartOf":{"@id":"https:\/\/ticsalutsocial.atoom.space\/es\/#website"},"primaryImageOfPage":{"@id":"https:\/\/ticsalutsocial.atoom.space\/es\/noticia\/arriba-la-primera-edicio-del-genai-health-hack-a-barcelona\/#primaryimage"},"image":{"@id":"https:\/\/ticsalutsocial.atoom.space\/es\/noticia\/arriba-la-primera-edicio-del-genai-health-hack-a-barcelona\/#primaryimage"},"thumbnailUrl":"https:\/\/ticsalutsocial.atoom.space\/wp-content\/uploads\/2024\/10\/genai-health-hack-v2.jpg","datePublished":"2024-10-11T07:37:30+00:00","dateModified":"2024-10-11T07:51:30+00:00","description":"El Programa Salut\/IA y el Hospital Cl\u00ednic Barcelona organizan el primer GenAI Health Hack.","breadcrumb":{"@id":"https:\/\/ticsalutsocial.atoom.space\/es\/noticia\/arriba-la-primera-edicio-del-genai-health-hack-a-barcelona\/#breadcrumb"},"inLanguage":"es","potentialAction":[{"@type":"ReadAction","target":["https:\/\/ticsalutsocial.atoom.space\/es\/noticia\/arriba-la-primera-edicio-del-genai-health-hack-a-barcelona\/"]}]},{"@type":"ImageObject","inLanguage":"es","@id":"https:\/\/ticsalutsocial.atoom.space\/es\/noticia\/arriba-la-primera-edicio-del-genai-health-hack-a-barcelona\/#primaryimage","url":"https:\/\/ticsalutsocial.atoom.space\/wp-content\/uploads\/2024\/10\/genai-health-hack-v2.jpg","contentUrl":"https:\/\/ticsalutsocial.atoom.space\/wp-content\/uploads\/2024\/10\/genai-health-hack-v2.jpg","width":1280,"height":960},{"@type":"BreadcrumbList","@id":"https:\/\/ticsalutsocial.atoom.space\/es\/noticia\/arriba-la-primera-edicio-del-genai-health-hack-a-barcelona\/#breadcrumb","itemListElement":[{"@type":"ListItem","position":1,"name":"Inici","item":"https:\/\/ticsalutsocial.atoom.space\/es\/"},{"@type":"ListItem","position":2,"name":"Llega la primera edici\u00f3n del GenAI Health Hack a Barcelona"}]},{"@type":"WebSite","@id":"https:\/\/ticsalutsocial.atoom.space\/es\/#website","url":"https:\/\/ticsalutsocial.atoom.space\/es\/","name":"Fundaci\u00f3 TIC Salut i Social","description":"","potentialAction":[{"@type":"SearchAction","target":{"@type":"EntryPoint","urlTemplate":"https:\/\/ticsalutsocial.atoom.space\/es\/?s={search_term_string}"},"query-input":{"@type":"PropertyValueSpecification","valueRequired":true,"valueName":"search_term_string"}}],"inLanguage":"es"}]}},"_links":{"self":[{"href":"https:\/\/ticsalutsocial.atoom.space\/es\/wp-json\/wp\/v2\/noticia\/28723","targetHints":{"allow":["GET"]}}],"collection":[{"href":"https:\/\/ticsalutsocial.atoom.space\/es\/wp-json\/wp\/v2\/noticia"}],"about":[{"href":"https:\/\/ticsalutsocial.atoom.space\/es\/wp-json\/wp\/v2\/types\/noticia"}],"author":[{"embeddable":true,"href":"https:\/\/ticsalutsocial.atoom.space\/es\/wp-json\/wp\/v2\/users\/12"}],"wp:featuredmedia":[{"embeddable":true,"href":"https:\/\/ticsalutsocial.atoom.space\/es\/wp-json\/wp\/v2\/media\/28722"}],"wp:attachment":[{"href":"https:\/\/ticsalutsocial.atoom.space\/es\/wp-json\/wp\/v2\/media?parent=28723"}],"wp:term":[{"taxonomy":"etiqueta","embeddable":true,"href":"https:\/\/ticsalutsocial.atoom.space\/es\/wp-json\/wp\/v2\/etiqueta?post=28723"},{"taxonomy":"tipus","embeddable":true,"href":"https:\/\/ticsalutsocial.atoom.space\/es\/wp-json\/wp\/v2\/tipus?post=28723"},{"taxonomy":"topic","embeddable":true,"href":"https:\/\/ticsalutsocial.atoom.space\/es\/wp-json\/wp\/v2\/topic?post=28723"}],"curies":[{"name":"wp","href":"https:\/\/api.w.org\/{rel}","templated":true}]}}