
{"id":28746,"date":"2024-10-14T11:56:47","date_gmt":"2024-10-14T09:56:47","guid":{"rendered":"https:\/\/ticsalutsocial.atoom.space\/noticia\/la-fundacio-tic-salut-social-trasllada-les-seves-oficines-al-carrer-arago\/"},"modified":"2024-10-14T12:19:32","modified_gmt":"2024-10-14T10:19:32","slug":"la-fundacio-tic-salut-social-trasllada-les-seves-oficines-al-carrer-arago","status":"publish","type":"noticia","link":"https:\/\/ticsalutsocial.atoom.space\/es\/noticia\/la-fundacio-tic-salut-social-trasllada-les-seves-oficines-al-carrer-arago\/","title":{"rendered":"La Fundaci\u00f3n TIC Salut Social traslada sus oficinas a la calle Arag\u00f3"},"content":{"rendered":"\n<p>La Fundaci\u00f3n TIC Salut Social ha trasladado sus oficinas a la <strong>s\u00e9ptima planta<\/strong> del nuevo edificio del Departamento de Salud de la Generalitat de Catalunya, situado en la <strong>calle Arag\u00f3, 330-332, de Barcelona<\/strong>. El traslado es efectivo desde el 14 de octubre de 2024 y por tanto, la anterior sede de la Calle Roc Boronat queda inoperativa a partir de esa fecha.<\/p>\n\n\n\n<p>En el nuevo edificio del Departamento de Salud, la Fundaci\u00f3n TIC Salut Social compartir\u00e1 espacio con la Secretar\u00eda de Salud P\u00fablica, la Direcci\u00f3n General de Profesionales de la Salud, la Direcci\u00f3n de Servicios, la Secretar\u00eda General del Departamento de Salud (TIC), la Agencia de Calidad y Evaluaci\u00f3n Sanitarias de Catalu\u00f1a (AQuAS), Intervenci\u00f3n Delegada y una representaci\u00f3n de Consejer\u00eda.<\/p>\n","protected":false},"author":12,"featured_media":28745,"menu_order":0,"template":"","meta":{"_acf_changed":true,"inline_featured_image":false},"etiqueta":[],"tipus":[],"topic":[130],"class_list":["post-28746","noticia","type-noticia","status-publish","has-post-thumbnail","hentry","topic-la-fundacion"],"acf":{"finalitzat":false,"tipus_plantilla":"objectius","template_objectius":{"cont_principal":"","imatge":false,"cont_seguent":{"titol":"","contingut":""},"seccio_llistat":{"titol":"","llistat":false},"objectius":{"titol":"","objectius":false},"documents":false},"autor":"","imatge":28745,"textos_destacats":[{"texte":"La nueva direcci\u00f3n es:<br \/>\r\nFundaci\u00f3n TIC Salut Social<br \/>\r\nCalle Arag\u00f3, 330-332 (s\u00e9ptima planta)<br \/>\r\n08009 Barcelona"}],"documents":false},"yoast_head":"<!-- This site is optimized with the Yoast SEO plugin v27.1.1 - https:\/\/yoast.com\/product\/yoast-seo-wordpress\/ -->\n<title>La Fundaci\u00f3n TIC Salut Social traslada sus oficinas a la calle Arag\u00f3 - Fundaci\u00f3 TIC Salut i Social<\/title>\n<meta name=\"description\" content=\"La Fundaci\u00f3 TIC Salut Social fa el trasllat de les seves oficines al carrer Arag\u00f3\" \/>\n<meta name=\"robots\" content=\"index, follow, max-snippet:-1, max-image-preview:large, max-video-preview:-1\" \/>\n<link rel=\"canonical\" href=\"https:\/\/ticsalutsocial.atoom.space\/es\/noticia\/la-fundacio-tic-salut-social-trasllada-les-seves-oficines-al-carrer-arago\/\" \/>\n<meta property=\"og:locale\" content=\"es_ES\" \/>\n<meta property=\"og:type\" content=\"article\" \/>\n<meta property=\"og:title\" content=\"La Fundaci\u00f3n TIC Salut Social traslada sus oficinas a la calle Arag\u00f3 - Fundaci\u00f3 TIC Salut i Social\" \/>\n<meta property=\"og:description\" content=\"La Fundaci\u00f3 TIC Salut Social fa el trasllat de les seves oficines al carrer Arag\u00f3\" \/>\n<meta property=\"og:url\" content=\"https:\/\/ticsalutsocial.atoom.space\/es\/noticia\/la-fundacio-tic-salut-social-trasllada-les-seves-oficines-al-carrer-arago\/\" \/>\n<meta property=\"og:site_name\" content=\"Fundaci\u00f3 TIC Salut i Social\" \/>\n<meta property=\"article:modified_time\" content=\"2024-10-14T10:19:32+00:00\" \/>\n<meta property=\"og:image\" content=\"https:\/\/ticsalutsocial.atoom.space\/wp-content\/uploads\/2024\/10\/Nou-edifici.jpg\" \/>\n\t<meta property=\"og:image:width\" content=\"1280\" \/>\n\t<meta property=\"og:image:height\" content=\"960\" \/>\n\t<meta property=\"og:image:type\" content=\"image\/jpeg\" \/>\n<meta name=\"twitter:card\" content=\"summary_large_image\" \/>\n<meta name=\"twitter:label1\" content=\"Tiempo de lectura\" \/>\n\t<meta name=\"twitter:data1\" content=\"1 minuto\" \/>\n<script type=\"application\/ld+json\" class=\"yoast-schema-graph\">{\"@context\":\"https:\/\/schema.org\",\"@graph\":[{\"@type\":\"WebPage\",\"@id\":\"https:\/\/ticsalutsocial.atoom.space\/es\/noticia\/la-fundacio-tic-salut-social-trasllada-les-seves-oficines-al-carrer-arago\/\",\"url\":\"https:\/\/ticsalutsocial.atoom.space\/es\/noticia\/la-fundacio-tic-salut-social-trasllada-les-seves-oficines-al-carrer-arago\/\",\"name\":\"La Fundaci\u00f3n TIC Salut Social traslada sus oficinas a la calle Arag\u00f3 - Fundaci\u00f3 TIC Salut i Social\",\"isPartOf\":{\"@id\":\"https:\/\/ticsalutsocial.atoom.space\/es\/#website\"},\"primaryImageOfPage\":{\"@id\":\"https:\/\/ticsalutsocial.atoom.space\/es\/noticia\/la-fundacio-tic-salut-social-trasllada-les-seves-oficines-al-carrer-arago\/#primaryimage\"},\"image\":{\"@id\":\"https:\/\/ticsalutsocial.atoom.space\/es\/noticia\/la-fundacio-tic-salut-social-trasllada-les-seves-oficines-al-carrer-arago\/#primaryimage\"},\"thumbnailUrl\":\"https:\/\/ticsalutsocial.atoom.space\/wp-content\/uploads\/2024\/10\/Nou-edifici.jpg\",\"datePublished\":\"2024-10-14T09:56:47+00:00\",\"dateModified\":\"2024-10-14T10:19:32+00:00\",\"description\":\"La Fundaci\u00f3 TIC Salut Social fa el trasllat de les seves oficines al carrer Arag\u00f3\",\"breadcrumb\":{\"@id\":\"https:\/\/ticsalutsocial.atoom.space\/es\/noticia\/la-fundacio-tic-salut-social-trasllada-les-seves-oficines-al-carrer-arago\/#breadcrumb\"},\"inLanguage\":\"es\",\"potentialAction\":[{\"@type\":\"ReadAction\",\"target\":[\"https:\/\/ticsalutsocial.atoom.space\/es\/noticia\/la-fundacio-tic-salut-social-trasllada-les-seves-oficines-al-carrer-arago\/\"]}]},{\"@type\":\"ImageObject\",\"inLanguage\":\"es\",\"@id\":\"https:\/\/ticsalutsocial.atoom.space\/es\/noticia\/la-fundacio-tic-salut-social-trasllada-les-seves-oficines-al-carrer-arago\/#primaryimage\",\"url\":\"https:\/\/ticsalutsocial.atoom.space\/wp-content\/uploads\/2024\/10\/Nou-edifici.jpg\",\"contentUrl\":\"https:\/\/ticsalutsocial.atoom.space\/wp-content\/uploads\/2024\/10\/Nou-edifici.jpg\",\"width\":1280,\"height\":960,\"caption\":\"trasllat carrer arag\u00f3\"},{\"@type\":\"BreadcrumbList\",\"@id\":\"https:\/\/ticsalutsocial.atoom.space\/es\/noticia\/la-fundacio-tic-salut-social-trasllada-les-seves-oficines-al-carrer-arago\/#breadcrumb\",\"itemListElement\":[{\"@type\":\"ListItem\",\"position\":1,\"name\":\"Inici\",\"item\":\"https:\/\/ticsalutsocial.atoom.space\/es\/\"},{\"@type\":\"ListItem\",\"position\":2,\"name\":\"La Fundaci\u00f3n TIC Salut Social traslada sus oficinas a la calle Arag\u00f3\"}]},{\"@type\":\"WebSite\",\"@id\":\"https:\/\/ticsalutsocial.atoom.space\/es\/#website\",\"url\":\"https:\/\/ticsalutsocial.atoom.space\/es\/\",\"name\":\"Fundaci\u00f3 TIC Salut i Social\",\"description\":\"\",\"potentialAction\":[{\"@type\":\"SearchAction\",\"target\":{\"@type\":\"EntryPoint\",\"urlTemplate\":\"https:\/\/ticsalutsocial.atoom.space\/es\/?s={search_term_string}\"},\"query-input\":{\"@type\":\"PropertyValueSpecification\",\"valueRequired\":true,\"valueName\":\"search_term_string\"}}],\"inLanguage\":\"es\"}]}<\/script>\n<!-- \/ Yoast SEO plugin. -->","yoast_head_json":{"title":"La Fundaci\u00f3n TIC Salut Social traslada sus oficinas a la calle Arag\u00f3 - Fundaci\u00f3 TIC Salut i Social","description":"La Fundaci\u00f3 TIC Salut Social fa el trasllat de les seves oficines al carrer Arag\u00f3","robots":{"index":"index","follow":"follow","max-snippet":"max-snippet:-1","max-image-preview":"max-image-preview:large","max-video-preview":"max-video-preview:-1"},"canonical":"https:\/\/ticsalutsocial.atoom.space\/es\/noticia\/la-fundacio-tic-salut-social-trasllada-les-seves-oficines-al-carrer-arago\/","og_locale":"es_ES","og_type":"article","og_title":"La Fundaci\u00f3n TIC Salut Social traslada sus oficinas a la calle Arag\u00f3 - Fundaci\u00f3 TIC Salut i Social","og_description":"La Fundaci\u00f3 TIC Salut Social fa el trasllat de les seves oficines al carrer Arag\u00f3","og_url":"https:\/\/ticsalutsocial.atoom.space\/es\/noticia\/la-fundacio-tic-salut-social-trasllada-les-seves-oficines-al-carrer-arago\/","og_site_name":"Fundaci\u00f3 TIC Salut i Social","article_modified_time":"2024-10-14T10:19:32+00:00","og_image":[{"width":1280,"height":960,"url":"https:\/\/ticsalutsocial.atoom.space\/wp-content\/uploads\/2024\/10\/Nou-edifici.jpg","type":"image\/jpeg"}],"twitter_card":"summary_large_image","twitter_misc":{"Tiempo de lectura":"1 minuto"},"schema":{"@context":"https:\/\/schema.org","@graph":[{"@type":"WebPage","@id":"https:\/\/ticsalutsocial.atoom.space\/es\/noticia\/la-fundacio-tic-salut-social-trasllada-les-seves-oficines-al-carrer-arago\/","url":"https:\/\/ticsalutsocial.atoom.space\/es\/noticia\/la-fundacio-tic-salut-social-trasllada-les-seves-oficines-al-carrer-arago\/","name":"La Fundaci\u00f3n TIC Salut Social traslada sus oficinas a la calle Arag\u00f3 - Fundaci\u00f3 TIC Salut i Social","isPartOf":{"@id":"https:\/\/ticsalutsocial.atoom.space\/es\/#website"},"primaryImageOfPage":{"@id":"https:\/\/ticsalutsocial.atoom.space\/es\/noticia\/la-fundacio-tic-salut-social-trasllada-les-seves-oficines-al-carrer-arago\/#primaryimage"},"image":{"@id":"https:\/\/ticsalutsocial.atoom.space\/es\/noticia\/la-fundacio-tic-salut-social-trasllada-les-seves-oficines-al-carrer-arago\/#primaryimage"},"thumbnailUrl":"https:\/\/ticsalutsocial.atoom.space\/wp-content\/uploads\/2024\/10\/Nou-edifici.jpg","datePublished":"2024-10-14T09:56:47+00:00","dateModified":"2024-10-14T10:19:32+00:00","description":"La Fundaci\u00f3 TIC Salut Social fa el trasllat de les seves oficines al carrer Arag\u00f3","breadcrumb":{"@id":"https:\/\/ticsalutsocial.atoom.space\/es\/noticia\/la-fundacio-tic-salut-social-trasllada-les-seves-oficines-al-carrer-arago\/#breadcrumb"},"inLanguage":"es","potentialAction":[{"@type":"ReadAction","target":["https:\/\/ticsalutsocial.atoom.space\/es\/noticia\/la-fundacio-tic-salut-social-trasllada-les-seves-oficines-al-carrer-arago\/"]}]},{"@type":"ImageObject","inLanguage":"es","@id":"https:\/\/ticsalutsocial.atoom.space\/es\/noticia\/la-fundacio-tic-salut-social-trasllada-les-seves-oficines-al-carrer-arago\/#primaryimage","url":"https:\/\/ticsalutsocial.atoom.space\/wp-content\/uploads\/2024\/10\/Nou-edifici.jpg","contentUrl":"https:\/\/ticsalutsocial.atoom.space\/wp-content\/uploads\/2024\/10\/Nou-edifici.jpg","width":1280,"height":960,"caption":"trasllat carrer arag\u00f3"},{"@type":"BreadcrumbList","@id":"https:\/\/ticsalutsocial.atoom.space\/es\/noticia\/la-fundacio-tic-salut-social-trasllada-les-seves-oficines-al-carrer-arago\/#breadcrumb","itemListElement":[{"@type":"ListItem","position":1,"name":"Inici","item":"https:\/\/ticsalutsocial.atoom.space\/es\/"},{"@type":"ListItem","position":2,"name":"La Fundaci\u00f3n TIC Salut Social traslada sus oficinas a la calle Arag\u00f3"}]},{"@type":"WebSite","@id":"https:\/\/ticsalutsocial.atoom.space\/es\/#website","url":"https:\/\/ticsalutsocial.atoom.space\/es\/","name":"Fundaci\u00f3 TIC Salut i Social","description":"","potentialAction":[{"@type":"SearchAction","target":{"@type":"EntryPoint","urlTemplate":"https:\/\/ticsalutsocial.atoom.space\/es\/?s={search_term_string}"},"query-input":{"@type":"PropertyValueSpecification","valueRequired":true,"valueName":"search_term_string"}}],"inLanguage":"es"}]}},"_links":{"self":[{"href":"https:\/\/ticsalutsocial.atoom.space\/es\/wp-json\/wp\/v2\/noticia\/28746","targetHints":{"allow":["GET"]}}],"collection":[{"href":"https:\/\/ticsalutsocial.atoom.space\/es\/wp-json\/wp\/v2\/noticia"}],"about":[{"href":"https:\/\/ticsalutsocial.atoom.space\/es\/wp-json\/wp\/v2\/types\/noticia"}],"author":[{"embeddable":true,"href":"https:\/\/ticsalutsocial.atoom.space\/es\/wp-json\/wp\/v2\/users\/12"}],"wp:featuredmedia":[{"embeddable":true,"href":"https:\/\/ticsalutsocial.atoom.space\/es\/wp-json\/wp\/v2\/media\/28745"}],"wp:attachment":[{"href":"https:\/\/ticsalutsocial.atoom.space\/es\/wp-json\/wp\/v2\/media?parent=28746"}],"wp:term":[{"taxonomy":"etiqueta","embeddable":true,"href":"https:\/\/ticsalutsocial.atoom.space\/es\/wp-json\/wp\/v2\/etiqueta?post=28746"},{"taxonomy":"tipus","embeddable":true,"href":"https:\/\/ticsalutsocial.atoom.space\/es\/wp-json\/wp\/v2\/tipus?post=28746"},{"taxonomy":"topic","embeddable":true,"href":"https:\/\/ticsalutsocial.atoom.space\/es\/wp-json\/wp\/v2\/topic?post=28746"}],"curies":[{"name":"wp","href":"https:\/\/api.w.org\/{rel}","templated":true}]}}