
{"id":28830,"date":"2024-10-18T09:41:49","date_gmt":"2024-10-18T07:41:49","guid":{"rendered":"https:\/\/ticsalutsocial.atoom.space\/noticia\/lodpd-ja-compta-amb-39-entitats-adherides-de-lambit-del-departament-de-salut-i-del-sector-public\/"},"modified":"2024-10-18T13:58:08","modified_gmt":"2024-10-18T11:58:08","slug":"lodpd-ja-compta-amb-39-entitats-adherides-de-lambit-del-departament-de-salut-i-del-sector-public","status":"publish","type":"noticia","link":"https:\/\/ticsalutsocial.atoom.space\/es\/noticia\/lodpd-ja-compta-amb-39-entitats-adherides-de-lambit-del-departament-de-salut-i-del-sector-public\/","title":{"rendered":"L\u2019ODPD ya cuenta con 2 nuevas entidades adheridas del \u00e1mbito del Departament de Salut y del sector p\u00fablico"},"content":{"rendered":"<div class=\"flex-shrink-0 flex flex-col relative items-end\">\n<div>\n<div class=\"pt-0\">\n<div class=\"gizmo-bot-avatar flex h-8 w-8 items-center justify-center overflow-hidden rounded-full\">\n<div class=\"relative p-1 rounded-sm flex items-center justify-center bg-token-main-surface-primary text-token-text-primary h-8 w-8\">La Oficina del DPD de la Fundaci\u00f3n TIC Salut Social ha incorporado recientemente dos nuevas entidades a las que prestar apoyo dentro del \u00e1mbito del Departamento de Salud y del sector p\u00fablico. Con la <a href=\"https:\/\/www.tauli.cat\/es\/institut\/\" target=\"_blank\" rel=\"noopener\">Fundaci\u00f3n Instituto de Investigaci\u00f3n e Innovaci\u00f3n Parc Taul\u00ed<\/a> (I3PT) e <a href=\"https:\/\/interhospitalia.es\/web\/\" target=\"_blank\" rel=\"noopener\">Interhospitalia-2 AIE<\/a>, ya suman un total de <a href=\"https:\/\/ticsalutsocial.atoom.space\/es\/dpd-salut\/entitats-adherides\/\" target=\"_blank\" rel=\"noopener\">treinta y nueve entidades adheridas<\/a> en aplicaci\u00f3n de lo que establecen la Disposici\u00f3n Final Primera del Decreto 148\/2023, de 1 de agosto, sobre las personas delegadas de protecci\u00f3n de datos de la Administraci\u00f3n de la Generalitat y su sector p\u00fablico; y las Disposiciones Transitorias Primera y Segunda de la Orden SLT\/131\/2024, de 6 de junio, por la que se determina la organizaci\u00f3n de la Delegaci\u00f3n de Protecci\u00f3n de Datos en el \u00e1mbito del Departamento de Salud y de las entidades de su sector p\u00fablico.<\/div>\n<div><\/div>\n<\/div>\n<\/div>\n<\/div>\n<\/div>\n<div class=\"group\/conversation-turn relative flex w-full min-w-0 flex-col agent-turn\">\n<div class=\"flex-col gap-1 md:gap-3\">\n<div class=\"flex max-w-full flex-col flex-grow\">\n<div class=\"min-h-8 text-message flex w-full flex-col items-end gap-2 whitespace-normal break-words [.text-message+&amp;]:mt-5\" dir=\"auto\" data-message-author-role=\"assistant\" data-message-id=\"40a4a77b-d8ba-4577-94d4-b6239168c49c\" data-message-model-slug=\"gpt-4o\">\n<div class=\"flex w-full flex-col gap-1 empty:hidden first:pt-[3px]\">\n<div class=\"markdown prose w-full break-words dark:prose-invert dark\">\n<h4>Atribuciones de la ODPD<\/h4>\n<p>Esta \u00faltima norma mantiene provisionalmente la atribuci\u00f3n a la Fundaci\u00f3n TIC Salut Social, a trav\u00e9s de la Oficina DPD Salut, de las funciones como persona delegada de protecci\u00f3n de datos en relaci\u00f3n con: el Departamento de Salud, el Servei Catal\u00e0 de la Salut, la Agencia de Calidad y Evaluaci\u00f3n Sanitarias de Catalu\u00f1a, la Fundaci\u00f3n TIC Salut Social y las entidades del sector p\u00fablico del Departamento de Salud.<\/p>\n<p>Es importante se\u00f1alar que conforme al art\u00edculo 37.1.a) del RGPD, todos los organismos p\u00fablicos deben tener designada una persona delegada de protecci\u00f3n de datos, y que la mencionada Orden SLT\/131\/2024, de 6 de junio, prev\u00e9 el <a href=\"https:\/\/ticsalutsocial.atoom.space\/noticia\/loficina-del-dpd-de-la-fundacio-tic-salut-social-amplia-les-seves-funcions-a-totes-les-entitats-del-sector-public-que-escullin-adherir-shi\/\" target=\"_blank\" rel=\"noopener\">r\u00e9gimen de adhesiones<\/a> de los organismos y entidades del \u00e1mbito p\u00fablico de salud a la ODPD, otorgando un plazo de tres meses desde su entrada en vigor para la regularizaci\u00f3n de la situaci\u00f3n de las entidades no adheridas. Aunque este plazo ya ha expirado, podr\u00edan producirse nuevas incorporaciones.<\/p>\n<\/div>\n<\/div>\n<\/div>\n<\/div>\n<\/div>\n<\/div>\n","protected":false},"author":3,"featured_media":28818,"menu_order":0,"template":"","meta":{"_acf_changed":false,"inline_featured_image":false},"etiqueta":[],"tipus":[106],"topic":[121],"class_list":["post-28830","noticia","type-noticia","status-publish","has-post-thumbnail","hentry","tipus-dpd-salud","topic-dpd-es"],"acf":{"finalitzat":false,"tipus_plantilla":"objectius","template_objectius":{"cont_principal":"","imatge":false,"cont_seguent":{"titol":"","contingut":""},"seccio_llistat":{"titol":"","llistat":false},"objectius":{"titol":"","objectius":false},"documents":false},"autor":"","imatge":false,"textos_destacats":[{"texte":"Con la Fundaci\u00f3n Instituto de Investigaci\u00f3n e Innovaci\u00f3n Parc Taul\u00ed (I3PT) e Interhospitalia-2 AIE ya suman un total de 39 entitades adheridas"}],"documents":false},"yoast_head":"<!-- This site is optimized with the Yoast SEO plugin v27.1.1 - https:\/\/yoast.com\/product\/yoast-seo-wordpress\/ -->\n<title>L\u2019ODPD ya cuenta con 2 nuevas entidades adheridas del \u00e1mbito del Departament de Salut y del sector p\u00fablico - Fundaci\u00f3 TIC Salut i Social<\/title>\n<meta name=\"robots\" content=\"index, follow, max-snippet:-1, max-image-preview:large, max-video-preview:-1\" \/>\n<link rel=\"canonical\" href=\"https:\/\/ticsalutsocial.atoom.space\/es\/noticia\/lodpd-ja-compta-amb-39-entitats-adherides-de-lambit-del-departament-de-salut-i-del-sector-public\/\" \/>\n<meta property=\"og:locale\" content=\"es_ES\" \/>\n<meta property=\"og:type\" content=\"article\" \/>\n<meta property=\"og:title\" content=\"L\u2019ODPD ya cuenta con 2 nuevas entidades adheridas del \u00e1mbito del Departament de Salut y del sector p\u00fablico - Fundaci\u00f3 TIC Salut i Social\" \/>\n<meta property=\"og:description\" content=\"La Oficina del DPD de la Fundaci\u00f3n TIC Salut Social ha incorporado recientemente dos nuevas entidades a las que prestar apoyo dentro del \u00e1mbito del Departamento de Salud y del sector p\u00fablico. Con la Fundaci\u00f3n Instituto de Investigaci\u00f3n e Innovaci\u00f3n Parc Taul\u00ed (I3PT) e Interhospitalia-2 AIE, ya suman un total de treinta y nueve entidades [&hellip;]\" \/>\n<meta property=\"og:url\" content=\"https:\/\/ticsalutsocial.atoom.space\/es\/noticia\/lodpd-ja-compta-amb-39-entitats-adherides-de-lambit-del-departament-de-salut-i-del-sector-public\/\" \/>\n<meta property=\"og:site_name\" content=\"Fundaci\u00f3 TIC Salut i Social\" \/>\n<meta property=\"article:modified_time\" content=\"2024-10-18T11:58:08+00:00\" \/>\n<meta property=\"og:image\" content=\"https:\/\/ticsalutsocial.atoom.space\/wp-content\/uploads\/2024\/10\/iStock-1344810365.jpg\" \/>\n\t<meta property=\"og:image:width\" content=\"2121\" \/>\n\t<meta property=\"og:image:height\" content=\"1414\" \/>\n\t<meta property=\"og:image:type\" content=\"image\/jpeg\" \/>\n<meta name=\"twitter:card\" content=\"summary_large_image\" \/>\n<meta name=\"twitter:label1\" content=\"Tiempo de lectura\" \/>\n\t<meta name=\"twitter:data1\" content=\"2 minutos\" \/>\n<script type=\"application\/ld+json\" class=\"yoast-schema-graph\">{\"@context\":\"https:\/\/schema.org\",\"@graph\":[{\"@type\":\"WebPage\",\"@id\":\"https:\/\/ticsalutsocial.atoom.space\/es\/noticia\/lodpd-ja-compta-amb-39-entitats-adherides-de-lambit-del-departament-de-salut-i-del-sector-public\/\",\"url\":\"https:\/\/ticsalutsocial.atoom.space\/es\/noticia\/lodpd-ja-compta-amb-39-entitats-adherides-de-lambit-del-departament-de-salut-i-del-sector-public\/\",\"name\":\"L\u2019ODPD ya cuenta con 2 nuevas entidades adheridas del \u00e1mbito del Departament de Salut y del sector p\u00fablico - Fundaci\u00f3 TIC Salut i Social\",\"isPartOf\":{\"@id\":\"https:\/\/ticsalutsocial.atoom.space\/es\/#website\"},\"primaryImageOfPage\":{\"@id\":\"https:\/\/ticsalutsocial.atoom.space\/es\/noticia\/lodpd-ja-compta-amb-39-entitats-adherides-de-lambit-del-departament-de-salut-i-del-sector-public\/#primaryimage\"},\"image\":{\"@id\":\"https:\/\/ticsalutsocial.atoom.space\/es\/noticia\/lodpd-ja-compta-amb-39-entitats-adherides-de-lambit-del-departament-de-salut-i-del-sector-public\/#primaryimage\"},\"thumbnailUrl\":\"https:\/\/ticsalutsocial.atoom.space\/wp-content\/uploads\/2024\/10\/iStock-1344810365.jpg\",\"datePublished\":\"2024-10-18T07:41:49+00:00\",\"dateModified\":\"2024-10-18T11:58:08+00:00\",\"breadcrumb\":{\"@id\":\"https:\/\/ticsalutsocial.atoom.space\/es\/noticia\/lodpd-ja-compta-amb-39-entitats-adherides-de-lambit-del-departament-de-salut-i-del-sector-public\/#breadcrumb\"},\"inLanguage\":\"es\",\"potentialAction\":[{\"@type\":\"ReadAction\",\"target\":[\"https:\/\/ticsalutsocial.atoom.space\/es\/noticia\/lodpd-ja-compta-amb-39-entitats-adherides-de-lambit-del-departament-de-salut-i-del-sector-public\/\"]}]},{\"@type\":\"ImageObject\",\"inLanguage\":\"es\",\"@id\":\"https:\/\/ticsalutsocial.atoom.space\/es\/noticia\/lodpd-ja-compta-amb-39-entitats-adherides-de-lambit-del-departament-de-salut-i-del-sector-public\/#primaryimage\",\"url\":\"https:\/\/ticsalutsocial.atoom.space\/wp-content\/uploads\/2024\/10\/iStock-1344810365.jpg\",\"contentUrl\":\"https:\/\/ticsalutsocial.atoom.space\/wp-content\/uploads\/2024\/10\/iStock-1344810365.jpg\",\"width\":2121,\"height\":1414,\"caption\":\"Fingerprint scan for secure access to protected data network with biometrics. Person using finger print authentication technology on laptop computer to login on private system.\"},{\"@type\":\"BreadcrumbList\",\"@id\":\"https:\/\/ticsalutsocial.atoom.space\/es\/noticia\/lodpd-ja-compta-amb-39-entitats-adherides-de-lambit-del-departament-de-salut-i-del-sector-public\/#breadcrumb\",\"itemListElement\":[{\"@type\":\"ListItem\",\"position\":1,\"name\":\"Inici\",\"item\":\"https:\/\/ticsalutsocial.atoom.space\/es\/\"},{\"@type\":\"ListItem\",\"position\":2,\"name\":\"L\u2019ODPD ya cuenta con 2 nuevas entidades adheridas del \u00e1mbito del Departament de Salut y del sector p\u00fablico\"}]},{\"@type\":\"WebSite\",\"@id\":\"https:\/\/ticsalutsocial.atoom.space\/es\/#website\",\"url\":\"https:\/\/ticsalutsocial.atoom.space\/es\/\",\"name\":\"Fundaci\u00f3 TIC Salut i Social\",\"description\":\"\",\"potentialAction\":[{\"@type\":\"SearchAction\",\"target\":{\"@type\":\"EntryPoint\",\"urlTemplate\":\"https:\/\/ticsalutsocial.atoom.space\/es\/?s={search_term_string}\"},\"query-input\":{\"@type\":\"PropertyValueSpecification\",\"valueRequired\":true,\"valueName\":\"search_term_string\"}}],\"inLanguage\":\"es\"}]}<\/script>\n<!-- \/ Yoast SEO plugin. -->","yoast_head_json":{"title":"L\u2019ODPD ya cuenta con 2 nuevas entidades adheridas del \u00e1mbito del Departament de Salut y del sector p\u00fablico - Fundaci\u00f3 TIC Salut i Social","robots":{"index":"index","follow":"follow","max-snippet":"max-snippet:-1","max-image-preview":"max-image-preview:large","max-video-preview":"max-video-preview:-1"},"canonical":"https:\/\/ticsalutsocial.atoom.space\/es\/noticia\/lodpd-ja-compta-amb-39-entitats-adherides-de-lambit-del-departament-de-salut-i-del-sector-public\/","og_locale":"es_ES","og_type":"article","og_title":"L\u2019ODPD ya cuenta con 2 nuevas entidades adheridas del \u00e1mbito del Departament de Salut y del sector p\u00fablico - Fundaci\u00f3 TIC Salut i Social","og_description":"La Oficina del DPD de la Fundaci\u00f3n TIC Salut Social ha incorporado recientemente dos nuevas entidades a las que prestar apoyo dentro del \u00e1mbito del Departamento de Salud y del sector p\u00fablico. Con la Fundaci\u00f3n Instituto de Investigaci\u00f3n e Innovaci\u00f3n Parc Taul\u00ed (I3PT) e Interhospitalia-2 AIE, ya suman un total de treinta y nueve entidades [&hellip;]","og_url":"https:\/\/ticsalutsocial.atoom.space\/es\/noticia\/lodpd-ja-compta-amb-39-entitats-adherides-de-lambit-del-departament-de-salut-i-del-sector-public\/","og_site_name":"Fundaci\u00f3 TIC Salut i Social","article_modified_time":"2024-10-18T11:58:08+00:00","og_image":[{"width":2121,"height":1414,"url":"https:\/\/ticsalutsocial.atoom.space\/wp-content\/uploads\/2024\/10\/iStock-1344810365.jpg","type":"image\/jpeg"}],"twitter_card":"summary_large_image","twitter_misc":{"Tiempo de lectura":"2 minutos"},"schema":{"@context":"https:\/\/schema.org","@graph":[{"@type":"WebPage","@id":"https:\/\/ticsalutsocial.atoom.space\/es\/noticia\/lodpd-ja-compta-amb-39-entitats-adherides-de-lambit-del-departament-de-salut-i-del-sector-public\/","url":"https:\/\/ticsalutsocial.atoom.space\/es\/noticia\/lodpd-ja-compta-amb-39-entitats-adherides-de-lambit-del-departament-de-salut-i-del-sector-public\/","name":"L\u2019ODPD ya cuenta con 2 nuevas entidades adheridas del \u00e1mbito del Departament de Salut y del sector p\u00fablico - Fundaci\u00f3 TIC Salut i Social","isPartOf":{"@id":"https:\/\/ticsalutsocial.atoom.space\/es\/#website"},"primaryImageOfPage":{"@id":"https:\/\/ticsalutsocial.atoom.space\/es\/noticia\/lodpd-ja-compta-amb-39-entitats-adherides-de-lambit-del-departament-de-salut-i-del-sector-public\/#primaryimage"},"image":{"@id":"https:\/\/ticsalutsocial.atoom.space\/es\/noticia\/lodpd-ja-compta-amb-39-entitats-adherides-de-lambit-del-departament-de-salut-i-del-sector-public\/#primaryimage"},"thumbnailUrl":"https:\/\/ticsalutsocial.atoom.space\/wp-content\/uploads\/2024\/10\/iStock-1344810365.jpg","datePublished":"2024-10-18T07:41:49+00:00","dateModified":"2024-10-18T11:58:08+00:00","breadcrumb":{"@id":"https:\/\/ticsalutsocial.atoom.space\/es\/noticia\/lodpd-ja-compta-amb-39-entitats-adherides-de-lambit-del-departament-de-salut-i-del-sector-public\/#breadcrumb"},"inLanguage":"es","potentialAction":[{"@type":"ReadAction","target":["https:\/\/ticsalutsocial.atoom.space\/es\/noticia\/lodpd-ja-compta-amb-39-entitats-adherides-de-lambit-del-departament-de-salut-i-del-sector-public\/"]}]},{"@type":"ImageObject","inLanguage":"es","@id":"https:\/\/ticsalutsocial.atoom.space\/es\/noticia\/lodpd-ja-compta-amb-39-entitats-adherides-de-lambit-del-departament-de-salut-i-del-sector-public\/#primaryimage","url":"https:\/\/ticsalutsocial.atoom.space\/wp-content\/uploads\/2024\/10\/iStock-1344810365.jpg","contentUrl":"https:\/\/ticsalutsocial.atoom.space\/wp-content\/uploads\/2024\/10\/iStock-1344810365.jpg","width":2121,"height":1414,"caption":"Fingerprint scan for secure access to protected data network with biometrics. Person using finger print authentication technology on laptop computer to login on private system."},{"@type":"BreadcrumbList","@id":"https:\/\/ticsalutsocial.atoom.space\/es\/noticia\/lodpd-ja-compta-amb-39-entitats-adherides-de-lambit-del-departament-de-salut-i-del-sector-public\/#breadcrumb","itemListElement":[{"@type":"ListItem","position":1,"name":"Inici","item":"https:\/\/ticsalutsocial.atoom.space\/es\/"},{"@type":"ListItem","position":2,"name":"L\u2019ODPD ya cuenta con 2 nuevas entidades adheridas del \u00e1mbito del Departament de Salut y del sector p\u00fablico"}]},{"@type":"WebSite","@id":"https:\/\/ticsalutsocial.atoom.space\/es\/#website","url":"https:\/\/ticsalutsocial.atoom.space\/es\/","name":"Fundaci\u00f3 TIC Salut i Social","description":"","potentialAction":[{"@type":"SearchAction","target":{"@type":"EntryPoint","urlTemplate":"https:\/\/ticsalutsocial.atoom.space\/es\/?s={search_term_string}"},"query-input":{"@type":"PropertyValueSpecification","valueRequired":true,"valueName":"search_term_string"}}],"inLanguage":"es"}]}},"_links":{"self":[{"href":"https:\/\/ticsalutsocial.atoom.space\/es\/wp-json\/wp\/v2\/noticia\/28830","targetHints":{"allow":["GET"]}}],"collection":[{"href":"https:\/\/ticsalutsocial.atoom.space\/es\/wp-json\/wp\/v2\/noticia"}],"about":[{"href":"https:\/\/ticsalutsocial.atoom.space\/es\/wp-json\/wp\/v2\/types\/noticia"}],"author":[{"embeddable":true,"href":"https:\/\/ticsalutsocial.atoom.space\/es\/wp-json\/wp\/v2\/users\/3"}],"wp:featuredmedia":[{"embeddable":true,"href":"https:\/\/ticsalutsocial.atoom.space\/es\/wp-json\/wp\/v2\/media\/28818"}],"wp:attachment":[{"href":"https:\/\/ticsalutsocial.atoom.space\/es\/wp-json\/wp\/v2\/media?parent=28830"}],"wp:term":[{"taxonomy":"etiqueta","embeddable":true,"href":"https:\/\/ticsalutsocial.atoom.space\/es\/wp-json\/wp\/v2\/etiqueta?post=28830"},{"taxonomy":"tipus","embeddable":true,"href":"https:\/\/ticsalutsocial.atoom.space\/es\/wp-json\/wp\/v2\/tipus?post=28830"},{"taxonomy":"topic","embeddable":true,"href":"https:\/\/ticsalutsocial.atoom.space\/es\/wp-json\/wp\/v2\/topic?post=28830"}],"curies":[{"name":"wp","href":"https:\/\/api.w.org\/{rel}","templated":true}]}}