
{"id":28832,"date":"2024-09-30T09:40:20","date_gmt":"2024-09-30T07:40:20","guid":{"rendered":"https:\/\/ticsalutsocial.atoom.space\/noticia\/la-uvic-ucc-acollira-els-vic-i-days-2024-sota-el-lema-respirathon-innovar-per-respirar-millor\/"},"modified":"2024-10-18T14:10:29","modified_gmt":"2024-10-18T12:10:29","slug":"la-uvic-ucc-acollira-els-vic-i-days-2024-sota-el-lema-respirathon-innovar-per-respirar-millor","status":"publish","type":"noticia","link":"https:\/\/ticsalutsocial.atoom.space\/es\/noticia\/la-uvic-ucc-acollira-els-vic-i-days-2024-sota-el-lema-respirathon-innovar-per-respirar-millor\/","title":{"rendered":"La UVic-UCC acoger\u00e1 los Vic i-Days 2024 bajo el lema \u201cRespirathon: innovar para respirar mejor\u00bb"},"content":{"rendered":"<p>La tercera edici\u00f3n de los Vic i-Days o d\u00edas de la innovaci\u00f3n se celebran el <a href=\"https:\/\/ticsalutsocial.atoom.space\/event\/vic-i-days-2024\/\" target=\"_blank\" rel=\"noopener\">7 y 8 de noviembre<\/a> en la Facultad de Medicina de la UVic-UCC. Este hackathon o campeonato europeo de innovaci\u00f3n en el \u00e1mbito de la salud estar\u00e1 dedicado al desarrollo de soluciones aplicadas a las personas que padecen enfermedades respiratorias o, en general, a la mejora de la respiraci\u00f3n.<\/p>\n<p>La competici\u00f3n est\u00e1 dirigida a estudiantes de grado o m\u00e1ster de cualquier disciplina (salud, ingenier\u00eda, ciencias sociales, etc.) y no requiere ning\u00fan conocimiento previo para participar. Los organizadores propondr\u00e1n un reto en el \u00e1mbito de la salud y el bienestar, y los participantes, inscritos en equipos, deber\u00e1n identificar un problema relacionado con dicho reto y desarrollar una soluci\u00f3n innovadora que cubra esta necesidad.<\/p>\n<p>Promovido por la red europea EIT Health, los Vic i-Days est\u00e1n organizados por un consorcio formado por la UVic-UCC, la Regi\u00f3n Metropolitana Norte del Instituto Catal\u00e1n de la Salud, la Fundaci\u00f3n TIC Salut Social, Eurecat y la empresa Qualud. Las inscripciones para participar en los Vic i-Days son gratuitas y se pueden formalizar en <a href=\"https:\/\/eithealth.eu\/programmes\/i-days\/\" target=\"_blank\" rel=\"noopener\">este enllace<\/a>.<\/p>\n<p>&nbsp;<\/p>\n<h3><strong>La competici\u00f3n<\/strong><\/h3>\n<p>El hackathon se organiza en dos d\u00edas de trabajo consecutivos. Durante el primer d\u00eda se presentar\u00e1 y contextualizar\u00e1 el reto a trav\u00e9s de expertos invitados. A continuaci\u00f3n, se ofrecer\u00e1 un taller de innovaci\u00f3n que proporcionar\u00e1 a los equipos herramientas \u00fatiles para desarrollar sus soluciones al reto. A \u00faltima hora de la ma\u00f1ana, se presentar\u00e1 al equipo de mentores y expertos del \u00e1mbito profesional, quienes estar\u00e1n disponibles por la tarde para orientar a todos los equipos en el desarrollo de sus ideas. La organizaci\u00f3n garantizar\u00e1 desayuno y comida para los participantes, fomentando as\u00ed espacios de networking.<\/p>\n<p>Durante el segundo d\u00eda, se desarrollar\u00e1 la competici\u00f3n propiamente dicha, donde cada equipo dispondr\u00e1 de 5 minutos para exponer su idea. Al finalizar las presentaciones, un jurado evaluar\u00e1 las diferentes propuestas y decidir\u00e1 los ganadores, que se anunciar\u00e1n al final de la jornada.<\/p>\n<p>&nbsp;<\/p>\n<h3><strong>Equipos con opci\u00f3n a premio<\/strong><\/h3>\n<p>Entre todos los equipos participantes se conceder\u00e1 un primer premio en met\u00e1lico de 500\u20ac y un abono de cr\u00e9ditos para formaci\u00f3n en servicios de Amazon Web Service valorado en 2000 d\u00f3lares. Tambi\u00e9n habr\u00e1 un segundo premio de 200\u20ac y un tercer premio de 100\u20ac, ambos en met\u00e1lico.<\/p>\n<p>Adem\u00e1s, el equipo ganador podr\u00e1 participar en la final europea de los i-Days en el EIT Health Career Path, que se celebrar\u00e1 en Budapest los d\u00edas 28 y 29 de noviembre. En este caso, hasta 4 miembros del equipo ganador recibir\u00e1n un abono de 400\u20ac por persona destinado a cubrir los gastos de desplazamiento a Budapest, ciudad donde se escoger\u00e1 al ganador absoluto entre los finalistas de los i-Days 2024, distribuidos en un total de 25 ciudades europeas diferentes.<\/p>\n<h3><strong>Un campeonato europeo<\/strong><\/h3>\n<p>Los i-Days son un campeonato europeo de innovaci\u00f3n en el \u00e1mbito de la salud promovido por EIT Health, una red europea de entidades de salud e innovaci\u00f3n que participan en diversas iniciativas bajo el principio del \u201ctri\u00e1ngulo del conocimiento\u201d. Un tri\u00e1ngulo formado por agentes de investigaci\u00f3n, industria y educaci\u00f3n, unidos para encontrar soluciones innovadoras a los retos actuales de nuestra sociedad.<\/p>\n","protected":false},"author":3,"featured_media":28496,"menu_order":0,"template":"","meta":{"_acf_changed":false,"inline_featured_image":false},"etiqueta":[],"tipus":[],"topic":[130],"class_list":["post-28832","noticia","type-noticia","status-publish","has-post-thumbnail","hentry","topic-la-fundacion"],"acf":{"finalitzat":false,"tipus_plantilla":"objectius","template_objectius":{"cont_principal":"","imatge":false,"cont_seguent":{"titol":"","contingut":""},"seccio_llistat":{"titol":"","llistat":false},"objectius":{"titol":"","objectius":false},"documents":false},"autor":"","imatge":false,"textos_destacats":[{"texte":"Los Vic i-Days los organizna un consorcio formado por la UVic-UCC, la Regi\u00f3n Metropolitana Norte del Institut Catal\u00e0 de la Salut, la Fundaci\u00f3n TIC Salut Social, Eurecat y la empresa Qualud"}],"documents":false},"yoast_head":"<!-- This site is optimized with the Yoast SEO plugin v27.1.1 - https:\/\/yoast.com\/product\/yoast-seo-wordpress\/ -->\n<title>La UVic-UCC acoger\u00e1 los Vic i-Days 2024 bajo el lema \u201cRespirathon: innovar para respirar mejor&quot; - Fundaci\u00f3 TIC Salut i Social<\/title>\n<meta name=\"robots\" content=\"index, follow, max-snippet:-1, max-image-preview:large, max-video-preview:-1\" \/>\n<link rel=\"canonical\" href=\"https:\/\/ticsalutsocial.atoom.space\/es\/noticia\/la-uvic-ucc-acollira-els-vic-i-days-2024-sota-el-lema-respirathon-innovar-per-respirar-millor\/\" \/>\n<meta property=\"og:locale\" content=\"es_ES\" \/>\n<meta property=\"og:type\" content=\"article\" \/>\n<meta property=\"og:title\" content=\"La UVic-UCC acoger\u00e1 los Vic i-Days 2024 bajo el lema \u201cRespirathon: innovar para respirar mejor&quot; - Fundaci\u00f3 TIC Salut i Social\" \/>\n<meta property=\"og:description\" content=\"La tercera edici\u00f3n de los Vic i-Days o d\u00edas de la innovaci\u00f3n se celebran el 7 y 8 de noviembre en la Facultad de Medicina de la UVic-UCC. Este hackathon o campeonato europeo de innovaci\u00f3n en el \u00e1mbito de la salud estar\u00e1 dedicado al desarrollo de soluciones aplicadas a las personas que padecen enfermedades respiratorias [&hellip;]\" \/>\n<meta property=\"og:url\" content=\"https:\/\/ticsalutsocial.atoom.space\/es\/noticia\/la-uvic-ucc-acollira-els-vic-i-days-2024-sota-el-lema-respirathon-innovar-per-respirar-millor\/\" \/>\n<meta property=\"og:site_name\" content=\"Fundaci\u00f3 TIC Salut i Social\" \/>\n<meta property=\"article:modified_time\" content=\"2024-10-18T12:10:29+00:00\" \/>\n<meta property=\"og:image\" content=\"https:\/\/ticsalutsocial.atoom.space\/wp-content\/uploads\/2024\/09\/iStock-2042370013.jpg\" \/>\n\t<meta property=\"og:image:width\" content=\"2121\" \/>\n\t<meta property=\"og:image:height\" content=\"1414\" \/>\n\t<meta property=\"og:image:type\" content=\"image\/jpeg\" \/>\n<meta name=\"twitter:card\" content=\"summary_large_image\" \/>\n<meta name=\"twitter:label1\" content=\"Tiempo de lectura\" \/>\n\t<meta name=\"twitter:data1\" content=\"4 minutos\" \/>\n<script type=\"application\/ld+json\" class=\"yoast-schema-graph\">{\"@context\":\"https:\/\/schema.org\",\"@graph\":[{\"@type\":\"WebPage\",\"@id\":\"https:\/\/ticsalutsocial.atoom.space\/es\/noticia\/la-uvic-ucc-acollira-els-vic-i-days-2024-sota-el-lema-respirathon-innovar-per-respirar-millor\/\",\"url\":\"https:\/\/ticsalutsocial.atoom.space\/es\/noticia\/la-uvic-ucc-acollira-els-vic-i-days-2024-sota-el-lema-respirathon-innovar-per-respirar-millor\/\",\"name\":\"La UVic-UCC acoger\u00e1 los Vic i-Days 2024 bajo el lema \u201cRespirathon: innovar para respirar mejor\\\" - Fundaci\u00f3 TIC Salut i Social\",\"isPartOf\":{\"@id\":\"https:\/\/ticsalutsocial.atoom.space\/es\/#website\"},\"primaryImageOfPage\":{\"@id\":\"https:\/\/ticsalutsocial.atoom.space\/es\/noticia\/la-uvic-ucc-acollira-els-vic-i-days-2024-sota-el-lema-respirathon-innovar-per-respirar-millor\/#primaryimage\"},\"image\":{\"@id\":\"https:\/\/ticsalutsocial.atoom.space\/es\/noticia\/la-uvic-ucc-acollira-els-vic-i-days-2024-sota-el-lema-respirathon-innovar-per-respirar-millor\/#primaryimage\"},\"thumbnailUrl\":\"https:\/\/ticsalutsocial.atoom.space\/wp-content\/uploads\/2024\/09\/iStock-2042370013.jpg\",\"datePublished\":\"2024-09-30T07:40:20+00:00\",\"dateModified\":\"2024-10-18T12:10:29+00:00\",\"breadcrumb\":{\"@id\":\"https:\/\/ticsalutsocial.atoom.space\/es\/noticia\/la-uvic-ucc-acollira-els-vic-i-days-2024-sota-el-lema-respirathon-innovar-per-respirar-millor\/#breadcrumb\"},\"inLanguage\":\"es\",\"potentialAction\":[{\"@type\":\"ReadAction\",\"target\":[\"https:\/\/ticsalutsocial.atoom.space\/es\/noticia\/la-uvic-ucc-acollira-els-vic-i-days-2024-sota-el-lema-respirathon-innovar-per-respirar-millor\/\"]}]},{\"@type\":\"ImageObject\",\"inLanguage\":\"es\",\"@id\":\"https:\/\/ticsalutsocial.atoom.space\/es\/noticia\/la-uvic-ucc-acollira-els-vic-i-days-2024-sota-el-lema-respirathon-innovar-per-respirar-millor\/#primaryimage\",\"url\":\"https:\/\/ticsalutsocial.atoom.space\/wp-content\/uploads\/2024\/09\/iStock-2042370013.jpg\",\"contentUrl\":\"https:\/\/ticsalutsocial.atoom.space\/wp-content\/uploads\/2024\/09\/iStock-2042370013.jpg\",\"width\":2121,\"height\":1414,\"caption\":\"Cinematic image of a programming office with young programmers and software engineer working on a new project for a start up business.\"},{\"@type\":\"BreadcrumbList\",\"@id\":\"https:\/\/ticsalutsocial.atoom.space\/es\/noticia\/la-uvic-ucc-acollira-els-vic-i-days-2024-sota-el-lema-respirathon-innovar-per-respirar-millor\/#breadcrumb\",\"itemListElement\":[{\"@type\":\"ListItem\",\"position\":1,\"name\":\"Inici\",\"item\":\"https:\/\/ticsalutsocial.atoom.space\/es\/\"},{\"@type\":\"ListItem\",\"position\":2,\"name\":\"La UVic-UCC acoger\u00e1 los Vic i-Days 2024 bajo el lema \u201cRespirathon: innovar para respirar mejor&#8221;\"}]},{\"@type\":\"WebSite\",\"@id\":\"https:\/\/ticsalutsocial.atoom.space\/es\/#website\",\"url\":\"https:\/\/ticsalutsocial.atoom.space\/es\/\",\"name\":\"Fundaci\u00f3 TIC Salut i Social\",\"description\":\"\",\"potentialAction\":[{\"@type\":\"SearchAction\",\"target\":{\"@type\":\"EntryPoint\",\"urlTemplate\":\"https:\/\/ticsalutsocial.atoom.space\/es\/?s={search_term_string}\"},\"query-input\":{\"@type\":\"PropertyValueSpecification\",\"valueRequired\":true,\"valueName\":\"search_term_string\"}}],\"inLanguage\":\"es\"}]}<\/script>\n<!-- \/ Yoast SEO plugin. -->","yoast_head_json":{"title":"La UVic-UCC acoger\u00e1 los Vic i-Days 2024 bajo el lema \u201cRespirathon: innovar para respirar mejor\" - Fundaci\u00f3 TIC Salut i Social","robots":{"index":"index","follow":"follow","max-snippet":"max-snippet:-1","max-image-preview":"max-image-preview:large","max-video-preview":"max-video-preview:-1"},"canonical":"https:\/\/ticsalutsocial.atoom.space\/es\/noticia\/la-uvic-ucc-acollira-els-vic-i-days-2024-sota-el-lema-respirathon-innovar-per-respirar-millor\/","og_locale":"es_ES","og_type":"article","og_title":"La UVic-UCC acoger\u00e1 los Vic i-Days 2024 bajo el lema \u201cRespirathon: innovar para respirar mejor\" - Fundaci\u00f3 TIC Salut i Social","og_description":"La tercera edici\u00f3n de los Vic i-Days o d\u00edas de la innovaci\u00f3n se celebran el 7 y 8 de noviembre en la Facultad de Medicina de la UVic-UCC. Este hackathon o campeonato europeo de innovaci\u00f3n en el \u00e1mbito de la salud estar\u00e1 dedicado al desarrollo de soluciones aplicadas a las personas que padecen enfermedades respiratorias [&hellip;]","og_url":"https:\/\/ticsalutsocial.atoom.space\/es\/noticia\/la-uvic-ucc-acollira-els-vic-i-days-2024-sota-el-lema-respirathon-innovar-per-respirar-millor\/","og_site_name":"Fundaci\u00f3 TIC Salut i Social","article_modified_time":"2024-10-18T12:10:29+00:00","og_image":[{"width":2121,"height":1414,"url":"https:\/\/ticsalutsocial.atoom.space\/wp-content\/uploads\/2024\/09\/iStock-2042370013.jpg","type":"image\/jpeg"}],"twitter_card":"summary_large_image","twitter_misc":{"Tiempo de lectura":"4 minutos"},"schema":{"@context":"https:\/\/schema.org","@graph":[{"@type":"WebPage","@id":"https:\/\/ticsalutsocial.atoom.space\/es\/noticia\/la-uvic-ucc-acollira-els-vic-i-days-2024-sota-el-lema-respirathon-innovar-per-respirar-millor\/","url":"https:\/\/ticsalutsocial.atoom.space\/es\/noticia\/la-uvic-ucc-acollira-els-vic-i-days-2024-sota-el-lema-respirathon-innovar-per-respirar-millor\/","name":"La UVic-UCC acoger\u00e1 los Vic i-Days 2024 bajo el lema \u201cRespirathon: innovar para respirar mejor\" - Fundaci\u00f3 TIC Salut i Social","isPartOf":{"@id":"https:\/\/ticsalutsocial.atoom.space\/es\/#website"},"primaryImageOfPage":{"@id":"https:\/\/ticsalutsocial.atoom.space\/es\/noticia\/la-uvic-ucc-acollira-els-vic-i-days-2024-sota-el-lema-respirathon-innovar-per-respirar-millor\/#primaryimage"},"image":{"@id":"https:\/\/ticsalutsocial.atoom.space\/es\/noticia\/la-uvic-ucc-acollira-els-vic-i-days-2024-sota-el-lema-respirathon-innovar-per-respirar-millor\/#primaryimage"},"thumbnailUrl":"https:\/\/ticsalutsocial.atoom.space\/wp-content\/uploads\/2024\/09\/iStock-2042370013.jpg","datePublished":"2024-09-30T07:40:20+00:00","dateModified":"2024-10-18T12:10:29+00:00","breadcrumb":{"@id":"https:\/\/ticsalutsocial.atoom.space\/es\/noticia\/la-uvic-ucc-acollira-els-vic-i-days-2024-sota-el-lema-respirathon-innovar-per-respirar-millor\/#breadcrumb"},"inLanguage":"es","potentialAction":[{"@type":"ReadAction","target":["https:\/\/ticsalutsocial.atoom.space\/es\/noticia\/la-uvic-ucc-acollira-els-vic-i-days-2024-sota-el-lema-respirathon-innovar-per-respirar-millor\/"]}]},{"@type":"ImageObject","inLanguage":"es","@id":"https:\/\/ticsalutsocial.atoom.space\/es\/noticia\/la-uvic-ucc-acollira-els-vic-i-days-2024-sota-el-lema-respirathon-innovar-per-respirar-millor\/#primaryimage","url":"https:\/\/ticsalutsocial.atoom.space\/wp-content\/uploads\/2024\/09\/iStock-2042370013.jpg","contentUrl":"https:\/\/ticsalutsocial.atoom.space\/wp-content\/uploads\/2024\/09\/iStock-2042370013.jpg","width":2121,"height":1414,"caption":"Cinematic image of a programming office with young programmers and software engineer working on a new project for a start up business."},{"@type":"BreadcrumbList","@id":"https:\/\/ticsalutsocial.atoom.space\/es\/noticia\/la-uvic-ucc-acollira-els-vic-i-days-2024-sota-el-lema-respirathon-innovar-per-respirar-millor\/#breadcrumb","itemListElement":[{"@type":"ListItem","position":1,"name":"Inici","item":"https:\/\/ticsalutsocial.atoom.space\/es\/"},{"@type":"ListItem","position":2,"name":"La UVic-UCC acoger\u00e1 los Vic i-Days 2024 bajo el lema \u201cRespirathon: innovar para respirar mejor&#8221;"}]},{"@type":"WebSite","@id":"https:\/\/ticsalutsocial.atoom.space\/es\/#website","url":"https:\/\/ticsalutsocial.atoom.space\/es\/","name":"Fundaci\u00f3 TIC Salut i Social","description":"","potentialAction":[{"@type":"SearchAction","target":{"@type":"EntryPoint","urlTemplate":"https:\/\/ticsalutsocial.atoom.space\/es\/?s={search_term_string}"},"query-input":{"@type":"PropertyValueSpecification","valueRequired":true,"valueName":"search_term_string"}}],"inLanguage":"es"}]}},"_links":{"self":[{"href":"https:\/\/ticsalutsocial.atoom.space\/es\/wp-json\/wp\/v2\/noticia\/28832","targetHints":{"allow":["GET"]}}],"collection":[{"href":"https:\/\/ticsalutsocial.atoom.space\/es\/wp-json\/wp\/v2\/noticia"}],"about":[{"href":"https:\/\/ticsalutsocial.atoom.space\/es\/wp-json\/wp\/v2\/types\/noticia"}],"author":[{"embeddable":true,"href":"https:\/\/ticsalutsocial.atoom.space\/es\/wp-json\/wp\/v2\/users\/3"}],"wp:featuredmedia":[{"embeddable":true,"href":"https:\/\/ticsalutsocial.atoom.space\/es\/wp-json\/wp\/v2\/media\/28496"}],"wp:attachment":[{"href":"https:\/\/ticsalutsocial.atoom.space\/es\/wp-json\/wp\/v2\/media?parent=28832"}],"wp:term":[{"taxonomy":"etiqueta","embeddable":true,"href":"https:\/\/ticsalutsocial.atoom.space\/es\/wp-json\/wp\/v2\/etiqueta?post=28832"},{"taxonomy":"tipus","embeddable":true,"href":"https:\/\/ticsalutsocial.atoom.space\/es\/wp-json\/wp\/v2\/tipus?post=28832"},{"taxonomy":"topic","embeddable":true,"href":"https:\/\/ticsalutsocial.atoom.space\/es\/wp-json\/wp\/v2\/topic?post=28832"}],"curies":[{"name":"wp","href":"https:\/\/api.w.org\/{rel}","templated":true}]}}