
{"id":28834,"date":"2024-10-07T12:42:06","date_gmt":"2024-10-07T10:42:06","guid":{"rendered":"https:\/\/ticsalutsocial.atoom.space\/noticia\/definira-la-ia-el-futur-de-lexperiencia-de-pacient-principal-tema-de-debat-de-la-9a-edicio-del-congres-dexperiencia-de-pacient\/"},"modified":"2024-10-18T14:16:52","modified_gmt":"2024-10-18T12:16:52","slug":"definira-la-ia-el-futur-de-lexperiencia-de-pacient-principal-tema-de-debat-de-la-9a-edicio-del-congres-dexperiencia-de-pacient","status":"publish","type":"noticia","link":"https:\/\/ticsalutsocial.atoom.space\/es\/noticia\/definira-la-ia-el-futur-de-lexperiencia-de-pacient-principal-tema-de-debat-de-la-9a-edicio-del-congres-dexperiencia-de-pacient\/","title":{"rendered":"Definir\u00e0 la IA el futur de l&#8217;experi\u00e8ncia de pacient? Principal tema de debat de la 9a edici\u00f3 del Congr\u00e9s d&#8217;Experi\u00e8ncia de Pacient"},"content":{"rendered":"<div class=\"padding-bottom--xl padding-top--xl\">\n<div class=\"post-summary \">\n<div class=\"post-summary__description u-wysiwyg\">\n<p>El pasado mi\u00e9rcoles 18 de septiembre se celebr\u00f3 en el paraninfo de la Facultad de Medicina de la Universidad de Barcelona (UB) la 9\u00aa edici\u00f3n del Congreso de Experiencia de Paciente XPAtient Barcelona Congress. Un encuentro anual para evaluar la experiencia del paciente en los hospitales catalanes y proponer medidas de mejora en este \u00e1mbito, con la participaci\u00f3n de todos los actores implicados: profesionales de la salud, tecn\u00f3logos y emprendedores, pacientes y cuidadores.<\/p>\n<p>Los organizadores de esta edici\u00f3n han sido el Hospital Cl\u00ednic de Barcelona, a trav\u00e9s del <a href=\"https:\/\/www.clinicbarcelona.org\/ca\/asistencia\/observatori-experiencia-pacient\" target=\"_blank\" rel=\"noopener\">Observatorio de Experiencia Paciente<\/a>, la<a href=\"https:\/\/ticsalutsocial.atoom.space\/es\/\" target=\"_blank\" rel=\"noopener\">\u00a0Fundaci\u00f3 TIC Salut Social<\/a> y AQuAS en representaci\u00f3n del Departament de Salut y Eurecat.<\/p>\n<\/div>\n<\/div>\n<\/div>\n<div class=\"margin-top--xl padding-bottom--xl\">\n<div class=\"related--xl\">\n<div class=\"u-wysiwyg\">\n<p>Bajo el impulso de la Asociaci\u00f3n de Entidades y Profesionales para la Evaluaci\u00f3n de la Experiencia del Paciente, este a\u00f1o el congreso present\u00f3 diferentes proyectos de todo el territorio y tambi\u00e9n facilit\u00f3 la presentaci\u00f3n de perspectivas y proyectos internacionales relacionados con la mejora de la experiencia del paciente en hospitales. Tambi\u00e9n se dio espacio para hablar sobre la introducci\u00f3n de nuevas tecnolog\u00edas e inteligencia artificial como apoyo en estos procesos de mejora. La jornada comenz\u00f3 con una ponencia sobre la importancia de la IA como tecnolog\u00eda que definir\u00e1 el futuro y la necesidad de que la sociedad civil participe activamente en ello. Adem\u00e1s, se discutieron temas clave como la relaci\u00f3n entre la experiencia del paciente y los resultados cl\u00ednicos, la transparencia en la comunicaci\u00f3n con los pacientes y la \u00e9tica en el uso de datos.<\/p>\n<p>A continuaci\u00f3n, se presentaron proyectos innovadores en hospitales para mejorar la experiencia de los pacientes, destacando la cocreaci\u00f3n y el uso de herramientas digitales, y se debati\u00f3 sobre los retos de la digitalizaci\u00f3n y la IA en el \u00e1mbito sanitario. Se puso \u00e9nfasis en la humanizaci\u00f3n de la atenci\u00f3n y la participaci\u00f3n activa de los pacientes. Finalmente, tres pacientes compartieron su evaluaci\u00f3n global del congreso y plantearon interesantes aspectos de debate para seguir trabajando en la evaluaci\u00f3n y mejora de la experiencia del paciente.<\/p>\n<p>Para m\u00e1s informaci\u00f3n y para recuperar todas las sesiones, visite la p\u00e1gina web del <a href=\"http:\/\/xpatientbcncongress.com\/\" target=\"_blank\" rel=\"noopener\">congreso.<\/a><\/p>\n<\/div>\n<\/div>\n<\/div>\n","protected":false},"author":3,"featured_media":28638,"menu_order":0,"template":"","meta":{"_acf_changed":false,"inline_featured_image":false},"etiqueta":[],"tipus":[],"topic":[117,130],"class_list":["post-28834","noticia","type-noticia","status-publish","has-post-thumbnail","hentry","topic-jornadas","topic-la-fundacion"],"acf":{"finalitzat":false,"tipus_plantilla":"objectius","template_objectius":{"cont_principal":"","imatge":false,"cont_seguent":{"titol":"","contingut":""},"seccio_llistat":{"titol":"","llistat":false},"objectius":{"titol":"","objectius":false},"documents":false},"autor":"","imatge":false,"textos_destacats":[{"texte":"Los organizadores de esta edici\u00f3n han sido el Hospital Cl\u00ednic de Barcelona, a trav\u00e9s del Observatorio de Experiencia Paciente, la\u00a0Fundaci\u00f3 TIC Salut Social y AQuAS en representaci\u00f3n del Departament de Salut y Eurecat."}],"documents":false},"yoast_head":"<!-- This site is optimized with the Yoast SEO plugin v27.1.1 - https:\/\/yoast.com\/product\/yoast-seo-wordpress\/ -->\n<title>Definir\u00e0 la IA el futur de l&#039;experi\u00e8ncia de pacient? Principal tema de debat de la 9a edici\u00f3 del Congr\u00e9s d&#039;Experi\u00e8ncia de Pacient - Fundaci\u00f3 TIC Salut i Social<\/title>\n<meta name=\"robots\" content=\"index, follow, max-snippet:-1, max-image-preview:large, max-video-preview:-1\" \/>\n<link rel=\"canonical\" href=\"https:\/\/ticsalutsocial.atoom.space\/es\/noticia\/definira-la-ia-el-futur-de-lexperiencia-de-pacient-principal-tema-de-debat-de-la-9a-edicio-del-congres-dexperiencia-de-pacient\/\" \/>\n<meta property=\"og:locale\" content=\"es_ES\" \/>\n<meta property=\"og:type\" content=\"article\" \/>\n<meta property=\"og:title\" content=\"Definir\u00e0 la IA el futur de l&#039;experi\u00e8ncia de pacient? Principal tema de debat de la 9a edici\u00f3 del Congr\u00e9s d&#039;Experi\u00e8ncia de Pacient - Fundaci\u00f3 TIC Salut i Social\" \/>\n<meta property=\"og:description\" content=\"El pasado mi\u00e9rcoles 18 de septiembre se celebr\u00f3 en el paraninfo de la Facultad de Medicina de la Universidad de Barcelona (UB) la 9\u00aa edici\u00f3n del Congreso de Experiencia de Paciente XPAtient Barcelona Congress. Un encuentro anual para evaluar la experiencia del paciente en los hospitales catalanes y proponer medidas de mejora en este \u00e1mbito, [&hellip;]\" \/>\n<meta property=\"og:url\" content=\"https:\/\/ticsalutsocial.atoom.space\/es\/noticia\/definira-la-ia-el-futur-de-lexperiencia-de-pacient-principal-tema-de-debat-de-la-9a-edicio-del-congres-dexperiencia-de-pacient\/\" \/>\n<meta property=\"og:site_name\" content=\"Fundaci\u00f3 TIC Salut i Social\" \/>\n<meta property=\"article:modified_time\" content=\"2024-10-18T12:16:52+00:00\" \/>\n<meta property=\"og:image\" content=\"https:\/\/ticsalutsocial.atoom.space\/wp-content\/uploads\/2024\/10\/Captura-de-pantalla-2024-10-07-a-les-12.34.57.png\" \/>\n\t<meta property=\"og:image:width\" content=\"901\" \/>\n\t<meta property=\"og:image:height\" content=\"528\" \/>\n\t<meta property=\"og:image:type\" content=\"image\/png\" \/>\n<meta name=\"twitter:card\" content=\"summary_large_image\" \/>\n<meta name=\"twitter:label1\" content=\"Tiempo de lectura\" \/>\n\t<meta name=\"twitter:data1\" content=\"3 minutos\" \/>\n<script type=\"application\/ld+json\" class=\"yoast-schema-graph\">{\"@context\":\"https:\/\/schema.org\",\"@graph\":[{\"@type\":\"WebPage\",\"@id\":\"https:\/\/ticsalutsocial.atoom.space\/es\/noticia\/definira-la-ia-el-futur-de-lexperiencia-de-pacient-principal-tema-de-debat-de-la-9a-edicio-del-congres-dexperiencia-de-pacient\/\",\"url\":\"https:\/\/ticsalutsocial.atoom.space\/es\/noticia\/definira-la-ia-el-futur-de-lexperiencia-de-pacient-principal-tema-de-debat-de-la-9a-edicio-del-congres-dexperiencia-de-pacient\/\",\"name\":\"Definir\u00e0 la IA el futur de l'experi\u00e8ncia de pacient? Principal tema de debat de la 9a edici\u00f3 del Congr\u00e9s d'Experi\u00e8ncia de Pacient - Fundaci\u00f3 TIC Salut i Social\",\"isPartOf\":{\"@id\":\"https:\/\/ticsalutsocial.atoom.space\/es\/#website\"},\"primaryImageOfPage\":{\"@id\":\"https:\/\/ticsalutsocial.atoom.space\/es\/noticia\/definira-la-ia-el-futur-de-lexperiencia-de-pacient-principal-tema-de-debat-de-la-9a-edicio-del-congres-dexperiencia-de-pacient\/#primaryimage\"},\"image\":{\"@id\":\"https:\/\/ticsalutsocial.atoom.space\/es\/noticia\/definira-la-ia-el-futur-de-lexperiencia-de-pacient-principal-tema-de-debat-de-la-9a-edicio-del-congres-dexperiencia-de-pacient\/#primaryimage\"},\"thumbnailUrl\":\"https:\/\/ticsalutsocial.atoom.space\/wp-content\/uploads\/2024\/10\/Captura-de-pantalla-2024-10-07-a-les-12.34.57.png\",\"datePublished\":\"2024-10-07T10:42:06+00:00\",\"dateModified\":\"2024-10-18T12:16:52+00:00\",\"breadcrumb\":{\"@id\":\"https:\/\/ticsalutsocial.atoom.space\/es\/noticia\/definira-la-ia-el-futur-de-lexperiencia-de-pacient-principal-tema-de-debat-de-la-9a-edicio-del-congres-dexperiencia-de-pacient\/#breadcrumb\"},\"inLanguage\":\"es\",\"potentialAction\":[{\"@type\":\"ReadAction\",\"target\":[\"https:\/\/ticsalutsocial.atoom.space\/es\/noticia\/definira-la-ia-el-futur-de-lexperiencia-de-pacient-principal-tema-de-debat-de-la-9a-edicio-del-congres-dexperiencia-de-pacient\/\"]}]},{\"@type\":\"ImageObject\",\"inLanguage\":\"es\",\"@id\":\"https:\/\/ticsalutsocial.atoom.space\/es\/noticia\/definira-la-ia-el-futur-de-lexperiencia-de-pacient-principal-tema-de-debat-de-la-9a-edicio-del-congres-dexperiencia-de-pacient\/#primaryimage\",\"url\":\"https:\/\/ticsalutsocial.atoom.space\/wp-content\/uploads\/2024\/10\/Captura-de-pantalla-2024-10-07-a-les-12.34.57.png\",\"contentUrl\":\"https:\/\/ticsalutsocial.atoom.space\/wp-content\/uploads\/2024\/10\/Captura-de-pantalla-2024-10-07-a-les-12.34.57.png\",\"width\":901,\"height\":528,\"caption\":\"Novena edici\u00f3 del XPATIENT Barcelona Congress\"},{\"@type\":\"BreadcrumbList\",\"@id\":\"https:\/\/ticsalutsocial.atoom.space\/es\/noticia\/definira-la-ia-el-futur-de-lexperiencia-de-pacient-principal-tema-de-debat-de-la-9a-edicio-del-congres-dexperiencia-de-pacient\/#breadcrumb\",\"itemListElement\":[{\"@type\":\"ListItem\",\"position\":1,\"name\":\"Inici\",\"item\":\"https:\/\/ticsalutsocial.atoom.space\/es\/\"},{\"@type\":\"ListItem\",\"position\":2,\"name\":\"Definir\u00e0 la IA el futur de l&#8217;experi\u00e8ncia de pacient? Principal tema de debat de la 9a edici\u00f3 del Congr\u00e9s d&#8217;Experi\u00e8ncia de Pacient\"}]},{\"@type\":\"WebSite\",\"@id\":\"https:\/\/ticsalutsocial.atoom.space\/es\/#website\",\"url\":\"https:\/\/ticsalutsocial.atoom.space\/es\/\",\"name\":\"Fundaci\u00f3 TIC Salut i Social\",\"description\":\"\",\"potentialAction\":[{\"@type\":\"SearchAction\",\"target\":{\"@type\":\"EntryPoint\",\"urlTemplate\":\"https:\/\/ticsalutsocial.atoom.space\/es\/?s={search_term_string}\"},\"query-input\":{\"@type\":\"PropertyValueSpecification\",\"valueRequired\":true,\"valueName\":\"search_term_string\"}}],\"inLanguage\":\"es\"}]}<\/script>\n<!-- \/ Yoast SEO plugin. -->","yoast_head_json":{"title":"Definir\u00e0 la IA el futur de l'experi\u00e8ncia de pacient? Principal tema de debat de la 9a edici\u00f3 del Congr\u00e9s d'Experi\u00e8ncia de Pacient - Fundaci\u00f3 TIC Salut i Social","robots":{"index":"index","follow":"follow","max-snippet":"max-snippet:-1","max-image-preview":"max-image-preview:large","max-video-preview":"max-video-preview:-1"},"canonical":"https:\/\/ticsalutsocial.atoom.space\/es\/noticia\/definira-la-ia-el-futur-de-lexperiencia-de-pacient-principal-tema-de-debat-de-la-9a-edicio-del-congres-dexperiencia-de-pacient\/","og_locale":"es_ES","og_type":"article","og_title":"Definir\u00e0 la IA el futur de l'experi\u00e8ncia de pacient? Principal tema de debat de la 9a edici\u00f3 del Congr\u00e9s d'Experi\u00e8ncia de Pacient - Fundaci\u00f3 TIC Salut i Social","og_description":"El pasado mi\u00e9rcoles 18 de septiembre se celebr\u00f3 en el paraninfo de la Facultad de Medicina de la Universidad de Barcelona (UB) la 9\u00aa edici\u00f3n del Congreso de Experiencia de Paciente XPAtient Barcelona Congress. Un encuentro anual para evaluar la experiencia del paciente en los hospitales catalanes y proponer medidas de mejora en este \u00e1mbito, [&hellip;]","og_url":"https:\/\/ticsalutsocial.atoom.space\/es\/noticia\/definira-la-ia-el-futur-de-lexperiencia-de-pacient-principal-tema-de-debat-de-la-9a-edicio-del-congres-dexperiencia-de-pacient\/","og_site_name":"Fundaci\u00f3 TIC Salut i Social","article_modified_time":"2024-10-18T12:16:52+00:00","og_image":[{"width":901,"height":528,"url":"https:\/\/ticsalutsocial.atoom.space\/wp-content\/uploads\/2024\/10\/Captura-de-pantalla-2024-10-07-a-les-12.34.57.png","type":"image\/png"}],"twitter_card":"summary_large_image","twitter_misc":{"Tiempo de lectura":"3 minutos"},"schema":{"@context":"https:\/\/schema.org","@graph":[{"@type":"WebPage","@id":"https:\/\/ticsalutsocial.atoom.space\/es\/noticia\/definira-la-ia-el-futur-de-lexperiencia-de-pacient-principal-tema-de-debat-de-la-9a-edicio-del-congres-dexperiencia-de-pacient\/","url":"https:\/\/ticsalutsocial.atoom.space\/es\/noticia\/definira-la-ia-el-futur-de-lexperiencia-de-pacient-principal-tema-de-debat-de-la-9a-edicio-del-congres-dexperiencia-de-pacient\/","name":"Definir\u00e0 la IA el futur de l'experi\u00e8ncia de pacient? Principal tema de debat de la 9a edici\u00f3 del Congr\u00e9s d'Experi\u00e8ncia de Pacient - Fundaci\u00f3 TIC Salut i Social","isPartOf":{"@id":"https:\/\/ticsalutsocial.atoom.space\/es\/#website"},"primaryImageOfPage":{"@id":"https:\/\/ticsalutsocial.atoom.space\/es\/noticia\/definira-la-ia-el-futur-de-lexperiencia-de-pacient-principal-tema-de-debat-de-la-9a-edicio-del-congres-dexperiencia-de-pacient\/#primaryimage"},"image":{"@id":"https:\/\/ticsalutsocial.atoom.space\/es\/noticia\/definira-la-ia-el-futur-de-lexperiencia-de-pacient-principal-tema-de-debat-de-la-9a-edicio-del-congres-dexperiencia-de-pacient\/#primaryimage"},"thumbnailUrl":"https:\/\/ticsalutsocial.atoom.space\/wp-content\/uploads\/2024\/10\/Captura-de-pantalla-2024-10-07-a-les-12.34.57.png","datePublished":"2024-10-07T10:42:06+00:00","dateModified":"2024-10-18T12:16:52+00:00","breadcrumb":{"@id":"https:\/\/ticsalutsocial.atoom.space\/es\/noticia\/definira-la-ia-el-futur-de-lexperiencia-de-pacient-principal-tema-de-debat-de-la-9a-edicio-del-congres-dexperiencia-de-pacient\/#breadcrumb"},"inLanguage":"es","potentialAction":[{"@type":"ReadAction","target":["https:\/\/ticsalutsocial.atoom.space\/es\/noticia\/definira-la-ia-el-futur-de-lexperiencia-de-pacient-principal-tema-de-debat-de-la-9a-edicio-del-congres-dexperiencia-de-pacient\/"]}]},{"@type":"ImageObject","inLanguage":"es","@id":"https:\/\/ticsalutsocial.atoom.space\/es\/noticia\/definira-la-ia-el-futur-de-lexperiencia-de-pacient-principal-tema-de-debat-de-la-9a-edicio-del-congres-dexperiencia-de-pacient\/#primaryimage","url":"https:\/\/ticsalutsocial.atoom.space\/wp-content\/uploads\/2024\/10\/Captura-de-pantalla-2024-10-07-a-les-12.34.57.png","contentUrl":"https:\/\/ticsalutsocial.atoom.space\/wp-content\/uploads\/2024\/10\/Captura-de-pantalla-2024-10-07-a-les-12.34.57.png","width":901,"height":528,"caption":"Novena edici\u00f3 del XPATIENT Barcelona Congress"},{"@type":"BreadcrumbList","@id":"https:\/\/ticsalutsocial.atoom.space\/es\/noticia\/definira-la-ia-el-futur-de-lexperiencia-de-pacient-principal-tema-de-debat-de-la-9a-edicio-del-congres-dexperiencia-de-pacient\/#breadcrumb","itemListElement":[{"@type":"ListItem","position":1,"name":"Inici","item":"https:\/\/ticsalutsocial.atoom.space\/es\/"},{"@type":"ListItem","position":2,"name":"Definir\u00e0 la IA el futur de l&#8217;experi\u00e8ncia de pacient? Principal tema de debat de la 9a edici\u00f3 del Congr\u00e9s d&#8217;Experi\u00e8ncia de Pacient"}]},{"@type":"WebSite","@id":"https:\/\/ticsalutsocial.atoom.space\/es\/#website","url":"https:\/\/ticsalutsocial.atoom.space\/es\/","name":"Fundaci\u00f3 TIC Salut i Social","description":"","potentialAction":[{"@type":"SearchAction","target":{"@type":"EntryPoint","urlTemplate":"https:\/\/ticsalutsocial.atoom.space\/es\/?s={search_term_string}"},"query-input":{"@type":"PropertyValueSpecification","valueRequired":true,"valueName":"search_term_string"}}],"inLanguage":"es"}]}},"_links":{"self":[{"href":"https:\/\/ticsalutsocial.atoom.space\/es\/wp-json\/wp\/v2\/noticia\/28834","targetHints":{"allow":["GET"]}}],"collection":[{"href":"https:\/\/ticsalutsocial.atoom.space\/es\/wp-json\/wp\/v2\/noticia"}],"about":[{"href":"https:\/\/ticsalutsocial.atoom.space\/es\/wp-json\/wp\/v2\/types\/noticia"}],"author":[{"embeddable":true,"href":"https:\/\/ticsalutsocial.atoom.space\/es\/wp-json\/wp\/v2\/users\/3"}],"wp:featuredmedia":[{"embeddable":true,"href":"https:\/\/ticsalutsocial.atoom.space\/es\/wp-json\/wp\/v2\/media\/28638"}],"wp:attachment":[{"href":"https:\/\/ticsalutsocial.atoom.space\/es\/wp-json\/wp\/v2\/media?parent=28834"}],"wp:term":[{"taxonomy":"etiqueta","embeddable":true,"href":"https:\/\/ticsalutsocial.atoom.space\/es\/wp-json\/wp\/v2\/etiqueta?post=28834"},{"taxonomy":"tipus","embeddable":true,"href":"https:\/\/ticsalutsocial.atoom.space\/es\/wp-json\/wp\/v2\/tipus?post=28834"},{"taxonomy":"topic","embeddable":true,"href":"https:\/\/ticsalutsocial.atoom.space\/es\/wp-json\/wp\/v2\/topic?post=28834"}],"curies":[{"name":"wp","href":"https:\/\/api.w.org\/{rel}","templated":true}]}}