
{"id":28836,"date":"2024-10-09T16:01:44","date_gmt":"2024-10-09T14:01:44","guid":{"rendered":"https:\/\/ticsalutsocial.atoom.space\/noticia\/loficina-del-dpd-participa-en-la-i-trobada-dpd-en-xarxa-organitzada-per-lapdcat\/"},"modified":"2024-10-18T14:23:36","modified_gmt":"2024-10-18T12:23:36","slug":"loficina-del-dpd-participa-en-la-i-trobada-dpd-en-xarxa-organitzada-per-lapdcat","status":"publish","type":"noticia","link":"https:\/\/ticsalutsocial.atoom.space\/es\/noticia\/loficina-del-dpd-participa-en-la-i-trobada-dpd-en-xarxa-organitzada-per-lapdcat\/","title":{"rendered":"La Oficina del DPD participa en la \u00abI Encuentro DPD en Red\u00bb organizado per APDCAT"},"content":{"rendered":"<p>El pasado jueves 3 de octubre se celebr\u00f3 en el Palau de Pedralbes de Barcelona la I Encuentro DPD en Red, organizado por la APDCAT. La Oficina del DPD de la Fundaci\u00f3n TIC Salut Social tuvo una participaci\u00f3n activa en este evento. El acto se estructur\u00f3 en torno a ponencias y grupos de trabajo tem\u00e1ticos, con el fin de generar debate en torno a cuestiones de inter\u00e9s sobre la protecci\u00f3n de datos.<\/p>\n<p>La jornada se enmarca en las actividades del Foro DPD en Red, creado por iniciativa de la APDCAT para construir un espacio virtual donde los delegados y delegadas de protecci\u00f3n de datos del sector p\u00fablico de Catalu\u00f1a puedan debatir y compartir conocimiento sobre temas de su inter\u00e9s profesional.<\/p>\n<p>Entre los ponentes m\u00e1s relevantes, la Dra. Emese Savoia-Keleti, DPD del Servicio Diplom\u00e1tico de la UE, expuso el papel del DPD en el sector p\u00fablico. Por su parte, el Dr. Alessandro Mantelero, experto del CEPD y profesor de Derecho en la Universidad Polit\u00e9cnica de Tur\u00edn, present\u00f3 los primeros resultados del grupo de trabajo sobre Evaluaci\u00f3n de Impacto en Derechos Humanos y tratamientos de datos con IA (AIDH). Desde la APDCAT, Xavier Urios, Jefe de la Asesor\u00eda Jur\u00eddica, abord\u00f3 los \u00faltimos pronunciamientos en protecci\u00f3n de datos, mientras que Josefina Valls, Jefa del \u00c1rea de Inspecci\u00f3n T\u00e9cnica, hizo un repaso sobre las infracciones m\u00e1s comunes que llevan a la apertura de expedientes sancionadores.<\/p>\n<h3>Las aportaciones de la ODPD<\/h3>\n<p>En cuanto a los grupos de trabajo tem\u00e1ticos, destac\u00f3 la intervenci\u00f3n de la Oficina DPD de Salud. Su participaci\u00f3n en el grupo de trabajo \u00abEspacio Europeo de Datos de Salud (EEDS): \u00bfC\u00f3mo impacta la nueva regulaci\u00f3n en Catalu\u00f1a?\u00bb cont\u00f3 con la moderaci\u00f3n y exposici\u00f3n de conclusiones a cargo de Rafael Guerrero. Partiendo del supuesto del uso secundario de datos de salud, este debate resalt\u00f3 la complejidad de la nueva regulaci\u00f3n del EEDS. Se discutieron temas como la posible compatibilidad del nuevo sistema de uso secundario de datos con el sistema actual seg\u00fan la normativa de protecci\u00f3n de datos; la aplicaci\u00f3n de tasas para el acceso a los datos; el acceso a datos seudonimizados; la implementaci\u00f3n de requisitos tecnol\u00f3gicos en los centros que deben elaborar los cat\u00e1logos de datos disponibles para los organismos de acceso; la calidad de los conjuntos de datos y su etiquetado de calidad y utilidad; y la incidencia sobre los derechos de las personas en relaci\u00f3n al \u00abopt out\u00bb. Estos temas subrayan los retos que supone el despliegue del EEDS en el contexto singular del Sistema de Salud de Catalu\u00f1a.<\/p>\n<p>Se prev\u00e9 que los debates de las diferentes tem\u00e1ticas de los grupos de trabajo tengan continuidad en el espacio virtual del Foro DPD en Red, y desde la APDCAT se plantea incluir las conclusiones de la sesi\u00f3n en un informe de resultados.<\/p>\n","protected":false},"author":3,"featured_media":28705,"menu_order":0,"template":"","meta":{"_acf_changed":false,"inline_featured_image":false},"etiqueta":[],"tipus":[],"topic":[121],"class_list":["post-28836","noticia","type-noticia","status-publish","has-post-thumbnail","hentry","topic-dpd-es"],"acf":{"finalitzat":false,"tipus_plantilla":"objectius","template_objectius":{"cont_principal":"","imatge":false,"cont_seguent":{"titol":"","contingut":""},"seccio_llistat":{"titol":"","llistat":false},"objectius":{"titol":"","objectius":false},"documents":false},"autor":"","imatge":false,"textos_destacats":[{"texte":"La Oficina del DPD de la Fundaci\u00f3n TIC Salut Social tuvo una participaci\u00f3n activa moderando el grupo de trabajo sobre el Espacio Europeo de Datos de Salud"}],"documents":false},"yoast_head":"<!-- This site is optimized with the Yoast SEO plugin v27.1.1 - https:\/\/yoast.com\/product\/yoast-seo-wordpress\/ -->\n<title>La Oficina del DPD participa en la &quot;I Encuentro DPD en Red&quot; organizado per APDCAT - Fundaci\u00f3 TIC Salut i Social<\/title>\n<meta name=\"robots\" content=\"index, follow, max-snippet:-1, max-image-preview:large, max-video-preview:-1\" \/>\n<link rel=\"canonical\" href=\"https:\/\/ticsalutsocial.atoom.space\/es\/noticia\/loficina-del-dpd-participa-en-la-i-trobada-dpd-en-xarxa-organitzada-per-lapdcat\/\" \/>\n<meta property=\"og:locale\" content=\"es_ES\" \/>\n<meta property=\"og:type\" content=\"article\" \/>\n<meta property=\"og:title\" content=\"La Oficina del DPD participa en la &quot;I Encuentro DPD en Red&quot; organizado per APDCAT - Fundaci\u00f3 TIC Salut i Social\" \/>\n<meta property=\"og:description\" content=\"El pasado jueves 3 de octubre se celebr\u00f3 en el Palau de Pedralbes de Barcelona la I Encuentro DPD en Red, organizado por la APDCAT. La Oficina del DPD de la Fundaci\u00f3n TIC Salut Social tuvo una participaci\u00f3n activa en este evento. El acto se estructur\u00f3 en torno a ponencias y grupos de trabajo tem\u00e1ticos, [&hellip;]\" \/>\n<meta property=\"og:url\" content=\"https:\/\/ticsalutsocial.atoom.space\/es\/noticia\/loficina-del-dpd-participa-en-la-i-trobada-dpd-en-xarxa-organitzada-per-lapdcat\/\" \/>\n<meta property=\"og:site_name\" content=\"Fundaci\u00f3 TIC Salut i Social\" \/>\n<meta property=\"article:modified_time\" content=\"2024-10-18T12:23:36+00:00\" \/>\n<meta property=\"og:image\" content=\"https:\/\/ticsalutsocial.atoom.space\/wp-content\/uploads\/2024\/10\/Jornada-DPD-en-Xarxa-3_10_24-conclusions-scaled.jpeg\" \/>\n\t<meta property=\"og:image:width\" content=\"2560\" \/>\n\t<meta property=\"og:image:height\" content=\"1920\" \/>\n\t<meta property=\"og:image:type\" content=\"image\/jpeg\" \/>\n<meta name=\"twitter:card\" content=\"summary_large_image\" \/>\n<meta name=\"twitter:label1\" content=\"Tiempo de lectura\" \/>\n\t<meta name=\"twitter:data1\" content=\"3 minutos\" \/>\n<script type=\"application\/ld+json\" class=\"yoast-schema-graph\">{\"@context\":\"https:\/\/schema.org\",\"@graph\":[{\"@type\":\"WebPage\",\"@id\":\"https:\/\/ticsalutsocial.atoom.space\/es\/noticia\/loficina-del-dpd-participa-en-la-i-trobada-dpd-en-xarxa-organitzada-per-lapdcat\/\",\"url\":\"https:\/\/ticsalutsocial.atoom.space\/es\/noticia\/loficina-del-dpd-participa-en-la-i-trobada-dpd-en-xarxa-organitzada-per-lapdcat\/\",\"name\":\"La Oficina del DPD participa en la \\\"I Encuentro DPD en Red\\\" organizado per APDCAT - Fundaci\u00f3 TIC Salut i Social\",\"isPartOf\":{\"@id\":\"https:\/\/ticsalutsocial.atoom.space\/es\/#website\"},\"primaryImageOfPage\":{\"@id\":\"https:\/\/ticsalutsocial.atoom.space\/es\/noticia\/loficina-del-dpd-participa-en-la-i-trobada-dpd-en-xarxa-organitzada-per-lapdcat\/#primaryimage\"},\"image\":{\"@id\":\"https:\/\/ticsalutsocial.atoom.space\/es\/noticia\/loficina-del-dpd-participa-en-la-i-trobada-dpd-en-xarxa-organitzada-per-lapdcat\/#primaryimage\"},\"thumbnailUrl\":\"https:\/\/ticsalutsocial.atoom.space\/wp-content\/uploads\/2024\/10\/Jornada-DPD-en-Xarxa-3_10_24-conclusions-scaled.jpeg\",\"datePublished\":\"2024-10-09T14:01:44+00:00\",\"dateModified\":\"2024-10-18T12:23:36+00:00\",\"breadcrumb\":{\"@id\":\"https:\/\/ticsalutsocial.atoom.space\/es\/noticia\/loficina-del-dpd-participa-en-la-i-trobada-dpd-en-xarxa-organitzada-per-lapdcat\/#breadcrumb\"},\"inLanguage\":\"es\",\"potentialAction\":[{\"@type\":\"ReadAction\",\"target\":[\"https:\/\/ticsalutsocial.atoom.space\/es\/noticia\/loficina-del-dpd-participa-en-la-i-trobada-dpd-en-xarxa-organitzada-per-lapdcat\/\"]}]},{\"@type\":\"ImageObject\",\"inLanguage\":\"es\",\"@id\":\"https:\/\/ticsalutsocial.atoom.space\/es\/noticia\/loficina-del-dpd-participa-en-la-i-trobada-dpd-en-xarxa-organitzada-per-lapdcat\/#primaryimage\",\"url\":\"https:\/\/ticsalutsocial.atoom.space\/wp-content\/uploads\/2024\/10\/Jornada-DPD-en-Xarxa-3_10_24-conclusions-scaled.jpeg\",\"contentUrl\":\"https:\/\/ticsalutsocial.atoom.space\/wp-content\/uploads\/2024\/10\/Jornada-DPD-en-Xarxa-3_10_24-conclusions-scaled.jpeg\",\"width\":2560,\"height\":1920,\"caption\":\"Sessi\u00f3 del grup de treball moderat per l'oficina del DPD de la Fundaci\u00f3 TIC Salut Social\"},{\"@type\":\"BreadcrumbList\",\"@id\":\"https:\/\/ticsalutsocial.atoom.space\/es\/noticia\/loficina-del-dpd-participa-en-la-i-trobada-dpd-en-xarxa-organitzada-per-lapdcat\/#breadcrumb\",\"itemListElement\":[{\"@type\":\"ListItem\",\"position\":1,\"name\":\"Inici\",\"item\":\"https:\/\/ticsalutsocial.atoom.space\/es\/\"},{\"@type\":\"ListItem\",\"position\":2,\"name\":\"La Oficina del DPD participa en la &#8220;I Encuentro DPD en Red&#8221; organizado per APDCAT\"}]},{\"@type\":\"WebSite\",\"@id\":\"https:\/\/ticsalutsocial.atoom.space\/es\/#website\",\"url\":\"https:\/\/ticsalutsocial.atoom.space\/es\/\",\"name\":\"Fundaci\u00f3 TIC Salut i Social\",\"description\":\"\",\"potentialAction\":[{\"@type\":\"SearchAction\",\"target\":{\"@type\":\"EntryPoint\",\"urlTemplate\":\"https:\/\/ticsalutsocial.atoom.space\/es\/?s={search_term_string}\"},\"query-input\":{\"@type\":\"PropertyValueSpecification\",\"valueRequired\":true,\"valueName\":\"search_term_string\"}}],\"inLanguage\":\"es\"}]}<\/script>\n<!-- \/ Yoast SEO plugin. -->","yoast_head_json":{"title":"La Oficina del DPD participa en la \"I Encuentro DPD en Red\" organizado per APDCAT - Fundaci\u00f3 TIC Salut i Social","robots":{"index":"index","follow":"follow","max-snippet":"max-snippet:-1","max-image-preview":"max-image-preview:large","max-video-preview":"max-video-preview:-1"},"canonical":"https:\/\/ticsalutsocial.atoom.space\/es\/noticia\/loficina-del-dpd-participa-en-la-i-trobada-dpd-en-xarxa-organitzada-per-lapdcat\/","og_locale":"es_ES","og_type":"article","og_title":"La Oficina del DPD participa en la \"I Encuentro DPD en Red\" organizado per APDCAT - Fundaci\u00f3 TIC Salut i Social","og_description":"El pasado jueves 3 de octubre se celebr\u00f3 en el Palau de Pedralbes de Barcelona la I Encuentro DPD en Red, organizado por la APDCAT. La Oficina del DPD de la Fundaci\u00f3n TIC Salut Social tuvo una participaci\u00f3n activa en este evento. El acto se estructur\u00f3 en torno a ponencias y grupos de trabajo tem\u00e1ticos, [&hellip;]","og_url":"https:\/\/ticsalutsocial.atoom.space\/es\/noticia\/loficina-del-dpd-participa-en-la-i-trobada-dpd-en-xarxa-organitzada-per-lapdcat\/","og_site_name":"Fundaci\u00f3 TIC Salut i Social","article_modified_time":"2024-10-18T12:23:36+00:00","og_image":[{"width":2560,"height":1920,"url":"https:\/\/ticsalutsocial.atoom.space\/wp-content\/uploads\/2024\/10\/Jornada-DPD-en-Xarxa-3_10_24-conclusions-scaled.jpeg","type":"image\/jpeg"}],"twitter_card":"summary_large_image","twitter_misc":{"Tiempo de lectura":"3 minutos"},"schema":{"@context":"https:\/\/schema.org","@graph":[{"@type":"WebPage","@id":"https:\/\/ticsalutsocial.atoom.space\/es\/noticia\/loficina-del-dpd-participa-en-la-i-trobada-dpd-en-xarxa-organitzada-per-lapdcat\/","url":"https:\/\/ticsalutsocial.atoom.space\/es\/noticia\/loficina-del-dpd-participa-en-la-i-trobada-dpd-en-xarxa-organitzada-per-lapdcat\/","name":"La Oficina del DPD participa en la \"I Encuentro DPD en Red\" organizado per APDCAT - Fundaci\u00f3 TIC Salut i Social","isPartOf":{"@id":"https:\/\/ticsalutsocial.atoom.space\/es\/#website"},"primaryImageOfPage":{"@id":"https:\/\/ticsalutsocial.atoom.space\/es\/noticia\/loficina-del-dpd-participa-en-la-i-trobada-dpd-en-xarxa-organitzada-per-lapdcat\/#primaryimage"},"image":{"@id":"https:\/\/ticsalutsocial.atoom.space\/es\/noticia\/loficina-del-dpd-participa-en-la-i-trobada-dpd-en-xarxa-organitzada-per-lapdcat\/#primaryimage"},"thumbnailUrl":"https:\/\/ticsalutsocial.atoom.space\/wp-content\/uploads\/2024\/10\/Jornada-DPD-en-Xarxa-3_10_24-conclusions-scaled.jpeg","datePublished":"2024-10-09T14:01:44+00:00","dateModified":"2024-10-18T12:23:36+00:00","breadcrumb":{"@id":"https:\/\/ticsalutsocial.atoom.space\/es\/noticia\/loficina-del-dpd-participa-en-la-i-trobada-dpd-en-xarxa-organitzada-per-lapdcat\/#breadcrumb"},"inLanguage":"es","potentialAction":[{"@type":"ReadAction","target":["https:\/\/ticsalutsocial.atoom.space\/es\/noticia\/loficina-del-dpd-participa-en-la-i-trobada-dpd-en-xarxa-organitzada-per-lapdcat\/"]}]},{"@type":"ImageObject","inLanguage":"es","@id":"https:\/\/ticsalutsocial.atoom.space\/es\/noticia\/loficina-del-dpd-participa-en-la-i-trobada-dpd-en-xarxa-organitzada-per-lapdcat\/#primaryimage","url":"https:\/\/ticsalutsocial.atoom.space\/wp-content\/uploads\/2024\/10\/Jornada-DPD-en-Xarxa-3_10_24-conclusions-scaled.jpeg","contentUrl":"https:\/\/ticsalutsocial.atoom.space\/wp-content\/uploads\/2024\/10\/Jornada-DPD-en-Xarxa-3_10_24-conclusions-scaled.jpeg","width":2560,"height":1920,"caption":"Sessi\u00f3 del grup de treball moderat per l'oficina del DPD de la Fundaci\u00f3 TIC Salut Social"},{"@type":"BreadcrumbList","@id":"https:\/\/ticsalutsocial.atoom.space\/es\/noticia\/loficina-del-dpd-participa-en-la-i-trobada-dpd-en-xarxa-organitzada-per-lapdcat\/#breadcrumb","itemListElement":[{"@type":"ListItem","position":1,"name":"Inici","item":"https:\/\/ticsalutsocial.atoom.space\/es\/"},{"@type":"ListItem","position":2,"name":"La Oficina del DPD participa en la &#8220;I Encuentro DPD en Red&#8221; organizado per APDCAT"}]},{"@type":"WebSite","@id":"https:\/\/ticsalutsocial.atoom.space\/es\/#website","url":"https:\/\/ticsalutsocial.atoom.space\/es\/","name":"Fundaci\u00f3 TIC Salut i Social","description":"","potentialAction":[{"@type":"SearchAction","target":{"@type":"EntryPoint","urlTemplate":"https:\/\/ticsalutsocial.atoom.space\/es\/?s={search_term_string}"},"query-input":{"@type":"PropertyValueSpecification","valueRequired":true,"valueName":"search_term_string"}}],"inLanguage":"es"}]}},"_links":{"self":[{"href":"https:\/\/ticsalutsocial.atoom.space\/es\/wp-json\/wp\/v2\/noticia\/28836","targetHints":{"allow":["GET"]}}],"collection":[{"href":"https:\/\/ticsalutsocial.atoom.space\/es\/wp-json\/wp\/v2\/noticia"}],"about":[{"href":"https:\/\/ticsalutsocial.atoom.space\/es\/wp-json\/wp\/v2\/types\/noticia"}],"author":[{"embeddable":true,"href":"https:\/\/ticsalutsocial.atoom.space\/es\/wp-json\/wp\/v2\/users\/3"}],"wp:featuredmedia":[{"embeddable":true,"href":"https:\/\/ticsalutsocial.atoom.space\/es\/wp-json\/wp\/v2\/media\/28705"}],"wp:attachment":[{"href":"https:\/\/ticsalutsocial.atoom.space\/es\/wp-json\/wp\/v2\/media?parent=28836"}],"wp:term":[{"taxonomy":"etiqueta","embeddable":true,"href":"https:\/\/ticsalutsocial.atoom.space\/es\/wp-json\/wp\/v2\/etiqueta?post=28836"},{"taxonomy":"tipus","embeddable":true,"href":"https:\/\/ticsalutsocial.atoom.space\/es\/wp-json\/wp\/v2\/tipus?post=28836"},{"taxonomy":"topic","embeddable":true,"href":"https:\/\/ticsalutsocial.atoom.space\/es\/wp-json\/wp\/v2\/topic?post=28836"}],"curies":[{"name":"wp","href":"https:\/\/api.w.org\/{rel}","templated":true}]}}