
{"id":28838,"date":"2024-10-17T14:05:48","date_gmt":"2024-10-17T12:05:48","guid":{"rendered":"https:\/\/ticsalutsocial.atoom.space\/noticia\/la-radiomica-permetra-detectar-malalties-abans-que-donin-simptomes\/"},"modified":"2024-10-18T14:34:29","modified_gmt":"2024-10-18T12:34:29","slug":"la-radiomica-permetra-detectar-malalties-abans-que-donin-simptomes","status":"publish","type":"noticia","link":"https:\/\/ticsalutsocial.atoom.space\/es\/noticia\/la-radiomica-permetra-detectar-malalties-abans-que-donin-simptomes\/","title":{"rendered":"La radi\u00f3mica permitir\u00e1 detectar enfermedades antes de que presenten s\u00edntomas"},"content":{"rendered":"<p>La radi\u00f3mica \u2013an\u00e1lisis cuantitativo de las im\u00e1genes m\u00e9dicas\u2013 ya permite ofrecer diagn\u00f3sticos m\u00e1s precisos y un seguimiento m\u00e1s detallado de los pacientes, y se espera que, en un futuro cercano, posibilite la implementaci\u00f3n de tratamientos adaptados a las caracter\u00edsticas individuales de cada paciente (medicina personalizada) y ayude en la detecci\u00f3n precoz de enfermedades, hasta el punto de poder detectar algunas enfermedades antes de que presenten s\u00edntomas.<\/p>\n<p>El Hospital de Bellvitge, pionero en la implementaci\u00f3n de un programa general de radi\u00f3mica que apoyar\u00e1 hasta 44 proyectos espec\u00edficos, organiz\u00f3 ayer, 16 de octubre, la jornada <em>Proyecto radi\u00f3mica: avanzando hacia la medicina personalizada y de precisi\u00f3n<\/em>, con la presencia de destacados expertos.<\/p>\n<p>La jornada cont\u00f3 con la participaci\u00f3n de especialistas en inteligencia artificial, como el director de la Fundaci\u00f3n TIC Salut Social, Joan Guanyabens; representantes de la industria de la radi\u00f3mica, como Vicente G\u00f3mez de Terreros y Marcel Latinga, de Canon Medical Systems; expertos en transformaci\u00f3n digital e imagen m\u00e9dica, como Rafael Coronado e Ignacio Mart\u00ednez Zalaca\u00edn; el director cl\u00ednico territorial de diagn\u00f3stico por imagen del Hospital de Bellvitge, Nahum Calvo; el jefe del Servicio de Diagn\u00f3stico por Imagen del Hospital de Sant Pau, Josep Munuera; los neurorradi\u00f3logos Pablo Naval y Albert Pons Escoda; Bel\u00e9n del R\u00edo, radi\u00f3loga tor\u00e1cica, y la especialista en medicina nuclear Laura Rodr\u00edguez Bel.<\/p>\n<p>&nbsp;<\/p>\n<h3>An\u00e1lisis de im\u00e1genes p\u00edxel a p\u00edxel<\/h3>\n<p>Las im\u00e1genes m\u00e9dicas (radiograf\u00edas, resonancias magn\u00e9ticas, TAC, PET\/TAC, etc.) juegan un papel clave en el diagn\u00f3stico y tratamiento de la mayor\u00eda de las enfermedades. La interpretaci\u00f3n tradicional de estas im\u00e1genes por parte de los m\u00e9dicos ha sido puramente visual. Sin embargo, las im\u00e1genes m\u00e9dicas, al igual que las televisivas, pueden descomponerse en p\u00edxeles que se pueden medir individualmente. Este an\u00e1lisis proporciona informaci\u00f3n adicional no visible para el ojo humano, como si un tumor est\u00e1 organizado o desorganizado, lo que puede ofrecer informaci\u00f3n sobre la agresividad del tumor, la respuesta al tratamiento o el pron\u00f3stico de la enfermedad.<\/p>\n<p>Seg\u00fan el Dr. Nahum Calvo, director cl\u00ednico territorial de Diagn\u00f3stico por Imagen del Hospital Universitario de Bellvitge, \u201cla radi\u00f3mica es un nuevo paradigma en el \u00e1mbito del diagn\u00f3stico por imagen. El an\u00e1lisis bioinform\u00e1tico de un gran volumen de datos de pacientes nos permite obtener biomarcadores de imagen que, mediante algoritmos e inteligencia artificial, podr\u00e1n predecir la evoluci\u00f3n del c\u00e1ncer y otras enfermedades\u201d.<\/p>\n<p>&nbsp;<\/p>\n<h3>M\u00e1s de 40 proyectos<\/h3>\n<p>El Programa de Radi\u00f3mica del Hospital Universitario de Bellvitge, financiado con fondos europeos FEDER, ha comenzado con la definici\u00f3n de 44 proyectos, liderados por 22 especialistas cl\u00ednicos, que buscan respuestas a las preguntas planteadas por m\u00e9dicos expertos en diferentes patolog\u00edas. Estos proyectos se est\u00e1n poniendo en marcha de forma progresiva. Algunos de los que ya est\u00e1n en funcionamiento incluyen el an\u00e1lisis de procesos para valorar tumores cerebrales o la obtenci\u00f3n de biomarcadores pron\u00f3sticos de esclerosis m\u00faltiple, de tumores nasofar\u00edngeos y orofar\u00edngeos, de patolog\u00eda mamaria, de adrenoleucodistrofia, o de patolog\u00eda vascular cerebral.<\/p>\n<p>Uno de los proyectos m\u00e1s avanzados, relacionado con los biomarcadores de la esclerosis m\u00faltiple, ya ha permitido iniciar un proyecto cl\u00ednico en el que interviene la inteligencia artificial para evaluar mejor la afectaci\u00f3n neurol\u00f3gica de cada paciente y detectar cambios sutiles antes de que se traduzcan en discapacidad.<\/p>\n<p>Nahum Calvo destaca que el Programa de Radi\u00f3mica del Hospital de Bellvitge tiene un enfoque gen\u00e9rico: \u201ctiene una visi\u00f3n global, no orientada a un tipo de patolog\u00eda en concreto, sino al conjunto de todas las especialidades; es el marco que ayuda a desarrollar los proyectos concretos y acompa\u00f1a todo el proceso para que sean \u00fatiles\u201d.<\/p>\n<p>Calvo subraya adem\u00e1s la estrecha colaboraci\u00f3n con el sector industrial: \u201cHemos conformado equipos multidisciplinarios que re\u00fanen a diversos perfiles, incluidos ingenieros, f\u00edsicos y otros especialistas. Trabajamos mano a mano con empresas como Canon Medical Systems, no solo para asegurar que contamos con las plataformas tecnol\u00f3gicas m\u00e1s adecuadas para cada proyecto, sino tambi\u00e9n para colaborar directamente con los equipos de innovaci\u00f3n de la industria.\u201d<\/p>\n<p>Seg\u00fan concluye, esta relaci\u00f3n \u201cnos permite formar parte del n\u00facleo de innovaci\u00f3n tecnol\u00f3gica, movilizando los mejores recursos del hospital y co-creando con la industria proyectos que generan conocimiento\u201d.<\/p>\n","protected":false},"author":3,"featured_media":28803,"menu_order":0,"template":"","meta":{"_acf_changed":false,"inline_featured_image":false},"etiqueta":[],"tipus":[],"topic":[113],"class_list":["post-28838","noticia","type-noticia","status-publish","has-post-thumbnail","hentry","topic-transformacion-digital"],"acf":{"finalitzat":false,"tipus_plantilla":"objectius","template_objectius":{"cont_principal":"","imatge":false,"cont_seguent":{"titol":"","contingut":""},"seccio_llistat":{"titol":"","llistat":false},"objectius":{"titol":"","objectius":false},"documents":false},"autor":"","imatge":false,"textos_destacats":false,"documents":false},"yoast_head":"<!-- This site is optimized with the Yoast SEO plugin v27.1.1 - https:\/\/yoast.com\/product\/yoast-seo-wordpress\/ -->\n<title>La radi\u00f3mica permitir\u00e1 detectar enfermedades antes de que presenten s\u00edntomas - Fundaci\u00f3 TIC Salut i Social<\/title>\n<meta name=\"robots\" content=\"index, follow, max-snippet:-1, max-image-preview:large, max-video-preview:-1\" \/>\n<link rel=\"canonical\" href=\"https:\/\/ticsalutsocial.atoom.space\/es\/noticia\/la-radiomica-permetra-detectar-malalties-abans-que-donin-simptomes\/\" \/>\n<meta property=\"og:locale\" content=\"es_ES\" \/>\n<meta property=\"og:type\" content=\"article\" \/>\n<meta property=\"og:title\" content=\"La radi\u00f3mica permitir\u00e1 detectar enfermedades antes de que presenten s\u00edntomas - Fundaci\u00f3 TIC Salut i Social\" \/>\n<meta property=\"og:description\" content=\"La radi\u00f3mica \u2013an\u00e1lisis cuantitativo de las im\u00e1genes m\u00e9dicas\u2013 ya permite ofrecer diagn\u00f3sticos m\u00e1s precisos y un seguimiento m\u00e1s detallado de los pacientes, y se espera que, en un futuro cercano, posibilite la implementaci\u00f3n de tratamientos adaptados a las caracter\u00edsticas individuales de cada paciente (medicina personalizada) y ayude en la detecci\u00f3n precoz de enfermedades, hasta el [&hellip;]\" \/>\n<meta property=\"og:url\" content=\"https:\/\/ticsalutsocial.atoom.space\/es\/noticia\/la-radiomica-permetra-detectar-malalties-abans-que-donin-simptomes\/\" \/>\n<meta property=\"og:site_name\" content=\"Fundaci\u00f3 TIC Salut i Social\" \/>\n<meta property=\"article:modified_time\" content=\"2024-10-18T12:34:29+00:00\" \/>\n<meta property=\"og:image\" content=\"https:\/\/ticsalutsocial.atoom.space\/wp-content\/uploads\/2024\/10\/Sin-titulo-1-3.png\" \/>\n\t<meta property=\"og:image:width\" content=\"1290\" \/>\n\t<meta property=\"og:image:height\" content=\"960\" \/>\n\t<meta property=\"og:image:type\" content=\"image\/png\" \/>\n<meta name=\"twitter:card\" content=\"summary_large_image\" \/>\n<meta name=\"twitter:label1\" content=\"Tiempo de lectura\" \/>\n\t<meta name=\"twitter:data1\" content=\"4 minutos\" \/>\n<script type=\"application\/ld+json\" class=\"yoast-schema-graph\">{\"@context\":\"https:\/\/schema.org\",\"@graph\":[{\"@type\":\"WebPage\",\"@id\":\"https:\/\/ticsalutsocial.atoom.space\/es\/noticia\/la-radiomica-permetra-detectar-malalties-abans-que-donin-simptomes\/\",\"url\":\"https:\/\/ticsalutsocial.atoom.space\/es\/noticia\/la-radiomica-permetra-detectar-malalties-abans-que-donin-simptomes\/\",\"name\":\"La radi\u00f3mica permitir\u00e1 detectar enfermedades antes de que presenten s\u00edntomas - Fundaci\u00f3 TIC Salut i Social\",\"isPartOf\":{\"@id\":\"https:\/\/ticsalutsocial.atoom.space\/es\/#website\"},\"primaryImageOfPage\":{\"@id\":\"https:\/\/ticsalutsocial.atoom.space\/es\/noticia\/la-radiomica-permetra-detectar-malalties-abans-que-donin-simptomes\/#primaryimage\"},\"image\":{\"@id\":\"https:\/\/ticsalutsocial.atoom.space\/es\/noticia\/la-radiomica-permetra-detectar-malalties-abans-que-donin-simptomes\/#primaryimage\"},\"thumbnailUrl\":\"https:\/\/ticsalutsocial.atoom.space\/wp-content\/uploads\/2024\/10\/Sin-titulo-1-3.png\",\"datePublished\":\"2024-10-17T12:05:48+00:00\",\"dateModified\":\"2024-10-18T12:34:29+00:00\",\"breadcrumb\":{\"@id\":\"https:\/\/ticsalutsocial.atoom.space\/es\/noticia\/la-radiomica-permetra-detectar-malalties-abans-que-donin-simptomes\/#breadcrumb\"},\"inLanguage\":\"es\",\"potentialAction\":[{\"@type\":\"ReadAction\",\"target\":[\"https:\/\/ticsalutsocial.atoom.space\/es\/noticia\/la-radiomica-permetra-detectar-malalties-abans-que-donin-simptomes\/\"]}]},{\"@type\":\"ImageObject\",\"inLanguage\":\"es\",\"@id\":\"https:\/\/ticsalutsocial.atoom.space\/es\/noticia\/la-radiomica-permetra-detectar-malalties-abans-que-donin-simptomes\/#primaryimage\",\"url\":\"https:\/\/ticsalutsocial.atoom.space\/wp-content\/uploads\/2024\/10\/Sin-titulo-1-3.png\",\"contentUrl\":\"https:\/\/ticsalutsocial.atoom.space\/wp-content\/uploads\/2024\/10\/Sin-titulo-1-3.png\",\"width\":1290,\"height\":960},{\"@type\":\"BreadcrumbList\",\"@id\":\"https:\/\/ticsalutsocial.atoom.space\/es\/noticia\/la-radiomica-permetra-detectar-malalties-abans-que-donin-simptomes\/#breadcrumb\",\"itemListElement\":[{\"@type\":\"ListItem\",\"position\":1,\"name\":\"Inici\",\"item\":\"https:\/\/ticsalutsocial.atoom.space\/es\/\"},{\"@type\":\"ListItem\",\"position\":2,\"name\":\"La radi\u00f3mica permitir\u00e1 detectar enfermedades antes de que presenten s\u00edntomas\"}]},{\"@type\":\"WebSite\",\"@id\":\"https:\/\/ticsalutsocial.atoom.space\/es\/#website\",\"url\":\"https:\/\/ticsalutsocial.atoom.space\/es\/\",\"name\":\"Fundaci\u00f3 TIC Salut i Social\",\"description\":\"\",\"potentialAction\":[{\"@type\":\"SearchAction\",\"target\":{\"@type\":\"EntryPoint\",\"urlTemplate\":\"https:\/\/ticsalutsocial.atoom.space\/es\/?s={search_term_string}\"},\"query-input\":{\"@type\":\"PropertyValueSpecification\",\"valueRequired\":true,\"valueName\":\"search_term_string\"}}],\"inLanguage\":\"es\"}]}<\/script>\n<!-- \/ Yoast SEO plugin. -->","yoast_head_json":{"title":"La radi\u00f3mica permitir\u00e1 detectar enfermedades antes de que presenten s\u00edntomas - Fundaci\u00f3 TIC Salut i Social","robots":{"index":"index","follow":"follow","max-snippet":"max-snippet:-1","max-image-preview":"max-image-preview:large","max-video-preview":"max-video-preview:-1"},"canonical":"https:\/\/ticsalutsocial.atoom.space\/es\/noticia\/la-radiomica-permetra-detectar-malalties-abans-que-donin-simptomes\/","og_locale":"es_ES","og_type":"article","og_title":"La radi\u00f3mica permitir\u00e1 detectar enfermedades antes de que presenten s\u00edntomas - Fundaci\u00f3 TIC Salut i Social","og_description":"La radi\u00f3mica \u2013an\u00e1lisis cuantitativo de las im\u00e1genes m\u00e9dicas\u2013 ya permite ofrecer diagn\u00f3sticos m\u00e1s precisos y un seguimiento m\u00e1s detallado de los pacientes, y se espera que, en un futuro cercano, posibilite la implementaci\u00f3n de tratamientos adaptados a las caracter\u00edsticas individuales de cada paciente (medicina personalizada) y ayude en la detecci\u00f3n precoz de enfermedades, hasta el [&hellip;]","og_url":"https:\/\/ticsalutsocial.atoom.space\/es\/noticia\/la-radiomica-permetra-detectar-malalties-abans-que-donin-simptomes\/","og_site_name":"Fundaci\u00f3 TIC Salut i Social","article_modified_time":"2024-10-18T12:34:29+00:00","og_image":[{"width":1290,"height":960,"url":"https:\/\/ticsalutsocial.atoom.space\/wp-content\/uploads\/2024\/10\/Sin-titulo-1-3.png","type":"image\/png"}],"twitter_card":"summary_large_image","twitter_misc":{"Tiempo de lectura":"4 minutos"},"schema":{"@context":"https:\/\/schema.org","@graph":[{"@type":"WebPage","@id":"https:\/\/ticsalutsocial.atoom.space\/es\/noticia\/la-radiomica-permetra-detectar-malalties-abans-que-donin-simptomes\/","url":"https:\/\/ticsalutsocial.atoom.space\/es\/noticia\/la-radiomica-permetra-detectar-malalties-abans-que-donin-simptomes\/","name":"La radi\u00f3mica permitir\u00e1 detectar enfermedades antes de que presenten s\u00edntomas - Fundaci\u00f3 TIC Salut i Social","isPartOf":{"@id":"https:\/\/ticsalutsocial.atoom.space\/es\/#website"},"primaryImageOfPage":{"@id":"https:\/\/ticsalutsocial.atoom.space\/es\/noticia\/la-radiomica-permetra-detectar-malalties-abans-que-donin-simptomes\/#primaryimage"},"image":{"@id":"https:\/\/ticsalutsocial.atoom.space\/es\/noticia\/la-radiomica-permetra-detectar-malalties-abans-que-donin-simptomes\/#primaryimage"},"thumbnailUrl":"https:\/\/ticsalutsocial.atoom.space\/wp-content\/uploads\/2024\/10\/Sin-titulo-1-3.png","datePublished":"2024-10-17T12:05:48+00:00","dateModified":"2024-10-18T12:34:29+00:00","breadcrumb":{"@id":"https:\/\/ticsalutsocial.atoom.space\/es\/noticia\/la-radiomica-permetra-detectar-malalties-abans-que-donin-simptomes\/#breadcrumb"},"inLanguage":"es","potentialAction":[{"@type":"ReadAction","target":["https:\/\/ticsalutsocial.atoom.space\/es\/noticia\/la-radiomica-permetra-detectar-malalties-abans-que-donin-simptomes\/"]}]},{"@type":"ImageObject","inLanguage":"es","@id":"https:\/\/ticsalutsocial.atoom.space\/es\/noticia\/la-radiomica-permetra-detectar-malalties-abans-que-donin-simptomes\/#primaryimage","url":"https:\/\/ticsalutsocial.atoom.space\/wp-content\/uploads\/2024\/10\/Sin-titulo-1-3.png","contentUrl":"https:\/\/ticsalutsocial.atoom.space\/wp-content\/uploads\/2024\/10\/Sin-titulo-1-3.png","width":1290,"height":960},{"@type":"BreadcrumbList","@id":"https:\/\/ticsalutsocial.atoom.space\/es\/noticia\/la-radiomica-permetra-detectar-malalties-abans-que-donin-simptomes\/#breadcrumb","itemListElement":[{"@type":"ListItem","position":1,"name":"Inici","item":"https:\/\/ticsalutsocial.atoom.space\/es\/"},{"@type":"ListItem","position":2,"name":"La radi\u00f3mica permitir\u00e1 detectar enfermedades antes de que presenten s\u00edntomas"}]},{"@type":"WebSite","@id":"https:\/\/ticsalutsocial.atoom.space\/es\/#website","url":"https:\/\/ticsalutsocial.atoom.space\/es\/","name":"Fundaci\u00f3 TIC Salut i Social","description":"","potentialAction":[{"@type":"SearchAction","target":{"@type":"EntryPoint","urlTemplate":"https:\/\/ticsalutsocial.atoom.space\/es\/?s={search_term_string}"},"query-input":{"@type":"PropertyValueSpecification","valueRequired":true,"valueName":"search_term_string"}}],"inLanguage":"es"}]}},"_links":{"self":[{"href":"https:\/\/ticsalutsocial.atoom.space\/es\/wp-json\/wp\/v2\/noticia\/28838","targetHints":{"allow":["GET"]}}],"collection":[{"href":"https:\/\/ticsalutsocial.atoom.space\/es\/wp-json\/wp\/v2\/noticia"}],"about":[{"href":"https:\/\/ticsalutsocial.atoom.space\/es\/wp-json\/wp\/v2\/types\/noticia"}],"author":[{"embeddable":true,"href":"https:\/\/ticsalutsocial.atoom.space\/es\/wp-json\/wp\/v2\/users\/3"}],"wp:featuredmedia":[{"embeddable":true,"href":"https:\/\/ticsalutsocial.atoom.space\/es\/wp-json\/wp\/v2\/media\/28803"}],"wp:attachment":[{"href":"https:\/\/ticsalutsocial.atoom.space\/es\/wp-json\/wp\/v2\/media?parent=28838"}],"wp:term":[{"taxonomy":"etiqueta","embeddable":true,"href":"https:\/\/ticsalutsocial.atoom.space\/es\/wp-json\/wp\/v2\/etiqueta?post=28838"},{"taxonomy":"tipus","embeddable":true,"href":"https:\/\/ticsalutsocial.atoom.space\/es\/wp-json\/wp\/v2\/tipus?post=28838"},{"taxonomy":"topic","embeddable":true,"href":"https:\/\/ticsalutsocial.atoom.space\/es\/wp-json\/wp\/v2\/topic?post=28838"}],"curies":[{"name":"wp","href":"https:\/\/api.w.org\/{rel}","templated":true}]}}