
{"id":28851,"date":"2024-10-21T11:36:06","date_gmt":"2024-10-21T09:36:06","guid":{"rendered":"https:\/\/ticsalutsocial.atoom.space\/noticia\/conclou-el-projecte-europeu-que-ha-contribuit-en-lestrategia-per-millorar-les-competencies-digitals-dels-professionals-de-la-salut-a-catalunya-i-estonia\/"},"modified":"2024-10-21T16:20:30","modified_gmt":"2024-10-21T14:20:30","slug":"conclou-el-projecte-europeu-que-ha-contribuit-en-lestrategia-per-millorar-les-competencies-digitals-dels-professionals-de-la-salut-a-catalunya-i-estonia","status":"publish","type":"noticia","link":"https:\/\/ticsalutsocial.atoom.space\/es\/noticia\/conclou-el-projecte-europeu-que-ha-contribuit-en-lestrategia-per-millorar-les-competencies-digitals-dels-professionals-de-la-salut-a-catalunya-i-estonia\/","title":{"rendered":"Concluye el proyecto europeo que ha contribuido a la estrategia para mejorar las competencias digitales de los profesionales de la salud en Catalu\u00f1a y Estonia"},"content":{"rendered":"\n<p>El equipo del \u00c1rea de Competencias Digitales de la Fundaci\u00f3n TIC Salut Social ha concluido con \u00e9xito el proyecto &#8216;<em>Improving Digital Competences of the Health Workforce in Catalonia and Estonia\u2019\u00a0<\/em> (mejora de las competencias digitales de los profesionales de la salud en Catalu\u00f1a y Estonia ). Entre los diferentes logros alcanzados en Catalu\u00f1a, <strong>el proyecto ha permitido mejorar el mapa de competencias digitales definido en 2021, elaborar contenidos formativos para 9 de las 11 competencias digitales identificadas, y crear una propuesta de plan estrat\u00e9gico de capacitaci\u00f3n de profesionales sanitarios, as\u00ed como el conjunto de criterios para su implementaci\u00f3n<\/strong>.<\/p>\n\n\n\n<p>El proyecto ha recibido financiaci\u00f3n del instrumento de soporte t\u00e9cnico europeo de la Direcci\u00f3n General de Apoyo a la Reforma Estructural (DG REFORM) de la Comisi\u00f3n Europea durante dos a\u00f1os conjuntamente con Estonia, por la similitud de necesidades en el mismo \u00e1mbito. Aparte de la Fundaci\u00f3n TIC Salut Social y el Ministerio de Asuntos Sociales de Estonia como beneficiarios, el proyecto se ha coordinado desde NTT DATA con la colaboraci\u00f3n de Universitat Oberta de Catalunya (UOC) y la Tallin University of Technology.<\/p>\n\n\n\n<p>Para la responsable de Formaci\u00f3n Digital de la Fundaci\u00f3n TIC Salut Social, <strong>Elisenda Reixach<\/strong>, <strong>\u201cla experiencia de compartir buenas pr\u00e1cticas con Estonia y conocer su visi\u00f3n y enfoque para abordar las competencias digitales de los profesionales de la salud ha sido muy positiva, ya que nos ha permitido a todas las partes aprender y crear sinergias en ese \u00e1mbito\u201d<\/strong>.<\/p>\n\n\n\n<h2 class=\"wp-block-heading\"><strong>Principales resultados en Catalu\u00f1a<\/strong><\/h2>\n\n\n\n<p>El instrumento de apoyo europeo se ha centrado en <strong>definir y dise\u00f1ar la estrategia y el futuro modelo de capacitaci\u00f3n en competencias digitales para los profesionales sanitarios<\/strong>. Uno de los principales resultados en Catalu\u00f1a ha sido la actualizaci\u00f3n del Mapa de competencias digitales espec\u00edfico para profesionales de profesiones sanitarias, que incluye un total de 11 competencias digitales espec\u00edficas para profesionales de la salud, estructuradas en cuatro \u00e1reas: gesti\u00f3n y an\u00e1lisis, comunicaci\u00f3n y colaboraci\u00f3n, conciencia digital y desarrollo profesional.<\/p>\n\n\n\n<p>Con la identificaci\u00f3n de cada una de las competencias y sus indicadores correspondientes, los participantes del proyecto han elaborado tambi\u00e9n una <strong>propuesta de modelo de formaci\u00f3n orientada al aprendizaje basado en retos y experiencias<\/strong>, mediante la resoluci\u00f3n de problemas y la toma de decisiones. Esto ha sido posible gracias a la estrecha colaboraci\u00f3n de autores expertos y validadores del \u00e1mbito de la salud, que han podido elaborar los contenidos de 9 competencias.<\/p>\n\n\n\n<p>Para comprobar el valor de los contenidos formativos elaborados, el pasado mes de junio, el proyecto realiz\u00f3 una <strong>prueba piloto de formaci\u00f3n <\/strong>de los materiales de la competencia de \u00c9tica, civismo y bienestar digital. En el piloto participaron 13 profesionales sanitarios principalmente de la red Xiscat y 6 gestores de formaci\u00f3n. Como resultado, <strong>los profesionales sanitarios evaluaron el curso de forma satisfactoria y recogieron comentarios de mejora de los contenidos<\/strong>.<\/p>\n\n\n\n<p>La estrategia que se ha seguido a lo largo de este proyecto est\u00e1 basada tambi\u00e9n en los siguientes estudios y art\u00edculos cient\u00edficos: el <a href=\"https:\/\/ticsalutsocial.atoom.space\/wp-content\/uploads\/2023\/03\/COMPDIG_Competencies-digitals.pdf\" target=\"_blank\" rel=\"noreferrer noopener\">Estudio exploratorio del nivel de competencias digitales de los profesionales de salud<\/a>, el <a href=\"https:\/\/ticsalutsocial.atoom.space\/wp-content\/uploads\/2023\/03\/COMPDIG_PilotModelAvaluacio.pdf\" target=\"_blank\" rel=\"noreferrer noopener\">Pilotaje del Modelo de Evaluaci\u00f3n de Competencias Digitales en Salud<\/a>, y los art\u00edculos &#8216;<a href=\"https:\/\/www.jmir.org\/2022\/11\/e38347\/metrics\" target=\"_blank\" rel=\"noreferrer noopener\">Measuring the Digital Skills of Catalan Health Care Professionals as a Key Step Toward en Strategic Training Plan: Digital Competence Test Validation Study<\/a>&#8216;\u00a0y &#8216;<a href=\"https:\/\/mededu.jmir.org\/2024\/1\/e53462\" target=\"_blank\" rel=\"noreferrer noopener\">Design, Implementation, and Analysis of an Assessment and Acreditation Model to Evaluate a Digital Competence Framework for Health Professionals: Mixed Methods Study<\/a>&#8216; publicados en la revista cient\u00edfica <em>JMIR<\/em>.<\/p>\n\n\n\n<h2 class=\"wp-block-heading\"><strong>Plan estrat\u00e9gico de capacitaci\u00f3n de profesionales sanitarios<\/strong><\/h2>\n\n\n\n<p>Los estudios y resultados del proyecto han permitido a Catalu\u00f1a dise\u00f1ar una propuesta de plan estrat\u00e9gico de capacitaci\u00f3n de profesionales sanitarios, definiendo el conjunto de criterios para implementarlo, monitorizarlo y evaluarlo.<\/p>\n\n\n\n<p>Con la finalizaci\u00f3n del instrumento de apoyo europeo no termina el proyecto, ya que ser\u00e1 necesario desplegar el plan estrat\u00e9gico y realizar un amplio abanico de actividades para que los profesionales sanitarios puedan beneficiarse de la formaci\u00f3n y mejorar sus competencias digitales. En este plan estrat\u00e9gico estar\u00e1n implicados la Fundaci\u00f3n TIC Salut Social, el Departamento de Salud y el Servei Catal\u00e0 de la Salut, que seguir\u00e1n trabajando en el marco del proyecto <strong>COMPDIG-Salut<\/strong>, creado en 2020 para dar respuesta al planteamiento del <a href=\"https:\/\/salutweb.gencat.cat\/ca\/departament\/projectes\/forum-dialeg-professional\/grups-treball\/d\/\" target=\"_blank\" rel=\"noreferrer noopener\">reto 4 del Foro de Di\u00e1logo Profesional<\/a>, que propon\u00eda mejorar las competencias digitales de los profesionales sanitarios.<\/p>\n\n\n<div class=\"wp-block-image\">\n<figure class=\"alignleft size-full is-resized\"><img loading=\"lazy\" decoding=\"async\" width=\"510\" height=\"340\" src=\"https:\/\/ticsalutsocial.atoom.space\/wp-content\/uploads\/2023\/01\/Flag_of_Europe.svg.png\" alt=\"\" class=\"wp-image-15449\" style=\"width:155px;height:auto\" srcset=\"https:\/\/ticsalutsocial.atoom.space\/wp-content\/uploads\/2023\/01\/Flag_of_Europe.svg.png 510w, https:\/\/ticsalutsocial.atoom.space\/wp-content\/uploads\/2023\/01\/Flag_of_Europe.svg-300x200.png 300w\" sizes=\"auto, (max-width: 510px) 100vw, 510px\" \/><\/figure>\n<\/div>\n\n\n<p>La Direcci\u00f3n General de Apoyo a la Reforma Estructural (DG REFORM) de la Comisi\u00f3n Europea tiene como misi\u00f3n proporcionar apoyo para la preparaci\u00f3n e implementaci\u00f3n de reformas administrativas y estructurales que fomenten el crecimiento en Europa, mediante la movilizaci\u00f3n de fondos y conocimientos t\u00e9cnicos de la Uni\u00f3n Europea.<\/p>\n\n\n\n<p><\/p>\n","protected":false},"author":12,"featured_media":28847,"menu_order":0,"template":"","meta":{"_acf_changed":true,"inline_featured_image":false},"etiqueta":[],"tipus":[],"topic":[],"class_list":["post-28851","noticia","type-noticia","status-publish","has-post-thumbnail","hentry"],"acf":{"finalitzat":false,"tipus_plantilla":"objectius","template_objectius":{"cont_principal":"","imatge":false,"cont_seguent":{"titol":"","contingut":""},"seccio_llistat":{"titol":"","llistat":false},"objectius":{"titol":"","objectius":false},"documents":false},"autor":"","imatge":28850,"textos_destacats":[{"texte":"En Catalu\u00f1a, el instrumento de soporte t\u00e9cnico europeo ha permitido definir y dise\u00f1ar la estrategia y el futuro modelo de capacitaci\u00f3n en competencias digitales para los profesionales sanitarios."}],"documents":false},"yoast_head":"<!-- This site is optimized with the Yoast SEO plugin v27.1.1 - https:\/\/yoast.com\/product\/yoast-seo-wordpress\/ -->\n<title>Concluye el proyecto europeo que ha contribuido a la estrategia para mejorar las competencias digitales de los profesionales de la salud en Catalu\u00f1a y Estonia - Fundaci\u00f3 TIC Salut i Social<\/title>\n<meta name=\"description\" content=\"A Catalunya, l&#039;instrument de suport t\u00e8cnic europeu ha perm\u00e8s definir i dissenyar l\u2019estrat\u00e8gia i el futur model de capacitaci\u00f3 en compet\u00e8ncies digitals per als professionals sanitaris.\" \/>\n<meta name=\"robots\" content=\"index, follow, max-snippet:-1, max-image-preview:large, max-video-preview:-1\" \/>\n<link rel=\"canonical\" href=\"https:\/\/ticsalutsocial.atoom.space\/es\/noticia\/conclou-el-projecte-europeu-que-ha-contribuit-en-lestrategia-per-millorar-les-competencies-digitals-dels-professionals-de-la-salut-a-catalunya-i-estonia\/\" \/>\n<meta property=\"og:locale\" content=\"es_ES\" \/>\n<meta property=\"og:type\" content=\"article\" \/>\n<meta property=\"og:title\" content=\"Concluye el proyecto europeo que ha contribuido a la estrategia para mejorar las competencias digitales de los profesionales de la salud en Catalu\u00f1a y Estonia - Fundaci\u00f3 TIC Salut i Social\" \/>\n<meta property=\"og:description\" content=\"A Catalunya, l&#039;instrument de suport t\u00e8cnic europeu ha perm\u00e8s definir i dissenyar l\u2019estrat\u00e8gia i el futur model de capacitaci\u00f3 en compet\u00e8ncies digitals per als professionals sanitaris.\" \/>\n<meta property=\"og:url\" content=\"https:\/\/ticsalutsocial.atoom.space\/es\/noticia\/conclou-el-projecte-europeu-que-ha-contribuit-en-lestrategia-per-millorar-les-competencies-digitals-dels-professionals-de-la-salut-a-catalunya-i-estonia\/\" \/>\n<meta property=\"og:site_name\" content=\"Fundaci\u00f3 TIC Salut i Social\" \/>\n<meta property=\"article:modified_time\" content=\"2024-10-21T14:20:30+00:00\" \/>\n<meta property=\"og:image\" content=\"https:\/\/ticsalutsocial.atoom.space\/wp-content\/uploads\/2024\/10\/Ultima-reunio-del-projecte-europeu-de-competencies-digitals-amb-estonia.jpg\" \/>\n\t<meta property=\"og:image:width\" content=\"1280\" \/>\n\t<meta property=\"og:image:height\" content=\"960\" \/>\n\t<meta property=\"og:image:type\" content=\"image\/jpeg\" \/>\n<meta name=\"twitter:card\" content=\"summary_large_image\" \/>\n<meta name=\"twitter:label1\" content=\"Tiempo de lectura\" \/>\n\t<meta name=\"twitter:data1\" content=\"5 minutos\" \/>\n<script type=\"application\/ld+json\" class=\"yoast-schema-graph\">{\"@context\":\"https:\/\/schema.org\",\"@graph\":[{\"@type\":\"WebPage\",\"@id\":\"https:\/\/ticsalutsocial.atoom.space\/es\/noticia\/conclou-el-projecte-europeu-que-ha-contribuit-en-lestrategia-per-millorar-les-competencies-digitals-dels-professionals-de-la-salut-a-catalunya-i-estonia\/\",\"url\":\"https:\/\/ticsalutsocial.atoom.space\/es\/noticia\/conclou-el-projecte-europeu-que-ha-contribuit-en-lestrategia-per-millorar-les-competencies-digitals-dels-professionals-de-la-salut-a-catalunya-i-estonia\/\",\"name\":\"Concluye el proyecto europeo que ha contribuido a la estrategia para mejorar las competencias digitales de los profesionales de la salud en Catalu\u00f1a y Estonia - Fundaci\u00f3 TIC Salut i Social\",\"isPartOf\":{\"@id\":\"https:\/\/ticsalutsocial.atoom.space\/es\/#website\"},\"primaryImageOfPage\":{\"@id\":\"https:\/\/ticsalutsocial.atoom.space\/es\/noticia\/conclou-el-projecte-europeu-que-ha-contribuit-en-lestrategia-per-millorar-les-competencies-digitals-dels-professionals-de-la-salut-a-catalunya-i-estonia\/#primaryimage\"},\"image\":{\"@id\":\"https:\/\/ticsalutsocial.atoom.space\/es\/noticia\/conclou-el-projecte-europeu-que-ha-contribuit-en-lestrategia-per-millorar-les-competencies-digitals-dels-professionals-de-la-salut-a-catalunya-i-estonia\/#primaryimage\"},\"thumbnailUrl\":\"https:\/\/ticsalutsocial.atoom.space\/wp-content\/uploads\/2024\/10\/Ultima-reunio-del-projecte-europeu-de-competencies-digitals-amb-estonia.jpg\",\"datePublished\":\"2024-10-21T09:36:06+00:00\",\"dateModified\":\"2024-10-21T14:20:30+00:00\",\"description\":\"A Catalunya, l'instrument de suport t\u00e8cnic europeu ha perm\u00e8s definir i dissenyar l\u2019estrat\u00e8gia i el futur model de capacitaci\u00f3 en compet\u00e8ncies digitals per als professionals sanitaris.\",\"breadcrumb\":{\"@id\":\"https:\/\/ticsalutsocial.atoom.space\/es\/noticia\/conclou-el-projecte-europeu-que-ha-contribuit-en-lestrategia-per-millorar-les-competencies-digitals-dels-professionals-de-la-salut-a-catalunya-i-estonia\/#breadcrumb\"},\"inLanguage\":\"es\",\"potentialAction\":[{\"@type\":\"ReadAction\",\"target\":[\"https:\/\/ticsalutsocial.atoom.space\/es\/noticia\/conclou-el-projecte-europeu-que-ha-contribuit-en-lestrategia-per-millorar-les-competencies-digitals-dels-professionals-de-la-salut-a-catalunya-i-estonia\/\"]}]},{\"@type\":\"ImageObject\",\"inLanguage\":\"es\",\"@id\":\"https:\/\/ticsalutsocial.atoom.space\/es\/noticia\/conclou-el-projecte-europeu-que-ha-contribuit-en-lestrategia-per-millorar-les-competencies-digitals-dels-professionals-de-la-salut-a-catalunya-i-estonia\/#primaryimage\",\"url\":\"https:\/\/ticsalutsocial.atoom.space\/wp-content\/uploads\/2024\/10\/Ultima-reunio-del-projecte-europeu-de-competencies-digitals-amb-estonia.jpg\",\"contentUrl\":\"https:\/\/ticsalutsocial.atoom.space\/wp-content\/uploads\/2024\/10\/Ultima-reunio-del-projecte-europeu-de-competencies-digitals-amb-estonia.jpg\",\"width\":1280,\"height\":960,\"caption\":\"U\u0301ltima reunio\u0301 del projecte europeu de compete\u0300ncies digitals amb esto\u0300nia\"},{\"@type\":\"BreadcrumbList\",\"@id\":\"https:\/\/ticsalutsocial.atoom.space\/es\/noticia\/conclou-el-projecte-europeu-que-ha-contribuit-en-lestrategia-per-millorar-les-competencies-digitals-dels-professionals-de-la-salut-a-catalunya-i-estonia\/#breadcrumb\",\"itemListElement\":[{\"@type\":\"ListItem\",\"position\":1,\"name\":\"Inici\",\"item\":\"https:\/\/ticsalutsocial.atoom.space\/es\/\"},{\"@type\":\"ListItem\",\"position\":2,\"name\":\"Concluye el proyecto europeo que ha contribuido a la estrategia para mejorar las competencias digitales de los profesionales de la salud en Catalu\u00f1a y Estonia\"}]},{\"@type\":\"WebSite\",\"@id\":\"https:\/\/ticsalutsocial.atoom.space\/es\/#website\",\"url\":\"https:\/\/ticsalutsocial.atoom.space\/es\/\",\"name\":\"Fundaci\u00f3 TIC Salut i Social\",\"description\":\"\",\"potentialAction\":[{\"@type\":\"SearchAction\",\"target\":{\"@type\":\"EntryPoint\",\"urlTemplate\":\"https:\/\/ticsalutsocial.atoom.space\/es\/?s={search_term_string}\"},\"query-input\":{\"@type\":\"PropertyValueSpecification\",\"valueRequired\":true,\"valueName\":\"search_term_string\"}}],\"inLanguage\":\"es\"}]}<\/script>\n<!-- \/ Yoast SEO plugin. -->","yoast_head_json":{"title":"Concluye el proyecto europeo que ha contribuido a la estrategia para mejorar las competencias digitales de los profesionales de la salud en Catalu\u00f1a y Estonia - Fundaci\u00f3 TIC Salut i Social","description":"A Catalunya, l'instrument de suport t\u00e8cnic europeu ha perm\u00e8s definir i dissenyar l\u2019estrat\u00e8gia i el futur model de capacitaci\u00f3 en compet\u00e8ncies digitals per als professionals sanitaris.","robots":{"index":"index","follow":"follow","max-snippet":"max-snippet:-1","max-image-preview":"max-image-preview:large","max-video-preview":"max-video-preview:-1"},"canonical":"https:\/\/ticsalutsocial.atoom.space\/es\/noticia\/conclou-el-projecte-europeu-que-ha-contribuit-en-lestrategia-per-millorar-les-competencies-digitals-dels-professionals-de-la-salut-a-catalunya-i-estonia\/","og_locale":"es_ES","og_type":"article","og_title":"Concluye el proyecto europeo que ha contribuido a la estrategia para mejorar las competencias digitales de los profesionales de la salud en Catalu\u00f1a y Estonia - Fundaci\u00f3 TIC Salut i Social","og_description":"A Catalunya, l'instrument de suport t\u00e8cnic europeu ha perm\u00e8s definir i dissenyar l\u2019estrat\u00e8gia i el futur model de capacitaci\u00f3 en compet\u00e8ncies digitals per als professionals sanitaris.","og_url":"https:\/\/ticsalutsocial.atoom.space\/es\/noticia\/conclou-el-projecte-europeu-que-ha-contribuit-en-lestrategia-per-millorar-les-competencies-digitals-dels-professionals-de-la-salut-a-catalunya-i-estonia\/","og_site_name":"Fundaci\u00f3 TIC Salut i Social","article_modified_time":"2024-10-21T14:20:30+00:00","og_image":[{"width":1280,"height":960,"url":"https:\/\/ticsalutsocial.atoom.space\/wp-content\/uploads\/2024\/10\/Ultima-reunio-del-projecte-europeu-de-competencies-digitals-amb-estonia.jpg","type":"image\/jpeg"}],"twitter_card":"summary_large_image","twitter_misc":{"Tiempo de lectura":"5 minutos"},"schema":{"@context":"https:\/\/schema.org","@graph":[{"@type":"WebPage","@id":"https:\/\/ticsalutsocial.atoom.space\/es\/noticia\/conclou-el-projecte-europeu-que-ha-contribuit-en-lestrategia-per-millorar-les-competencies-digitals-dels-professionals-de-la-salut-a-catalunya-i-estonia\/","url":"https:\/\/ticsalutsocial.atoom.space\/es\/noticia\/conclou-el-projecte-europeu-que-ha-contribuit-en-lestrategia-per-millorar-les-competencies-digitals-dels-professionals-de-la-salut-a-catalunya-i-estonia\/","name":"Concluye el proyecto europeo que ha contribuido a la estrategia para mejorar las competencias digitales de los profesionales de la salud en Catalu\u00f1a y Estonia - Fundaci\u00f3 TIC Salut i Social","isPartOf":{"@id":"https:\/\/ticsalutsocial.atoom.space\/es\/#website"},"primaryImageOfPage":{"@id":"https:\/\/ticsalutsocial.atoom.space\/es\/noticia\/conclou-el-projecte-europeu-que-ha-contribuit-en-lestrategia-per-millorar-les-competencies-digitals-dels-professionals-de-la-salut-a-catalunya-i-estonia\/#primaryimage"},"image":{"@id":"https:\/\/ticsalutsocial.atoom.space\/es\/noticia\/conclou-el-projecte-europeu-que-ha-contribuit-en-lestrategia-per-millorar-les-competencies-digitals-dels-professionals-de-la-salut-a-catalunya-i-estonia\/#primaryimage"},"thumbnailUrl":"https:\/\/ticsalutsocial.atoom.space\/wp-content\/uploads\/2024\/10\/Ultima-reunio-del-projecte-europeu-de-competencies-digitals-amb-estonia.jpg","datePublished":"2024-10-21T09:36:06+00:00","dateModified":"2024-10-21T14:20:30+00:00","description":"A Catalunya, l'instrument de suport t\u00e8cnic europeu ha perm\u00e8s definir i dissenyar l\u2019estrat\u00e8gia i el futur model de capacitaci\u00f3 en compet\u00e8ncies digitals per als professionals sanitaris.","breadcrumb":{"@id":"https:\/\/ticsalutsocial.atoom.space\/es\/noticia\/conclou-el-projecte-europeu-que-ha-contribuit-en-lestrategia-per-millorar-les-competencies-digitals-dels-professionals-de-la-salut-a-catalunya-i-estonia\/#breadcrumb"},"inLanguage":"es","potentialAction":[{"@type":"ReadAction","target":["https:\/\/ticsalutsocial.atoom.space\/es\/noticia\/conclou-el-projecte-europeu-que-ha-contribuit-en-lestrategia-per-millorar-les-competencies-digitals-dels-professionals-de-la-salut-a-catalunya-i-estonia\/"]}]},{"@type":"ImageObject","inLanguage":"es","@id":"https:\/\/ticsalutsocial.atoom.space\/es\/noticia\/conclou-el-projecte-europeu-que-ha-contribuit-en-lestrategia-per-millorar-les-competencies-digitals-dels-professionals-de-la-salut-a-catalunya-i-estonia\/#primaryimage","url":"https:\/\/ticsalutsocial.atoom.space\/wp-content\/uploads\/2024\/10\/Ultima-reunio-del-projecte-europeu-de-competencies-digitals-amb-estonia.jpg","contentUrl":"https:\/\/ticsalutsocial.atoom.space\/wp-content\/uploads\/2024\/10\/Ultima-reunio-del-projecte-europeu-de-competencies-digitals-amb-estonia.jpg","width":1280,"height":960,"caption":"U\u0301ltima reunio\u0301 del projecte europeu de compete\u0300ncies digitals amb esto\u0300nia"},{"@type":"BreadcrumbList","@id":"https:\/\/ticsalutsocial.atoom.space\/es\/noticia\/conclou-el-projecte-europeu-que-ha-contribuit-en-lestrategia-per-millorar-les-competencies-digitals-dels-professionals-de-la-salut-a-catalunya-i-estonia\/#breadcrumb","itemListElement":[{"@type":"ListItem","position":1,"name":"Inici","item":"https:\/\/ticsalutsocial.atoom.space\/es\/"},{"@type":"ListItem","position":2,"name":"Concluye el proyecto europeo que ha contribuido a la estrategia para mejorar las competencias digitales de los profesionales de la salud en Catalu\u00f1a y Estonia"}]},{"@type":"WebSite","@id":"https:\/\/ticsalutsocial.atoom.space\/es\/#website","url":"https:\/\/ticsalutsocial.atoom.space\/es\/","name":"Fundaci\u00f3 TIC Salut i Social","description":"","potentialAction":[{"@type":"SearchAction","target":{"@type":"EntryPoint","urlTemplate":"https:\/\/ticsalutsocial.atoom.space\/es\/?s={search_term_string}"},"query-input":{"@type":"PropertyValueSpecification","valueRequired":true,"valueName":"search_term_string"}}],"inLanguage":"es"}]}},"_links":{"self":[{"href":"https:\/\/ticsalutsocial.atoom.space\/es\/wp-json\/wp\/v2\/noticia\/28851","targetHints":{"allow":["GET"]}}],"collection":[{"href":"https:\/\/ticsalutsocial.atoom.space\/es\/wp-json\/wp\/v2\/noticia"}],"about":[{"href":"https:\/\/ticsalutsocial.atoom.space\/es\/wp-json\/wp\/v2\/types\/noticia"}],"author":[{"embeddable":true,"href":"https:\/\/ticsalutsocial.atoom.space\/es\/wp-json\/wp\/v2\/users\/12"}],"wp:featuredmedia":[{"embeddable":true,"href":"https:\/\/ticsalutsocial.atoom.space\/es\/wp-json\/wp\/v2\/media\/28847"}],"wp:attachment":[{"href":"https:\/\/ticsalutsocial.atoom.space\/es\/wp-json\/wp\/v2\/media?parent=28851"}],"wp:term":[{"taxonomy":"etiqueta","embeddable":true,"href":"https:\/\/ticsalutsocial.atoom.space\/es\/wp-json\/wp\/v2\/etiqueta?post=28851"},{"taxonomy":"tipus","embeddable":true,"href":"https:\/\/ticsalutsocial.atoom.space\/es\/wp-json\/wp\/v2\/tipus?post=28851"},{"taxonomy":"topic","embeddable":true,"href":"https:\/\/ticsalutsocial.atoom.space\/es\/wp-json\/wp\/v2\/topic?post=28851"}],"curies":[{"name":"wp","href":"https:\/\/api.w.org\/{rel}","templated":true}]}}