
{"id":29049,"date":"2024-11-05T17:22:30","date_gmt":"2024-11-05T15:22:30","guid":{"rendered":"https:\/\/ticsalutsocial.atoom.space\/noticia\/la-2a-jornada-cientifica-carecitylab-mostrara-els-resultats-en-recerca-i-innovacio-de-tots-els-socis-i-socies\/"},"modified":"2024-11-05T17:49:21","modified_gmt":"2024-11-05T15:49:21","slug":"la-2a-jornada-cientifica-carecitylab-mostrara-els-resultats-en-recerca-i-innovacio-de-tots-els-socis-i-socies","status":"publish","type":"noticia","link":"https:\/\/ticsalutsocial.atoom.space\/es\/noticia\/la-2a-jornada-cientifica-carecitylab-mostrara-els-resultats-en-recerca-i-innovacio-de-tots-els-socis-i-socies\/","title":{"rendered":"La 2a Jornada Cient\u00edfica CareCityLab mostrar\u00e1 los resultados en investigaci\u00f3n e innovaci\u00f3n de todos los socios"},"content":{"rendered":"<p>Este 2024, en el marco de la Semana de la Ciencia, se celebrar\u00e1 la segunda edici\u00f3n de la \u00abJornada Cient\u00edfica CareCityLab\u00bb. Un evento dedicado a la investigaci\u00f3n y la innovaci\u00f3n en los \u00e1mbitos de la salud, el bienestar social y la participaci\u00f3n ciudadana. Esta jornada est\u00e1 organizada por CareCityLab y cuenta con la Fundaci\u00f3n TIC Salut Social como parte del comit\u00e9 cient\u00edfico.<\/p>\n<p>El objetivo de esta jornada cient\u00edfica es consolidarse como un espacio de encuentro para la ciencia ciudadana, la investigaci\u00f3n colaborativa y la innovaci\u00f3n, destacando el impacto positivo de la investigaci\u00f3n y la colaboraci\u00f3n entre entidades para mejorar la calidad de vida de los ciudadanos del Maresme.<\/p>\n<p>Los actos se desarrollar\u00e1n durante dos d\u00edas consecutivos. La primera sesi\u00f3n se celebrar\u00e1 en el Hospital de Matar\u00f3, en el marco de la celebraci\u00f3n de sus 25 a\u00f1os, el 7 de noviembre. La segunda tendr\u00e1 lugar el 8 de noviembre e incluir\u00e1 una visita guiada al Espai Matar\u00f3 Cuida &#8211; CareCityLab. Durante el primer d\u00eda, los distintos grupos de investigaci\u00f3n y entidades vinculadas a CareCityLab expondr\u00e1n los resultados obtenidos en proyectos colaborativos centrados en \u00e1reas estrat\u00e9gicas para la comunidad cient\u00edfica, sanitaria y social del territorio. Los participantes podr\u00e1n conocer los avances m\u00e1s recientes y las buenas pr\u00e1cticas en el \u00e1mbito de los cuidados, los consejos de salud y las estrategias de acci\u00f3n para el bienestar comunitario.<\/p>\n<h2>Jornada de puertas abiertas<\/h2>\n<p>La segunda jornada, el 8 de noviembre, planteada como una jornada de puertas abiertas, permitir\u00e1 conocer el CareCityLab y todos los servicios que ofrece. Desde las 9 hasta las 13 horas, se podr\u00e1 visitar el equipamiento situado en el Paseo de la Marina. Se han habilitado autobuses lanzadera desde la plaza de las Teresas para facilitar el acceso y el regreso.<\/p>\n<p>Con este encuentro, el CareCityLab pretende consolidarse como referente en la investigaci\u00f3n orientada a la acci\u00f3n y fomentar la participaci\u00f3n ciudadana en la generaci\u00f3n de conocimiento aplicado. Esta edici\u00f3n se presenta como una oportunidad \u00fanica para el intercambio de conocimiento, la visibilizaci\u00f3n de proyectos de impacto local y el impulso de nuevas iniciativas que contribuyan al desarrollo social y sanitario de la comarca.<\/p>\n","protected":false},"author":3,"featured_media":28943,"menu_order":0,"template":"","meta":{"_acf_changed":false,"inline_featured_image":false},"etiqueta":[],"tipus":[],"topic":[117],"class_list":["post-29049","noticia","type-noticia","status-publish","has-post-thumbnail","hentry","topic-jornadas"],"acf":{"finalitzat":false,"tipus_plantilla":"objectius","template_objectius":{"cont_principal":"","imatge":false,"cont_seguent":{"titol":"","contingut":""},"seccio_llistat":{"titol":"","llistat":false},"objectius":{"titol":"","objectius":false},"documents":false},"autor":"","imatge":false,"textos_destacats":[{"texte":"Esta jornada cient\u00edfica tiene el objetivo de consolidarse como un espacio de encuentro para la ciencia ciudadana, la investigaci\u00f3n colaborativa y la innovaci\u00f3n, y quiere poner de manifiesto el impacto positivo de la investigaci\u00f3n y la colaboraci\u00f3n entre entidades para mejorar la calidad de vida de los ciudadanos del Maresme."}],"documents":false},"yoast_head":"<!-- This site is optimized with the Yoast SEO plugin v27.1.1 - https:\/\/yoast.com\/product\/yoast-seo-wordpress\/ -->\n<title>La 2a Jornada Cient\u00edfica CareCityLab mostrar\u00e1 los resultados en investigaci\u00f3n e innovaci\u00f3n de todos los socios - Fundaci\u00f3 TIC Salut i Social<\/title>\n<meta name=\"robots\" content=\"index, follow, max-snippet:-1, max-image-preview:large, max-video-preview:-1\" \/>\n<link rel=\"canonical\" href=\"https:\/\/ticsalutsocial.atoom.space\/es\/noticia\/la-2a-jornada-cientifica-carecitylab-mostrara-els-resultats-en-recerca-i-innovacio-de-tots-els-socis-i-socies\/\" \/>\n<meta property=\"og:locale\" content=\"es_ES\" \/>\n<meta property=\"og:type\" content=\"article\" \/>\n<meta property=\"og:title\" content=\"La 2a Jornada Cient\u00edfica CareCityLab mostrar\u00e1 los resultados en investigaci\u00f3n e innovaci\u00f3n de todos los socios - Fundaci\u00f3 TIC Salut i Social\" \/>\n<meta property=\"og:description\" content=\"Este 2024, en el marco de la Semana de la Ciencia, se celebrar\u00e1 la segunda edici\u00f3n de la \u00abJornada Cient\u00edfica CareCityLab\u00bb. Un evento dedicado a la investigaci\u00f3n y la innovaci\u00f3n en los \u00e1mbitos de la salud, el bienestar social y la participaci\u00f3n ciudadana. Esta jornada est\u00e1 organizada por CareCityLab y cuenta con la Fundaci\u00f3n TIC [&hellip;]\" \/>\n<meta property=\"og:url\" content=\"https:\/\/ticsalutsocial.atoom.space\/es\/noticia\/la-2a-jornada-cientifica-carecitylab-mostrara-els-resultats-en-recerca-i-innovacio-de-tots-els-socis-i-socies\/\" \/>\n<meta property=\"og:site_name\" content=\"Fundaci\u00f3 TIC Salut i Social\" \/>\n<meta property=\"article:modified_time\" content=\"2024-11-05T15:49:21+00:00\" \/>\n<meta property=\"og:image\" content=\"https:\/\/ticsalutsocial.atoom.space\/wp-content\/uploads\/2024\/10\/Captura-de-pantalla-2024-10-23-a-les-12.00.16.png\" \/>\n\t<meta property=\"og:image:width\" content=\"1042\" \/>\n\t<meta property=\"og:image:height\" content=\"713\" \/>\n\t<meta property=\"og:image:type\" content=\"image\/png\" \/>\n<meta name=\"twitter:card\" content=\"summary_large_image\" \/>\n<meta name=\"twitter:label1\" content=\"Tiempo de lectura\" \/>\n\t<meta name=\"twitter:data1\" content=\"3 minutos\" \/>\n<script type=\"application\/ld+json\" class=\"yoast-schema-graph\">{\"@context\":\"https:\/\/schema.org\",\"@graph\":[{\"@type\":\"WebPage\",\"@id\":\"https:\/\/ticsalutsocial.atoom.space\/es\/noticia\/la-2a-jornada-cientifica-carecitylab-mostrara-els-resultats-en-recerca-i-innovacio-de-tots-els-socis-i-socies\/\",\"url\":\"https:\/\/ticsalutsocial.atoom.space\/es\/noticia\/la-2a-jornada-cientifica-carecitylab-mostrara-els-resultats-en-recerca-i-innovacio-de-tots-els-socis-i-socies\/\",\"name\":\"La 2a Jornada Cient\u00edfica CareCityLab mostrar\u00e1 los resultados en investigaci\u00f3n e innovaci\u00f3n de todos los socios - Fundaci\u00f3 TIC Salut i Social\",\"isPartOf\":{\"@id\":\"https:\/\/ticsalutsocial.atoom.space\/es\/#website\"},\"primaryImageOfPage\":{\"@id\":\"https:\/\/ticsalutsocial.atoom.space\/es\/noticia\/la-2a-jornada-cientifica-carecitylab-mostrara-els-resultats-en-recerca-i-innovacio-de-tots-els-socis-i-socies\/#primaryimage\"},\"image\":{\"@id\":\"https:\/\/ticsalutsocial.atoom.space\/es\/noticia\/la-2a-jornada-cientifica-carecitylab-mostrara-els-resultats-en-recerca-i-innovacio-de-tots-els-socis-i-socies\/#primaryimage\"},\"thumbnailUrl\":\"https:\/\/ticsalutsocial.atoom.space\/wp-content\/uploads\/2024\/10\/Captura-de-pantalla-2024-10-23-a-les-12.00.16.png\",\"datePublished\":\"2024-11-05T15:22:30+00:00\",\"dateModified\":\"2024-11-05T15:49:21+00:00\",\"breadcrumb\":{\"@id\":\"https:\/\/ticsalutsocial.atoom.space\/es\/noticia\/la-2a-jornada-cientifica-carecitylab-mostrara-els-resultats-en-recerca-i-innovacio-de-tots-els-socis-i-socies\/#breadcrumb\"},\"inLanguage\":\"es\",\"potentialAction\":[{\"@type\":\"ReadAction\",\"target\":[\"https:\/\/ticsalutsocial.atoom.space\/es\/noticia\/la-2a-jornada-cientifica-carecitylab-mostrara-els-resultats-en-recerca-i-innovacio-de-tots-els-socis-i-socies\/\"]}]},{\"@type\":\"ImageObject\",\"inLanguage\":\"es\",\"@id\":\"https:\/\/ticsalutsocial.atoom.space\/es\/noticia\/la-2a-jornada-cientifica-carecitylab-mostrara-els-resultats-en-recerca-i-innovacio-de-tots-els-socis-i-socies\/#primaryimage\",\"url\":\"https:\/\/ticsalutsocial.atoom.space\/wp-content\/uploads\/2024\/10\/Captura-de-pantalla-2024-10-23-a-les-12.00.16.png\",\"contentUrl\":\"https:\/\/ticsalutsocial.atoom.space\/wp-content\/uploads\/2024\/10\/Captura-de-pantalla-2024-10-23-a-les-12.00.16.png\",\"width\":1042,\"height\":713},{\"@type\":\"BreadcrumbList\",\"@id\":\"https:\/\/ticsalutsocial.atoom.space\/es\/noticia\/la-2a-jornada-cientifica-carecitylab-mostrara-els-resultats-en-recerca-i-innovacio-de-tots-els-socis-i-socies\/#breadcrumb\",\"itemListElement\":[{\"@type\":\"ListItem\",\"position\":1,\"name\":\"Inici\",\"item\":\"https:\/\/ticsalutsocial.atoom.space\/es\/\"},{\"@type\":\"ListItem\",\"position\":2,\"name\":\"La 2a Jornada Cient\u00edfica CareCityLab mostrar\u00e1 los resultados en investigaci\u00f3n e innovaci\u00f3n de todos los socios\"}]},{\"@type\":\"WebSite\",\"@id\":\"https:\/\/ticsalutsocial.atoom.space\/es\/#website\",\"url\":\"https:\/\/ticsalutsocial.atoom.space\/es\/\",\"name\":\"Fundaci\u00f3 TIC Salut i Social\",\"description\":\"\",\"potentialAction\":[{\"@type\":\"SearchAction\",\"target\":{\"@type\":\"EntryPoint\",\"urlTemplate\":\"https:\/\/ticsalutsocial.atoom.space\/es\/?s={search_term_string}\"},\"query-input\":{\"@type\":\"PropertyValueSpecification\",\"valueRequired\":true,\"valueName\":\"search_term_string\"}}],\"inLanguage\":\"es\"}]}<\/script>\n<!-- \/ Yoast SEO plugin. -->","yoast_head_json":{"title":"La 2a Jornada Cient\u00edfica CareCityLab mostrar\u00e1 los resultados en investigaci\u00f3n e innovaci\u00f3n de todos los socios - Fundaci\u00f3 TIC Salut i Social","robots":{"index":"index","follow":"follow","max-snippet":"max-snippet:-1","max-image-preview":"max-image-preview:large","max-video-preview":"max-video-preview:-1"},"canonical":"https:\/\/ticsalutsocial.atoom.space\/es\/noticia\/la-2a-jornada-cientifica-carecitylab-mostrara-els-resultats-en-recerca-i-innovacio-de-tots-els-socis-i-socies\/","og_locale":"es_ES","og_type":"article","og_title":"La 2a Jornada Cient\u00edfica CareCityLab mostrar\u00e1 los resultados en investigaci\u00f3n e innovaci\u00f3n de todos los socios - Fundaci\u00f3 TIC Salut i Social","og_description":"Este 2024, en el marco de la Semana de la Ciencia, se celebrar\u00e1 la segunda edici\u00f3n de la \u00abJornada Cient\u00edfica CareCityLab\u00bb. Un evento dedicado a la investigaci\u00f3n y la innovaci\u00f3n en los \u00e1mbitos de la salud, el bienestar social y la participaci\u00f3n ciudadana. Esta jornada est\u00e1 organizada por CareCityLab y cuenta con la Fundaci\u00f3n TIC [&hellip;]","og_url":"https:\/\/ticsalutsocial.atoom.space\/es\/noticia\/la-2a-jornada-cientifica-carecitylab-mostrara-els-resultats-en-recerca-i-innovacio-de-tots-els-socis-i-socies\/","og_site_name":"Fundaci\u00f3 TIC Salut i Social","article_modified_time":"2024-11-05T15:49:21+00:00","og_image":[{"width":1042,"height":713,"url":"https:\/\/ticsalutsocial.atoom.space\/wp-content\/uploads\/2024\/10\/Captura-de-pantalla-2024-10-23-a-les-12.00.16.png","type":"image\/png"}],"twitter_card":"summary_large_image","twitter_misc":{"Tiempo de lectura":"3 minutos"},"schema":{"@context":"https:\/\/schema.org","@graph":[{"@type":"WebPage","@id":"https:\/\/ticsalutsocial.atoom.space\/es\/noticia\/la-2a-jornada-cientifica-carecitylab-mostrara-els-resultats-en-recerca-i-innovacio-de-tots-els-socis-i-socies\/","url":"https:\/\/ticsalutsocial.atoom.space\/es\/noticia\/la-2a-jornada-cientifica-carecitylab-mostrara-els-resultats-en-recerca-i-innovacio-de-tots-els-socis-i-socies\/","name":"La 2a Jornada Cient\u00edfica CareCityLab mostrar\u00e1 los resultados en investigaci\u00f3n e innovaci\u00f3n de todos los socios - Fundaci\u00f3 TIC Salut i Social","isPartOf":{"@id":"https:\/\/ticsalutsocial.atoom.space\/es\/#website"},"primaryImageOfPage":{"@id":"https:\/\/ticsalutsocial.atoom.space\/es\/noticia\/la-2a-jornada-cientifica-carecitylab-mostrara-els-resultats-en-recerca-i-innovacio-de-tots-els-socis-i-socies\/#primaryimage"},"image":{"@id":"https:\/\/ticsalutsocial.atoom.space\/es\/noticia\/la-2a-jornada-cientifica-carecitylab-mostrara-els-resultats-en-recerca-i-innovacio-de-tots-els-socis-i-socies\/#primaryimage"},"thumbnailUrl":"https:\/\/ticsalutsocial.atoom.space\/wp-content\/uploads\/2024\/10\/Captura-de-pantalla-2024-10-23-a-les-12.00.16.png","datePublished":"2024-11-05T15:22:30+00:00","dateModified":"2024-11-05T15:49:21+00:00","breadcrumb":{"@id":"https:\/\/ticsalutsocial.atoom.space\/es\/noticia\/la-2a-jornada-cientifica-carecitylab-mostrara-els-resultats-en-recerca-i-innovacio-de-tots-els-socis-i-socies\/#breadcrumb"},"inLanguage":"es","potentialAction":[{"@type":"ReadAction","target":["https:\/\/ticsalutsocial.atoom.space\/es\/noticia\/la-2a-jornada-cientifica-carecitylab-mostrara-els-resultats-en-recerca-i-innovacio-de-tots-els-socis-i-socies\/"]}]},{"@type":"ImageObject","inLanguage":"es","@id":"https:\/\/ticsalutsocial.atoom.space\/es\/noticia\/la-2a-jornada-cientifica-carecitylab-mostrara-els-resultats-en-recerca-i-innovacio-de-tots-els-socis-i-socies\/#primaryimage","url":"https:\/\/ticsalutsocial.atoom.space\/wp-content\/uploads\/2024\/10\/Captura-de-pantalla-2024-10-23-a-les-12.00.16.png","contentUrl":"https:\/\/ticsalutsocial.atoom.space\/wp-content\/uploads\/2024\/10\/Captura-de-pantalla-2024-10-23-a-les-12.00.16.png","width":1042,"height":713},{"@type":"BreadcrumbList","@id":"https:\/\/ticsalutsocial.atoom.space\/es\/noticia\/la-2a-jornada-cientifica-carecitylab-mostrara-els-resultats-en-recerca-i-innovacio-de-tots-els-socis-i-socies\/#breadcrumb","itemListElement":[{"@type":"ListItem","position":1,"name":"Inici","item":"https:\/\/ticsalutsocial.atoom.space\/es\/"},{"@type":"ListItem","position":2,"name":"La 2a Jornada Cient\u00edfica CareCityLab mostrar\u00e1 los resultados en investigaci\u00f3n e innovaci\u00f3n de todos los socios"}]},{"@type":"WebSite","@id":"https:\/\/ticsalutsocial.atoom.space\/es\/#website","url":"https:\/\/ticsalutsocial.atoom.space\/es\/","name":"Fundaci\u00f3 TIC Salut i Social","description":"","potentialAction":[{"@type":"SearchAction","target":{"@type":"EntryPoint","urlTemplate":"https:\/\/ticsalutsocial.atoom.space\/es\/?s={search_term_string}"},"query-input":{"@type":"PropertyValueSpecification","valueRequired":true,"valueName":"search_term_string"}}],"inLanguage":"es"}]}},"_links":{"self":[{"href":"https:\/\/ticsalutsocial.atoom.space\/es\/wp-json\/wp\/v2\/noticia\/29049","targetHints":{"allow":["GET"]}}],"collection":[{"href":"https:\/\/ticsalutsocial.atoom.space\/es\/wp-json\/wp\/v2\/noticia"}],"about":[{"href":"https:\/\/ticsalutsocial.atoom.space\/es\/wp-json\/wp\/v2\/types\/noticia"}],"author":[{"embeddable":true,"href":"https:\/\/ticsalutsocial.atoom.space\/es\/wp-json\/wp\/v2\/users\/3"}],"wp:featuredmedia":[{"embeddable":true,"href":"https:\/\/ticsalutsocial.atoom.space\/es\/wp-json\/wp\/v2\/media\/28943"}],"wp:attachment":[{"href":"https:\/\/ticsalutsocial.atoom.space\/es\/wp-json\/wp\/v2\/media?parent=29049"}],"wp:term":[{"taxonomy":"etiqueta","embeddable":true,"href":"https:\/\/ticsalutsocial.atoom.space\/es\/wp-json\/wp\/v2\/etiqueta?post=29049"},{"taxonomy":"tipus","embeddable":true,"href":"https:\/\/ticsalutsocial.atoom.space\/es\/wp-json\/wp\/v2\/tipus?post=29049"},{"taxonomy":"topic","embeddable":true,"href":"https:\/\/ticsalutsocial.atoom.space\/es\/wp-json\/wp\/v2\/topic?post=29049"}],"curies":[{"name":"wp","href":"https:\/\/api.w.org\/{rel}","templated":true}]}}