
{"id":29122,"date":"2024-11-13T13:32:25","date_gmt":"2024-11-13T11:32:25","guid":{"rendered":"https:\/\/ticsalutsocial.atoom.space\/noticia\/cocreacio-entre-pacients-i-investigadors-per-dissenyar-un-decaleg-de-bones-practiques-en-salut-digital\/"},"modified":"2024-11-13T13:46:28","modified_gmt":"2024-11-13T11:46:28","slug":"cocreacio-entre-pacients-i-investigadors-per-dissenyar-un-decaleg-de-bones-practiques-en-salut-digital","status":"publish","type":"noticia","link":"https:\/\/ticsalutsocial.atoom.space\/es\/noticia\/cocreacio-entre-pacients-i-investigadors-per-dissenyar-un-decaleg-de-bones-practiques-en-salut-digital\/","title":{"rendered":"Co-creaci\u00f3n entre pacientes e investigadores para dise\u00f1ar un Dec\u00e1logo de buenas pr\u00e1cticas en salud digital"},"content":{"rendered":"<p>El\u00a0<a title=\"null\" href=\"https:\/\/salutweb.gencat.cat\/ca\/ambits-actuacio\/perfils\/consell-pacients\/index.html\" target=\"_blank\" rel=\"noopener\"><strong>Consejo Consultivo de Pacientes<\/strong><\/a><strong> de Catalu\u00f1a<\/strong> (CCPC) del <em>Departament de Salut<\/em>, Fundaci\u00f3 TIC Salut Social i Universitat Oberta de Catalunya (UOC)<\/p>\n<p>trabajan conjuntamente en el desarrollo de un Dec\u00e1logo de buenas pr\u00e1cticas en salud digital. Para llevar a cabo este proyecto, se est\u00e1n realizando distintas sesiones de trabajo para recoger las necesidades de la ciudadan\u00eda que sit\u00faen a los pacientes en el centro del dise\u00f1o y la investigaci\u00f3n en herramientas de salud digital.<\/p>\n<p>La Fundaci\u00f3n TIC Salut Social colabora aportando su conocimiento y experiencia en el desarrollo de Apps y activos digitales para la salud a trav\u00e9s del <a href=\"https:\/\/ticsalutsocial.atoom.space\/que-fem\/actiusdigitals\/\" target=\"_blank\" rel=\"noopener\">Servicio de Certificaci\u00f3n<\/a> de Apps m\u00f3viles. Un conocimiento que queda recogido en la <strong><em><a href=\"https:\/\/ticsalutsocial.atoom.space\/wp-content\/uploads\/2024\/09\/GUIA-BONES-PRACTIQUES.pdf\" target=\"_blank\" rel=\"noopener\">Gu\u00eda de buenas pr\u00e1cticas para desarrollar activos digitales para la ciudadan\u00eda<\/a>.<\/em><\/strong><\/p>\n<h2>Co-creaci\u00f3n entre pacientes e investigadores<\/h2>\n<p>Ayer se llev\u00f3 a cabo la segunda sesi\u00f3n de dise\u00f1o compartido en la sede de gobierno de Girona. El CCPC selecciona a los participantes entre los miembros de las entidades que lo integran, teniendo en cuenta la representatividad geogr\u00e1fica, de g\u00e9nero y diversidad de patolog\u00edas, as\u00ed como diferentes niveles de alfabetizaci\u00f3n digital. Las sesiones se realizar\u00e1n en centros de salud de distintas partes del territorio.<\/p>\n<p>Las pr\u00f3ximas sesiones se celebrar\u00e1n los d\u00edas 26 de noviembre (Tarragona), 10 de diciembre (Sabadell) y 21 de enero (sesi\u00f3n telem\u00e1tica). La inscripci\u00f3n a este proceso participativo est\u00e1 disponible haciendo clic en el <a href=\"https:\/\/participa.gencat.cat\/processes\/SalutDigital\" target=\"_blank\" rel=\"noopener\">siguiente enllace<\/a><span>.<\/span><\/p>\n<p>El proceso de cocreaci\u00f3n utilizar\u00e1 metodolog\u00edas propias del <em>Design Thinking<\/em> y emplear\u00e1 como marco de trabajo la Gu\u00eda de Participaci\u00f3n en Salud, adaptada del Marco de <a title=\"null\" href=\"https:\/\/participa.gencat.cat\/link?external_url=https%3A%2F%2Fsalutweb.gencat.cat%2Fca%2Fambits-actuacio%2Flinies%2Fparticipacio-salut%2Fciutadania%2Fmarc-participacio-ciutadana-salut%2Findex.html\" target=\"_blank\" rel=\"noopener\">Participaci\u00f3n Ciudadana en Salud de la Generalitat<\/a>, que situa els pacients, cuidadores i la comunitat en el centre de les pol\u00edtiques de salut.<\/p>\n<p>El projecte segueix els principis de la RRI (<em>Responsible Research and Innovation<\/em>), \u00e9s a dir, fomenta la participaci\u00f3 i l\u2019acc\u00e9s obert a la recerca i n\u2019inclou el retorn, a m\u00e9s de fomentar la inclusi\u00f3. Aquesta recerca promou els Objectius de Desenvolupament Sostenible (ODS) n\u00famero 3, sobre salut i benestar, n\u00famero 5 d\u2019igualtat de g\u00e8nere, i n\u00famero 10 de reducci\u00f3 de desigualtats.<\/p>\n<h2><strong>Adherencia y uso de Apps m\u00f3viles y activos digitales<\/strong><\/h2>\n<p>Las aplicaciones m\u00f3viles y las intervenciones digitales son un elemento en auge en el \u00e1mbito de la salud. Los sistemas sanitarios incorporan cada vez m\u00e1s herramientas digitales para optimizar la atenci\u00f3n a los pacientes y mejorar los resultados. Tambi\u00e9n aumenta el n\u00famero de pacientes que utilizan aplicaciones para monitorizar su actividad f\u00edsica, la nutrici\u00f3n y para controlar enfermedades cr\u00f3nicas.<\/p>\n<p>Uno de los retos para maximizar la eficacia de estas intervenciones digitales en salud es la falta de continuidad en su adopci\u00f3n. Diversos estudios demuestran que el compromiso de los pacientes con las aplicaciones m\u00f3viles de salud es bajo, y que m\u00e1s de la mitad de las apps de salud se desinstalan al cabo de un mes de haberse descargado. La falta de inter\u00e9s y la desmotivaci\u00f3n son las causas principales, junto con otros factores como la falta de funcionalidades deseadas por el paciente y las dificultades de uso.<\/p>\n<p>En este sentido, uno de los motivos principales del bajo compromiso con estas herramientas es que suelen desarrollarse con poca o nula participaci\u00f3n de los pacientes o ciudadanos que ser\u00e1n sus usuarios, lo que hace que no se adapten a sus necesidades.<\/p>\n<p>\u201cCada vez tenemos pacientes m\u00e1s expertos, m\u00e1s conocedores de su enfermedad y de su pron\u00f3stico. Es l\u00f3gico que, si queremos dise\u00f1ar herramientas digitales o hacer proyectos de investigaci\u00f3n que les afecten, contemos con ellos. Queremos saber qu\u00e9 esperan ellos o qu\u00e9 consideran importante a la hora de realizar un proyecto de investigaci\u00f3n o dise\u00f1o de herramientas de salud digital\u201d, explica Oriol Yuguero, investigador del e-RLab del eHealth Center de la UOC y l\u00edder del proyecto. El grupo de investigaci\u00f3n e-RLab trabaja para favorecer la inclusi\u00f3n de aspectos sociales en las aplicaciones m\u00f3viles de salud, adem\u00e1s de promover la \u00e9tica y la equidad en el acceso a la salud digital.<\/p>\n<p>Desde el Departamento de Salud, la secretaria de Atenci\u00f3n Sanitaria y Participaci\u00f3n, Gl\u00f2ria G\u00e1lvez, afirma que se trata de \u201cuna innovadora iniciativa de investigaci\u00f3n en salud digital que sit\u00faa a los pacientes en el centro del proceso de innovaci\u00f3n. El objetivo principal es garantizar que las nuevas tecnolog\u00edas digitales se adapten a las necesidades reales de los pacientes desde el primer momento\u201d.<\/p>\n","protected":false},"author":3,"featured_media":29121,"menu_order":0,"template":"","meta":{"_acf_changed":false,"inline_featured_image":false},"etiqueta":[],"tipus":[654],"topic":[123],"class_list":["post-29122","noticia","type-noticia","status-publish","has-post-thumbnail","hentry","tipus-activos-digitales","topic-actualidad"],"acf":{"finalitzat":false,"tipus_plantilla":"objectius","template_objectius":{"cont_principal":"","imatge":false,"cont_seguent":{"titol":"","contingut":""},"seccio_llistat":{"titol":"","llistat":false},"objectius":{"titol":"","objectius":false},"documents":false},"autor":"","imatge":false,"textos_destacats":[{"texte":"La Fundaci\u00f3n TIC Salut Social colabora aportando su conocimiento y experiencia en el desarrollo de Apps y activos digitales para la salud a trav\u00e9s del Servicio de Certificaci\u00f3n de Apps m\u00f3viles"}],"documents":false},"yoast_head":"<!-- This site is optimized with the Yoast SEO plugin v27.1.1 - https:\/\/yoast.com\/product\/yoast-seo-wordpress\/ -->\n<title>Co-creaci\u00f3n entre pacientes e investigadores para dise\u00f1ar un Dec\u00e1logo de buenas pr\u00e1cticas en salud digital - Fundaci\u00f3 TIC Salut i Social<\/title>\n<meta name=\"robots\" content=\"index, follow, max-snippet:-1, max-image-preview:large, max-video-preview:-1\" \/>\n<link rel=\"canonical\" href=\"https:\/\/ticsalutsocial.atoom.space\/es\/noticia\/cocreacio-entre-pacients-i-investigadors-per-dissenyar-un-decaleg-de-bones-practiques-en-salut-digital\/\" \/>\n<meta property=\"og:locale\" content=\"es_ES\" \/>\n<meta property=\"og:type\" content=\"article\" \/>\n<meta property=\"og:title\" content=\"Co-creaci\u00f3n entre pacientes e investigadores para dise\u00f1ar un Dec\u00e1logo de buenas pr\u00e1cticas en salud digital - Fundaci\u00f3 TIC Salut i Social\" \/>\n<meta property=\"og:description\" content=\"El\u00a0Consejo Consultivo de Pacientes de Catalu\u00f1a (CCPC) del Departament de Salut, Fundaci\u00f3 TIC Salut Social i Universitat Oberta de Catalunya (UOC) trabajan conjuntamente en el desarrollo de un Dec\u00e1logo de buenas pr\u00e1cticas en salud digital. Para llevar a cabo este proyecto, se est\u00e1n realizando distintas sesiones de trabajo para recoger las necesidades de la ciudadan\u00eda [&hellip;]\" \/>\n<meta property=\"og:url\" content=\"https:\/\/ticsalutsocial.atoom.space\/es\/noticia\/cocreacio-entre-pacients-i-investigadors-per-dissenyar-un-decaleg-de-bones-practiques-en-salut-digital\/\" \/>\n<meta property=\"og:site_name\" content=\"Fundaci\u00f3 TIC Salut i Social\" \/>\n<meta property=\"article:modified_time\" content=\"2024-11-13T11:46:28+00:00\" \/>\n<meta property=\"og:image\" content=\"https:\/\/ticsalutsocial.atoom.space\/wp-content\/uploads\/2024\/11\/Sin-titulo-1-1.png\" \/>\n\t<meta property=\"og:image:width\" content=\"1222\" \/>\n\t<meta property=\"og:image:height\" content=\"960\" \/>\n\t<meta property=\"og:image:type\" content=\"image\/png\" \/>\n<meta name=\"twitter:card\" content=\"summary_large_image\" \/>\n<meta name=\"twitter:label1\" content=\"Tiempo de lectura\" \/>\n\t<meta name=\"twitter:data1\" content=\"5 minutos\" \/>\n<script type=\"application\/ld+json\" class=\"yoast-schema-graph\">{\"@context\":\"https:\/\/schema.org\",\"@graph\":[{\"@type\":\"WebPage\",\"@id\":\"https:\/\/ticsalutsocial.atoom.space\/es\/noticia\/cocreacio-entre-pacients-i-investigadors-per-dissenyar-un-decaleg-de-bones-practiques-en-salut-digital\/\",\"url\":\"https:\/\/ticsalutsocial.atoom.space\/es\/noticia\/cocreacio-entre-pacients-i-investigadors-per-dissenyar-un-decaleg-de-bones-practiques-en-salut-digital\/\",\"name\":\"Co-creaci\u00f3n entre pacientes e investigadores para dise\u00f1ar un Dec\u00e1logo de buenas pr\u00e1cticas en salud digital - Fundaci\u00f3 TIC Salut i Social\",\"isPartOf\":{\"@id\":\"https:\/\/ticsalutsocial.atoom.space\/es\/#website\"},\"primaryImageOfPage\":{\"@id\":\"https:\/\/ticsalutsocial.atoom.space\/es\/noticia\/cocreacio-entre-pacients-i-investigadors-per-dissenyar-un-decaleg-de-bones-practiques-en-salut-digital\/#primaryimage\"},\"image\":{\"@id\":\"https:\/\/ticsalutsocial.atoom.space\/es\/noticia\/cocreacio-entre-pacients-i-investigadors-per-dissenyar-un-decaleg-de-bones-practiques-en-salut-digital\/#primaryimage\"},\"thumbnailUrl\":\"https:\/\/ticsalutsocial.atoom.space\/wp-content\/uploads\/2024\/11\/Sin-titulo-1-1.png\",\"datePublished\":\"2024-11-13T11:32:25+00:00\",\"dateModified\":\"2024-11-13T11:46:28+00:00\",\"breadcrumb\":{\"@id\":\"https:\/\/ticsalutsocial.atoom.space\/es\/noticia\/cocreacio-entre-pacients-i-investigadors-per-dissenyar-un-decaleg-de-bones-practiques-en-salut-digital\/#breadcrumb\"},\"inLanguage\":\"es\",\"potentialAction\":[{\"@type\":\"ReadAction\",\"target\":[\"https:\/\/ticsalutsocial.atoom.space\/es\/noticia\/cocreacio-entre-pacients-i-investigadors-per-dissenyar-un-decaleg-de-bones-practiques-en-salut-digital\/\"]}]},{\"@type\":\"ImageObject\",\"inLanguage\":\"es\",\"@id\":\"https:\/\/ticsalutsocial.atoom.space\/es\/noticia\/cocreacio-entre-pacients-i-investigadors-per-dissenyar-un-decaleg-de-bones-practiques-en-salut-digital\/#primaryimage\",\"url\":\"https:\/\/ticsalutsocial.atoom.space\/wp-content\/uploads\/2024\/11\/Sin-titulo-1-1.png\",\"contentUrl\":\"https:\/\/ticsalutsocial.atoom.space\/wp-content\/uploads\/2024\/11\/Sin-titulo-1-1.png\",\"width\":1222,\"height\":960,\"caption\":\"Cocreaci\u00f3 entre pacients i investigadors per dissenyar un Dec\u00e0leg de bones pr\u00e0ctiques en salut digital\"},{\"@type\":\"BreadcrumbList\",\"@id\":\"https:\/\/ticsalutsocial.atoom.space\/es\/noticia\/cocreacio-entre-pacients-i-investigadors-per-dissenyar-un-decaleg-de-bones-practiques-en-salut-digital\/#breadcrumb\",\"itemListElement\":[{\"@type\":\"ListItem\",\"position\":1,\"name\":\"Inici\",\"item\":\"https:\/\/ticsalutsocial.atoom.space\/es\/\"},{\"@type\":\"ListItem\",\"position\":2,\"name\":\"Co-creaci\u00f3n entre pacientes e investigadores para dise\u00f1ar un Dec\u00e1logo de buenas pr\u00e1cticas en salud digital\"}]},{\"@type\":\"WebSite\",\"@id\":\"https:\/\/ticsalutsocial.atoom.space\/es\/#website\",\"url\":\"https:\/\/ticsalutsocial.atoom.space\/es\/\",\"name\":\"Fundaci\u00f3 TIC Salut i Social\",\"description\":\"\",\"potentialAction\":[{\"@type\":\"SearchAction\",\"target\":{\"@type\":\"EntryPoint\",\"urlTemplate\":\"https:\/\/ticsalutsocial.atoom.space\/es\/?s={search_term_string}\"},\"query-input\":{\"@type\":\"PropertyValueSpecification\",\"valueRequired\":true,\"valueName\":\"search_term_string\"}}],\"inLanguage\":\"es\"}]}<\/script>\n<!-- \/ Yoast SEO plugin. -->","yoast_head_json":{"title":"Co-creaci\u00f3n entre pacientes e investigadores para dise\u00f1ar un Dec\u00e1logo de buenas pr\u00e1cticas en salud digital - Fundaci\u00f3 TIC Salut i Social","robots":{"index":"index","follow":"follow","max-snippet":"max-snippet:-1","max-image-preview":"max-image-preview:large","max-video-preview":"max-video-preview:-1"},"canonical":"https:\/\/ticsalutsocial.atoom.space\/es\/noticia\/cocreacio-entre-pacients-i-investigadors-per-dissenyar-un-decaleg-de-bones-practiques-en-salut-digital\/","og_locale":"es_ES","og_type":"article","og_title":"Co-creaci\u00f3n entre pacientes e investigadores para dise\u00f1ar un Dec\u00e1logo de buenas pr\u00e1cticas en salud digital - Fundaci\u00f3 TIC Salut i Social","og_description":"El\u00a0Consejo Consultivo de Pacientes de Catalu\u00f1a (CCPC) del Departament de Salut, Fundaci\u00f3 TIC Salut Social i Universitat Oberta de Catalunya (UOC) trabajan conjuntamente en el desarrollo de un Dec\u00e1logo de buenas pr\u00e1cticas en salud digital. Para llevar a cabo este proyecto, se est\u00e1n realizando distintas sesiones de trabajo para recoger las necesidades de la ciudadan\u00eda [&hellip;]","og_url":"https:\/\/ticsalutsocial.atoom.space\/es\/noticia\/cocreacio-entre-pacients-i-investigadors-per-dissenyar-un-decaleg-de-bones-practiques-en-salut-digital\/","og_site_name":"Fundaci\u00f3 TIC Salut i Social","article_modified_time":"2024-11-13T11:46:28+00:00","og_image":[{"width":1222,"height":960,"url":"https:\/\/ticsalutsocial.atoom.space\/wp-content\/uploads\/2024\/11\/Sin-titulo-1-1.png","type":"image\/png"}],"twitter_card":"summary_large_image","twitter_misc":{"Tiempo de lectura":"5 minutos"},"schema":{"@context":"https:\/\/schema.org","@graph":[{"@type":"WebPage","@id":"https:\/\/ticsalutsocial.atoom.space\/es\/noticia\/cocreacio-entre-pacients-i-investigadors-per-dissenyar-un-decaleg-de-bones-practiques-en-salut-digital\/","url":"https:\/\/ticsalutsocial.atoom.space\/es\/noticia\/cocreacio-entre-pacients-i-investigadors-per-dissenyar-un-decaleg-de-bones-practiques-en-salut-digital\/","name":"Co-creaci\u00f3n entre pacientes e investigadores para dise\u00f1ar un Dec\u00e1logo de buenas pr\u00e1cticas en salud digital - Fundaci\u00f3 TIC Salut i Social","isPartOf":{"@id":"https:\/\/ticsalutsocial.atoom.space\/es\/#website"},"primaryImageOfPage":{"@id":"https:\/\/ticsalutsocial.atoom.space\/es\/noticia\/cocreacio-entre-pacients-i-investigadors-per-dissenyar-un-decaleg-de-bones-practiques-en-salut-digital\/#primaryimage"},"image":{"@id":"https:\/\/ticsalutsocial.atoom.space\/es\/noticia\/cocreacio-entre-pacients-i-investigadors-per-dissenyar-un-decaleg-de-bones-practiques-en-salut-digital\/#primaryimage"},"thumbnailUrl":"https:\/\/ticsalutsocial.atoom.space\/wp-content\/uploads\/2024\/11\/Sin-titulo-1-1.png","datePublished":"2024-11-13T11:32:25+00:00","dateModified":"2024-11-13T11:46:28+00:00","breadcrumb":{"@id":"https:\/\/ticsalutsocial.atoom.space\/es\/noticia\/cocreacio-entre-pacients-i-investigadors-per-dissenyar-un-decaleg-de-bones-practiques-en-salut-digital\/#breadcrumb"},"inLanguage":"es","potentialAction":[{"@type":"ReadAction","target":["https:\/\/ticsalutsocial.atoom.space\/es\/noticia\/cocreacio-entre-pacients-i-investigadors-per-dissenyar-un-decaleg-de-bones-practiques-en-salut-digital\/"]}]},{"@type":"ImageObject","inLanguage":"es","@id":"https:\/\/ticsalutsocial.atoom.space\/es\/noticia\/cocreacio-entre-pacients-i-investigadors-per-dissenyar-un-decaleg-de-bones-practiques-en-salut-digital\/#primaryimage","url":"https:\/\/ticsalutsocial.atoom.space\/wp-content\/uploads\/2024\/11\/Sin-titulo-1-1.png","contentUrl":"https:\/\/ticsalutsocial.atoom.space\/wp-content\/uploads\/2024\/11\/Sin-titulo-1-1.png","width":1222,"height":960,"caption":"Cocreaci\u00f3 entre pacients i investigadors per dissenyar un Dec\u00e0leg de bones pr\u00e0ctiques en salut digital"},{"@type":"BreadcrumbList","@id":"https:\/\/ticsalutsocial.atoom.space\/es\/noticia\/cocreacio-entre-pacients-i-investigadors-per-dissenyar-un-decaleg-de-bones-practiques-en-salut-digital\/#breadcrumb","itemListElement":[{"@type":"ListItem","position":1,"name":"Inici","item":"https:\/\/ticsalutsocial.atoom.space\/es\/"},{"@type":"ListItem","position":2,"name":"Co-creaci\u00f3n entre pacientes e investigadores para dise\u00f1ar un Dec\u00e1logo de buenas pr\u00e1cticas en salud digital"}]},{"@type":"WebSite","@id":"https:\/\/ticsalutsocial.atoom.space\/es\/#website","url":"https:\/\/ticsalutsocial.atoom.space\/es\/","name":"Fundaci\u00f3 TIC Salut i Social","description":"","potentialAction":[{"@type":"SearchAction","target":{"@type":"EntryPoint","urlTemplate":"https:\/\/ticsalutsocial.atoom.space\/es\/?s={search_term_string}"},"query-input":{"@type":"PropertyValueSpecification","valueRequired":true,"valueName":"search_term_string"}}],"inLanguage":"es"}]}},"_links":{"self":[{"href":"https:\/\/ticsalutsocial.atoom.space\/es\/wp-json\/wp\/v2\/noticia\/29122","targetHints":{"allow":["GET"]}}],"collection":[{"href":"https:\/\/ticsalutsocial.atoom.space\/es\/wp-json\/wp\/v2\/noticia"}],"about":[{"href":"https:\/\/ticsalutsocial.atoom.space\/es\/wp-json\/wp\/v2\/types\/noticia"}],"author":[{"embeddable":true,"href":"https:\/\/ticsalutsocial.atoom.space\/es\/wp-json\/wp\/v2\/users\/3"}],"wp:featuredmedia":[{"embeddable":true,"href":"https:\/\/ticsalutsocial.atoom.space\/es\/wp-json\/wp\/v2\/media\/29121"}],"wp:attachment":[{"href":"https:\/\/ticsalutsocial.atoom.space\/es\/wp-json\/wp\/v2\/media?parent=29122"}],"wp:term":[{"taxonomy":"etiqueta","embeddable":true,"href":"https:\/\/ticsalutsocial.atoom.space\/es\/wp-json\/wp\/v2\/etiqueta?post=29122"},{"taxonomy":"tipus","embeddable":true,"href":"https:\/\/ticsalutsocial.atoom.space\/es\/wp-json\/wp\/v2\/tipus?post=29122"},{"taxonomy":"topic","embeddable":true,"href":"https:\/\/ticsalutsocial.atoom.space\/es\/wp-json\/wp\/v2\/topic?post=29122"}],"curies":[{"name":"wp","href":"https:\/\/api.w.org\/{rel}","templated":true}]}}