
{"id":29161,"date":"2024-11-19T12:01:17","date_gmt":"2024-11-19T10:01:17","guid":{"rendered":"https:\/\/ticsalutsocial.atoom.space\/noticia\/linstitut-de-diagnostic-per-la-imatge-publica-una-licitacio-per-la-compra-i-desplegament-dun-visor-dimatges-multi-proposit-per-als-centres-del-siscat\/"},"modified":"2024-11-27T16:49:41","modified_gmt":"2024-11-27T14:49:41","slug":"linstitut-de-diagnostic-per-la-imatge-publica-una-licitacio-per-la-compra-i-desplegament-dun-visor-dimatges-multi-proposit-per-als-centres-del-siscat","status":"publish","type":"noticia","link":"https:\/\/ticsalutsocial.atoom.space\/es\/noticia\/linstitut-de-diagnostic-per-la-imatge-publica-una-licitacio-per-la-compra-i-desplegament-dun-visor-dimatges-multi-proposit-per-als-centres-del-siscat\/","title":{"rendered":"El Instituto de Diagn\u00f3stico por Imagen publica una licitaci\u00f3n para la compra y despliegue de un visor de im\u00e1genes multiprop\u00f3sito para los centros del SISCAT"},"content":{"rendered":"<p>El Instituto de Diagn\u00f3stico por Imagen lanza una nueva oferta de contrataci\u00f3n p\u00fablica para la provisi\u00f3n de un servicio de despliegue y suministro de una soluci\u00f3n tecnol\u00f3gica de visor multiprop\u00f3sito para dar servicio a los centros del SISCAT. Los requerimientos t\u00e9cnicos, administrativos y otros documentos necesarios para presentar una oferta se pueden consultar en la <a href=\"https:\/\/contractaciopublica.cat\/ca\/detall-publicacio\/300298376\" target=\"_blank\" rel=\"noopener\">Plataforma de Servcios de Contrataci\u00f3n P\u00fablica<\/a>. El plazo para presentar ofertas est\u00e1 vigente hasta el 20 de diciembre de 2024, y el contrato tendr\u00e1 una vigencia hasta el 31 de diciembre de 2025, contada a partir del d\u00eda de su formalizaci\u00f3n.<\/p>\n<h2><strong>Necesidades de Sistema<\/strong><\/h2>\n<div class=\"flex-shrink-0 flex flex-col relative items-end\">\n<div>\n<div class=\"pt-0\">\n<div class=\"gizmo-bot-avatar flex h-8 w-8 items-center justify-center overflow-hidden rounded-full\">\n<div class=\"relative p-1 rounded-sm flex items-center justify-center bg-token-main-surface-primary text-token-text-primary h-8 w-8\">Un visor de im\u00e1genes m\u00e9dicas es una herramienta fundamental en los Servicios de Diagn\u00f3stico por la Imagen y Medicina Nuclear, ya que permite visualizar y analizar im\u00e1genes generadas por las diferentes modalidades disponibles, como tomograf\u00edas computarizadas (TC), resonancias magn\u00e9ticas (RM) o ecograf\u00edas, entre otras. Estos visores pueden integrarse con sistemas de informaci\u00f3n como los RIS (Sistemas de Informaci\u00f3n de Radiolog\u00eda), los PACS (Picture Archiving and Communication System) y los VNA (Vendor Neutral Archive) para gestionar de manera eficiente los flujos de datos.<\/div>\n<\/div>\n<\/div>\n<\/div>\n<\/div>\n<div class=\"group\/conversation-turn relative flex w-full min-w-0 flex-col agent-turn\">\n<div class=\"flex-col gap-1 md:gap-3\">\n<div class=\"flex max-w-full flex-col flex-grow\">\n<div class=\"min-h-8 text-message flex w-full flex-col items-end gap-2 whitespace-normal break-words [.text-message+&amp;]:mt-5\" dir=\"auto\" data-message-author-role=\"assistant\" data-message-id=\"5af2f13a-3618-4c90-840f-308d8015d9e7\" data-message-model-slug=\"gpt-4o\">\n<div class=\"flex w-full flex-col gap-1 empty:hidden first:pt-[3px]\">\n<div class=\"markdown prose w-full break-words dark:prose-invert dark\">\n<p>Actualmente, el SISCAT integra m\u00e1s de 70 centros de diagn\u00f3stico por la imagen y\/o Medicina Nuclear. La necesidad de una soluci\u00f3n unificada para la visualizaci\u00f3n de los estudios en este \u00e1mbito es una realidad, reforzada por el hecho de que <a href=\"https:\/\/ticsalutsocial.atoom.space\/es\/que-fem\/imatge-medica-digital\/\" target=\"_blank\" rel=\"noopener\">Sistema de Imagen M\u00e9dica Digital de Catalu\u00f1a<\/a> (SIMDCAT), que act\u00faa como un VNA centralizado y garantiza la seguridad y el intercambio de datos de manera descentralizada.<\/p>\n<p>En este contexto, la implementaci\u00f3n de una soluci\u00f3n de visor multiprop\u00f3sito se plantea como una herramienta vers\u00e1til capaz de revisar, mostrar, distribuir y manipular im\u00e1genes. Adem\u00e1s, cuenta con la capacidad de adaptarse a las diversas necesidades de los usuarios. Se trata de un visor dise\u00f1ado para responder a un amplio abanico de perfiles, como radi\u00f3logos y otras especialidades cl\u00ednicas, pacientes, y que, adem\u00e1s, sea compatible con m\u00faltiples dispositivos, como tabletas y tel\u00e9fonos inteligentes. Un elemento cualitativo que busca mejorar los procesos asistenciales del SISCAT.<\/p>\n<\/div>\n<\/div>\n<\/div>\n<\/div>\n<\/div>\n<\/div>\n","protected":false},"author":3,"featured_media":29160,"menu_order":0,"template":"","meta":{"_acf_changed":false,"inline_featured_image":false},"etiqueta":[],"tipus":[],"topic":[123],"class_list":["post-29161","noticia","type-noticia","status-publish","has-post-thumbnail","hentry","topic-actualidad"],"acf":{"finalitzat":false,"tipus_plantilla":"objectius","template_objectius":{"cont_principal":"","imatge":false,"cont_seguent":{"titol":"","contingut":""},"seccio_llistat":{"titol":"","llistat":false},"objectius":{"titol":"","objectius":false},"documents":false},"autor":"","imatge":false,"textos_destacats":[{"texte":"Un visor para\u00a0dar respuesta a un amplio elenco de perfiles como radi\u00f3logos y otras especialidades cl\u00ednicas, pacientes, y compatible con dispositivos inteligentes"}],"documents":false},"yoast_head":"<!-- This site is optimized with the Yoast SEO plugin v27.1.1 - https:\/\/yoast.com\/product\/yoast-seo-wordpress\/ -->\n<title>El Instituto de Diagn\u00f3stico por Imagen publica una licitaci\u00f3n para la compra y despliegue de un visor de im\u00e1genes multiprop\u00f3sito para los centros del SISCAT - Fundaci\u00f3 TIC Salut i Social<\/title>\n<meta name=\"robots\" content=\"index, follow, max-snippet:-1, max-image-preview:large, max-video-preview:-1\" \/>\n<link rel=\"canonical\" href=\"https:\/\/ticsalutsocial.atoom.space\/es\/noticia\/linstitut-de-diagnostic-per-la-imatge-publica-una-licitacio-per-la-compra-i-desplegament-dun-visor-dimatges-multi-proposit-per-als-centres-del-siscat\/\" \/>\n<meta property=\"og:locale\" content=\"es_ES\" \/>\n<meta property=\"og:type\" content=\"article\" \/>\n<meta property=\"og:title\" content=\"El Instituto de Diagn\u00f3stico por Imagen publica una licitaci\u00f3n para la compra y despliegue de un visor de im\u00e1genes multiprop\u00f3sito para los centros del SISCAT - Fundaci\u00f3 TIC Salut i Social\" \/>\n<meta property=\"og:description\" content=\"El Instituto de Diagn\u00f3stico por Imagen lanza una nueva oferta de contrataci\u00f3n p\u00fablica para la provisi\u00f3n de un servicio de despliegue y suministro de una soluci\u00f3n tecnol\u00f3gica de visor multiprop\u00f3sito para dar servicio a los centros del SISCAT. Los requerimientos t\u00e9cnicos, administrativos y otros documentos necesarios para presentar una oferta se pueden consultar en la [&hellip;]\" \/>\n<meta property=\"og:url\" content=\"https:\/\/ticsalutsocial.atoom.space\/es\/noticia\/linstitut-de-diagnostic-per-la-imatge-publica-una-licitacio-per-la-compra-i-desplegament-dun-visor-dimatges-multi-proposit-per-als-centres-del-siscat\/\" \/>\n<meta property=\"og:site_name\" content=\"Fundaci\u00f3 TIC Salut i Social\" \/>\n<meta property=\"article:modified_time\" content=\"2024-11-27T14:49:41+00:00\" \/>\n<meta property=\"og:image\" content=\"https:\/\/ticsalutsocial.atoom.space\/wp-content\/uploads\/2024\/11\/imd.png\" \/>\n\t<meta property=\"og:image:width\" content=\"1222\" \/>\n\t<meta property=\"og:image:height\" content=\"960\" \/>\n\t<meta property=\"og:image:type\" content=\"image\/png\" \/>\n<meta name=\"twitter:card\" content=\"summary_large_image\" \/>\n<meta name=\"twitter:label1\" content=\"Tiempo de lectura\" \/>\n\t<meta name=\"twitter:data1\" content=\"3 minutos\" \/>\n<script type=\"application\/ld+json\" class=\"yoast-schema-graph\">{\"@context\":\"https:\/\/schema.org\",\"@graph\":[{\"@type\":\"WebPage\",\"@id\":\"https:\/\/ticsalutsocial.atoom.space\/es\/noticia\/linstitut-de-diagnostic-per-la-imatge-publica-una-licitacio-per-la-compra-i-desplegament-dun-visor-dimatges-multi-proposit-per-als-centres-del-siscat\/\",\"url\":\"https:\/\/ticsalutsocial.atoom.space\/es\/noticia\/linstitut-de-diagnostic-per-la-imatge-publica-una-licitacio-per-la-compra-i-desplegament-dun-visor-dimatges-multi-proposit-per-als-centres-del-siscat\/\",\"name\":\"El Instituto de Diagn\u00f3stico por Imagen publica una licitaci\u00f3n para la compra y despliegue de un visor de im\u00e1genes multiprop\u00f3sito para los centros del SISCAT - Fundaci\u00f3 TIC Salut i Social\",\"isPartOf\":{\"@id\":\"https:\/\/ticsalutsocial.atoom.space\/es\/#website\"},\"primaryImageOfPage\":{\"@id\":\"https:\/\/ticsalutsocial.atoom.space\/es\/noticia\/linstitut-de-diagnostic-per-la-imatge-publica-una-licitacio-per-la-compra-i-desplegament-dun-visor-dimatges-multi-proposit-per-als-centres-del-siscat\/#primaryimage\"},\"image\":{\"@id\":\"https:\/\/ticsalutsocial.atoom.space\/es\/noticia\/linstitut-de-diagnostic-per-la-imatge-publica-una-licitacio-per-la-compra-i-desplegament-dun-visor-dimatges-multi-proposit-per-als-centres-del-siscat\/#primaryimage\"},\"thumbnailUrl\":\"https:\/\/ticsalutsocial.atoom.space\/wp-content\/uploads\/2024\/11\/imd.png\",\"datePublished\":\"2024-11-19T10:01:17+00:00\",\"dateModified\":\"2024-11-27T14:49:41+00:00\",\"breadcrumb\":{\"@id\":\"https:\/\/ticsalutsocial.atoom.space\/es\/noticia\/linstitut-de-diagnostic-per-la-imatge-publica-una-licitacio-per-la-compra-i-desplegament-dun-visor-dimatges-multi-proposit-per-als-centres-del-siscat\/#breadcrumb\"},\"inLanguage\":\"es\",\"potentialAction\":[{\"@type\":\"ReadAction\",\"target\":[\"https:\/\/ticsalutsocial.atoom.space\/es\/noticia\/linstitut-de-diagnostic-per-la-imatge-publica-una-licitacio-per-la-compra-i-desplegament-dun-visor-dimatges-multi-proposit-per-als-centres-del-siscat\/\"]}]},{\"@type\":\"ImageObject\",\"inLanguage\":\"es\",\"@id\":\"https:\/\/ticsalutsocial.atoom.space\/es\/noticia\/linstitut-de-diagnostic-per-la-imatge-publica-una-licitacio-per-la-compra-i-desplegament-dun-visor-dimatges-multi-proposit-per-als-centres-del-siscat\/#primaryimage\",\"url\":\"https:\/\/ticsalutsocial.atoom.space\/wp-content\/uploads\/2024\/11\/imd.png\",\"contentUrl\":\"https:\/\/ticsalutsocial.atoom.space\/wp-content\/uploads\/2024\/11\/imd.png\",\"width\":1222,\"height\":960,\"caption\":\"L\u2019Institut de Diagn\u00f2stic per la Imatge publica una licitaci\u00f3 per al desplegament d\u2019un visor d\u2019imatges multi prop\u00f2sit als centres del SISCAT\"},{\"@type\":\"BreadcrumbList\",\"@id\":\"https:\/\/ticsalutsocial.atoom.space\/es\/noticia\/linstitut-de-diagnostic-per-la-imatge-publica-una-licitacio-per-la-compra-i-desplegament-dun-visor-dimatges-multi-proposit-per-als-centres-del-siscat\/#breadcrumb\",\"itemListElement\":[{\"@type\":\"ListItem\",\"position\":1,\"name\":\"Inici\",\"item\":\"https:\/\/ticsalutsocial.atoom.space\/es\/\"},{\"@type\":\"ListItem\",\"position\":2,\"name\":\"El Instituto de Diagn\u00f3stico por Imagen publica una licitaci\u00f3n para la compra y despliegue de un visor de im\u00e1genes multiprop\u00f3sito para los centros del SISCAT\"}]},{\"@type\":\"WebSite\",\"@id\":\"https:\/\/ticsalutsocial.atoom.space\/es\/#website\",\"url\":\"https:\/\/ticsalutsocial.atoom.space\/es\/\",\"name\":\"Fundaci\u00f3 TIC Salut i Social\",\"description\":\"\",\"potentialAction\":[{\"@type\":\"SearchAction\",\"target\":{\"@type\":\"EntryPoint\",\"urlTemplate\":\"https:\/\/ticsalutsocial.atoom.space\/es\/?s={search_term_string}\"},\"query-input\":{\"@type\":\"PropertyValueSpecification\",\"valueRequired\":true,\"valueName\":\"search_term_string\"}}],\"inLanguage\":\"es\"}]}<\/script>\n<!-- \/ Yoast SEO plugin. -->","yoast_head_json":{"title":"El Instituto de Diagn\u00f3stico por Imagen publica una licitaci\u00f3n para la compra y despliegue de un visor de im\u00e1genes multiprop\u00f3sito para los centros del SISCAT - Fundaci\u00f3 TIC Salut i Social","robots":{"index":"index","follow":"follow","max-snippet":"max-snippet:-1","max-image-preview":"max-image-preview:large","max-video-preview":"max-video-preview:-1"},"canonical":"https:\/\/ticsalutsocial.atoom.space\/es\/noticia\/linstitut-de-diagnostic-per-la-imatge-publica-una-licitacio-per-la-compra-i-desplegament-dun-visor-dimatges-multi-proposit-per-als-centres-del-siscat\/","og_locale":"es_ES","og_type":"article","og_title":"El Instituto de Diagn\u00f3stico por Imagen publica una licitaci\u00f3n para la compra y despliegue de un visor de im\u00e1genes multiprop\u00f3sito para los centros del SISCAT - Fundaci\u00f3 TIC Salut i Social","og_description":"El Instituto de Diagn\u00f3stico por Imagen lanza una nueva oferta de contrataci\u00f3n p\u00fablica para la provisi\u00f3n de un servicio de despliegue y suministro de una soluci\u00f3n tecnol\u00f3gica de visor multiprop\u00f3sito para dar servicio a los centros del SISCAT. Los requerimientos t\u00e9cnicos, administrativos y otros documentos necesarios para presentar una oferta se pueden consultar en la [&hellip;]","og_url":"https:\/\/ticsalutsocial.atoom.space\/es\/noticia\/linstitut-de-diagnostic-per-la-imatge-publica-una-licitacio-per-la-compra-i-desplegament-dun-visor-dimatges-multi-proposit-per-als-centres-del-siscat\/","og_site_name":"Fundaci\u00f3 TIC Salut i Social","article_modified_time":"2024-11-27T14:49:41+00:00","og_image":[{"width":1222,"height":960,"url":"https:\/\/ticsalutsocial.atoom.space\/wp-content\/uploads\/2024\/11\/imd.png","type":"image\/png"}],"twitter_card":"summary_large_image","twitter_misc":{"Tiempo de lectura":"3 minutos"},"schema":{"@context":"https:\/\/schema.org","@graph":[{"@type":"WebPage","@id":"https:\/\/ticsalutsocial.atoom.space\/es\/noticia\/linstitut-de-diagnostic-per-la-imatge-publica-una-licitacio-per-la-compra-i-desplegament-dun-visor-dimatges-multi-proposit-per-als-centres-del-siscat\/","url":"https:\/\/ticsalutsocial.atoom.space\/es\/noticia\/linstitut-de-diagnostic-per-la-imatge-publica-una-licitacio-per-la-compra-i-desplegament-dun-visor-dimatges-multi-proposit-per-als-centres-del-siscat\/","name":"El Instituto de Diagn\u00f3stico por Imagen publica una licitaci\u00f3n para la compra y despliegue de un visor de im\u00e1genes multiprop\u00f3sito para los centros del SISCAT - Fundaci\u00f3 TIC Salut i Social","isPartOf":{"@id":"https:\/\/ticsalutsocial.atoom.space\/es\/#website"},"primaryImageOfPage":{"@id":"https:\/\/ticsalutsocial.atoom.space\/es\/noticia\/linstitut-de-diagnostic-per-la-imatge-publica-una-licitacio-per-la-compra-i-desplegament-dun-visor-dimatges-multi-proposit-per-als-centres-del-siscat\/#primaryimage"},"image":{"@id":"https:\/\/ticsalutsocial.atoom.space\/es\/noticia\/linstitut-de-diagnostic-per-la-imatge-publica-una-licitacio-per-la-compra-i-desplegament-dun-visor-dimatges-multi-proposit-per-als-centres-del-siscat\/#primaryimage"},"thumbnailUrl":"https:\/\/ticsalutsocial.atoom.space\/wp-content\/uploads\/2024\/11\/imd.png","datePublished":"2024-11-19T10:01:17+00:00","dateModified":"2024-11-27T14:49:41+00:00","breadcrumb":{"@id":"https:\/\/ticsalutsocial.atoom.space\/es\/noticia\/linstitut-de-diagnostic-per-la-imatge-publica-una-licitacio-per-la-compra-i-desplegament-dun-visor-dimatges-multi-proposit-per-als-centres-del-siscat\/#breadcrumb"},"inLanguage":"es","potentialAction":[{"@type":"ReadAction","target":["https:\/\/ticsalutsocial.atoom.space\/es\/noticia\/linstitut-de-diagnostic-per-la-imatge-publica-una-licitacio-per-la-compra-i-desplegament-dun-visor-dimatges-multi-proposit-per-als-centres-del-siscat\/"]}]},{"@type":"ImageObject","inLanguage":"es","@id":"https:\/\/ticsalutsocial.atoom.space\/es\/noticia\/linstitut-de-diagnostic-per-la-imatge-publica-una-licitacio-per-la-compra-i-desplegament-dun-visor-dimatges-multi-proposit-per-als-centres-del-siscat\/#primaryimage","url":"https:\/\/ticsalutsocial.atoom.space\/wp-content\/uploads\/2024\/11\/imd.png","contentUrl":"https:\/\/ticsalutsocial.atoom.space\/wp-content\/uploads\/2024\/11\/imd.png","width":1222,"height":960,"caption":"L\u2019Institut de Diagn\u00f2stic per la Imatge publica una licitaci\u00f3 per al desplegament d\u2019un visor d\u2019imatges multi prop\u00f2sit als centres del SISCAT"},{"@type":"BreadcrumbList","@id":"https:\/\/ticsalutsocial.atoom.space\/es\/noticia\/linstitut-de-diagnostic-per-la-imatge-publica-una-licitacio-per-la-compra-i-desplegament-dun-visor-dimatges-multi-proposit-per-als-centres-del-siscat\/#breadcrumb","itemListElement":[{"@type":"ListItem","position":1,"name":"Inici","item":"https:\/\/ticsalutsocial.atoom.space\/es\/"},{"@type":"ListItem","position":2,"name":"El Instituto de Diagn\u00f3stico por Imagen publica una licitaci\u00f3n para la compra y despliegue de un visor de im\u00e1genes multiprop\u00f3sito para los centros del SISCAT"}]},{"@type":"WebSite","@id":"https:\/\/ticsalutsocial.atoom.space\/es\/#website","url":"https:\/\/ticsalutsocial.atoom.space\/es\/","name":"Fundaci\u00f3 TIC Salut i Social","description":"","potentialAction":[{"@type":"SearchAction","target":{"@type":"EntryPoint","urlTemplate":"https:\/\/ticsalutsocial.atoom.space\/es\/?s={search_term_string}"},"query-input":{"@type":"PropertyValueSpecification","valueRequired":true,"valueName":"search_term_string"}}],"inLanguage":"es"}]}},"_links":{"self":[{"href":"https:\/\/ticsalutsocial.atoom.space\/es\/wp-json\/wp\/v2\/noticia\/29161","targetHints":{"allow":["GET"]}}],"collection":[{"href":"https:\/\/ticsalutsocial.atoom.space\/es\/wp-json\/wp\/v2\/noticia"}],"about":[{"href":"https:\/\/ticsalutsocial.atoom.space\/es\/wp-json\/wp\/v2\/types\/noticia"}],"author":[{"embeddable":true,"href":"https:\/\/ticsalutsocial.atoom.space\/es\/wp-json\/wp\/v2\/users\/3"}],"wp:featuredmedia":[{"embeddable":true,"href":"https:\/\/ticsalutsocial.atoom.space\/es\/wp-json\/wp\/v2\/media\/29160"}],"wp:attachment":[{"href":"https:\/\/ticsalutsocial.atoom.space\/es\/wp-json\/wp\/v2\/media?parent=29161"}],"wp:term":[{"taxonomy":"etiqueta","embeddable":true,"href":"https:\/\/ticsalutsocial.atoom.space\/es\/wp-json\/wp\/v2\/etiqueta?post=29161"},{"taxonomy":"tipus","embeddable":true,"href":"https:\/\/ticsalutsocial.atoom.space\/es\/wp-json\/wp\/v2\/tipus?post=29161"},{"taxonomy":"topic","embeddable":true,"href":"https:\/\/ticsalutsocial.atoom.space\/es\/wp-json\/wp\/v2\/topic?post=29161"}],"curies":[{"name":"wp","href":"https:\/\/api.w.org\/{rel}","templated":true}]}}