
{"id":29174,"date":"2024-11-20T12:10:15","date_gmt":"2024-11-20T10:10:15","guid":{"rendered":"https:\/\/ticsalutsocial.atoom.space\/noticia\/la-fundacio-tic-salut-social-acull-sessions-dintercanvi-entre-catalunya-i-suecia-sobre-gestio-i-bones-practiques-dels-serveis-assistencials\/"},"modified":"2024-11-20T13:16:57","modified_gmt":"2024-11-20T11:16:57","slug":"la-fundacio-tic-salut-social-acull-sessions-dintercanvi-entre-catalunya-i-suecia-sobre-gestio-i-bones-practiques-dels-serveis-assistencials","status":"publish","type":"noticia","link":"https:\/\/ticsalutsocial.atoom.space\/es\/noticia\/la-fundacio-tic-salut-social-acull-sessions-dintercanvi-entre-catalunya-i-suecia-sobre-gestio-i-bones-practiques-dels-serveis-assistencials\/","title":{"rendered":"La Fundaci\u00f3n TIC Salut Social acoge sesiones de intercambio entre Catalu\u00f1a y Suecia sobre gesti\u00f3n y buenas pr\u00e1cticas de los servicios asistenciales"},"content":{"rendered":"<p>Entre los d\u00edas 12 y 14 de noviembre la Fundaci\u00f3n TIC Salut Social ha acogido diferentes sesiones de trabajo con una delegaci\u00f3n del sistema de salud sueco, la <a href=\"https:\/\/hospeem.org\/members\/salar\/\" target=\"_blank\" rel=\"noopener\">Swedish Association of Local Authorities and Regions<\/a>, y los representantes del <em>Sistema de Salut<\/em> y del Departamento de Derechos Sociales e Inclusi\u00f3n.<\/p>\n<div class=\"flex max-w-full flex-col flex-grow\">\n<div class=\"min-h-8 text-message flex w-full flex-col items-end gap-2 whitespace-normal break-words [.text-message+&amp;]:mt-5\" dir=\"auto\" data-message-author-role=\"assistant\" data-message-id=\"25edeb07-0185-4cde-b7ce-7f7e52ddbb14\" data-message-model-slug=\"gpt-4o\">\n<div class=\"flex w-full flex-col gap-1 empty:hidden first:pt-[3px]\">\n<div class=\"markdown prose w-full break-words dark:prose-invert dark\">\n<p>Este intercambio de buenas pr\u00e1cticas en la gesti\u00f3n y despliegue de pol\u00edticas sanitarias se realiza en el marco del TAIEX, un acr\u00f3nimo en ingl\u00e9s de <em>Technical Assistance and Information Exchange<\/em>. Es una herramienta de la Comisi\u00f3n Europea para la construcci\u00f3n institucional y la transferencia de conocimiento entre los sectores p\u00fablicos de los distintos Estados Miembros de la Uni\u00f3n Europea.<\/p>\n<h2>Visi\u00f3n estrat\u00e9gica y despliegue tecnol\u00f3gico en Catalu\u00f1a<\/h2>\n<p>Durante tres d\u00edas de trabajo, Catalu\u00f1a ha presentado una visi\u00f3n 360\u00ba en la gesti\u00f3n de los sistemas catalanes de salud y social. Desde los retos, pol\u00edticas y planificaci\u00f3n estrat\u00e9gica hasta el despliegue funcional y tecnol\u00f3gico. Catalu\u00f1a ha mostrado sus estrategias en atenci\u00f3n integrada, salud digital y protecci\u00f3n de datos de salud, destacando c\u00f3mo la transformaci\u00f3n digital aporta resultados en la optimizaci\u00f3n de los servicios vinculados a la tecnolog\u00eda.<\/p>\n<p>Diferentes representantes del Servicio Catal\u00e1n de la Salud, como Jordi Piera; del Instituto Catal\u00e1n de la Salud, como Oscar Solans; del Departamento de Salud, como Merc\u00e8 Armelles, Joan Carles Contel, N\u00faria Nadal o Anna Forcada; y del Departamento de Derechos Sociales e Inclusi\u00f3n, como Rosa Fum\u00e0s, han liderado estas sesiones.<\/p>\n<p>La Fundaci\u00f3n TIC Salut Social ha coordinado el programa y la visita de la delegaci\u00f3n sueca y ha presentado l\u00edneas clave de trabajo tecnol\u00f3gico para el sistema catal\u00e1n, como el Programa Salud\/IA, con Susanna Auss\u00f3; las pol\u00edticas sobre activos digitales para la ciudadan\u00eda y el despliegue de la mHealth en el sistema de salud, con Carme Pratdep\u00e0dua. Tambi\u00e9n se ha presentado la estrategia sobre protecci\u00f3n de datos centralizada en la Oficina del Delegado de Protecci\u00f3n de Datos en Salud, con Rafael Guerrero.<\/p>\n<p>La delegaci\u00f3n de la administraci\u00f3n sueca, compuesta por un total de doce representantes, abarcaba perfiles directivos especializados en digitalizaci\u00f3n, an\u00e1lisis de datos, integraci\u00f3n y arquitectura de sistemas de informaci\u00f3n, finanzas y gesti\u00f3n tecnol\u00f3gica. Entre sus conclusiones, destacaron positivamente la participaci\u00f3n en una experiencia de intercambio muy enriquecedora. Esta nueva perspectiva \u201ces \u00fatil para Suecia como espejo en aspectos como el Programa Salud\/IA, el proceso de digitalizaci\u00f3n de derechos sociales y la atenci\u00f3n integrada\u201d. Una visita que establece las bases para futuras colaboraciones entre ambos pa\u00edses.<\/p>\n<h2>Funciones del TAIEX<\/h2>\n<p>Con el objetivo de generar trabajo en red y apoyar los procesos de reforma en todo el mundo, el TAIEX es un instrumento que desde 2020 se vehicula a trav\u00e9s de la Direcci\u00f3n General de Asociaciones Internacionales (INTPA). Fortalece las pol\u00edticas nacionales de los pa\u00edses y regiones asociadas y apoya la implementaci\u00f3n de los Objetivos de Desarrollo Sostenible.<\/p>\n<p>Proporciona asistencia t\u00e9cnica a corto plazo a instituciones p\u00fablicas mediante acciones que incluyen talleres impartidos por expertos de los Estados Miembros, sesiones de <em>networking<\/em> y la movilizaci\u00f3n de delegaciones de expertos invitados.<\/p>\n<\/div>\n<\/div>\n<\/div>\n<\/div>\n<p>&nbsp;<\/p>\n","protected":false},"author":3,"featured_media":29179,"menu_order":0,"template":"","meta":{"_acf_changed":false,"inline_featured_image":false},"etiqueta":[],"tipus":[],"topic":[130],"class_list":["post-29174","noticia","type-noticia","status-publish","has-post-thumbnail","hentry","topic-la-fundacion"],"acf":{"finalitzat":false,"tipus_plantilla":"objectius","template_objectius":{"cont_principal":"","imatge":false,"cont_seguent":{"titol":"","contingut":""},"seccio_llistat":{"titol":"","llistat":false},"objectius":{"titol":"","objectius":false},"documents":false},"autor":"","imatge":false,"textos_destacats":[{"texte":"Catalu\u00f1a ha presentado una visi\u00f3n 360 sobre la gesti\u00f3n de los sistemas catalanes de salud y social. Desde los retos, pol\u00edticas y planificaci\u00f3n estrat\u00e9gica, hasta el despliegue funcional y tecnol\u00f3gico"}],"documents":false},"yoast_head":"<!-- This site is optimized with the Yoast SEO plugin v27.1.1 - https:\/\/yoast.com\/product\/yoast-seo-wordpress\/ -->\n<title>La Fundaci\u00f3n TIC Salut Social acoge sesiones de intercambio entre Catalu\u00f1a y Suecia sobre gesti\u00f3n y buenas pr\u00e1cticas de los servicios asistenciales - Fundaci\u00f3 TIC Salut i Social<\/title>\n<meta name=\"robots\" content=\"index, follow, max-snippet:-1, max-image-preview:large, max-video-preview:-1\" \/>\n<link rel=\"canonical\" href=\"https:\/\/ticsalutsocial.atoom.space\/es\/noticia\/la-fundacio-tic-salut-social-acull-sessions-dintercanvi-entre-catalunya-i-suecia-sobre-gestio-i-bones-practiques-dels-serveis-assistencials\/\" \/>\n<meta property=\"og:locale\" content=\"es_ES\" \/>\n<meta property=\"og:type\" content=\"article\" \/>\n<meta property=\"og:title\" content=\"La Fundaci\u00f3n TIC Salut Social acoge sesiones de intercambio entre Catalu\u00f1a y Suecia sobre gesti\u00f3n y buenas pr\u00e1cticas de los servicios asistenciales - Fundaci\u00f3 TIC Salut i Social\" \/>\n<meta property=\"og:description\" content=\"Entre los d\u00edas 12 y 14 de noviembre la Fundaci\u00f3n TIC Salut Social ha acogido diferentes sesiones de trabajo con una delegaci\u00f3n del sistema de salud sueco, la Swedish Association of Local Authorities and Regions, y los representantes del Sistema de Salut y del Departamento de Derechos Sociales e Inclusi\u00f3n. Este intercambio de buenas pr\u00e1cticas [&hellip;]\" \/>\n<meta property=\"og:url\" content=\"https:\/\/ticsalutsocial.atoom.space\/es\/noticia\/la-fundacio-tic-salut-social-acull-sessions-dintercanvi-entre-catalunya-i-suecia-sobre-gestio-i-bones-practiques-dels-serveis-assistencials\/\" \/>\n<meta property=\"og:site_name\" content=\"Fundaci\u00f3 TIC Salut i Social\" \/>\n<meta property=\"article:modified_time\" content=\"2024-11-20T11:16:57+00:00\" \/>\n<meta property=\"og:image\" content=\"https:\/\/ticsalutsocial.atoom.space\/wp-content\/uploads\/2024\/11\/Sin-titulo-1-4.png\" \/>\n\t<meta property=\"og:image:width\" content=\"1289\" \/>\n\t<meta property=\"og:image:height\" content=\"960\" \/>\n\t<meta property=\"og:image:type\" content=\"image\/png\" \/>\n<meta name=\"twitter:card\" content=\"summary_large_image\" \/>\n<meta name=\"twitter:label1\" content=\"Tiempo de lectura\" \/>\n\t<meta name=\"twitter:data1\" content=\"3 minutos\" \/>\n<script type=\"application\/ld+json\" class=\"yoast-schema-graph\">{\"@context\":\"https:\/\/schema.org\",\"@graph\":[{\"@type\":\"WebPage\",\"@id\":\"https:\/\/ticsalutsocial.atoom.space\/es\/noticia\/la-fundacio-tic-salut-social-acull-sessions-dintercanvi-entre-catalunya-i-suecia-sobre-gestio-i-bones-practiques-dels-serveis-assistencials\/\",\"url\":\"https:\/\/ticsalutsocial.atoom.space\/es\/noticia\/la-fundacio-tic-salut-social-acull-sessions-dintercanvi-entre-catalunya-i-suecia-sobre-gestio-i-bones-practiques-dels-serveis-assistencials\/\",\"name\":\"La Fundaci\u00f3n TIC Salut Social acoge sesiones de intercambio entre Catalu\u00f1a y Suecia sobre gesti\u00f3n y buenas pr\u00e1cticas de los servicios asistenciales - Fundaci\u00f3 TIC Salut i Social\",\"isPartOf\":{\"@id\":\"https:\/\/ticsalutsocial.atoom.space\/es\/#website\"},\"primaryImageOfPage\":{\"@id\":\"https:\/\/ticsalutsocial.atoom.space\/es\/noticia\/la-fundacio-tic-salut-social-acull-sessions-dintercanvi-entre-catalunya-i-suecia-sobre-gestio-i-bones-practiques-dels-serveis-assistencials\/#primaryimage\"},\"image\":{\"@id\":\"https:\/\/ticsalutsocial.atoom.space\/es\/noticia\/la-fundacio-tic-salut-social-acull-sessions-dintercanvi-entre-catalunya-i-suecia-sobre-gestio-i-bones-practiques-dels-serveis-assistencials\/#primaryimage\"},\"thumbnailUrl\":\"https:\/\/ticsalutsocial.atoom.space\/wp-content\/uploads\/2024\/11\/Sin-titulo-1-4.png\",\"datePublished\":\"2024-11-20T10:10:15+00:00\",\"dateModified\":\"2024-11-20T11:16:57+00:00\",\"breadcrumb\":{\"@id\":\"https:\/\/ticsalutsocial.atoom.space\/es\/noticia\/la-fundacio-tic-salut-social-acull-sessions-dintercanvi-entre-catalunya-i-suecia-sobre-gestio-i-bones-practiques-dels-serveis-assistencials\/#breadcrumb\"},\"inLanguage\":\"es\",\"potentialAction\":[{\"@type\":\"ReadAction\",\"target\":[\"https:\/\/ticsalutsocial.atoom.space\/es\/noticia\/la-fundacio-tic-salut-social-acull-sessions-dintercanvi-entre-catalunya-i-suecia-sobre-gestio-i-bones-practiques-dels-serveis-assistencials\/\"]}]},{\"@type\":\"ImageObject\",\"inLanguage\":\"es\",\"@id\":\"https:\/\/ticsalutsocial.atoom.space\/es\/noticia\/la-fundacio-tic-salut-social-acull-sessions-dintercanvi-entre-catalunya-i-suecia-sobre-gestio-i-bones-practiques-dels-serveis-assistencials\/#primaryimage\",\"url\":\"https:\/\/ticsalutsocial.atoom.space\/wp-content\/uploads\/2024\/11\/Sin-titulo-1-4.png\",\"contentUrl\":\"https:\/\/ticsalutsocial.atoom.space\/wp-content\/uploads\/2024\/11\/Sin-titulo-1-4.png\",\"width\":1289,\"height\":960,\"caption\":\"La Fundaci\u00f3 TIC Salut Social acull sessions d\u2019intercanvi entre Catalunya i Su\u00e8cia sobre gesti\u00f3 i bones pr\u00e0ctiques dels serveis assistencials\"},{\"@type\":\"BreadcrumbList\",\"@id\":\"https:\/\/ticsalutsocial.atoom.space\/es\/noticia\/la-fundacio-tic-salut-social-acull-sessions-dintercanvi-entre-catalunya-i-suecia-sobre-gestio-i-bones-practiques-dels-serveis-assistencials\/#breadcrumb\",\"itemListElement\":[{\"@type\":\"ListItem\",\"position\":1,\"name\":\"Inici\",\"item\":\"https:\/\/ticsalutsocial.atoom.space\/es\/\"},{\"@type\":\"ListItem\",\"position\":2,\"name\":\"La Fundaci\u00f3n TIC Salut Social acoge sesiones de intercambio entre Catalu\u00f1a y Suecia sobre gesti\u00f3n y buenas pr\u00e1cticas de los servicios asistenciales\"}]},{\"@type\":\"WebSite\",\"@id\":\"https:\/\/ticsalutsocial.atoom.space\/es\/#website\",\"url\":\"https:\/\/ticsalutsocial.atoom.space\/es\/\",\"name\":\"Fundaci\u00f3 TIC Salut i Social\",\"description\":\"\",\"potentialAction\":[{\"@type\":\"SearchAction\",\"target\":{\"@type\":\"EntryPoint\",\"urlTemplate\":\"https:\/\/ticsalutsocial.atoom.space\/es\/?s={search_term_string}\"},\"query-input\":{\"@type\":\"PropertyValueSpecification\",\"valueRequired\":true,\"valueName\":\"search_term_string\"}}],\"inLanguage\":\"es\"}]}<\/script>\n<!-- \/ Yoast SEO plugin. -->","yoast_head_json":{"title":"La Fundaci\u00f3n TIC Salut Social acoge sesiones de intercambio entre Catalu\u00f1a y Suecia sobre gesti\u00f3n y buenas pr\u00e1cticas de los servicios asistenciales - Fundaci\u00f3 TIC Salut i Social","robots":{"index":"index","follow":"follow","max-snippet":"max-snippet:-1","max-image-preview":"max-image-preview:large","max-video-preview":"max-video-preview:-1"},"canonical":"https:\/\/ticsalutsocial.atoom.space\/es\/noticia\/la-fundacio-tic-salut-social-acull-sessions-dintercanvi-entre-catalunya-i-suecia-sobre-gestio-i-bones-practiques-dels-serveis-assistencials\/","og_locale":"es_ES","og_type":"article","og_title":"La Fundaci\u00f3n TIC Salut Social acoge sesiones de intercambio entre Catalu\u00f1a y Suecia sobre gesti\u00f3n y buenas pr\u00e1cticas de los servicios asistenciales - Fundaci\u00f3 TIC Salut i Social","og_description":"Entre los d\u00edas 12 y 14 de noviembre la Fundaci\u00f3n TIC Salut Social ha acogido diferentes sesiones de trabajo con una delegaci\u00f3n del sistema de salud sueco, la Swedish Association of Local Authorities and Regions, y los representantes del Sistema de Salut y del Departamento de Derechos Sociales e Inclusi\u00f3n. Este intercambio de buenas pr\u00e1cticas [&hellip;]","og_url":"https:\/\/ticsalutsocial.atoom.space\/es\/noticia\/la-fundacio-tic-salut-social-acull-sessions-dintercanvi-entre-catalunya-i-suecia-sobre-gestio-i-bones-practiques-dels-serveis-assistencials\/","og_site_name":"Fundaci\u00f3 TIC Salut i Social","article_modified_time":"2024-11-20T11:16:57+00:00","og_image":[{"width":1289,"height":960,"url":"https:\/\/ticsalutsocial.atoom.space\/wp-content\/uploads\/2024\/11\/Sin-titulo-1-4.png","type":"image\/png"}],"twitter_card":"summary_large_image","twitter_misc":{"Tiempo de lectura":"3 minutos"},"schema":{"@context":"https:\/\/schema.org","@graph":[{"@type":"WebPage","@id":"https:\/\/ticsalutsocial.atoom.space\/es\/noticia\/la-fundacio-tic-salut-social-acull-sessions-dintercanvi-entre-catalunya-i-suecia-sobre-gestio-i-bones-practiques-dels-serveis-assistencials\/","url":"https:\/\/ticsalutsocial.atoom.space\/es\/noticia\/la-fundacio-tic-salut-social-acull-sessions-dintercanvi-entre-catalunya-i-suecia-sobre-gestio-i-bones-practiques-dels-serveis-assistencials\/","name":"La Fundaci\u00f3n TIC Salut Social acoge sesiones de intercambio entre Catalu\u00f1a y Suecia sobre gesti\u00f3n y buenas pr\u00e1cticas de los servicios asistenciales - Fundaci\u00f3 TIC Salut i Social","isPartOf":{"@id":"https:\/\/ticsalutsocial.atoom.space\/es\/#website"},"primaryImageOfPage":{"@id":"https:\/\/ticsalutsocial.atoom.space\/es\/noticia\/la-fundacio-tic-salut-social-acull-sessions-dintercanvi-entre-catalunya-i-suecia-sobre-gestio-i-bones-practiques-dels-serveis-assistencials\/#primaryimage"},"image":{"@id":"https:\/\/ticsalutsocial.atoom.space\/es\/noticia\/la-fundacio-tic-salut-social-acull-sessions-dintercanvi-entre-catalunya-i-suecia-sobre-gestio-i-bones-practiques-dels-serveis-assistencials\/#primaryimage"},"thumbnailUrl":"https:\/\/ticsalutsocial.atoom.space\/wp-content\/uploads\/2024\/11\/Sin-titulo-1-4.png","datePublished":"2024-11-20T10:10:15+00:00","dateModified":"2024-11-20T11:16:57+00:00","breadcrumb":{"@id":"https:\/\/ticsalutsocial.atoom.space\/es\/noticia\/la-fundacio-tic-salut-social-acull-sessions-dintercanvi-entre-catalunya-i-suecia-sobre-gestio-i-bones-practiques-dels-serveis-assistencials\/#breadcrumb"},"inLanguage":"es","potentialAction":[{"@type":"ReadAction","target":["https:\/\/ticsalutsocial.atoom.space\/es\/noticia\/la-fundacio-tic-salut-social-acull-sessions-dintercanvi-entre-catalunya-i-suecia-sobre-gestio-i-bones-practiques-dels-serveis-assistencials\/"]}]},{"@type":"ImageObject","inLanguage":"es","@id":"https:\/\/ticsalutsocial.atoom.space\/es\/noticia\/la-fundacio-tic-salut-social-acull-sessions-dintercanvi-entre-catalunya-i-suecia-sobre-gestio-i-bones-practiques-dels-serveis-assistencials\/#primaryimage","url":"https:\/\/ticsalutsocial.atoom.space\/wp-content\/uploads\/2024\/11\/Sin-titulo-1-4.png","contentUrl":"https:\/\/ticsalutsocial.atoom.space\/wp-content\/uploads\/2024\/11\/Sin-titulo-1-4.png","width":1289,"height":960,"caption":"La Fundaci\u00f3 TIC Salut Social acull sessions d\u2019intercanvi entre Catalunya i Su\u00e8cia sobre gesti\u00f3 i bones pr\u00e0ctiques dels serveis assistencials"},{"@type":"BreadcrumbList","@id":"https:\/\/ticsalutsocial.atoom.space\/es\/noticia\/la-fundacio-tic-salut-social-acull-sessions-dintercanvi-entre-catalunya-i-suecia-sobre-gestio-i-bones-practiques-dels-serveis-assistencials\/#breadcrumb","itemListElement":[{"@type":"ListItem","position":1,"name":"Inici","item":"https:\/\/ticsalutsocial.atoom.space\/es\/"},{"@type":"ListItem","position":2,"name":"La Fundaci\u00f3n TIC Salut Social acoge sesiones de intercambio entre Catalu\u00f1a y Suecia sobre gesti\u00f3n y buenas pr\u00e1cticas de los servicios asistenciales"}]},{"@type":"WebSite","@id":"https:\/\/ticsalutsocial.atoom.space\/es\/#website","url":"https:\/\/ticsalutsocial.atoom.space\/es\/","name":"Fundaci\u00f3 TIC Salut i Social","description":"","potentialAction":[{"@type":"SearchAction","target":{"@type":"EntryPoint","urlTemplate":"https:\/\/ticsalutsocial.atoom.space\/es\/?s={search_term_string}"},"query-input":{"@type":"PropertyValueSpecification","valueRequired":true,"valueName":"search_term_string"}}],"inLanguage":"es"}]}},"_links":{"self":[{"href":"https:\/\/ticsalutsocial.atoom.space\/es\/wp-json\/wp\/v2\/noticia\/29174","targetHints":{"allow":["GET"]}}],"collection":[{"href":"https:\/\/ticsalutsocial.atoom.space\/es\/wp-json\/wp\/v2\/noticia"}],"about":[{"href":"https:\/\/ticsalutsocial.atoom.space\/es\/wp-json\/wp\/v2\/types\/noticia"}],"author":[{"embeddable":true,"href":"https:\/\/ticsalutsocial.atoom.space\/es\/wp-json\/wp\/v2\/users\/3"}],"wp:featuredmedia":[{"embeddable":true,"href":"https:\/\/ticsalutsocial.atoom.space\/es\/wp-json\/wp\/v2\/media\/29179"}],"wp:attachment":[{"href":"https:\/\/ticsalutsocial.atoom.space\/es\/wp-json\/wp\/v2\/media?parent=29174"}],"wp:term":[{"taxonomy":"etiqueta","embeddable":true,"href":"https:\/\/ticsalutsocial.atoom.space\/es\/wp-json\/wp\/v2\/etiqueta?post=29174"},{"taxonomy":"tipus","embeddable":true,"href":"https:\/\/ticsalutsocial.atoom.space\/es\/wp-json\/wp\/v2\/tipus?post=29174"},{"taxonomy":"topic","embeddable":true,"href":"https:\/\/ticsalutsocial.atoom.space\/es\/wp-json\/wp\/v2\/topic?post=29174"}],"curies":[{"name":"wp","href":"https:\/\/api.w.org\/{rel}","templated":true}]}}