
{"id":29220,"date":"2024-12-02T09:00:08","date_gmt":"2024-12-02T07:00:08","guid":{"rendered":"https:\/\/ticsalutsocial.atoom.space\/?post_type=noticia&#038;p=29220"},"modified":"2024-11-25T16:11:51","modified_gmt":"2024-11-25T14:11:51","slug":"inaugurat-lespai-mataro-cuida-carecitylab-amb-un-acte-institucional-i-portes-obertes","status":"publish","type":"noticia","link":"https:\/\/ticsalutsocial.atoom.space\/es\/noticia\/inaugurat-lespai-mataro-cuida-carecitylab-amb-un-acte-institucional-i-portes-obertes\/","title":{"rendered":"Inaugurado el &#8216;Espai Matar\u00f3 Cuida-CareCityLab&#8217; con un acto institucional y jornada de puertas abiertas"},"content":{"rendered":"<p>El nuevo centro de cuidados e investigaci\u00f3n en el \u00e1mbito sociosanitario de Matar\u00f3 se inaugur\u00f3 el 28 de noviembre en una jornada para dar a conocer los servicios que ofrece, entre los cuales se encuentra la Oficina de Cuidados y el Centro para la Autonom\u00eda Personal S\u00edrius. Durante la ma\u00f1ana tuvo lugar el acto institucional con una conferencia a cargo de Gen\u00eds Roca, experto en procesos de transformaci\u00f3n digital. Por la tarde, se pudo visitar el equipamiento CareCityLab con una jornada de puertas abiertas.<\/p>\n<p>El <em>Espai Matar\u00f3 Cuida-CareCityLab<\/em> es un centro de referencia en investigaci\u00f3n, asesoramiento y atenci\u00f3n a los cuidados que sit\u00faa a Matar\u00f3 en el foco de las ciudades cuidadoras de Catalu\u00f1a. El equipamiento, ubicado en el paseo de la Marina 144, se cre\u00f3 con fondos de la Generalitat y ya est\u00e1 en funcionamiento. Una de las novedades del Espacio Matar\u00f3 Cuida es que cuenta con una cogobernanza de todas las entidades socias fundacionales: Ayuntamiento de Matar\u00f3, TecnoCampus Matar\u00f3-Maresme, Consorcio Sanitario del Maresme, Fundaci\u00f3n Privada Salud del Consorcio Sanitario del Maresme, Fundaci\u00f3n Privada Hospital Sant Jaume y Santa Magdalena, Fundaci\u00f3n Privada del Maresme, Fundaci\u00f3n Eurecat, Fundaci\u00f3n TIC Salut Social, Fundaci\u00f3n Jordi Gol i Gurina e Instituto Catal\u00e1n de la Salud.<\/p>\n<h3><strong>Oficina de Cuidados, Centro para la Autonom\u00eda Personal S\u00edrius y el Punto V\u00ednculo<\/strong><\/h3>\n<p>La Oficina de Cuidados est\u00e1 dirigida a personas fr\u00e1giles ya sea por su edad, porque tienen alg\u00fan tipo de discapacidad, dependencia o enfermedad cr\u00f3nica as\u00ed como a sus cuidadores. Los objetivos son promover la autonom\u00eda el mayor tiempo posible, informar sobre el acceso de las personas fr\u00e1giles y sus cuidadores a la red de recursos p\u00fablicos y privados del \u00e1mbito de los cuidados sociales y sanitarios. Tambi\u00e9n incorporar la mirada comunitaria en el \u00e1mbito de los cuidados, generando espacios comunitarios donde compartir la responsabilidad social de los cuidados.<\/p>\n<p>La Oficina de Cuidados ofrece informaci\u00f3n, orientaci\u00f3n y asesoramiento, intervenci\u00f3n grupal y crear v\u00ednculos con las entidades del Tercer Sector.<\/p>\n<p>Los objetivos del Centro para la Autonom\u00eda Personal S\u00edrius son informar y asesorar sobre soluciones para mejorar la autonom\u00eda de las personas dependientes. Informar y asesorar sobre soluciones que faciliten la tarea del asistente en el caso de las personas con dependencia de cualquier edad, sobre recursos y ayudas as\u00ed como poner el acento en un amplio espacio de exposici\u00f3n permanente de productos de apoyo y entornos accesibles. Tambi\u00e9n hay la intenci\u00f3n de reforzar el conocimiento y la especializaci\u00f3n de los profesionales de la atenci\u00f3n social y sanitaria a trav\u00e9s de sesiones formativas y talleres.<\/p>\n<p>Este servicio va dirigido tanto a las personas con dependencia y sus cuidadores\/familiares, como a entidades, profesionales y estudiantes y empresas que ofrecen productos y servicios para fomentar todo lo posible la autonom\u00eda de la persona.<\/p>\n<p>Como ejemplos concretos de lo que, a d\u00eda de hoy, ofrece el Centro para la autonom\u00eda personal hay dos cuartos de ba\u00f1o familiares inclusivos con cambiador para adultos, ba\u00f1o para personas con ostom\u00eda, as\u00ed como otros espacios simulados. Un hogar y una habitaci\u00f3n de residencia que incorporan soluciones y ayudas t\u00e9cnicas para mejorar la autonom\u00eda de las personas.<\/p>\n<p>El Punto V\u00ednculo, liderado por la Fundaci\u00f3n Hospital, facilita el acceso de la ciudadan\u00eda a la informaci\u00f3n, orientaci\u00f3n y asesoramiento por parte de las Entidades del Tercer Sector de Acci\u00f3n Social de cuidados. El objetivo es empoderar y generar interacci\u00f3n entre las personas cuidadoras y\/o receptoras de cuidado en Matar\u00f3 y el Maresme. Asimismo, promueve la interacci\u00f3n entre entidades y facilita el desarrollo de l\u00edneas de trabajo conjunto entre diferentes Entidades del Tercer Sector de Acci\u00f3n Social de cuidados, para potenciar el valor social que aportan y hacer crecer el ecosistema social de los cuidados.<\/p>\n<h3><strong>Atenci\u00f3n a la fragilidad y talleres disfagia<\/strong><\/h3>\n<p>El Consorcio Sanitario del Maresme ofrece talleres del Programa de Cribado de la Fragilidad que consisten en 7 sesiones orientadas al ejercicio f\u00edsico para mejorar desde la funci\u00f3n cardiorespiratoria, la fuerza y el equilibrio, la nutrici\u00f3n, el bienestar emocional, el control de las enfermedades de base, el uso adecuado de la medicaci\u00f3n y finalmente el apoyo social.<\/p>\n<p>Desde motilidad digestiva se est\u00e1 elaborando una serie de actividades para el 2025 dirigidas a la ciudadan\u00eda sobre incontinencia fecal y estre\u00f1imiento con el objetivo de empoderar a los pacientes y familiares afectados por incontinencia fecal y estre\u00f1imiento, as\u00ed como sensibilizar a la poblaci\u00f3n en general. Ser\u00e1n 8 actividades independientes entre coloquios y talleres que se realizar\u00e1n durante el a\u00f1o.<\/p>\n<p>Tambi\u00e9n se han realizado talleres de fluidos y dietas de textura modificada para personas con disfagia, cuidadores, residencias&#8230; para la elaboraci\u00f3n de un men\u00fa adaptado. Est\u00e1 previsto que desde el Hospital de Matar\u00f3 se hagan nuevos talleres durante el 2025.<\/p>\n<p>Tambi\u00e9n se est\u00e1 gestionando para poder realizar una serie de charlas dirigidas a toda la poblaci\u00f3n de Matar\u00f3 relacionadas con la salud global: prevenci\u00f3n de infecciones, bacterias resistentes a los antibi\u00f3ticos y reforzar la inmunidad con las vacunas.<\/p>\n<h3><strong>Transferencia de conocimiento al sector empresarial<\/strong><\/h3>\n<p>El Espacio Matar\u00f3 Cuida-CareCityLab ha iniciado el despliegue de programas colaborativos donde la sinergia entre los centros de investigaci\u00f3n y los agentes del sector empresarial permite acelerar el desarrollo y la implantaci\u00f3n de soluciones innovadoras en beneficio de la sociedad. Sirva de ejemplo el programa Innocare (TecnoCampus) para transferir conocimiento al sector productivo.<\/p>\n<p>Todos los socios fundacionales trabajan en diferentes proyectos y l\u00edneas de estudio e investigaci\u00f3n cient\u00edfica que se ir\u00e1n desarrollando en este equipamiento, como nodo de conocimiento y servicios a los cuidados de la ciudadan\u00eda.<\/p>\n","protected":false},"author":3,"featured_media":29219,"menu_order":0,"template":"","meta":{"_acf_changed":false,"inline_featured_image":false},"etiqueta":[],"tipus":[],"topic":[117],"class_list":["post-29220","noticia","type-noticia","status-publish","has-post-thumbnail","hentry","topic-jornadas"],"acf":{"finalitzat":false,"tipus_plantilla":"objectius","template_objectius":{"cont_principal":"","imatge":false,"cont_seguent":{"titol":"","contingut":""},"seccio_llistat":{"titol":"","llistat":false},"objectius":{"titol":"","objectius":false},"documents":false},"autor":"","imatge":false,"textos_destacats":[{"texte":"Cuenta con una cogobernanza de todas las entidades socias fundacionales y entre ellas Fundaci\u00f3n TIC Salut Social"}],"documents":false},"yoast_head":"<!-- This site is optimized with the Yoast SEO plugin v27.1.1 - https:\/\/yoast.com\/product\/yoast-seo-wordpress\/ -->\n<title>Inaugurado el &#039;Espai Matar\u00f3 Cuida-CareCityLab&#039; con un acto institucional y jornada de puertas abiertas - Fundaci\u00f3 TIC Salut i Social<\/title>\n<meta name=\"robots\" content=\"index, follow, max-snippet:-1, max-image-preview:large, max-video-preview:-1\" \/>\n<link rel=\"canonical\" href=\"https:\/\/ticsalutsocial.atoom.space\/es\/noticia\/inaugurat-lespai-mataro-cuida-carecitylab-amb-un-acte-institucional-i-portes-obertes\/\" \/>\n<meta property=\"og:locale\" content=\"es_ES\" \/>\n<meta property=\"og:type\" content=\"article\" \/>\n<meta property=\"og:title\" content=\"Inaugurado el &#039;Espai Matar\u00f3 Cuida-CareCityLab&#039; con un acto institucional y jornada de puertas abiertas - Fundaci\u00f3 TIC Salut i Social\" \/>\n<meta property=\"og:description\" content=\"El nuevo centro de cuidados e investigaci\u00f3n en el \u00e1mbito sociosanitario de Matar\u00f3 se inaugur\u00f3 el 28 de noviembre en una jornada para dar a conocer los servicios que ofrece, entre los cuales se encuentra la Oficina de Cuidados y el Centro para la Autonom\u00eda Personal S\u00edrius. Durante la ma\u00f1ana tuvo lugar el acto institucional [&hellip;]\" \/>\n<meta property=\"og:url\" content=\"https:\/\/ticsalutsocial.atoom.space\/es\/noticia\/inaugurat-lespai-mataro-cuida-carecitylab-amb-un-acte-institucional-i-portes-obertes\/\" \/>\n<meta property=\"og:site_name\" content=\"Fundaci\u00f3 TIC Salut i Social\" \/>\n<meta property=\"og:image\" content=\"https:\/\/ticsalutsocial.atoom.space\/wp-content\/uploads\/2024\/11\/carecity.png\" \/>\n\t<meta property=\"og:image:width\" content=\"1222\" \/>\n\t<meta property=\"og:image:height\" content=\"960\" \/>\n\t<meta property=\"og:image:type\" content=\"image\/png\" \/>\n<meta name=\"twitter:card\" content=\"summary_large_image\" \/>\n<meta name=\"twitter:label1\" content=\"Tiempo de lectura\" \/>\n\t<meta name=\"twitter:data1\" content=\"6 minutos\" \/>\n<script type=\"application\/ld+json\" class=\"yoast-schema-graph\">{\"@context\":\"https:\/\/schema.org\",\"@graph\":[{\"@type\":\"WebPage\",\"@id\":\"https:\/\/ticsalutsocial.atoom.space\/es\/noticia\/inaugurat-lespai-mataro-cuida-carecitylab-amb-un-acte-institucional-i-portes-obertes\/\",\"url\":\"https:\/\/ticsalutsocial.atoom.space\/es\/noticia\/inaugurat-lespai-mataro-cuida-carecitylab-amb-un-acte-institucional-i-portes-obertes\/\",\"name\":\"Inaugurado el 'Espai Matar\u00f3 Cuida-CareCityLab' con un acto institucional y jornada de puertas abiertas - Fundaci\u00f3 TIC Salut i Social\",\"isPartOf\":{\"@id\":\"https:\/\/ticsalutsocial.atoom.space\/es\/#website\"},\"primaryImageOfPage\":{\"@id\":\"https:\/\/ticsalutsocial.atoom.space\/es\/noticia\/inaugurat-lespai-mataro-cuida-carecitylab-amb-un-acte-institucional-i-portes-obertes\/#primaryimage\"},\"image\":{\"@id\":\"https:\/\/ticsalutsocial.atoom.space\/es\/noticia\/inaugurat-lespai-mataro-cuida-carecitylab-amb-un-acte-institucional-i-portes-obertes\/#primaryimage\"},\"thumbnailUrl\":\"https:\/\/ticsalutsocial.atoom.space\/wp-content\/uploads\/2024\/11\/carecity.png\",\"datePublished\":\"2024-12-02T07:00:08+00:00\",\"breadcrumb\":{\"@id\":\"https:\/\/ticsalutsocial.atoom.space\/es\/noticia\/inaugurat-lespai-mataro-cuida-carecitylab-amb-un-acte-institucional-i-portes-obertes\/#breadcrumb\"},\"inLanguage\":\"es\",\"potentialAction\":[{\"@type\":\"ReadAction\",\"target\":[\"https:\/\/ticsalutsocial.atoom.space\/es\/noticia\/inaugurat-lespai-mataro-cuida-carecitylab-amb-un-acte-institucional-i-portes-obertes\/\"]}]},{\"@type\":\"ImageObject\",\"inLanguage\":\"es\",\"@id\":\"https:\/\/ticsalutsocial.atoom.space\/es\/noticia\/inaugurat-lespai-mataro-cuida-carecitylab-amb-un-acte-institucional-i-portes-obertes\/#primaryimage\",\"url\":\"https:\/\/ticsalutsocial.atoom.space\/wp-content\/uploads\/2024\/11\/carecity.png\",\"contentUrl\":\"https:\/\/ticsalutsocial.atoom.space\/wp-content\/uploads\/2024\/11\/carecity.png\",\"width\":1222,\"height\":960,\"caption\":\"Inaugurat l\u2019Espai Matar\u00f3 Cuida-CareCityLab amb un acte institucional i portes obertes\"},{\"@type\":\"BreadcrumbList\",\"@id\":\"https:\/\/ticsalutsocial.atoom.space\/es\/noticia\/inaugurat-lespai-mataro-cuida-carecitylab-amb-un-acte-institucional-i-portes-obertes\/#breadcrumb\",\"itemListElement\":[{\"@type\":\"ListItem\",\"position\":1,\"name\":\"Inici\",\"item\":\"https:\/\/ticsalutsocial.atoom.space\/es\/\"},{\"@type\":\"ListItem\",\"position\":2,\"name\":\"Inaugurado el &#8216;Espai Matar\u00f3 Cuida-CareCityLab&#8217; con un acto institucional y jornada de puertas abiertas\"}]},{\"@type\":\"WebSite\",\"@id\":\"https:\/\/ticsalutsocial.atoom.space\/es\/#website\",\"url\":\"https:\/\/ticsalutsocial.atoom.space\/es\/\",\"name\":\"Fundaci\u00f3 TIC Salut i Social\",\"description\":\"\",\"potentialAction\":[{\"@type\":\"SearchAction\",\"target\":{\"@type\":\"EntryPoint\",\"urlTemplate\":\"https:\/\/ticsalutsocial.atoom.space\/es\/?s={search_term_string}\"},\"query-input\":{\"@type\":\"PropertyValueSpecification\",\"valueRequired\":true,\"valueName\":\"search_term_string\"}}],\"inLanguage\":\"es\"}]}<\/script>\n<!-- \/ Yoast SEO plugin. -->","yoast_head_json":{"title":"Inaugurado el 'Espai Matar\u00f3 Cuida-CareCityLab' con un acto institucional y jornada de puertas abiertas - Fundaci\u00f3 TIC Salut i Social","robots":{"index":"index","follow":"follow","max-snippet":"max-snippet:-1","max-image-preview":"max-image-preview:large","max-video-preview":"max-video-preview:-1"},"canonical":"https:\/\/ticsalutsocial.atoom.space\/es\/noticia\/inaugurat-lespai-mataro-cuida-carecitylab-amb-un-acte-institucional-i-portes-obertes\/","og_locale":"es_ES","og_type":"article","og_title":"Inaugurado el 'Espai Matar\u00f3 Cuida-CareCityLab' con un acto institucional y jornada de puertas abiertas - Fundaci\u00f3 TIC Salut i Social","og_description":"El nuevo centro de cuidados e investigaci\u00f3n en el \u00e1mbito sociosanitario de Matar\u00f3 se inaugur\u00f3 el 28 de noviembre en una jornada para dar a conocer los servicios que ofrece, entre los cuales se encuentra la Oficina de Cuidados y el Centro para la Autonom\u00eda Personal S\u00edrius. Durante la ma\u00f1ana tuvo lugar el acto institucional [&hellip;]","og_url":"https:\/\/ticsalutsocial.atoom.space\/es\/noticia\/inaugurat-lespai-mataro-cuida-carecitylab-amb-un-acte-institucional-i-portes-obertes\/","og_site_name":"Fundaci\u00f3 TIC Salut i Social","og_image":[{"width":1222,"height":960,"url":"https:\/\/ticsalutsocial.atoom.space\/wp-content\/uploads\/2024\/11\/carecity.png","type":"image\/png"}],"twitter_card":"summary_large_image","twitter_misc":{"Tiempo de lectura":"6 minutos"},"schema":{"@context":"https:\/\/schema.org","@graph":[{"@type":"WebPage","@id":"https:\/\/ticsalutsocial.atoom.space\/es\/noticia\/inaugurat-lespai-mataro-cuida-carecitylab-amb-un-acte-institucional-i-portes-obertes\/","url":"https:\/\/ticsalutsocial.atoom.space\/es\/noticia\/inaugurat-lespai-mataro-cuida-carecitylab-amb-un-acte-institucional-i-portes-obertes\/","name":"Inaugurado el 'Espai Matar\u00f3 Cuida-CareCityLab' con un acto institucional y jornada de puertas abiertas - Fundaci\u00f3 TIC Salut i Social","isPartOf":{"@id":"https:\/\/ticsalutsocial.atoom.space\/es\/#website"},"primaryImageOfPage":{"@id":"https:\/\/ticsalutsocial.atoom.space\/es\/noticia\/inaugurat-lespai-mataro-cuida-carecitylab-amb-un-acte-institucional-i-portes-obertes\/#primaryimage"},"image":{"@id":"https:\/\/ticsalutsocial.atoom.space\/es\/noticia\/inaugurat-lespai-mataro-cuida-carecitylab-amb-un-acte-institucional-i-portes-obertes\/#primaryimage"},"thumbnailUrl":"https:\/\/ticsalutsocial.atoom.space\/wp-content\/uploads\/2024\/11\/carecity.png","datePublished":"2024-12-02T07:00:08+00:00","breadcrumb":{"@id":"https:\/\/ticsalutsocial.atoom.space\/es\/noticia\/inaugurat-lespai-mataro-cuida-carecitylab-amb-un-acte-institucional-i-portes-obertes\/#breadcrumb"},"inLanguage":"es","potentialAction":[{"@type":"ReadAction","target":["https:\/\/ticsalutsocial.atoom.space\/es\/noticia\/inaugurat-lespai-mataro-cuida-carecitylab-amb-un-acte-institucional-i-portes-obertes\/"]}]},{"@type":"ImageObject","inLanguage":"es","@id":"https:\/\/ticsalutsocial.atoom.space\/es\/noticia\/inaugurat-lespai-mataro-cuida-carecitylab-amb-un-acte-institucional-i-portes-obertes\/#primaryimage","url":"https:\/\/ticsalutsocial.atoom.space\/wp-content\/uploads\/2024\/11\/carecity.png","contentUrl":"https:\/\/ticsalutsocial.atoom.space\/wp-content\/uploads\/2024\/11\/carecity.png","width":1222,"height":960,"caption":"Inaugurat l\u2019Espai Matar\u00f3 Cuida-CareCityLab amb un acte institucional i portes obertes"},{"@type":"BreadcrumbList","@id":"https:\/\/ticsalutsocial.atoom.space\/es\/noticia\/inaugurat-lespai-mataro-cuida-carecitylab-amb-un-acte-institucional-i-portes-obertes\/#breadcrumb","itemListElement":[{"@type":"ListItem","position":1,"name":"Inici","item":"https:\/\/ticsalutsocial.atoom.space\/es\/"},{"@type":"ListItem","position":2,"name":"Inaugurado el &#8216;Espai Matar\u00f3 Cuida-CareCityLab&#8217; con un acto institucional y jornada de puertas abiertas"}]},{"@type":"WebSite","@id":"https:\/\/ticsalutsocial.atoom.space\/es\/#website","url":"https:\/\/ticsalutsocial.atoom.space\/es\/","name":"Fundaci\u00f3 TIC Salut i Social","description":"","potentialAction":[{"@type":"SearchAction","target":{"@type":"EntryPoint","urlTemplate":"https:\/\/ticsalutsocial.atoom.space\/es\/?s={search_term_string}"},"query-input":{"@type":"PropertyValueSpecification","valueRequired":true,"valueName":"search_term_string"}}],"inLanguage":"es"}]}},"_links":{"self":[{"href":"https:\/\/ticsalutsocial.atoom.space\/es\/wp-json\/wp\/v2\/noticia\/29220","targetHints":{"allow":["GET"]}}],"collection":[{"href":"https:\/\/ticsalutsocial.atoom.space\/es\/wp-json\/wp\/v2\/noticia"}],"about":[{"href":"https:\/\/ticsalutsocial.atoom.space\/es\/wp-json\/wp\/v2\/types\/noticia"}],"author":[{"embeddable":true,"href":"https:\/\/ticsalutsocial.atoom.space\/es\/wp-json\/wp\/v2\/users\/3"}],"wp:featuredmedia":[{"embeddable":true,"href":"https:\/\/ticsalutsocial.atoom.space\/es\/wp-json\/wp\/v2\/media\/29219"}],"wp:attachment":[{"href":"https:\/\/ticsalutsocial.atoom.space\/es\/wp-json\/wp\/v2\/media?parent=29220"}],"wp:term":[{"taxonomy":"etiqueta","embeddable":true,"href":"https:\/\/ticsalutsocial.atoom.space\/es\/wp-json\/wp\/v2\/etiqueta?post=29220"},{"taxonomy":"tipus","embeddable":true,"href":"https:\/\/ticsalutsocial.atoom.space\/es\/wp-json\/wp\/v2\/tipus?post=29220"},{"taxonomy":"topic","embeddable":true,"href":"https:\/\/ticsalutsocial.atoom.space\/es\/wp-json\/wp\/v2\/topic?post=29220"}],"curies":[{"name":"wp","href":"https:\/\/api.w.org\/{rel}","templated":true}]}}