
{"id":29352,"date":"2024-11-29T14:56:21","date_gmt":"2024-11-29T12:56:21","guid":{"rendered":"https:\/\/ticsalutsocial.atoom.space\/noticia\/catalunya-avanca-en-la-integracio-dels-drons-en-salut-amb-la-mirada-posada-en-la-resposta-a-emergencies\/"},"modified":"2024-12-03T09:27:11","modified_gmt":"2024-12-03T07:27:11","slug":"catalunya-avanca-en-la-integracio-dels-drons-en-salut-amb-la-mirada-posada-en-la-resposta-a-emergencies","status":"publish","type":"noticia","link":"https:\/\/ticsalutsocial.atoom.space\/es\/noticia\/catalunya-avanca-en-la-integracio-dels-drons-en-salut-amb-la-mirada-posada-en-la-resposta-a-emergencies\/","title":{"rendered":"Catalu\u00f1a avanza en la integraci\u00f3n de los drones en salud con la mirada puesta en la respuesta a emergencias"},"content":{"rendered":"\n<p>El Departamento de Salud de la Generalitat de Catalunya ha acogido hoy la jornada &#8216;Integraci\u00f3n de los drones en salud en Catalu\u00f1a: experiencias de log\u00edstica sanitaria y nuevos casos de aplicaci\u00f3n cl\u00ednica y de emergencias sanitarias&#8217;. En el acto se han presentado los resultados de las \u00faltimas pruebas pilotos impulsadas en el Sistema de Salud de Catalu\u00f1a y los nuevos proyectos previstos en este \u00e1mbito, poniendo \u00e9nfasis en el potencial de esta tecnolog\u00eda a la hora de dar respuesta a situaciones de emergencias graves.<\/p>\n\n\n\n<p>La jornada se ha enmarcado en el grupo de trabajo para la incorporaci\u00f3n de drones en el \u00e1mbito de la salud en Catalu\u00f1a, y ha sido organizada por la Fundaci\u00f3n TIC Salut Social, con la colaboraci\u00f3n del Centro de TeleComunicaciones y Tecnolog\u00edas de la Informaci\u00f3n (CTTI) como facilitador de los proyectos, y de la Atenci\u00f3n Primaria del Instituto Catal\u00e1n de la Salud (ICS) en la Metropolitana Nord, el Laboratorio Cl\u00ednico Metropolitana Nord (ubicado en el Hospital Germans Trias), el Banco de Sangre y Tejidos, la Fundaci\u00f3n Hospital de Olot Comarcal de la Garrotxa y el Sistema de Emergencias M\u00e9dicas (SEM), como participantes e impulsores de los pilotos.<\/p>\n\n\n\n<p>En la inauguraci\u00f3n del acto, el director de la Fundaci\u00f3n TIC Salut Social, J<strong>oan Guanyabens<\/strong>, ha se\u00f1alado que <strong>\u201clos drones facilitan la atenci\u00f3n sanitaria, especialmente como herramienta de apoyo y servicios en situaciones de emergencia, agilizando los servicios log\u00edsticos entre los distintos agentes sanitarios, y permitiendo nuevos modelos de atenci\u00f3n cl\u00ednica a las personas\u201d<\/strong>. Guanyabens tambi\u00e9n ha apuntado que actualmente<strong> \u00abestamos trabajando en diferentes proyectos que nos indican su viabilidad e integraci\u00f3n dentro de las estructuras de salud\u00bb<\/strong>.<\/p>\n\n\n\n<h2 class=\"wp-block-heading\">Resultados de la prueba piloto<\/h2>\n\n\n\n<p>Por un lado, en la jornada se ha presentado el <a href=\"https:\/\/ticsalutsocial.atoom.space\/wp-content\/uploads\/2024\/11\/Informe-Resultats-Olot.pdf\" target=\"_blank\" rel=\"noreferrer noopener\">informe de resultados de la prueba de concepto de transporte de muestras biol\u00f3gicas con dron en la Garrotxa<\/a>. El piloto se realiz\u00f3 durante cinco d\u00edas, entre la segunda y tercera semana de junio de 2024, y se transportaron 37 muestras de sangre desde el CAP Vall d&#8217;en Bas al laboratorio de la Fundaci\u00f3n Hospital de Olot y Comarcal de la Garrotxa . La prueba permiti\u00f3 <strong>reducir el tiempo de transporte con dron en cerca de un 75% de media <\/strong>respecto al transporte con furgoneta, disminuyendo en torno al 50% el \u00edndice de hem\u00f3lisis (deterioro de los gl\u00f3bulos rojos) de las muestras, y <strong>reducir las emisiones de CO2 en un 98%<\/strong> con respecto a las emisiones generadas con el transporte ordinario. El modelo de dron empleado en esta prueba fue un dron el\u00e9ctrico tipo VTOL (<em>vertical take-off and landing<\/em>), que es capaz de despegar y aterrizar en espacios reducidos de s\u00f3lo 5 metros de di\u00e1metro.<\/p>\n\n\n\n<p>Por otra parte, tambi\u00e9n se ha presentado la prueba de concepto de transporte de muestras biol\u00f3gicas con dron en la Regi\u00f3n Sanitaria Metropolitana Nord. El piloto se inici\u00f3 el 18 de noviembre de 2024 entre el CAP Sant Fost \u2013 Martorelles y el Laboratorio Cl\u00ednico Metropolitana Norte, ubicado en el Hospital Germans Trias i Pujol, y justo se ha realizado el \u00faltimo vuelo este mismo 29 de noviembre. A pesar de que todav\u00eda se deben analizar los resultados, la prueba ha permitido transportar <strong>m\u00e1s de 300 muestras de sangre y orina<\/strong> <strong>de cerca de un centenar de pacientes<\/strong>, con un tiempo medio de vuelo de 6 minutos, respecto a los cerca de 30 minutos del transporte terrestre convencional. En este caso, el modelo de dron empleado ha sido el mismo que el de la prueba de la Garrotxa.<\/p>\n\n\n\n<h2 class=\"wp-block-heading\">Nuevos proyectos<\/h2>\n\n\n\n<p>Con los resultados y aprendizajes obtenidos en la Garrotxa y el \u00c1rea Metropolitana Norte, el Sistema de Salud iniciar\u00e1 a principios de 2025 un nuevo proyecto m\u00e1s complejo, para definir y establecer la implantaci\u00f3n de un servicio operativo de transporte con drones de productos del Banco de Sangre y Tejidos en las zonas de Lleida. La prueba tendr\u00e1 una duraci\u00f3n global de 6 meses y se centrar\u00e1 en definir y establecer el servicio, en todos los aspectos, t\u00e9cnicos, log\u00edsticos y operacionales, para disponer de un proceso sist\u00e9mico y viable, reduciendo el tiempo de transporte, mejorando eficiencia log\u00edstica, completando la cobertura sanitaria y asegurando la trazabilidad en tiempo real.<\/p>\n\n\n\n<p>Por lo que respecta al \u00e1mbito asistencial, la Fundaci\u00f3n Hospital de Olot y Comarcal de la Garrotxa ha presentado el estudio cl\u00ednico del uso de drones que realizar\u00e1 pr\u00f3ximamente en pacientes con da\u00f1o cerebral vascular. Este proyecto piloto explorar\u00e1 si el uso de drones puede mejorar la neurorehabilitaci\u00f3n mediante terapias m\u00e1s eficientes y personalizadas, reduciendo desplazamientos y potenciando la recuperaci\u00f3n cognitiva y conductual.<\/p>\n\n\n\n<h2 class=\"wp-block-heading\"><strong>Drones ante emergencias<\/strong><\/h2>\n\n\n\n<p>En la misma jornada, el Sistema de Emergencias M\u00e9dicas ha destacado el potencial de los drones como herramientas transformadoras en la respuesta a desastres naturales.<\/p>\n\n\n\n<p>Mediante el uso de drones se pueden realizar <strong>triajes a\u00e9reos remotos en zonas de dif\u00edcil acceso, identificar el estado de las personas afectadas, y monitorizar su evoluci\u00f3n en tiempo real<\/strong>. Esta tecnolog\u00eda permite transmitir datos e im\u00e1genes en directo al gabinete de crisis, optimizando as\u00ed los recursos y garantizando una mejor visibilidad del escenario.<\/p>\n\n\n\n<p>Se ha demostrado que los drones tambi\u00e9n son un elemento de gran utilidad en la log\u00edstica sanitaria, dado que facilitan el transporte de medicamentos y de material sanitario a zonas de dif\u00edcil acceso. En este sentido, el uso de drones tambi\u00e9n permite mostrar cu\u00e1les son las necesidades sanitarias de las personas afectadas.<\/p>\n\n\n\n<h2 class=\"wp-block-heading\">Retransmisi\u00f3n de la jornada<\/h2>\n\n\n\n<figure class=\"wp-block-embed is-type-video is-provider-youtube wp-block-embed-youtube wp-embed-aspect-4-3 wp-has-aspect-ratio\"><div class=\"wp-block-embed__wrapper\">\n<iframe loading=\"lazy\" title=\"Integraci\u00f3 dels drons en salut a Catalunya\" width=\"500\" height=\"281\" src=\"https:\/\/www.youtube.com\/embed\/0po58SWRScE?feature=oembed\" frameborder=\"0\" allow=\"accelerometer; autoplay; clipboard-write; encrypted-media; gyroscope; picture-in-picture; web-share\" referrerpolicy=\"strict-origin-when-cross-origin\" allowfullscreen><\/iframe>\n<\/div><\/figure>\n","protected":false},"author":12,"featured_media":29336,"menu_order":0,"template":"","meta":{"_acf_changed":true,"inline_featured_image":false},"etiqueta":[],"tipus":[],"topic":[117],"class_list":["post-29352","noticia","type-noticia","status-publish","has-post-thumbnail","hentry","topic-jornadas"],"acf":{"finalitzat":false,"tipus_plantilla":"objectius","template_objectius":{"cont_principal":"","imatge":false,"cont_seguent":{"titol":"","contingut":""},"seccio_llistat":{"titol":"","llistat":false},"objectius":{"titol":"","objectius":false},"documents":false},"autor":"","imatge":29336,"textos_destacats":[{"texte":"El Departamento de Salud ha presentado los resultados de la \u00faltima prueba de transporte de muestras de sangre con dron realizada en la Garrotxa. El piloto ha permitido mantener la calidad de las muestras, reduciendo en un 98% las emisiones de CO2 y en cerca del 75% el tiempo de transporte"},{"texte":"En la jornada de presentaci\u00f3n de los resultados y los nuevos proyectos de drones en salud en Catalu\u00f1a, el SEM ha compartido qu\u00e9 respuesta puede dar esta tecnolog\u00eda frente a la emergencia sanitaria"}],"documents":false},"yoast_head":"<!-- This site is optimized with the Yoast SEO plugin v27.1.1 - https:\/\/yoast.com\/product\/yoast-seo-wordpress\/ -->\n<title>Catalu\u00f1a avanza en la integraci\u00f3n de los drones en salud con la mirada puesta en la respuesta a emergencias - Fundaci\u00f3 TIC Salut i Social<\/title>\n<meta name=\"description\" content=\"El Departamento de Salud ha acogido hoy la jornada &#039;Integraci\u00f3n de los drones en salud en Catalu\u00f1a&#039;\" \/>\n<meta name=\"robots\" content=\"index, follow, max-snippet:-1, max-image-preview:large, max-video-preview:-1\" \/>\n<link rel=\"canonical\" href=\"https:\/\/ticsalutsocial.atoom.space\/es\/noticia\/catalunya-avanca-en-la-integracio-dels-drons-en-salut-amb-la-mirada-posada-en-la-resposta-a-emergencies\/\" \/>\n<meta property=\"og:locale\" content=\"es_ES\" \/>\n<meta property=\"og:type\" content=\"article\" \/>\n<meta property=\"og:title\" content=\"Catalu\u00f1a avanza en la integraci\u00f3n de los drones en salud con la mirada puesta en la respuesta a emergencias - Fundaci\u00f3 TIC Salut i Social\" \/>\n<meta property=\"og:description\" content=\"El Departamento de Salud ha acogido hoy la jornada &#039;Integraci\u00f3n de los drones en salud en Catalu\u00f1a&#039;\" \/>\n<meta property=\"og:url\" content=\"https:\/\/ticsalutsocial.atoom.space\/es\/noticia\/catalunya-avanca-en-la-integracio-dels-drons-en-salut-amb-la-mirada-posada-en-la-resposta-a-emergencies\/\" \/>\n<meta property=\"og:site_name\" content=\"Fundaci\u00f3 TIC Salut i Social\" \/>\n<meta property=\"article:modified_time\" content=\"2024-12-03T07:27:11+00:00\" \/>\n<meta property=\"og:image\" content=\"https:\/\/ticsalutsocial.atoom.space\/wp-content\/uploads\/2024\/11\/acte-integracio-dels-drons-en-salut_-1.jpg\" \/>\n\t<meta property=\"og:image:width\" content=\"1280\" \/>\n\t<meta property=\"og:image:height\" content=\"960\" \/>\n\t<meta property=\"og:image:type\" content=\"image\/jpeg\" \/>\n<meta name=\"twitter:card\" content=\"summary_large_image\" \/>\n<meta name=\"twitter:label1\" content=\"Tiempo de lectura\" \/>\n\t<meta name=\"twitter:data1\" content=\"6 minutos\" \/>\n<script type=\"application\/ld+json\" class=\"yoast-schema-graph\">{\"@context\":\"https:\/\/schema.org\",\"@graph\":[{\"@type\":\"WebPage\",\"@id\":\"https:\/\/ticsalutsocial.atoom.space\/es\/noticia\/catalunya-avanca-en-la-integracio-dels-drons-en-salut-amb-la-mirada-posada-en-la-resposta-a-emergencies\/\",\"url\":\"https:\/\/ticsalutsocial.atoom.space\/es\/noticia\/catalunya-avanca-en-la-integracio-dels-drons-en-salut-amb-la-mirada-posada-en-la-resposta-a-emergencies\/\",\"name\":\"Catalu\u00f1a avanza en la integraci\u00f3n de los drones en salud con la mirada puesta en la respuesta a emergencias - Fundaci\u00f3 TIC Salut i Social\",\"isPartOf\":{\"@id\":\"https:\/\/ticsalutsocial.atoom.space\/es\/#website\"},\"primaryImageOfPage\":{\"@id\":\"https:\/\/ticsalutsocial.atoom.space\/es\/noticia\/catalunya-avanca-en-la-integracio-dels-drons-en-salut-amb-la-mirada-posada-en-la-resposta-a-emergencies\/#primaryimage\"},\"image\":{\"@id\":\"https:\/\/ticsalutsocial.atoom.space\/es\/noticia\/catalunya-avanca-en-la-integracio-dels-drons-en-salut-amb-la-mirada-posada-en-la-resposta-a-emergencies\/#primaryimage\"},\"thumbnailUrl\":\"https:\/\/ticsalutsocial.atoom.space\/wp-content\/uploads\/2024\/11\/acte-integracio-dels-drons-en-salut_-1.jpg\",\"datePublished\":\"2024-11-29T12:56:21+00:00\",\"dateModified\":\"2024-12-03T07:27:11+00:00\",\"description\":\"El Departamento de Salud ha acogido hoy la jornada 'Integraci\u00f3n de los drones en salud en Catalu\u00f1a'\",\"breadcrumb\":{\"@id\":\"https:\/\/ticsalutsocial.atoom.space\/es\/noticia\/catalunya-avanca-en-la-integracio-dels-drons-en-salut-amb-la-mirada-posada-en-la-resposta-a-emergencies\/#breadcrumb\"},\"inLanguage\":\"es\",\"potentialAction\":[{\"@type\":\"ReadAction\",\"target\":[\"https:\/\/ticsalutsocial.atoom.space\/es\/noticia\/catalunya-avanca-en-la-integracio-dels-drons-en-salut-amb-la-mirada-posada-en-la-resposta-a-emergencies\/\"]}]},{\"@type\":\"ImageObject\",\"inLanguage\":\"es\",\"@id\":\"https:\/\/ticsalutsocial.atoom.space\/es\/noticia\/catalunya-avanca-en-la-integracio-dels-drons-en-salut-amb-la-mirada-posada-en-la-resposta-a-emergencies\/#primaryimage\",\"url\":\"https:\/\/ticsalutsocial.atoom.space\/wp-content\/uploads\/2024\/11\/acte-integracio-dels-drons-en-salut_-1.jpg\",\"contentUrl\":\"https:\/\/ticsalutsocial.atoom.space\/wp-content\/uploads\/2024\/11\/acte-integracio-dels-drons-en-salut_-1.jpg\",\"width\":1280,\"height\":960},{\"@type\":\"BreadcrumbList\",\"@id\":\"https:\/\/ticsalutsocial.atoom.space\/es\/noticia\/catalunya-avanca-en-la-integracio-dels-drons-en-salut-amb-la-mirada-posada-en-la-resposta-a-emergencies\/#breadcrumb\",\"itemListElement\":[{\"@type\":\"ListItem\",\"position\":1,\"name\":\"Inici\",\"item\":\"https:\/\/ticsalutsocial.atoom.space\/es\/\"},{\"@type\":\"ListItem\",\"position\":2,\"name\":\"Catalu\u00f1a avanza en la integraci\u00f3n de los drones en salud con la mirada puesta en la respuesta a emergencias\"}]},{\"@type\":\"WebSite\",\"@id\":\"https:\/\/ticsalutsocial.atoom.space\/es\/#website\",\"url\":\"https:\/\/ticsalutsocial.atoom.space\/es\/\",\"name\":\"Fundaci\u00f3 TIC Salut i Social\",\"description\":\"\",\"potentialAction\":[{\"@type\":\"SearchAction\",\"target\":{\"@type\":\"EntryPoint\",\"urlTemplate\":\"https:\/\/ticsalutsocial.atoom.space\/es\/?s={search_term_string}\"},\"query-input\":{\"@type\":\"PropertyValueSpecification\",\"valueRequired\":true,\"valueName\":\"search_term_string\"}}],\"inLanguage\":\"es\"}]}<\/script>\n<!-- \/ Yoast SEO plugin. -->","yoast_head_json":{"title":"Catalu\u00f1a avanza en la integraci\u00f3n de los drones en salud con la mirada puesta en la respuesta a emergencias - Fundaci\u00f3 TIC Salut i Social","description":"El Departamento de Salud ha acogido hoy la jornada 'Integraci\u00f3n de los drones en salud en Catalu\u00f1a'","robots":{"index":"index","follow":"follow","max-snippet":"max-snippet:-1","max-image-preview":"max-image-preview:large","max-video-preview":"max-video-preview:-1"},"canonical":"https:\/\/ticsalutsocial.atoom.space\/es\/noticia\/catalunya-avanca-en-la-integracio-dels-drons-en-salut-amb-la-mirada-posada-en-la-resposta-a-emergencies\/","og_locale":"es_ES","og_type":"article","og_title":"Catalu\u00f1a avanza en la integraci\u00f3n de los drones en salud con la mirada puesta en la respuesta a emergencias - Fundaci\u00f3 TIC Salut i Social","og_description":"El Departamento de Salud ha acogido hoy la jornada 'Integraci\u00f3n de los drones en salud en Catalu\u00f1a'","og_url":"https:\/\/ticsalutsocial.atoom.space\/es\/noticia\/catalunya-avanca-en-la-integracio-dels-drons-en-salut-amb-la-mirada-posada-en-la-resposta-a-emergencies\/","og_site_name":"Fundaci\u00f3 TIC Salut i Social","article_modified_time":"2024-12-03T07:27:11+00:00","og_image":[{"width":1280,"height":960,"url":"https:\/\/ticsalutsocial.atoom.space\/wp-content\/uploads\/2024\/11\/acte-integracio-dels-drons-en-salut_-1.jpg","type":"image\/jpeg"}],"twitter_card":"summary_large_image","twitter_misc":{"Tiempo de lectura":"6 minutos"},"schema":{"@context":"https:\/\/schema.org","@graph":[{"@type":"WebPage","@id":"https:\/\/ticsalutsocial.atoom.space\/es\/noticia\/catalunya-avanca-en-la-integracio-dels-drons-en-salut-amb-la-mirada-posada-en-la-resposta-a-emergencies\/","url":"https:\/\/ticsalutsocial.atoom.space\/es\/noticia\/catalunya-avanca-en-la-integracio-dels-drons-en-salut-amb-la-mirada-posada-en-la-resposta-a-emergencies\/","name":"Catalu\u00f1a avanza en la integraci\u00f3n de los drones en salud con la mirada puesta en la respuesta a emergencias - Fundaci\u00f3 TIC Salut i Social","isPartOf":{"@id":"https:\/\/ticsalutsocial.atoom.space\/es\/#website"},"primaryImageOfPage":{"@id":"https:\/\/ticsalutsocial.atoom.space\/es\/noticia\/catalunya-avanca-en-la-integracio-dels-drons-en-salut-amb-la-mirada-posada-en-la-resposta-a-emergencies\/#primaryimage"},"image":{"@id":"https:\/\/ticsalutsocial.atoom.space\/es\/noticia\/catalunya-avanca-en-la-integracio-dels-drons-en-salut-amb-la-mirada-posada-en-la-resposta-a-emergencies\/#primaryimage"},"thumbnailUrl":"https:\/\/ticsalutsocial.atoom.space\/wp-content\/uploads\/2024\/11\/acte-integracio-dels-drons-en-salut_-1.jpg","datePublished":"2024-11-29T12:56:21+00:00","dateModified":"2024-12-03T07:27:11+00:00","description":"El Departamento de Salud ha acogido hoy la jornada 'Integraci\u00f3n de los drones en salud en Catalu\u00f1a'","breadcrumb":{"@id":"https:\/\/ticsalutsocial.atoom.space\/es\/noticia\/catalunya-avanca-en-la-integracio-dels-drons-en-salut-amb-la-mirada-posada-en-la-resposta-a-emergencies\/#breadcrumb"},"inLanguage":"es","potentialAction":[{"@type":"ReadAction","target":["https:\/\/ticsalutsocial.atoom.space\/es\/noticia\/catalunya-avanca-en-la-integracio-dels-drons-en-salut-amb-la-mirada-posada-en-la-resposta-a-emergencies\/"]}]},{"@type":"ImageObject","inLanguage":"es","@id":"https:\/\/ticsalutsocial.atoom.space\/es\/noticia\/catalunya-avanca-en-la-integracio-dels-drons-en-salut-amb-la-mirada-posada-en-la-resposta-a-emergencies\/#primaryimage","url":"https:\/\/ticsalutsocial.atoom.space\/wp-content\/uploads\/2024\/11\/acte-integracio-dels-drons-en-salut_-1.jpg","contentUrl":"https:\/\/ticsalutsocial.atoom.space\/wp-content\/uploads\/2024\/11\/acte-integracio-dels-drons-en-salut_-1.jpg","width":1280,"height":960},{"@type":"BreadcrumbList","@id":"https:\/\/ticsalutsocial.atoom.space\/es\/noticia\/catalunya-avanca-en-la-integracio-dels-drons-en-salut-amb-la-mirada-posada-en-la-resposta-a-emergencies\/#breadcrumb","itemListElement":[{"@type":"ListItem","position":1,"name":"Inici","item":"https:\/\/ticsalutsocial.atoom.space\/es\/"},{"@type":"ListItem","position":2,"name":"Catalu\u00f1a avanza en la integraci\u00f3n de los drones en salud con la mirada puesta en la respuesta a emergencias"}]},{"@type":"WebSite","@id":"https:\/\/ticsalutsocial.atoom.space\/es\/#website","url":"https:\/\/ticsalutsocial.atoom.space\/es\/","name":"Fundaci\u00f3 TIC Salut i Social","description":"","potentialAction":[{"@type":"SearchAction","target":{"@type":"EntryPoint","urlTemplate":"https:\/\/ticsalutsocial.atoom.space\/es\/?s={search_term_string}"},"query-input":{"@type":"PropertyValueSpecification","valueRequired":true,"valueName":"search_term_string"}}],"inLanguage":"es"}]}},"_links":{"self":[{"href":"https:\/\/ticsalutsocial.atoom.space\/es\/wp-json\/wp\/v2\/noticia\/29352","targetHints":{"allow":["GET"]}}],"collection":[{"href":"https:\/\/ticsalutsocial.atoom.space\/es\/wp-json\/wp\/v2\/noticia"}],"about":[{"href":"https:\/\/ticsalutsocial.atoom.space\/es\/wp-json\/wp\/v2\/types\/noticia"}],"author":[{"embeddable":true,"href":"https:\/\/ticsalutsocial.atoom.space\/es\/wp-json\/wp\/v2\/users\/12"}],"wp:featuredmedia":[{"embeddable":true,"href":"https:\/\/ticsalutsocial.atoom.space\/es\/wp-json\/wp\/v2\/media\/29336"}],"wp:attachment":[{"href":"https:\/\/ticsalutsocial.atoom.space\/es\/wp-json\/wp\/v2\/media?parent=29352"}],"wp:term":[{"taxonomy":"etiqueta","embeddable":true,"href":"https:\/\/ticsalutsocial.atoom.space\/es\/wp-json\/wp\/v2\/etiqueta?post=29352"},{"taxonomy":"tipus","embeddable":true,"href":"https:\/\/ticsalutsocial.atoom.space\/es\/wp-json\/wp\/v2\/tipus?post=29352"},{"taxonomy":"topic","embeddable":true,"href":"https:\/\/ticsalutsocial.atoom.space\/es\/wp-json\/wp\/v2\/topic?post=29352"}],"curies":[{"name":"wp","href":"https:\/\/api.w.org\/{rel}","templated":true}]}}