
{"id":29407,"date":"2024-12-11T14:17:36","date_gmt":"2024-12-11T12:17:36","guid":{"rendered":"https:\/\/ticsalutsocial.atoom.space\/noticia\/infografia-sobre-el-projecte-unicas-datencio-integral-a-les-malalties-minoritaries-pediatriques-a-espanya\/"},"modified":"2024-12-11T14:38:21","modified_gmt":"2024-12-11T12:38:21","slug":"infografia-sobre-el-projecte-unicas-datencio-integral-a-les-malalties-minoritaries-pediatriques-a-espanya","status":"publish","type":"noticia","link":"https:\/\/ticsalutsocial.atoom.space\/es\/noticia\/infografia-sobre-el-projecte-unicas-datencio-integral-a-les-malalties-minoritaries-pediatriques-a-espanya\/","title":{"rendered":"Infograf\u00eda sobre el proyecto \u00daNICAS de atenci\u00f3n integral a las enfermedades minoritarias pedi\u00e1tricas en Espa\u00f1a"},"content":{"rendered":"\n<p>El proyecto \u00daNICAS, liderado por el Ministerio de Sanidad, ha publicado una <a href=\"https:\/\/ticsalutsocial.atoom.space\/wp-content\/uploads\/2024\/11\/Infografia_UNICAS_vF.pdf\" target=\"_blank\" rel=\"noreferrer noopener\">infograf\u00eda para dar a conocer sus principales objetivos y puntos clave<\/a>. \u00daNICAS trabaja para crear un <strong>ecosistema estatal de alianzas para la mejora de los pacientes pedi\u00e1tricos con enfermedades minoritarias complejas<\/strong> a lo largo de todo su proceso de atenci\u00f3n. El proyecto prestar\u00e1 una atenci\u00f3n integral a los pacientes y sus familias a trav\u00e9s de una red de 30 nodos especializados repartidos por todas las comunidades aut\u00f3nomas y el Instituto Nacional de Gesti\u00f3n Sanitaria (INGESA).<\/p>\n\n\n\n<p>Los nodos del proyecto en Catalu\u00f1a son el <strong>Hospital Sant Joan de D\u00e9u, el Hospital Vall d&#8217;Hebron y el Consorcio de Corporaci\u00f3n Sanitaria Parc Taul\u00ed<\/strong>. Estos nodos estar\u00e1n dotados de herramientas, procesos y protocolos comunes para establecer un modelo de atenci\u00f3n personalizada en red. De este modo, los pacientes con enfermedades pedi\u00e1tricas podr\u00e1n ser atendidos en cualquier nodo de la red como si estuvieran en el centro de referencia de su patolog\u00eda, sin importar d\u00f3nde residan; es decir, viajar\u00e1n los datos y no los ni\u00f1os y ni\u00f1as.<\/p>\n\n\n\n<p><strong>Catalu\u00f1a lidera el desarrollo e integraci\u00f3n tecnol\u00f3gica del proyecto \u00daNICAS<\/strong>. La Fundaci\u00f3n TIC Salut Social es la encargada de ejecutar esta l\u00ednea de acciones, valorar la madurez tecnol\u00f3gica de las comunidades aut\u00f3nomas, definir los requisitos tecnol\u00f3gicos de las herramientas b\u00e1sicas del proyecto, velar por que se desarrollen y desplegar la red de nodos.<\/p>\n\n\n\n<p>El proyecto se enmarca bajo el paraguas del Plan de Atenci\u00f3n Digital Personalizada, financiado por el Plan de Recuperaci\u00f3n, Transformaci\u00f3n y Resiliencia y por los fondos europeos Next Generation.<\/p>\n\n\n\n<p><\/p>\n\n\n\n<figure class=\"wp-block-image size-full is-resized\"><img loading=\"lazy\" decoding=\"async\" width=\"850\" height=\"72\" src=\"https:\/\/ticsalutsocial.atoom.space\/wp-content\/uploads\/2024\/12\/Imagen-1.png\" alt=\"\" class=\"wp-image-29401\" style=\"width:719px;height:auto\" srcset=\"https:\/\/ticsalutsocial.atoom.space\/wp-content\/uploads\/2024\/12\/Imagen-1.png 850w, https:\/\/ticsalutsocial.atoom.space\/wp-content\/uploads\/2024\/12\/Imagen-1-300x25.png 300w, https:\/\/ticsalutsocial.atoom.space\/wp-content\/uploads\/2024\/12\/Imagen-1-768x65.png 768w\" sizes=\"auto, (max-width: 850px) 100vw, 850px\" \/><\/figure>\n","protected":false},"author":12,"featured_media":29406,"menu_order":0,"template":"","meta":{"_acf_changed":true,"inline_featured_image":false},"etiqueta":[],"tipus":[],"topic":[127],"class_list":["post-29407","noticia","type-noticia","status-publish","has-post-thumbnail","hentry","topic-proyectos"],"acf":{"finalitzat":false,"tipus_plantilla":"objectius","template_objectius":{"cont_principal":"","imatge":false,"cont_seguent":{"titol":"","contingut":""},"seccio_llistat":{"titol":"","llistat":false},"objectius":{"titol":"","objectius":false},"documents":false},"autor":"","imatge":29406,"textos_destacats":[{"texte":"Catalu\u00f1a lidera el desarrollo e integraci\u00f3n tecnol\u00f3gica del proyecto \u00daNICAS."}],"documents":[{"titol_doc":"Infografia \u00daNICAS","document":{"ID":29118,"id":29118,"title":"Infografi\u0301a_U\u0301NICAS_vF","filename":"Infografia_UNICAS_vF.pdf","filesize":221503,"url":"https:\/\/ticsalutsocial.atoom.space\/wp-content\/uploads\/2024\/11\/Infografia_UNICAS_vF.pdf","link":"https:\/\/ticsalutsocial.atoom.space\/es\/noticia\/infografia-sobre-el-projecte-unicas-datencio-integral-a-les-malalties-minoritaries-pediatriques-a-espanya\/infografia_unicas_vf-2\/","alt":"","author":"12","description":"","caption":"","name":"infografia_unicas_vf-2","status":"inherit","uploaded_to":29407,"date":"2024-11-13 11:16:15","modified":"2024-11-13 11:16:26","menu_order":0,"mime_type":"application\/pdf","type":"application","subtype":"pdf","icon":"https:\/\/ticsalutsocial.atoom.space\/wp-includes\/images\/media\/document.png"}}]},"yoast_head":"<!-- This site is optimized with the Yoast SEO plugin v27.1.1 - https:\/\/yoast.com\/product\/yoast-seo-wordpress\/ -->\n<title>Infograf\u00eda sobre el proyecto \u00daNICAS de atenci\u00f3n integral a las enfermedades minoritarias pedi\u00e1tricas en Espa\u00f1a - Fundaci\u00f3 TIC Salut i Social<\/title>\n<meta name=\"description\" content=\"Catalunya lidera la part del desenvolupament dels actius tecnol\u00f2gics per a la implementaci\u00f3 del projecte \u00daNICAS\" \/>\n<meta name=\"robots\" content=\"index, follow, max-snippet:-1, max-image-preview:large, max-video-preview:-1\" \/>\n<link rel=\"canonical\" href=\"https:\/\/ticsalutsocial.atoom.space\/es\/noticia\/infografia-sobre-el-projecte-unicas-datencio-integral-a-les-malalties-minoritaries-pediatriques-a-espanya\/\" \/>\n<meta property=\"og:locale\" content=\"es_ES\" \/>\n<meta property=\"og:type\" content=\"article\" \/>\n<meta property=\"og:title\" content=\"Infograf\u00eda sobre el proyecto \u00daNICAS de atenci\u00f3n integral a las enfermedades minoritarias pedi\u00e1tricas en Espa\u00f1a - Fundaci\u00f3 TIC Salut i Social\" \/>\n<meta property=\"og:description\" content=\"Catalunya lidera la part del desenvolupament dels actius tecnol\u00f2gics per a la implementaci\u00f3 del projecte \u00daNICAS\" \/>\n<meta property=\"og:url\" content=\"https:\/\/ticsalutsocial.atoom.space\/es\/noticia\/infografia-sobre-el-projecte-unicas-datencio-integral-a-les-malalties-minoritaries-pediatriques-a-espanya\/\" \/>\n<meta property=\"og:site_name\" content=\"Fundaci\u00f3 TIC Salut i Social\" \/>\n<meta property=\"article:modified_time\" content=\"2024-12-11T12:38:21+00:00\" \/>\n<meta property=\"og:image\" content=\"https:\/\/ticsalutsocial.atoom.space\/wp-content\/uploads\/2024\/12\/Proyecto-UNICAS.jpg\" \/>\n\t<meta property=\"og:image:width\" content=\"1280\" \/>\n\t<meta property=\"og:image:height\" content=\"960\" \/>\n\t<meta property=\"og:image:type\" content=\"image\/jpeg\" \/>\n<meta name=\"twitter:card\" content=\"summary_large_image\" \/>\n<meta name=\"twitter:label1\" content=\"Tiempo de lectura\" \/>\n\t<meta name=\"twitter:data1\" content=\"2 minutos\" \/>\n<script type=\"application\/ld+json\" class=\"yoast-schema-graph\">{\"@context\":\"https:\/\/schema.org\",\"@graph\":[{\"@type\":\"WebPage\",\"@id\":\"https:\/\/ticsalutsocial.atoom.space\/es\/noticia\/infografia-sobre-el-projecte-unicas-datencio-integral-a-les-malalties-minoritaries-pediatriques-a-espanya\/\",\"url\":\"https:\/\/ticsalutsocial.atoom.space\/es\/noticia\/infografia-sobre-el-projecte-unicas-datencio-integral-a-les-malalties-minoritaries-pediatriques-a-espanya\/\",\"name\":\"Infograf\u00eda sobre el proyecto \u00daNICAS de atenci\u00f3n integral a las enfermedades minoritarias pedi\u00e1tricas en Espa\u00f1a - Fundaci\u00f3 TIC Salut i Social\",\"isPartOf\":{\"@id\":\"https:\/\/ticsalutsocial.atoom.space\/es\/#website\"},\"primaryImageOfPage\":{\"@id\":\"https:\/\/ticsalutsocial.atoom.space\/es\/noticia\/infografia-sobre-el-projecte-unicas-datencio-integral-a-les-malalties-minoritaries-pediatriques-a-espanya\/#primaryimage\"},\"image\":{\"@id\":\"https:\/\/ticsalutsocial.atoom.space\/es\/noticia\/infografia-sobre-el-projecte-unicas-datencio-integral-a-les-malalties-minoritaries-pediatriques-a-espanya\/#primaryimage\"},\"thumbnailUrl\":\"https:\/\/ticsalutsocial.atoom.space\/wp-content\/uploads\/2024\/12\/Proyecto-UNICAS.jpg\",\"datePublished\":\"2024-12-11T12:17:36+00:00\",\"dateModified\":\"2024-12-11T12:38:21+00:00\",\"description\":\"Catalunya lidera la part del desenvolupament dels actius tecnol\u00f2gics per a la implementaci\u00f3 del projecte \u00daNICAS\",\"breadcrumb\":{\"@id\":\"https:\/\/ticsalutsocial.atoom.space\/es\/noticia\/infografia-sobre-el-projecte-unicas-datencio-integral-a-les-malalties-minoritaries-pediatriques-a-espanya\/#breadcrumb\"},\"inLanguage\":\"es\",\"potentialAction\":[{\"@type\":\"ReadAction\",\"target\":[\"https:\/\/ticsalutsocial.atoom.space\/es\/noticia\/infografia-sobre-el-projecte-unicas-datencio-integral-a-les-malalties-minoritaries-pediatriques-a-espanya\/\"]}]},{\"@type\":\"ImageObject\",\"inLanguage\":\"es\",\"@id\":\"https:\/\/ticsalutsocial.atoom.space\/es\/noticia\/infografia-sobre-el-projecte-unicas-datencio-integral-a-les-malalties-minoritaries-pediatriques-a-espanya\/#primaryimage\",\"url\":\"https:\/\/ticsalutsocial.atoom.space\/wp-content\/uploads\/2024\/12\/Proyecto-UNICAS.jpg\",\"contentUrl\":\"https:\/\/ticsalutsocial.atoom.space\/wp-content\/uploads\/2024\/12\/Proyecto-UNICAS.jpg\",\"width\":1280,\"height\":960,\"caption\":\"Proyecto U\u0301NICAS\"},{\"@type\":\"BreadcrumbList\",\"@id\":\"https:\/\/ticsalutsocial.atoom.space\/es\/noticia\/infografia-sobre-el-projecte-unicas-datencio-integral-a-les-malalties-minoritaries-pediatriques-a-espanya\/#breadcrumb\",\"itemListElement\":[{\"@type\":\"ListItem\",\"position\":1,\"name\":\"Inici\",\"item\":\"https:\/\/ticsalutsocial.atoom.space\/es\/\"},{\"@type\":\"ListItem\",\"position\":2,\"name\":\"Infograf\u00eda sobre el proyecto \u00daNICAS de atenci\u00f3n integral a las enfermedades minoritarias pedi\u00e1tricas en Espa\u00f1a\"}]},{\"@type\":\"WebSite\",\"@id\":\"https:\/\/ticsalutsocial.atoom.space\/es\/#website\",\"url\":\"https:\/\/ticsalutsocial.atoom.space\/es\/\",\"name\":\"Fundaci\u00f3 TIC Salut i Social\",\"description\":\"\",\"potentialAction\":[{\"@type\":\"SearchAction\",\"target\":{\"@type\":\"EntryPoint\",\"urlTemplate\":\"https:\/\/ticsalutsocial.atoom.space\/es\/?s={search_term_string}\"},\"query-input\":{\"@type\":\"PropertyValueSpecification\",\"valueRequired\":true,\"valueName\":\"search_term_string\"}}],\"inLanguage\":\"es\"}]}<\/script>\n<!-- \/ Yoast SEO plugin. -->","yoast_head_json":{"title":"Infograf\u00eda sobre el proyecto \u00daNICAS de atenci\u00f3n integral a las enfermedades minoritarias pedi\u00e1tricas en Espa\u00f1a - Fundaci\u00f3 TIC Salut i Social","description":"Catalunya lidera la part del desenvolupament dels actius tecnol\u00f2gics per a la implementaci\u00f3 del projecte \u00daNICAS","robots":{"index":"index","follow":"follow","max-snippet":"max-snippet:-1","max-image-preview":"max-image-preview:large","max-video-preview":"max-video-preview:-1"},"canonical":"https:\/\/ticsalutsocial.atoom.space\/es\/noticia\/infografia-sobre-el-projecte-unicas-datencio-integral-a-les-malalties-minoritaries-pediatriques-a-espanya\/","og_locale":"es_ES","og_type":"article","og_title":"Infograf\u00eda sobre el proyecto \u00daNICAS de atenci\u00f3n integral a las enfermedades minoritarias pedi\u00e1tricas en Espa\u00f1a - Fundaci\u00f3 TIC Salut i Social","og_description":"Catalunya lidera la part del desenvolupament dels actius tecnol\u00f2gics per a la implementaci\u00f3 del projecte \u00daNICAS","og_url":"https:\/\/ticsalutsocial.atoom.space\/es\/noticia\/infografia-sobre-el-projecte-unicas-datencio-integral-a-les-malalties-minoritaries-pediatriques-a-espanya\/","og_site_name":"Fundaci\u00f3 TIC Salut i Social","article_modified_time":"2024-12-11T12:38:21+00:00","og_image":[{"width":1280,"height":960,"url":"https:\/\/ticsalutsocial.atoom.space\/wp-content\/uploads\/2024\/12\/Proyecto-UNICAS.jpg","type":"image\/jpeg"}],"twitter_card":"summary_large_image","twitter_misc":{"Tiempo de lectura":"2 minutos"},"schema":{"@context":"https:\/\/schema.org","@graph":[{"@type":"WebPage","@id":"https:\/\/ticsalutsocial.atoom.space\/es\/noticia\/infografia-sobre-el-projecte-unicas-datencio-integral-a-les-malalties-minoritaries-pediatriques-a-espanya\/","url":"https:\/\/ticsalutsocial.atoom.space\/es\/noticia\/infografia-sobre-el-projecte-unicas-datencio-integral-a-les-malalties-minoritaries-pediatriques-a-espanya\/","name":"Infograf\u00eda sobre el proyecto \u00daNICAS de atenci\u00f3n integral a las enfermedades minoritarias pedi\u00e1tricas en Espa\u00f1a - Fundaci\u00f3 TIC Salut i Social","isPartOf":{"@id":"https:\/\/ticsalutsocial.atoom.space\/es\/#website"},"primaryImageOfPage":{"@id":"https:\/\/ticsalutsocial.atoom.space\/es\/noticia\/infografia-sobre-el-projecte-unicas-datencio-integral-a-les-malalties-minoritaries-pediatriques-a-espanya\/#primaryimage"},"image":{"@id":"https:\/\/ticsalutsocial.atoom.space\/es\/noticia\/infografia-sobre-el-projecte-unicas-datencio-integral-a-les-malalties-minoritaries-pediatriques-a-espanya\/#primaryimage"},"thumbnailUrl":"https:\/\/ticsalutsocial.atoom.space\/wp-content\/uploads\/2024\/12\/Proyecto-UNICAS.jpg","datePublished":"2024-12-11T12:17:36+00:00","dateModified":"2024-12-11T12:38:21+00:00","description":"Catalunya lidera la part del desenvolupament dels actius tecnol\u00f2gics per a la implementaci\u00f3 del projecte \u00daNICAS","breadcrumb":{"@id":"https:\/\/ticsalutsocial.atoom.space\/es\/noticia\/infografia-sobre-el-projecte-unicas-datencio-integral-a-les-malalties-minoritaries-pediatriques-a-espanya\/#breadcrumb"},"inLanguage":"es","potentialAction":[{"@type":"ReadAction","target":["https:\/\/ticsalutsocial.atoom.space\/es\/noticia\/infografia-sobre-el-projecte-unicas-datencio-integral-a-les-malalties-minoritaries-pediatriques-a-espanya\/"]}]},{"@type":"ImageObject","inLanguage":"es","@id":"https:\/\/ticsalutsocial.atoom.space\/es\/noticia\/infografia-sobre-el-projecte-unicas-datencio-integral-a-les-malalties-minoritaries-pediatriques-a-espanya\/#primaryimage","url":"https:\/\/ticsalutsocial.atoom.space\/wp-content\/uploads\/2024\/12\/Proyecto-UNICAS.jpg","contentUrl":"https:\/\/ticsalutsocial.atoom.space\/wp-content\/uploads\/2024\/12\/Proyecto-UNICAS.jpg","width":1280,"height":960,"caption":"Proyecto U\u0301NICAS"},{"@type":"BreadcrumbList","@id":"https:\/\/ticsalutsocial.atoom.space\/es\/noticia\/infografia-sobre-el-projecte-unicas-datencio-integral-a-les-malalties-minoritaries-pediatriques-a-espanya\/#breadcrumb","itemListElement":[{"@type":"ListItem","position":1,"name":"Inici","item":"https:\/\/ticsalutsocial.atoom.space\/es\/"},{"@type":"ListItem","position":2,"name":"Infograf\u00eda sobre el proyecto \u00daNICAS de atenci\u00f3n integral a las enfermedades minoritarias pedi\u00e1tricas en Espa\u00f1a"}]},{"@type":"WebSite","@id":"https:\/\/ticsalutsocial.atoom.space\/es\/#website","url":"https:\/\/ticsalutsocial.atoom.space\/es\/","name":"Fundaci\u00f3 TIC Salut i Social","description":"","potentialAction":[{"@type":"SearchAction","target":{"@type":"EntryPoint","urlTemplate":"https:\/\/ticsalutsocial.atoom.space\/es\/?s={search_term_string}"},"query-input":{"@type":"PropertyValueSpecification","valueRequired":true,"valueName":"search_term_string"}}],"inLanguage":"es"}]}},"_links":{"self":[{"href":"https:\/\/ticsalutsocial.atoom.space\/es\/wp-json\/wp\/v2\/noticia\/29407","targetHints":{"allow":["GET"]}}],"collection":[{"href":"https:\/\/ticsalutsocial.atoom.space\/es\/wp-json\/wp\/v2\/noticia"}],"about":[{"href":"https:\/\/ticsalutsocial.atoom.space\/es\/wp-json\/wp\/v2\/types\/noticia"}],"author":[{"embeddable":true,"href":"https:\/\/ticsalutsocial.atoom.space\/es\/wp-json\/wp\/v2\/users\/12"}],"wp:featuredmedia":[{"embeddable":true,"href":"https:\/\/ticsalutsocial.atoom.space\/es\/wp-json\/wp\/v2\/media\/29406"}],"wp:attachment":[{"href":"https:\/\/ticsalutsocial.atoom.space\/es\/wp-json\/wp\/v2\/media?parent=29407"}],"wp:term":[{"taxonomy":"etiqueta","embeddable":true,"href":"https:\/\/ticsalutsocial.atoom.space\/es\/wp-json\/wp\/v2\/etiqueta?post=29407"},{"taxonomy":"tipus","embeddable":true,"href":"https:\/\/ticsalutsocial.atoom.space\/es\/wp-json\/wp\/v2\/tipus?post=29407"},{"taxonomy":"topic","embeddable":true,"href":"https:\/\/ticsalutsocial.atoom.space\/es\/wp-json\/wp\/v2\/topic?post=29407"}],"curies":[{"name":"wp","href":"https:\/\/api.w.org\/{rel}","templated":true}]}}