
{"id":29922,"date":"2024-12-04T09:34:12","date_gmt":"2024-12-04T07:34:12","guid":{"rendered":"https:\/\/ticsalutsocial.atoom.space\/noticia\/la-fundacio-tic-salut-social-collabora-amb-el-departament-de-salut-per-dotar-mapes-de-contingut\/"},"modified":"2024-12-27T19:31:53","modified_gmt":"2024-12-27T17:31:53","slug":"la-fundacio-tic-salut-social-collabora-amb-el-departament-de-salut-per-dotar-mapes-de-contingut","status":"publish","type":"noticia","link":"https:\/\/ticsalutsocial.atoom.space\/es\/noticia\/la-fundacio-tic-salut-social-collabora-amb-el-departament-de-salut-per-dotar-mapes-de-contingut\/","title":{"rendered":"La Fundaci\u00f3 TIC Salud Social colabora con el Departamento de Salud para dotar a MAPES de contenido"},"content":{"rendered":"\r\n<p>Para alinear los diferentes proyectos TIC con los sistemas de informaci\u00f3n en salud que se desarrollan en el marco del Plan Director de Sistemas de Informaci\u00f3n del SISCAT, se ha dise\u00f1ado un Modelo de Adhesi\u00f3n para Productos y Herramientas en Salud (MAPES) que consta de seis \u00e1mbitos de actuaci\u00f3n diferenciados: modelo de informaci\u00f3n cl\u00ednica, arquitectura tecnol\u00f3gica, ciberseguridad, protecci\u00f3n de datos, relaci\u00f3n con la ciudadan\u00eda y profesionales, e inteligencia artificial.<\/p>\r\n<p>La Fundaci\u00f3n TIC Salud Social colabora con el Departamento de Salud para dotar a MAPES de contenido en los \u00faltimos tres \u00e1mbitos. Este mes de noviembre, el Directorio de Activos Digitales de la Fundaci\u00f3n se puede consultar a trav\u00e9s de MAPES, dentro del \u00e1mbito de Relaci\u00f3n con la ciudadan\u00eda y profesionales. Tambi\u00e9n ofrece a los usuarios recursos como la Gu\u00eda de buenas pr\u00e1cticas para desarrollar activos digitales, entre otros.<\/p>\r\n<h3>Compromiso con la protecci\u00f3n de datos y el impulso de la inteligencia artificial<\/h3>\r\n<p>La Oficina del Delegado de Protecci\u00f3n de Datos en salud de la Fundaci\u00f3n tambi\u00e9n colabora ofreciendo una lista de verificaci\u00f3n para evaluar el cumplimiento de los diferentes requisitos que la normativa de protecci\u00f3n de datos exige. Adem\u00e1s, pone a disposici\u00f3n de los usuarios que lo necesiten una versi\u00f3n abierta de su herramienta para realizar evaluaciones de impacto dentro del espacio sobre Protecci\u00f3n de datos de MAPES. El \u00c1rea de Inteligencia Artificial de la Fundaci\u00f3n tambi\u00e9n ha integrado informaci\u00f3n sobre el Programa Salud\/IA, as\u00ed como las gu\u00edas t\u00e9cnicas elaboradas hasta el momento: la Gu\u00eda de buenas pr\u00e1cticas para el desarrollo de c\u00f3digo en soluciones de IA y la Gu\u00eda sobre explicabilidad en la IA. Pr\u00f3ximamente tambi\u00e9n estar\u00e1n disponibles en el sitio web del Programa Salud\/IA y en MAPES nuevas gu\u00edas sobre la implementaci\u00f3n de la IA en el \u00e1mbito de la Salud relacionadas con el procedimiento de obtenci\u00f3n del marcado CE, la IA Generativa o la ley Europea de IA.<\/p>\r\n<p>Adem\u00e1s de toda la documentaci\u00f3n de apoyo y referencia del Observatorio de IA, en MAPES tambi\u00e9n se facilita el acceso al formulario de registro de herramientas de IA en Salud.<\/p>\r\n<p>De esta manera, MAPES, como herramienta de transformaci\u00f3n digital en salud, representa una v\u00eda m\u00e1s de colaboraci\u00f3n entre la Fundaci\u00f3 TIC Salud Social y el Departamento de Salud. Una manera de facilitar el impulso y la gesti\u00f3n eficiente de proyectos basados en tecnolog\u00eda innovadora en salud.<\/p>\r\n","protected":false},"author":12,"featured_media":29366,"menu_order":0,"template":"","meta":{"_acf_changed":false,"inline_featured_image":false},"etiqueta":[],"tipus":[],"topic":[],"class_list":["post-29922","noticia","type-noticia","status-publish","has-post-thumbnail","hentry"],"acf":{"finalitzat":false,"tipus_plantilla":"objectius","template_objectius":{"cont_principal":"","imatge":false,"cont_seguent":{"titol":"","contingut":""},"seccio_llistat":{"titol":"","llistat":false},"objectius":{"titol":"","objectius":false},"documents":false},"autor":"","imatge":29366,"textos_destacats":[{"texte":"MAPES, como herramienta de transformaci\u00f3n digital en salud, representa una v\u00eda m\u00e1s de colaboraci\u00f3n entre la Fundaci\u00f3 TIC Salud Social y el Departamento de Salud. Una manera de facilitar el impulso y la gesti\u00f3n eficiente de proyectos basados en tecnolog\u00eda innovadora en salud"}],"documents":false},"yoast_head":"<!-- This site is optimized with the Yoast SEO plugin v27.1.1 - https:\/\/yoast.com\/product\/yoast-seo-wordpress\/ -->\n<title>La Fundaci\u00f3 TIC Salud Social colabora con el Departamento de Salud para dotar a MAPES de contenido - Fundaci\u00f3 TIC Salut i Social<\/title>\n<meta name=\"description\" content=\"MAPES, com a eina de transformaci\u00f3 digital en salut, representa una via m\u00e9s de col\u00b7laboraci\u00f3 entre la Fundaci\u00f3 TIC Salut Social i el Departament de Salut.\" \/>\n<meta name=\"robots\" content=\"index, follow, max-snippet:-1, max-image-preview:large, max-video-preview:-1\" \/>\n<link rel=\"canonical\" href=\"https:\/\/ticsalutsocial.atoom.space\/es\/noticia\/la-fundacio-tic-salut-social-collabora-amb-el-departament-de-salut-per-dotar-mapes-de-contingut\/\" \/>\n<meta property=\"og:locale\" content=\"es_ES\" \/>\n<meta property=\"og:type\" content=\"article\" \/>\n<meta property=\"og:title\" content=\"La Fundaci\u00f3 TIC Salud Social colabora con el Departamento de Salud para dotar a MAPES de contenido - Fundaci\u00f3 TIC Salut i Social\" \/>\n<meta property=\"og:description\" content=\"MAPES, com a eina de transformaci\u00f3 digital en salut, representa una via m\u00e9s de col\u00b7laboraci\u00f3 entre la Fundaci\u00f3 TIC Salut Social i el Departament de Salut.\" \/>\n<meta property=\"og:url\" content=\"https:\/\/ticsalutsocial.atoom.space\/es\/noticia\/la-fundacio-tic-salut-social-collabora-amb-el-departament-de-salut-per-dotar-mapes-de-contingut\/\" \/>\n<meta property=\"og:site_name\" content=\"Fundaci\u00f3 TIC Salut i Social\" \/>\n<meta property=\"article:modified_time\" content=\"2024-12-27T17:31:53+00:00\" \/>\n<meta property=\"og:image\" content=\"https:\/\/ticsalutsocial.atoom.space\/wp-content\/uploads\/2024\/12\/MAPES-departament-de-salut.jpg\" \/>\n\t<meta property=\"og:image:width\" content=\"1280\" \/>\n\t<meta property=\"og:image:height\" content=\"960\" \/>\n\t<meta property=\"og:image:type\" content=\"image\/jpeg\" \/>\n<meta name=\"twitter:card\" content=\"summary_large_image\" \/>\n<meta name=\"twitter:label1\" content=\"Tiempo de lectura\" \/>\n\t<meta name=\"twitter:data1\" content=\"3 minutos\" \/>\n<script type=\"application\/ld+json\" class=\"yoast-schema-graph\">{\"@context\":\"https:\/\/schema.org\",\"@graph\":[{\"@type\":\"WebPage\",\"@id\":\"https:\/\/ticsalutsocial.atoom.space\/es\/noticia\/la-fundacio-tic-salut-social-collabora-amb-el-departament-de-salut-per-dotar-mapes-de-contingut\/\",\"url\":\"https:\/\/ticsalutsocial.atoom.space\/es\/noticia\/la-fundacio-tic-salut-social-collabora-amb-el-departament-de-salut-per-dotar-mapes-de-contingut\/\",\"name\":\"La Fundaci\u00f3 TIC Salud Social colabora con el Departamento de Salud para dotar a MAPES de contenido - Fundaci\u00f3 TIC Salut i Social\",\"isPartOf\":{\"@id\":\"https:\/\/ticsalutsocial.atoom.space\/es\/#website\"},\"primaryImageOfPage\":{\"@id\":\"https:\/\/ticsalutsocial.atoom.space\/es\/noticia\/la-fundacio-tic-salut-social-collabora-amb-el-departament-de-salut-per-dotar-mapes-de-contingut\/#primaryimage\"},\"image\":{\"@id\":\"https:\/\/ticsalutsocial.atoom.space\/es\/noticia\/la-fundacio-tic-salut-social-collabora-amb-el-departament-de-salut-per-dotar-mapes-de-contingut\/#primaryimage\"},\"thumbnailUrl\":\"https:\/\/ticsalutsocial.atoom.space\/wp-content\/uploads\/2024\/12\/MAPES-departament-de-salut.jpg\",\"datePublished\":\"2024-12-04T07:34:12+00:00\",\"dateModified\":\"2024-12-27T17:31:53+00:00\",\"description\":\"MAPES, com a eina de transformaci\u00f3 digital en salut, representa una via m\u00e9s de col\u00b7laboraci\u00f3 entre la Fundaci\u00f3 TIC Salut Social i el Departament de Salut.\",\"breadcrumb\":{\"@id\":\"https:\/\/ticsalutsocial.atoom.space\/es\/noticia\/la-fundacio-tic-salut-social-collabora-amb-el-departament-de-salut-per-dotar-mapes-de-contingut\/#breadcrumb\"},\"inLanguage\":\"es\",\"potentialAction\":[{\"@type\":\"ReadAction\",\"target\":[\"https:\/\/ticsalutsocial.atoom.space\/es\/noticia\/la-fundacio-tic-salut-social-collabora-amb-el-departament-de-salut-per-dotar-mapes-de-contingut\/\"]}]},{\"@type\":\"ImageObject\",\"inLanguage\":\"es\",\"@id\":\"https:\/\/ticsalutsocial.atoom.space\/es\/noticia\/la-fundacio-tic-salut-social-collabora-amb-el-departament-de-salut-per-dotar-mapes-de-contingut\/#primaryimage\",\"url\":\"https:\/\/ticsalutsocial.atoom.space\/wp-content\/uploads\/2024\/12\/MAPES-departament-de-salut.jpg\",\"contentUrl\":\"https:\/\/ticsalutsocial.atoom.space\/wp-content\/uploads\/2024\/12\/MAPES-departament-de-salut.jpg\",\"width\":1280,\"height\":960,\"caption\":\"MAPES departament de salut\"},{\"@type\":\"BreadcrumbList\",\"@id\":\"https:\/\/ticsalutsocial.atoom.space\/es\/noticia\/la-fundacio-tic-salut-social-collabora-amb-el-departament-de-salut-per-dotar-mapes-de-contingut\/#breadcrumb\",\"itemListElement\":[{\"@type\":\"ListItem\",\"position\":1,\"name\":\"Inici\",\"item\":\"https:\/\/ticsalutsocial.atoom.space\/es\/\"},{\"@type\":\"ListItem\",\"position\":2,\"name\":\"La Fundaci\u00f3 TIC Salud Social colabora con el Departamento de Salud para dotar a MAPES de contenido\"}]},{\"@type\":\"WebSite\",\"@id\":\"https:\/\/ticsalutsocial.atoom.space\/es\/#website\",\"url\":\"https:\/\/ticsalutsocial.atoom.space\/es\/\",\"name\":\"Fundaci\u00f3 TIC Salut i Social\",\"description\":\"\",\"potentialAction\":[{\"@type\":\"SearchAction\",\"target\":{\"@type\":\"EntryPoint\",\"urlTemplate\":\"https:\/\/ticsalutsocial.atoom.space\/es\/?s={search_term_string}\"},\"query-input\":{\"@type\":\"PropertyValueSpecification\",\"valueRequired\":true,\"valueName\":\"search_term_string\"}}],\"inLanguage\":\"es\"}]}<\/script>\n<!-- \/ Yoast SEO plugin. -->","yoast_head_json":{"title":"La Fundaci\u00f3 TIC Salud Social colabora con el Departamento de Salud para dotar a MAPES de contenido - Fundaci\u00f3 TIC Salut i Social","description":"MAPES, com a eina de transformaci\u00f3 digital en salut, representa una via m\u00e9s de col\u00b7laboraci\u00f3 entre la Fundaci\u00f3 TIC Salut Social i el Departament de Salut.","robots":{"index":"index","follow":"follow","max-snippet":"max-snippet:-1","max-image-preview":"max-image-preview:large","max-video-preview":"max-video-preview:-1"},"canonical":"https:\/\/ticsalutsocial.atoom.space\/es\/noticia\/la-fundacio-tic-salut-social-collabora-amb-el-departament-de-salut-per-dotar-mapes-de-contingut\/","og_locale":"es_ES","og_type":"article","og_title":"La Fundaci\u00f3 TIC Salud Social colabora con el Departamento de Salud para dotar a MAPES de contenido - Fundaci\u00f3 TIC Salut i Social","og_description":"MAPES, com a eina de transformaci\u00f3 digital en salut, representa una via m\u00e9s de col\u00b7laboraci\u00f3 entre la Fundaci\u00f3 TIC Salut Social i el Departament de Salut.","og_url":"https:\/\/ticsalutsocial.atoom.space\/es\/noticia\/la-fundacio-tic-salut-social-collabora-amb-el-departament-de-salut-per-dotar-mapes-de-contingut\/","og_site_name":"Fundaci\u00f3 TIC Salut i Social","article_modified_time":"2024-12-27T17:31:53+00:00","og_image":[{"width":1280,"height":960,"url":"https:\/\/ticsalutsocial.atoom.space\/wp-content\/uploads\/2024\/12\/MAPES-departament-de-salut.jpg","type":"image\/jpeg"}],"twitter_card":"summary_large_image","twitter_misc":{"Tiempo de lectura":"3 minutos"},"schema":{"@context":"https:\/\/schema.org","@graph":[{"@type":"WebPage","@id":"https:\/\/ticsalutsocial.atoom.space\/es\/noticia\/la-fundacio-tic-salut-social-collabora-amb-el-departament-de-salut-per-dotar-mapes-de-contingut\/","url":"https:\/\/ticsalutsocial.atoom.space\/es\/noticia\/la-fundacio-tic-salut-social-collabora-amb-el-departament-de-salut-per-dotar-mapes-de-contingut\/","name":"La Fundaci\u00f3 TIC Salud Social colabora con el Departamento de Salud para dotar a MAPES de contenido - Fundaci\u00f3 TIC Salut i Social","isPartOf":{"@id":"https:\/\/ticsalutsocial.atoom.space\/es\/#website"},"primaryImageOfPage":{"@id":"https:\/\/ticsalutsocial.atoom.space\/es\/noticia\/la-fundacio-tic-salut-social-collabora-amb-el-departament-de-salut-per-dotar-mapes-de-contingut\/#primaryimage"},"image":{"@id":"https:\/\/ticsalutsocial.atoom.space\/es\/noticia\/la-fundacio-tic-salut-social-collabora-amb-el-departament-de-salut-per-dotar-mapes-de-contingut\/#primaryimage"},"thumbnailUrl":"https:\/\/ticsalutsocial.atoom.space\/wp-content\/uploads\/2024\/12\/MAPES-departament-de-salut.jpg","datePublished":"2024-12-04T07:34:12+00:00","dateModified":"2024-12-27T17:31:53+00:00","description":"MAPES, com a eina de transformaci\u00f3 digital en salut, representa una via m\u00e9s de col\u00b7laboraci\u00f3 entre la Fundaci\u00f3 TIC Salut Social i el Departament de Salut.","breadcrumb":{"@id":"https:\/\/ticsalutsocial.atoom.space\/es\/noticia\/la-fundacio-tic-salut-social-collabora-amb-el-departament-de-salut-per-dotar-mapes-de-contingut\/#breadcrumb"},"inLanguage":"es","potentialAction":[{"@type":"ReadAction","target":["https:\/\/ticsalutsocial.atoom.space\/es\/noticia\/la-fundacio-tic-salut-social-collabora-amb-el-departament-de-salut-per-dotar-mapes-de-contingut\/"]}]},{"@type":"ImageObject","inLanguage":"es","@id":"https:\/\/ticsalutsocial.atoom.space\/es\/noticia\/la-fundacio-tic-salut-social-collabora-amb-el-departament-de-salut-per-dotar-mapes-de-contingut\/#primaryimage","url":"https:\/\/ticsalutsocial.atoom.space\/wp-content\/uploads\/2024\/12\/MAPES-departament-de-salut.jpg","contentUrl":"https:\/\/ticsalutsocial.atoom.space\/wp-content\/uploads\/2024\/12\/MAPES-departament-de-salut.jpg","width":1280,"height":960,"caption":"MAPES departament de salut"},{"@type":"BreadcrumbList","@id":"https:\/\/ticsalutsocial.atoom.space\/es\/noticia\/la-fundacio-tic-salut-social-collabora-amb-el-departament-de-salut-per-dotar-mapes-de-contingut\/#breadcrumb","itemListElement":[{"@type":"ListItem","position":1,"name":"Inici","item":"https:\/\/ticsalutsocial.atoom.space\/es\/"},{"@type":"ListItem","position":2,"name":"La Fundaci\u00f3 TIC Salud Social colabora con el Departamento de Salud para dotar a MAPES de contenido"}]},{"@type":"WebSite","@id":"https:\/\/ticsalutsocial.atoom.space\/es\/#website","url":"https:\/\/ticsalutsocial.atoom.space\/es\/","name":"Fundaci\u00f3 TIC Salut i Social","description":"","potentialAction":[{"@type":"SearchAction","target":{"@type":"EntryPoint","urlTemplate":"https:\/\/ticsalutsocial.atoom.space\/es\/?s={search_term_string}"},"query-input":{"@type":"PropertyValueSpecification","valueRequired":true,"valueName":"search_term_string"}}],"inLanguage":"es"}]}},"_links":{"self":[{"href":"https:\/\/ticsalutsocial.atoom.space\/es\/wp-json\/wp\/v2\/noticia\/29922","targetHints":{"allow":["GET"]}}],"collection":[{"href":"https:\/\/ticsalutsocial.atoom.space\/es\/wp-json\/wp\/v2\/noticia"}],"about":[{"href":"https:\/\/ticsalutsocial.atoom.space\/es\/wp-json\/wp\/v2\/types\/noticia"}],"author":[{"embeddable":true,"href":"https:\/\/ticsalutsocial.atoom.space\/es\/wp-json\/wp\/v2\/users\/12"}],"wp:featuredmedia":[{"embeddable":true,"href":"https:\/\/ticsalutsocial.atoom.space\/es\/wp-json\/wp\/v2\/media\/29366"}],"wp:attachment":[{"href":"https:\/\/ticsalutsocial.atoom.space\/es\/wp-json\/wp\/v2\/media?parent=29922"}],"wp:term":[{"taxonomy":"etiqueta","embeddable":true,"href":"https:\/\/ticsalutsocial.atoom.space\/es\/wp-json\/wp\/v2\/etiqueta?post=29922"},{"taxonomy":"tipus","embeddable":true,"href":"https:\/\/ticsalutsocial.atoom.space\/es\/wp-json\/wp\/v2\/tipus?post=29922"},{"taxonomy":"topic","embeddable":true,"href":"https:\/\/ticsalutsocial.atoom.space\/es\/wp-json\/wp\/v2\/topic?post=29922"}],"curies":[{"name":"wp","href":"https:\/\/api.w.org\/{rel}","templated":true}]}}