
{"id":30038,"date":"2025-01-23T12:00:52","date_gmt":"2025-01-23T10:00:52","guid":{"rendered":"https:\/\/ticsalutsocial.atoom.space\/?post_type=noticia&#038;p=30038"},"modified":"2025-05-27T13:23:57","modified_gmt":"2025-05-27T11:23:57","slug":"presentacion-de-la-plataforma-de-medicina-de-precision-del-sistema-de-salud-de-cataluna-omiq-hes","status":"publish","type":"noticia","link":"https:\/\/ticsalutsocial.atoom.space\/es\/noticia\/presentacion-de-la-plataforma-de-medicina-de-precision-del-sistema-de-salud-de-cataluna-omiq-hes\/","title":{"rendered":"Presentaci\u00f3n de la Plataforma de Medicina de Precisi\u00f3n del Sistema de Salud de Catalu\u00f1a (OMIQ-HES)"},"content":{"rendered":"<p>La medicina de precisi\u00f3n representa un cambio de paradigma en la asistencia sanitaria. Debe permitir ofrecer una medicina y asistencia m\u00e1s preventiva, as\u00ed como diagn\u00f3sticos y tratamientos m\u00e1s efectivos y seguros. Tambi\u00e9n facilita la optimizaci\u00f3n del gasto sanitario, contribuyendo a la sostenibilidad del sistema.<\/p>\n<p>Para llevar a cabo el despliegue de la medicina de precisi\u00f3n, las TIC juegan un papel central. Proveerse de herramientas que faciliten el proceso asistencial incorporando herramientas bioinform\u00e1ticas proporciona equidad y sostenibilidad al sistema de salud. Crear un ecosistema para la investigaci\u00f3n y la innovaci\u00f3n es el objetivo de la Plataforma de Medicina de Precisi\u00f3n del Sistema de Salud (OMIQ-HES).<\/p>\n<p><span data-contrast=\"auto\">Esta plataforma, impulsada por el <em>Sistema de Salut de Catalunya<\/em>, tiene el soporte tecnol\u00f3gico de Bioinformatics Barcelona (BIB), Genomcore y Fujitsu.<\/span><span data-ccp-props=\"{}\">\u00a0<\/span><\/p>\n<p>El pr\u00f3ximo mi\u00e9rcoles 5 de febrero por la ma\u00f1ana se celebra el acto de presentaci\u00f3n de OMIQ-HES, en el Aula Magna de la Casa Convalesc\u00e8ncia de Barcelona. Para asistir v\u00eda streaming, reg\u00edstrense a trav\u00e9s de este<b><span data-contrast=\"auto\"><a href=\"https:\/\/www.eventbrite.com\/e\/entradas-streaming-presentacio-de-la-plataforma-de-medicina-de-precisio-omiq-hes-1226154524189?aff=oddtdtcreator\" target=\"_blank\" rel=\"noopener\"> enlace.<\/a>\u00a0<\/span><\/b><span data-contrast=\"auto\">A continuaci\u00f3n se detalla el programa: <\/span><span data-ccp-props=\"{}\">\u00a0<\/span><\/p>\n<p>&nbsp;<\/p>\n<p style=\"text-align: left; padding-left: 40px;\"><b><span data-contrast=\"auto\">10:00 Inauguraci\u00f3n<\/span><\/b><span data-ccp-props=\"{}\">\u00a0<\/span><\/p>\n<p style=\"padding-left: 40px;\"><span data-contrast=\"auto\"><strong>Alfredo Garcia.<\/strong> Director Servei Catal\u00e0 de la Salut<\/span><span data-ccp-props=\"{&quot;335559731&quot;:708}\">\u00a0<\/span><\/p>\n<p style=\"padding-left: 40px;\"><span data-contrast=\"auto\"><strong>Ana Ripoll.<\/strong> Presidenta Bioinformatics Barcelona (BIB)<\/span><span data-ccp-props=\"{&quot;335559731&quot;:708}\">\u00a0<\/span><\/p>\n<p>&nbsp;<\/p>\n<p style=\"padding-left: 40px;\"><b><span data-contrast=\"auto\">10:15 La medicina de precisi\u00f3n en Catalu\u00f1a<\/span><\/b><span data-ccp-props=\"{}\">\u00a0<\/span><\/p>\n<p style=\"padding-left: 40px;\"><span data-contrast=\"auto\"><strong>Josep M\u00aa Borr\u00e0s.<\/strong> Plan Director de C\u00e1ncer de Catalu\u00f1a.<\/span><span data-ccp-props=\"{&quot;335559731&quot;:708}\">\u00a0<\/span><\/p>\n<p style=\"padding-left: 40px;\"><span data-contrast=\"auto\"><strong>Josep Tabernero.<\/strong> Presidente del Comit\u00e9 Cient\u00edfico Asesor del Programa de Oncolog\u00eda de <\/span><span data-contrast=\"auto\">Precisi\u00f3n. <em>Servei Catal\u00e0 de la Salut.<\/em><\/span><span data-ccp-props=\"{&quot;335559731&quot;:708}\">\u00a0<\/span><\/p>\n<p style=\"padding-left: 40px;\"><span data-contrast=\"auto\"><strong>Albert Barber\u00e0.<\/strong>\u00a0Director de Estrategia Externa de <em>Vall Hebron Research Institute<\/em> y\u00a0<\/span><span data-contrast=\"auto\">miembro de la Junta Directiva de Bioinformatics Barcelona (BIB) <\/span><span data-ccp-props=\"{&quot;335559731&quot;:708}\">\u00a0<\/span><\/p>\n<p>&nbsp;<\/p>\n<p style=\"padding-left: 40px;\"><b><span data-contrast=\"auto\">11:00\u00a0 Caf\u00e9<\/span><\/b><span data-ccp-props=\"{}\">\u00a0<\/span><\/p>\n<p>&nbsp;<\/p>\n<div class=\"flex max-w-full flex-col flex-grow\">\n<div class=\"min-h-8 text-message flex w-full flex-col items-end gap-2 whitespace-normal break-words text-start [.text-message+&amp;]:mt-5\" dir=\"auto\" data-message-author-role=\"assistant\" data-message-id=\"4f21365a-6446-471a-a6a8-175b537a6e72\" data-message-model-slug=\"gpt-4\">\n<div class=\"flex w-full flex-col gap-1 empty:hidden first:pt-[3px]\">\n<div class=\"markdown prose w-full break-words dark:prose-invert dark\">\n<p style=\"padding-left: 40px;\"><strong>11:30 Presentaci\u00f3n de la plataforma de medicina de precisi\u00f3n del sistema de salud (OMIQ-HES)<\/strong><\/p>\n<p style=\"padding-left: 40px;\"><strong>Pol P\u00e9rez.<\/strong> Coordinador General del \u00c1rea de Tecnolog\u00edas de Informaci\u00f3n de la Comunicaci\u00f3n. Servei Catal\u00e0 de la Salut.<\/p>\n<p style=\"padding-left: 40px;\"><strong>Carlos Gallego<\/strong>. Director de la Plataforma OMIQ-HES.<\/p>\n<p style=\"padding-left: 40px;\"><strong>12:00 La apuesta tecnol\u00f3gica y bioinform\u00e1tica para la medicina de precisi\u00f3n en Catalu\u00f1a<\/strong><\/p>\n<p style=\"padding-left: 40px;\"><strong>Xavier Sol\u00e9.<\/strong> Facultativo Bioinform\u00e1tico del CORE de Biolog\u00eda Molecular del Hospital Cl\u00ednic de Barcelona.<\/p>\n<p style=\"padding-left: 40px;\"><strong>Guerau Fern\u00e1ndez.<\/strong> Facultativo Adjunto en el departamento de Laboratorio del Hospital Sant Joan de D\u00e9u de Barcelona y responsable de la Unidad de Bioinform\u00e1tica Cl\u00ednica.<\/p>\n<p style=\"padding-left: 40px;\"><strong>Diana de la Iglesia.<\/strong>\u00a0Directora de Desarrollo de Negocio para Gen\u00f3mica IA. Fujitsu<\/p>\n<p style=\"padding-left: 40px;\"><strong>Fernando Vali\u00f1o.<\/strong> G<em>overnment and Healthcare Sales Lead, Microsoft Spain<\/em>.<\/p>\n<p style=\"padding-left: 40px;\"><strong>Oscar Flores.<\/strong> CEO Genomcore.<\/p>\n<p style=\"padding-left: 40px;\">Moderado por<\/p>\n<p style=\"padding-left: 40px;\"><strong>Ana Ripoll.<\/strong> Presidenta de Bioinformatics Barcelona (BIB).<\/p>\n<p style=\"padding-left: 40px;\"><strong>13:00 Clausura<\/strong><\/p>\n<p style=\"padding-left: 40px;\"><strong>Albert Tort.<\/strong> Secretario de Telecomunicaciones y Transformaci\u00f3n Digital de la Generalitat de Catalunya<\/p>\n<p style=\"padding-left: 40px;\"><strong>13:15 Vermut de cortes\u00eda<\/strong><\/p>\n<p>Las ponencias de la ma\u00f1ana, abiertas al p\u00fablico, dar\u00e1n paso a un taller pr\u00e1ctico y a puerta cerrada realizado durante la tarde. Tambi\u00e9n en la Casa de la Convalesc\u00e8ncia.<\/p>\n<p>Taller de Bioinform\u00e1tica: Introducci\u00f3n al proyecto OMIQ-HES y presentaci\u00f3n de la Plataforma BIMS<\/p>\n<p>Este taller busca generar un espacio interactivo para explorar c\u00f3mo la bioinform\u00e1tica puede transformar el cuidado cl\u00ednico en oncolog\u00eda, estableciendo las bases para la medicina personalizada en Catalu\u00f1a.<\/p>\n<p>Est\u00e1 dirigido a bioinform\u00e1ticos y tiene como objetivo proporcionar una visi\u00f3n general sobre el impacto en la personalizaci\u00f3n del cuidado oncol\u00f3gico y el papel central de la plataforma Genomcore BIMS.<\/p>\n<\/div>\n<\/div>\n<\/div>\n<\/div>\n<p><span data-contrast=\"auto\">Durante la sesi\u00f3n se abordaran los pilares del proyecto, que incluyen la integraci\u00f3n de datos cl\u00ednicos, gen\u00f3micos y farmacol\u00f3gicos en un sistema \u00fanico i centralizado. Se trataran las capacidades de la plataforma, como almacenamiento escalable de datos gen\u00f3micos, el procesamiento bioinform\u00e1tico avanzado, la creaci\u00f3n automatizada de informes y la explotaci\u00f3n anal\u00edtica para la investigaci\u00f3 y la pr\u00e1ctica cl\u00ednica. <\/span><span data-ccp-props=\"{&quot;134233117&quot;:false,&quot;134233118&quot;:false,&quot;335559738&quot;:240,&quot;335559739&quot;:240}\">\u00a0<\/span><\/p>\n","protected":false},"author":3,"featured_media":30037,"menu_order":0,"template":"","meta":{"_acf_changed":false,"inline_featured_image":false},"etiqueta":[],"tipus":[1163],"topic":[117],"class_list":["post-30038","noticia","type-noticia","status-publish","has-post-thumbnail","hentry","tipus-actualidad","topic-jornadas"],"acf":{"finalitzat":false,"tipus_plantilla":"objectius","template_objectius":{"cont_principal":"","imatge":false,"cont_seguent":{"titol":"","contingut":""},"seccio_llistat":{"titol":"","llistat":false},"objectius":{"titol":"","objectius":false},"documents":false},"autor":"","imatge":false,"textos_destacats":[{"texte":"El pr\u00f3ximo mi\u00e9rcoles 5 de febrero por la ma\u00f1ana se celebra el acto de presentaci\u00f3n de OMIQ-HES, en el Aula Magna de la Casa Convalescencia de Barcelona"}],"documents":false},"yoast_head":"<!-- This site is optimized with the Yoast SEO plugin v27.1.1 - https:\/\/yoast.com\/product\/yoast-seo-wordpress\/ -->\n<title>Presentaci\u00f3n de la Plataforma de Medicina de Precisi\u00f3n del Sistema de Salud de Catalu\u00f1a (OMIQ-HES) - Fundaci\u00f3 TIC Salut i Social<\/title>\n<meta name=\"robots\" content=\"index, follow, max-snippet:-1, max-image-preview:large, max-video-preview:-1\" \/>\n<link rel=\"canonical\" href=\"https:\/\/ticsalutsocial.atoom.space\/es\/noticia\/presentacion-de-la-plataforma-de-medicina-de-precision-del-sistema-de-salud-de-cataluna-omiq-hes\/\" \/>\n<meta property=\"og:locale\" content=\"es_ES\" \/>\n<meta property=\"og:type\" content=\"article\" \/>\n<meta property=\"og:title\" content=\"Presentaci\u00f3n de la Plataforma de Medicina de Precisi\u00f3n del Sistema de Salud de Catalu\u00f1a (OMIQ-HES) - Fundaci\u00f3 TIC Salut i Social\" \/>\n<meta property=\"og:description\" content=\"La medicina de precisi\u00f3n representa un cambio de paradigma en la asistencia sanitaria. Debe permitir ofrecer una medicina y asistencia m\u00e1s preventiva, as\u00ed como diagn\u00f3sticos y tratamientos m\u00e1s efectivos y seguros. Tambi\u00e9n facilita la optimizaci\u00f3n del gasto sanitario, contribuyendo a la sostenibilidad del sistema. Para llevar a cabo el despliegue de la medicina de precisi\u00f3n, [&hellip;]\" \/>\n<meta property=\"og:url\" content=\"https:\/\/ticsalutsocial.atoom.space\/es\/noticia\/presentacion-de-la-plataforma-de-medicina-de-precision-del-sistema-de-salud-de-cataluna-omiq-hes\/\" \/>\n<meta property=\"og:site_name\" content=\"Fundaci\u00f3 TIC Salut i Social\" \/>\n<meta property=\"article:modified_time\" content=\"2025-05-27T11:23:57+00:00\" \/>\n<meta property=\"og:image\" content=\"https:\/\/ticsalutsocial.atoom.space\/wp-content\/uploads\/2025\/01\/Imatge-jornada-1.jpg\" \/>\n\t<meta property=\"og:image:width\" content=\"2309\" \/>\n\t<meta property=\"og:image:height\" content=\"1299\" \/>\n\t<meta property=\"og:image:type\" content=\"image\/jpeg\" \/>\n<meta name=\"twitter:card\" content=\"summary_large_image\" \/>\n<meta name=\"twitter:label1\" content=\"Tiempo de lectura\" \/>\n\t<meta name=\"twitter:data1\" content=\"4 minutos\" \/>\n<script type=\"application\/ld+json\" class=\"yoast-schema-graph\">{\"@context\":\"https:\/\/schema.org\",\"@graph\":[{\"@type\":\"WebPage\",\"@id\":\"https:\/\/ticsalutsocial.atoom.space\/es\/noticia\/presentacion-de-la-plataforma-de-medicina-de-precision-del-sistema-de-salud-de-cataluna-omiq-hes\/\",\"url\":\"https:\/\/ticsalutsocial.atoom.space\/es\/noticia\/presentacion-de-la-plataforma-de-medicina-de-precision-del-sistema-de-salud-de-cataluna-omiq-hes\/\",\"name\":\"Presentaci\u00f3n de la Plataforma de Medicina de Precisi\u00f3n del Sistema de Salud de Catalu\u00f1a (OMIQ-HES) - Fundaci\u00f3 TIC Salut i Social\",\"isPartOf\":{\"@id\":\"https:\/\/ticsalutsocial.atoom.space\/es\/#website\"},\"primaryImageOfPage\":{\"@id\":\"https:\/\/ticsalutsocial.atoom.space\/es\/noticia\/presentacion-de-la-plataforma-de-medicina-de-precision-del-sistema-de-salud-de-cataluna-omiq-hes\/#primaryimage\"},\"image\":{\"@id\":\"https:\/\/ticsalutsocial.atoom.space\/es\/noticia\/presentacion-de-la-plataforma-de-medicina-de-precision-del-sistema-de-salud-de-cataluna-omiq-hes\/#primaryimage\"},\"thumbnailUrl\":\"https:\/\/ticsalutsocial.atoom.space\/wp-content\/uploads\/2025\/01\/Imatge-jornada-1.jpg\",\"datePublished\":\"2025-01-23T10:00:52+00:00\",\"dateModified\":\"2025-05-27T11:23:57+00:00\",\"breadcrumb\":{\"@id\":\"https:\/\/ticsalutsocial.atoom.space\/es\/noticia\/presentacion-de-la-plataforma-de-medicina-de-precision-del-sistema-de-salud-de-cataluna-omiq-hes\/#breadcrumb\"},\"inLanguage\":\"es\",\"potentialAction\":[{\"@type\":\"ReadAction\",\"target\":[\"https:\/\/ticsalutsocial.atoom.space\/es\/noticia\/presentacion-de-la-plataforma-de-medicina-de-precision-del-sistema-de-salud-de-cataluna-omiq-hes\/\"]}]},{\"@type\":\"ImageObject\",\"inLanguage\":\"es\",\"@id\":\"https:\/\/ticsalutsocial.atoom.space\/es\/noticia\/presentacion-de-la-plataforma-de-medicina-de-precision-del-sistema-de-salud-de-cataluna-omiq-hes\/#primaryimage\",\"url\":\"https:\/\/ticsalutsocial.atoom.space\/wp-content\/uploads\/2025\/01\/Imatge-jornada-1.jpg\",\"contentUrl\":\"https:\/\/ticsalutsocial.atoom.space\/wp-content\/uploads\/2025\/01\/Imatge-jornada-1.jpg\",\"width\":2309,\"height\":1299,\"caption\":\"science and technology concept\"},{\"@type\":\"BreadcrumbList\",\"@id\":\"https:\/\/ticsalutsocial.atoom.space\/es\/noticia\/presentacion-de-la-plataforma-de-medicina-de-precision-del-sistema-de-salud-de-cataluna-omiq-hes\/#breadcrumb\",\"itemListElement\":[{\"@type\":\"ListItem\",\"position\":1,\"name\":\"Inici\",\"item\":\"https:\/\/ticsalutsocial.atoom.space\/es\/\"},{\"@type\":\"ListItem\",\"position\":2,\"name\":\"Presentaci\u00f3n de la Plataforma de Medicina de Precisi\u00f3n del Sistema de Salud de Catalu\u00f1a (OMIQ-HES)\"}]},{\"@type\":\"WebSite\",\"@id\":\"https:\/\/ticsalutsocial.atoom.space\/es\/#website\",\"url\":\"https:\/\/ticsalutsocial.atoom.space\/es\/\",\"name\":\"Fundaci\u00f3 TIC Salut i Social\",\"description\":\"\",\"potentialAction\":[{\"@type\":\"SearchAction\",\"target\":{\"@type\":\"EntryPoint\",\"urlTemplate\":\"https:\/\/ticsalutsocial.atoom.space\/es\/?s={search_term_string}\"},\"query-input\":{\"@type\":\"PropertyValueSpecification\",\"valueRequired\":true,\"valueName\":\"search_term_string\"}}],\"inLanguage\":\"es\"}]}<\/script>\n<!-- \/ Yoast SEO plugin. -->","yoast_head_json":{"title":"Presentaci\u00f3n de la Plataforma de Medicina de Precisi\u00f3n del Sistema de Salud de Catalu\u00f1a (OMIQ-HES) - Fundaci\u00f3 TIC Salut i Social","robots":{"index":"index","follow":"follow","max-snippet":"max-snippet:-1","max-image-preview":"max-image-preview:large","max-video-preview":"max-video-preview:-1"},"canonical":"https:\/\/ticsalutsocial.atoom.space\/es\/noticia\/presentacion-de-la-plataforma-de-medicina-de-precision-del-sistema-de-salud-de-cataluna-omiq-hes\/","og_locale":"es_ES","og_type":"article","og_title":"Presentaci\u00f3n de la Plataforma de Medicina de Precisi\u00f3n del Sistema de Salud de Catalu\u00f1a (OMIQ-HES) - Fundaci\u00f3 TIC Salut i Social","og_description":"La medicina de precisi\u00f3n representa un cambio de paradigma en la asistencia sanitaria. Debe permitir ofrecer una medicina y asistencia m\u00e1s preventiva, as\u00ed como diagn\u00f3sticos y tratamientos m\u00e1s efectivos y seguros. Tambi\u00e9n facilita la optimizaci\u00f3n del gasto sanitario, contribuyendo a la sostenibilidad del sistema. Para llevar a cabo el despliegue de la medicina de precisi\u00f3n, [&hellip;]","og_url":"https:\/\/ticsalutsocial.atoom.space\/es\/noticia\/presentacion-de-la-plataforma-de-medicina-de-precision-del-sistema-de-salud-de-cataluna-omiq-hes\/","og_site_name":"Fundaci\u00f3 TIC Salut i Social","article_modified_time":"2025-05-27T11:23:57+00:00","og_image":[{"width":2309,"height":1299,"url":"https:\/\/ticsalutsocial.atoom.space\/wp-content\/uploads\/2025\/01\/Imatge-jornada-1.jpg","type":"image\/jpeg"}],"twitter_card":"summary_large_image","twitter_misc":{"Tiempo de lectura":"4 minutos"},"schema":{"@context":"https:\/\/schema.org","@graph":[{"@type":"WebPage","@id":"https:\/\/ticsalutsocial.atoom.space\/es\/noticia\/presentacion-de-la-plataforma-de-medicina-de-precision-del-sistema-de-salud-de-cataluna-omiq-hes\/","url":"https:\/\/ticsalutsocial.atoom.space\/es\/noticia\/presentacion-de-la-plataforma-de-medicina-de-precision-del-sistema-de-salud-de-cataluna-omiq-hes\/","name":"Presentaci\u00f3n de la Plataforma de Medicina de Precisi\u00f3n del Sistema de Salud de Catalu\u00f1a (OMIQ-HES) - Fundaci\u00f3 TIC Salut i Social","isPartOf":{"@id":"https:\/\/ticsalutsocial.atoom.space\/es\/#website"},"primaryImageOfPage":{"@id":"https:\/\/ticsalutsocial.atoom.space\/es\/noticia\/presentacion-de-la-plataforma-de-medicina-de-precision-del-sistema-de-salud-de-cataluna-omiq-hes\/#primaryimage"},"image":{"@id":"https:\/\/ticsalutsocial.atoom.space\/es\/noticia\/presentacion-de-la-plataforma-de-medicina-de-precision-del-sistema-de-salud-de-cataluna-omiq-hes\/#primaryimage"},"thumbnailUrl":"https:\/\/ticsalutsocial.atoom.space\/wp-content\/uploads\/2025\/01\/Imatge-jornada-1.jpg","datePublished":"2025-01-23T10:00:52+00:00","dateModified":"2025-05-27T11:23:57+00:00","breadcrumb":{"@id":"https:\/\/ticsalutsocial.atoom.space\/es\/noticia\/presentacion-de-la-plataforma-de-medicina-de-precision-del-sistema-de-salud-de-cataluna-omiq-hes\/#breadcrumb"},"inLanguage":"es","potentialAction":[{"@type":"ReadAction","target":["https:\/\/ticsalutsocial.atoom.space\/es\/noticia\/presentacion-de-la-plataforma-de-medicina-de-precision-del-sistema-de-salud-de-cataluna-omiq-hes\/"]}]},{"@type":"ImageObject","inLanguage":"es","@id":"https:\/\/ticsalutsocial.atoom.space\/es\/noticia\/presentacion-de-la-plataforma-de-medicina-de-precision-del-sistema-de-salud-de-cataluna-omiq-hes\/#primaryimage","url":"https:\/\/ticsalutsocial.atoom.space\/wp-content\/uploads\/2025\/01\/Imatge-jornada-1.jpg","contentUrl":"https:\/\/ticsalutsocial.atoom.space\/wp-content\/uploads\/2025\/01\/Imatge-jornada-1.jpg","width":2309,"height":1299,"caption":"science and technology concept"},{"@type":"BreadcrumbList","@id":"https:\/\/ticsalutsocial.atoom.space\/es\/noticia\/presentacion-de-la-plataforma-de-medicina-de-precision-del-sistema-de-salud-de-cataluna-omiq-hes\/#breadcrumb","itemListElement":[{"@type":"ListItem","position":1,"name":"Inici","item":"https:\/\/ticsalutsocial.atoom.space\/es\/"},{"@type":"ListItem","position":2,"name":"Presentaci\u00f3n de la Plataforma de Medicina de Precisi\u00f3n del Sistema de Salud de Catalu\u00f1a (OMIQ-HES)"}]},{"@type":"WebSite","@id":"https:\/\/ticsalutsocial.atoom.space\/es\/#website","url":"https:\/\/ticsalutsocial.atoom.space\/es\/","name":"Fundaci\u00f3 TIC Salut i Social","description":"","potentialAction":[{"@type":"SearchAction","target":{"@type":"EntryPoint","urlTemplate":"https:\/\/ticsalutsocial.atoom.space\/es\/?s={search_term_string}"},"query-input":{"@type":"PropertyValueSpecification","valueRequired":true,"valueName":"search_term_string"}}],"inLanguage":"es"}]}},"_links":{"self":[{"href":"https:\/\/ticsalutsocial.atoom.space\/es\/wp-json\/wp\/v2\/noticia\/30038","targetHints":{"allow":["GET"]}}],"collection":[{"href":"https:\/\/ticsalutsocial.atoom.space\/es\/wp-json\/wp\/v2\/noticia"}],"about":[{"href":"https:\/\/ticsalutsocial.atoom.space\/es\/wp-json\/wp\/v2\/types\/noticia"}],"author":[{"embeddable":true,"href":"https:\/\/ticsalutsocial.atoom.space\/es\/wp-json\/wp\/v2\/users\/3"}],"wp:featuredmedia":[{"embeddable":true,"href":"https:\/\/ticsalutsocial.atoom.space\/es\/wp-json\/wp\/v2\/media\/30037"}],"wp:attachment":[{"href":"https:\/\/ticsalutsocial.atoom.space\/es\/wp-json\/wp\/v2\/media?parent=30038"}],"wp:term":[{"taxonomy":"etiqueta","embeddable":true,"href":"https:\/\/ticsalutsocial.atoom.space\/es\/wp-json\/wp\/v2\/etiqueta?post=30038"},{"taxonomy":"tipus","embeddable":true,"href":"https:\/\/ticsalutsocial.atoom.space\/es\/wp-json\/wp\/v2\/tipus?post=30038"},{"taxonomy":"topic","embeddable":true,"href":"https:\/\/ticsalutsocial.atoom.space\/es\/wp-json\/wp\/v2\/topic?post=30038"}],"curies":[{"name":"wp","href":"https:\/\/api.w.org\/{rel}","templated":true}]}}