
{"id":30193,"date":"2025-02-10T09:00:49","date_gmt":"2025-02-10T07:00:49","guid":{"rendered":"https:\/\/ticsalutsocial.atoom.space\/?post_type=noticia&#038;p=30193"},"modified":"2025-02-04T11:05:44","modified_gmt":"2025-02-04T09:05:44","slug":"lodpd-participa-en-lelaboracio-dun-model-pioner-a-europa-per-a-lavaluacio-dimpacte-en-drets-fonamentals-en-lus-de-la-ia","status":"publish","type":"noticia","link":"https:\/\/ticsalutsocial.atoom.space\/es\/noticia\/lodpd-participa-en-lelaboracio-dun-model-pioner-a-europa-per-a-lavaluacio-dimpacte-en-drets-fonamentals-en-lus-de-la-ia\/","title":{"rendered":"La ODPD participa en la elaboraci\u00f3n de un modelo pionero en Europa para la evaluaci\u00f3n de impacto en derechos fundamentales en el uso de la IA"},"content":{"rendered":"<p>La Autoridad Catalana de Protecci\u00f3n de Datos (APDCAT) ha creado un modelo pionero en Europa para desarrollar soluciones de inteligencia artificial que respeten los derechos fundamentales.<\/p>\n<p>La metodolog\u00eda, presentada en el Parlamento de Catalu\u00f1a, ha sido elaborada por un grupo de trabajo constituido en el marco del DPD en red de la APDCAT. La Oficina del Delegado de Protecci\u00f3n de Datos de la Fundaci\u00f3n TIC Salut Social ha participado activamente en este grupo, coordinado por el doctor Alessandro Mantelero, profesor de la Universidad Polit\u00e9cnica de Tur\u00edn.<\/p>\n<p>El modelo desarrollado permite evaluar el impacto en los derechos fundamentales del uso de la IA en el dise\u00f1o, desarrollo y utilizaci\u00f3n de herramientas y soluciones que, de acuerdo con el Reglamento de Inteligencia Artificial, sean consideradas de alto riesgo, calificaci\u00f3n que tienen gran parte de las que inciden en la salud de las personas.<\/p>\n<p>La realizaci\u00f3n de esta evaluaci\u00f3n de impacto en derechos fundamentales es un requisito exigido por el reglamento europeo de IA orientado al uso y comercializaci\u00f3n de estos sistemas de alto riesgo.<\/p>\n<p>Las conclusiones obtenidas por el grupo de trabajo se han recogido en un documento que se present\u00f3 en el Parlamento de Catalu\u00f1a y que se estructura en dos partes: la primera describe la metodolog\u00eda creada y la segunda expone algunos de los casos concretos en los que se ha aplicado, evidenciando su aplicaci\u00f3n pr\u00e1ctica.<\/p>\n<p>Se puede acceder al documento en <a href=\"https:\/\/www.dpdenxarxa.cat\/pluginfile.php\/2468\/mod_folder\/content\/0\/CAT-APDcat-271.pdf\" target=\"_blank\" rel=\"noopener\">este enlace.<\/a><\/p>\n","protected":false},"author":3,"featured_media":30190,"menu_order":0,"template":"","meta":{"_acf_changed":false,"inline_featured_image":false},"etiqueta":[],"tipus":[106],"topic":[121],"class_list":["post-30193","noticia","type-noticia","status-publish","has-post-thumbnail","hentry","tipus-dpd-salud","topic-dpd-es"],"acf":{"finalitzat":false,"tipus_plantilla":"objectius","template_objectius":{"cont_principal":"","imatge":false,"cont_seguent":{"titol":"","contingut":""},"seccio_llistat":{"titol":"","llistat":false},"objectius":{"titol":"","objectius":false},"documents":false},"autor":"","imatge":false,"textos_destacats":[{"texte":"La metodolog\u00eda, presentada en el Parlamento de Catalu\u00f1a, ha sido elaborada por un grupo de trabajo constituido en el marco del DPD en red de la APDCAT."}],"documents":false},"yoast_head":"<!-- This site is optimized with the Yoast SEO plugin v27.1.1 - https:\/\/yoast.com\/product\/yoast-seo-wordpress\/ -->\n<title>La ODPD participa en la elaboraci\u00f3n de un modelo pionero en Europa para la evaluaci\u00f3n de impacto en derechos fundamentales en el uso de la IA - Fundaci\u00f3 TIC Salut i Social<\/title>\n<meta name=\"robots\" content=\"index, follow, max-snippet:-1, max-image-preview:large, max-video-preview:-1\" \/>\n<link rel=\"canonical\" href=\"https:\/\/ticsalutsocial.atoom.space\/es\/noticia\/lodpd-participa-en-lelaboracio-dun-model-pioner-a-europa-per-a-lavaluacio-dimpacte-en-drets-fonamentals-en-lus-de-la-ia\/\" \/>\n<meta property=\"og:locale\" content=\"es_ES\" \/>\n<meta property=\"og:type\" content=\"article\" \/>\n<meta property=\"og:title\" content=\"La ODPD participa en la elaboraci\u00f3n de un modelo pionero en Europa para la evaluaci\u00f3n de impacto en derechos fundamentales en el uso de la IA - Fundaci\u00f3 TIC Salut i Social\" \/>\n<meta property=\"og:description\" content=\"La Autoridad Catalana de Protecci\u00f3n de Datos (APDCAT) ha creado un modelo pionero en Europa para desarrollar soluciones de inteligencia artificial que respeten los derechos fundamentales. La metodolog\u00eda, presentada en el Parlamento de Catalu\u00f1a, ha sido elaborada por un grupo de trabajo constituido en el marco del DPD en red de la APDCAT. La Oficina [&hellip;]\" \/>\n<meta property=\"og:url\" content=\"https:\/\/ticsalutsocial.atoom.space\/es\/noticia\/lodpd-participa-en-lelaboracio-dun-model-pioner-a-europa-per-a-lavaluacio-dimpacte-en-drets-fonamentals-en-lus-de-la-ia\/\" \/>\n<meta property=\"og:site_name\" content=\"Fundaci\u00f3 TIC Salut i Social\" \/>\n<meta property=\"og:image\" content=\"https:\/\/ticsalutsocial.atoom.space\/wp-content\/uploads\/2025\/02\/iStock-1494143619-scaled.jpg\" \/>\n\t<meta property=\"og:image:width\" content=\"2560\" \/>\n\t<meta property=\"og:image:height\" content=\"1440\" \/>\n\t<meta property=\"og:image:type\" content=\"image\/jpeg\" \/>\n<meta name=\"twitter:card\" content=\"summary_large_image\" \/>\n<meta name=\"twitter:label1\" content=\"Tiempo de lectura\" \/>\n\t<meta name=\"twitter:data1\" content=\"2 minutos\" \/>\n<script type=\"application\/ld+json\" class=\"yoast-schema-graph\">{\"@context\":\"https:\/\/schema.org\",\"@graph\":[{\"@type\":\"WebPage\",\"@id\":\"https:\/\/ticsalutsocial.atoom.space\/es\/noticia\/lodpd-participa-en-lelaboracio-dun-model-pioner-a-europa-per-a-lavaluacio-dimpacte-en-drets-fonamentals-en-lus-de-la-ia\/\",\"url\":\"https:\/\/ticsalutsocial.atoom.space\/es\/noticia\/lodpd-participa-en-lelaboracio-dun-model-pioner-a-europa-per-a-lavaluacio-dimpacte-en-drets-fonamentals-en-lus-de-la-ia\/\",\"name\":\"La ODPD participa en la elaboraci\u00f3n de un modelo pionero en Europa para la evaluaci\u00f3n de impacto en derechos fundamentales en el uso de la IA - Fundaci\u00f3 TIC Salut i Social\",\"isPartOf\":{\"@id\":\"https:\/\/ticsalutsocial.atoom.space\/es\/#website\"},\"primaryImageOfPage\":{\"@id\":\"https:\/\/ticsalutsocial.atoom.space\/es\/noticia\/lodpd-participa-en-lelaboracio-dun-model-pioner-a-europa-per-a-lavaluacio-dimpacte-en-drets-fonamentals-en-lus-de-la-ia\/#primaryimage\"},\"image\":{\"@id\":\"https:\/\/ticsalutsocial.atoom.space\/es\/noticia\/lodpd-participa-en-lelaboracio-dun-model-pioner-a-europa-per-a-lavaluacio-dimpacte-en-drets-fonamentals-en-lus-de-la-ia\/#primaryimage\"},\"thumbnailUrl\":\"https:\/\/ticsalutsocial.atoom.space\/wp-content\/uploads\/2025\/02\/iStock-1494143619-scaled.jpg\",\"datePublished\":\"2025-02-10T07:00:49+00:00\",\"breadcrumb\":{\"@id\":\"https:\/\/ticsalutsocial.atoom.space\/es\/noticia\/lodpd-participa-en-lelaboracio-dun-model-pioner-a-europa-per-a-lavaluacio-dimpacte-en-drets-fonamentals-en-lus-de-la-ia\/#breadcrumb\"},\"inLanguage\":\"es\",\"potentialAction\":[{\"@type\":\"ReadAction\",\"target\":[\"https:\/\/ticsalutsocial.atoom.space\/es\/noticia\/lodpd-participa-en-lelaboracio-dun-model-pioner-a-europa-per-a-lavaluacio-dimpacte-en-drets-fonamentals-en-lus-de-la-ia\/\"]}]},{\"@type\":\"ImageObject\",\"inLanguage\":\"es\",\"@id\":\"https:\/\/ticsalutsocial.atoom.space\/es\/noticia\/lodpd-participa-en-lelaboracio-dun-model-pioner-a-europa-per-a-lavaluacio-dimpacte-en-drets-fonamentals-en-lus-de-la-ia\/#primaryimage\",\"url\":\"https:\/\/ticsalutsocial.atoom.space\/wp-content\/uploads\/2025\/02\/iStock-1494143619-scaled.jpg\",\"contentUrl\":\"https:\/\/ticsalutsocial.atoom.space\/wp-content\/uploads\/2025\/02\/iStock-1494143619-scaled.jpg\",\"width\":2560,\"height\":1440,\"caption\":\"Concept image of an AI wearing a digitized human face. 3d rendering\"},{\"@type\":\"BreadcrumbList\",\"@id\":\"https:\/\/ticsalutsocial.atoom.space\/es\/noticia\/lodpd-participa-en-lelaboracio-dun-model-pioner-a-europa-per-a-lavaluacio-dimpacte-en-drets-fonamentals-en-lus-de-la-ia\/#breadcrumb\",\"itemListElement\":[{\"@type\":\"ListItem\",\"position\":1,\"name\":\"Inici\",\"item\":\"https:\/\/ticsalutsocial.atoom.space\/es\/\"},{\"@type\":\"ListItem\",\"position\":2,\"name\":\"La ODPD participa en la elaboraci\u00f3n de un modelo pionero en Europa para la evaluaci\u00f3n de impacto en derechos fundamentales en el uso de la IA\"}]},{\"@type\":\"WebSite\",\"@id\":\"https:\/\/ticsalutsocial.atoom.space\/es\/#website\",\"url\":\"https:\/\/ticsalutsocial.atoom.space\/es\/\",\"name\":\"Fundaci\u00f3 TIC Salut i Social\",\"description\":\"\",\"potentialAction\":[{\"@type\":\"SearchAction\",\"target\":{\"@type\":\"EntryPoint\",\"urlTemplate\":\"https:\/\/ticsalutsocial.atoom.space\/es\/?s={search_term_string}\"},\"query-input\":{\"@type\":\"PropertyValueSpecification\",\"valueRequired\":true,\"valueName\":\"search_term_string\"}}],\"inLanguage\":\"es\"}]}<\/script>\n<!-- \/ Yoast SEO plugin. -->","yoast_head_json":{"title":"La ODPD participa en la elaboraci\u00f3n de un modelo pionero en Europa para la evaluaci\u00f3n de impacto en derechos fundamentales en el uso de la IA - Fundaci\u00f3 TIC Salut i Social","robots":{"index":"index","follow":"follow","max-snippet":"max-snippet:-1","max-image-preview":"max-image-preview:large","max-video-preview":"max-video-preview:-1"},"canonical":"https:\/\/ticsalutsocial.atoom.space\/es\/noticia\/lodpd-participa-en-lelaboracio-dun-model-pioner-a-europa-per-a-lavaluacio-dimpacte-en-drets-fonamentals-en-lus-de-la-ia\/","og_locale":"es_ES","og_type":"article","og_title":"La ODPD participa en la elaboraci\u00f3n de un modelo pionero en Europa para la evaluaci\u00f3n de impacto en derechos fundamentales en el uso de la IA - Fundaci\u00f3 TIC Salut i Social","og_description":"La Autoridad Catalana de Protecci\u00f3n de Datos (APDCAT) ha creado un modelo pionero en Europa para desarrollar soluciones de inteligencia artificial que respeten los derechos fundamentales. La metodolog\u00eda, presentada en el Parlamento de Catalu\u00f1a, ha sido elaborada por un grupo de trabajo constituido en el marco del DPD en red de la APDCAT. La Oficina [&hellip;]","og_url":"https:\/\/ticsalutsocial.atoom.space\/es\/noticia\/lodpd-participa-en-lelaboracio-dun-model-pioner-a-europa-per-a-lavaluacio-dimpacte-en-drets-fonamentals-en-lus-de-la-ia\/","og_site_name":"Fundaci\u00f3 TIC Salut i Social","og_image":[{"width":2560,"height":1440,"url":"https:\/\/ticsalutsocial.atoom.space\/wp-content\/uploads\/2025\/02\/iStock-1494143619-scaled.jpg","type":"image\/jpeg"}],"twitter_card":"summary_large_image","twitter_misc":{"Tiempo de lectura":"2 minutos"},"schema":{"@context":"https:\/\/schema.org","@graph":[{"@type":"WebPage","@id":"https:\/\/ticsalutsocial.atoom.space\/es\/noticia\/lodpd-participa-en-lelaboracio-dun-model-pioner-a-europa-per-a-lavaluacio-dimpacte-en-drets-fonamentals-en-lus-de-la-ia\/","url":"https:\/\/ticsalutsocial.atoom.space\/es\/noticia\/lodpd-participa-en-lelaboracio-dun-model-pioner-a-europa-per-a-lavaluacio-dimpacte-en-drets-fonamentals-en-lus-de-la-ia\/","name":"La ODPD participa en la elaboraci\u00f3n de un modelo pionero en Europa para la evaluaci\u00f3n de impacto en derechos fundamentales en el uso de la IA - Fundaci\u00f3 TIC Salut i Social","isPartOf":{"@id":"https:\/\/ticsalutsocial.atoom.space\/es\/#website"},"primaryImageOfPage":{"@id":"https:\/\/ticsalutsocial.atoom.space\/es\/noticia\/lodpd-participa-en-lelaboracio-dun-model-pioner-a-europa-per-a-lavaluacio-dimpacte-en-drets-fonamentals-en-lus-de-la-ia\/#primaryimage"},"image":{"@id":"https:\/\/ticsalutsocial.atoom.space\/es\/noticia\/lodpd-participa-en-lelaboracio-dun-model-pioner-a-europa-per-a-lavaluacio-dimpacte-en-drets-fonamentals-en-lus-de-la-ia\/#primaryimage"},"thumbnailUrl":"https:\/\/ticsalutsocial.atoom.space\/wp-content\/uploads\/2025\/02\/iStock-1494143619-scaled.jpg","datePublished":"2025-02-10T07:00:49+00:00","breadcrumb":{"@id":"https:\/\/ticsalutsocial.atoom.space\/es\/noticia\/lodpd-participa-en-lelaboracio-dun-model-pioner-a-europa-per-a-lavaluacio-dimpacte-en-drets-fonamentals-en-lus-de-la-ia\/#breadcrumb"},"inLanguage":"es","potentialAction":[{"@type":"ReadAction","target":["https:\/\/ticsalutsocial.atoom.space\/es\/noticia\/lodpd-participa-en-lelaboracio-dun-model-pioner-a-europa-per-a-lavaluacio-dimpacte-en-drets-fonamentals-en-lus-de-la-ia\/"]}]},{"@type":"ImageObject","inLanguage":"es","@id":"https:\/\/ticsalutsocial.atoom.space\/es\/noticia\/lodpd-participa-en-lelaboracio-dun-model-pioner-a-europa-per-a-lavaluacio-dimpacte-en-drets-fonamentals-en-lus-de-la-ia\/#primaryimage","url":"https:\/\/ticsalutsocial.atoom.space\/wp-content\/uploads\/2025\/02\/iStock-1494143619-scaled.jpg","contentUrl":"https:\/\/ticsalutsocial.atoom.space\/wp-content\/uploads\/2025\/02\/iStock-1494143619-scaled.jpg","width":2560,"height":1440,"caption":"Concept image of an AI wearing a digitized human face. 3d rendering"},{"@type":"BreadcrumbList","@id":"https:\/\/ticsalutsocial.atoom.space\/es\/noticia\/lodpd-participa-en-lelaboracio-dun-model-pioner-a-europa-per-a-lavaluacio-dimpacte-en-drets-fonamentals-en-lus-de-la-ia\/#breadcrumb","itemListElement":[{"@type":"ListItem","position":1,"name":"Inici","item":"https:\/\/ticsalutsocial.atoom.space\/es\/"},{"@type":"ListItem","position":2,"name":"La ODPD participa en la elaboraci\u00f3n de un modelo pionero en Europa para la evaluaci\u00f3n de impacto en derechos fundamentales en el uso de la IA"}]},{"@type":"WebSite","@id":"https:\/\/ticsalutsocial.atoom.space\/es\/#website","url":"https:\/\/ticsalutsocial.atoom.space\/es\/","name":"Fundaci\u00f3 TIC Salut i Social","description":"","potentialAction":[{"@type":"SearchAction","target":{"@type":"EntryPoint","urlTemplate":"https:\/\/ticsalutsocial.atoom.space\/es\/?s={search_term_string}"},"query-input":{"@type":"PropertyValueSpecification","valueRequired":true,"valueName":"search_term_string"}}],"inLanguage":"es"}]}},"_links":{"self":[{"href":"https:\/\/ticsalutsocial.atoom.space\/es\/wp-json\/wp\/v2\/noticia\/30193","targetHints":{"allow":["GET"]}}],"collection":[{"href":"https:\/\/ticsalutsocial.atoom.space\/es\/wp-json\/wp\/v2\/noticia"}],"about":[{"href":"https:\/\/ticsalutsocial.atoom.space\/es\/wp-json\/wp\/v2\/types\/noticia"}],"author":[{"embeddable":true,"href":"https:\/\/ticsalutsocial.atoom.space\/es\/wp-json\/wp\/v2\/users\/3"}],"wp:featuredmedia":[{"embeddable":true,"href":"https:\/\/ticsalutsocial.atoom.space\/es\/wp-json\/wp\/v2\/media\/30190"}],"wp:attachment":[{"href":"https:\/\/ticsalutsocial.atoom.space\/es\/wp-json\/wp\/v2\/media?parent=30193"}],"wp:term":[{"taxonomy":"etiqueta","embeddable":true,"href":"https:\/\/ticsalutsocial.atoom.space\/es\/wp-json\/wp\/v2\/etiqueta?post=30193"},{"taxonomy":"tipus","embeddable":true,"href":"https:\/\/ticsalutsocial.atoom.space\/es\/wp-json\/wp\/v2\/tipus?post=30193"},{"taxonomy":"topic","embeddable":true,"href":"https:\/\/ticsalutsocial.atoom.space\/es\/wp-json\/wp\/v2\/topic?post=30193"}],"curies":[{"name":"wp","href":"https:\/\/api.w.org\/{rel}","templated":true}]}}