
{"id":30239,"date":"2025-02-05T17:50:33","date_gmt":"2025-02-05T15:50:33","guid":{"rendered":"https:\/\/ticsalutsocial.atoom.space\/noticia\/catalunya-es-consolida-com-a-referent-en-medicina-personalitzada-i-de-precisio-amb-la-nova-plataforma-de-dades-genomiques-omiq-hes\/"},"modified":"2025-05-27T13:19:53","modified_gmt":"2025-05-27T11:19:53","slug":"catalunya-es-consolida-com-a-referent-en-medicina-personalitzada-i-de-precisio-amb-la-nova-plataforma-de-dades-genomiques-omiq-hes","status":"publish","type":"noticia","link":"https:\/\/ticsalutsocial.atoom.space\/es\/noticia\/catalunya-es-consolida-com-a-referent-en-medicina-personalitzada-i-de-precisio-amb-la-nova-plataforma-de-dades-genomiques-omiq-hes\/","title":{"rendered":"Catalu\u00f1a se consolida como referente en medicina personalizada y de precisi\u00f3n con la nueva plataforma de datos gen\u00f3micos OMIQ-HES"},"content":{"rendered":"<p>Salut ha presentado el proyecto OMIQ-HES, una plataforma tecnol\u00f3gica innovadora que permite integrar datos cl\u00ednicos, gen\u00f3micos y asistenciales para facilitar la gesti\u00f3n y el an\u00e1lisis de datos gen\u00e9ticos de manera centralizada. Esta herramienta favorece el trabajo colaborativo en red, mejora la toma de decisiones m\u00e9dicas e impulsa la investigaci\u00f3n biom\u00e9dica. Al mismo tiempo, garantiza la confidencialidad y la seguridad de los datos, estableciendo un modelo de atenci\u00f3n integrada y personalizada para los pacientes con enfermedades de base gen\u00e9tica en Catalu\u00f1a.<\/p>\n<p>Esta iniciativa, desarrollada con la colaboraci\u00f3n de las empresas tecnol\u00f3gicas Fujitsu, Genomcore y Microsoft, representa un avance hacia una asistencia sanitaria m\u00e1s preventiva, eficaz y segura, a la vez que optimiza el gasto sanitario para garantizar la sostenibilidad del sistema. La aplicaci\u00f3n de herramientas bioinform\u00e1ticas avanzadas permite integrar y procesar grandes vol\u00famenes de datos cl\u00ednicos y gen\u00f3micos de manera segura, escalable y equitativa.<\/p>\n<p>El acto de presentaci\u00f3n, celebrado en el Aula Magna de la Casa de Convalesc\u00e8ncia de Barcelona, ha sido coorganizado con la colaboraci\u00f3n de Bioinformatics Barcelona y la Fundaci\u00f3n TIC Salut Social. Ha contado con la presencia de Alfredo Garcia, director del Servei Catal\u00e0 de la Salut; Ana Ripoll, presidenta de Bioinformatics Barcelona (BIB); Josep Tabernero, presidente del Comit\u00e9 Cient\u00edfico Asesor del Programa de Oncolog\u00eda de Precisi\u00f3n, y Josep Maria Borr\u00e0s, director del Plan Director de Oncolog\u00eda, entre otros.<\/p>\n<p>Durante su intervenci\u00f3n, Alfredo Garcia ha subrayado la importancia de un enfoque integrador y equitativo en la implementaci\u00f3n del proyecto. \u201cEl elemento m\u00e1s importante de este proyecto es el planteamiento sist\u00e9mico para lograr la equidad en el acceso a la medicina personalizada y de precisi\u00f3n para todos los pacientes de Catalu\u00f1a, independientemente del proveedor sanitario asignado. Esto permite poner a disposici\u00f3n de los profesionales de todo el sistema la nueva plataforma de datos gen\u00f3micos y la red de bioinform\u00e1ticos. Por lo tanto, se trata de un modelo integrador, eficiente y equitativo para todo el sistema de salud\u201d.<\/p>\n<p>La jornada ha finalizado con un taller t\u00e9cnico dirigido a bioinform\u00e1ticos de la industria biosanitaria, donde se han expuesto las funcionalidades avanzadas de la plataforma Genomcore BIMS, que sirve de base tecnol\u00f3gica para OMIQ-HES.<\/p>\n<p>Esta estrategia consolida a Catalu\u00f1a como referente en la implementaci\u00f3n de una medicina personalizada y de precisi\u00f3n que no solo permitir\u00e1 una atenci\u00f3n sanitaria equitativa y de alta calidad, sino que tambi\u00e9n contribuir\u00e1 a reforzar la innovaci\u00f3n y la sostenibilidad en el sistema sanitario.<\/p>\n<p>Pod\u00e9is recuperar el acto de presentaci\u00f3n en diferido a trav\u00e9s del siguiente <a href=\"https:\/\/www.youtube.com\/watch?v=Cwpqm3htG00\">enlace<\/a>.<\/p>\n<p>&nbsp;<\/p>\n<p>&nbsp;<\/p>\n","protected":false},"author":3,"featured_media":30230,"menu_order":0,"template":"","meta":{"_acf_changed":false,"inline_featured_image":false},"etiqueta":[],"tipus":[1163],"topic":[117,130],"class_list":["post-30239","noticia","type-noticia","status-publish","has-post-thumbnail","hentry","tipus-actualidad","topic-jornadas","topic-la-fundacion"],"acf":{"finalitzat":false,"tipus_plantilla":"objectius","template_objectius":{"cont_principal":"","imatge":false,"cont_seguent":{"titol":"","contingut":""},"seccio_llistat":{"titol":"","llistat":false},"objectius":{"titol":"","objectius":false},"documents":false},"autor":"","imatge":false,"textos_destacats":[{"texte":"La plataforma permitir\u00e1 integrar y procesar grandes vol\u00famenes de datos cl\u00ednicos y gen\u00f3micos de manera segura, eficiente y accesible, tanto para los profesionales como para los pacientes, garantizando la igualdad de acceso independientemente del proveedor sanitario."},{"texte":"El acto de presentaci\u00f3n, celebrado en el Aula Magna de la Casa de Convalesc\u00e8ncia de Barcelona, ha sido coorganizado con la colaboraci\u00f3n de Bioinformatics Barcelona y la Fundaci\u00f3n TIC Salut Social. Ha contado con la presencia de Alfredo Garcia, director del Servei Catal\u00e0 de la Salut; Ana Ripoll, presidenta de Bioinformatics Barcelona (BIB); Josep Tabernero, presidente del Comit\u00e9 Cient\u00edfico Asesor del Programa de Oncolog\u00eda de Precisi\u00f3n, y Josep Maria Borr\u00e0s, director del Plan Director de Oncolog\u00eda, entre otros."}],"documents":false},"yoast_head":"<!-- This site is optimized with the Yoast SEO plugin v27.1.1 - https:\/\/yoast.com\/product\/yoast-seo-wordpress\/ -->\n<title>Catalu\u00f1a se consolida como referente en medicina personalizada y de precisi\u00f3n con la nueva plataforma de datos gen\u00f3micos OMIQ-HES - Fundaci\u00f3 TIC Salut i Social<\/title>\n<meta name=\"robots\" content=\"index, follow, max-snippet:-1, max-image-preview:large, max-video-preview:-1\" \/>\n<link rel=\"canonical\" href=\"https:\/\/ticsalutsocial.atoom.space\/es\/noticia\/catalunya-es-consolida-com-a-referent-en-medicina-personalitzada-i-de-precisio-amb-la-nova-plataforma-de-dades-genomiques-omiq-hes\/\" \/>\n<meta property=\"og:locale\" content=\"es_ES\" \/>\n<meta property=\"og:type\" content=\"article\" \/>\n<meta property=\"og:title\" content=\"Catalu\u00f1a se consolida como referente en medicina personalizada y de precisi\u00f3n con la nueva plataforma de datos gen\u00f3micos OMIQ-HES - Fundaci\u00f3 TIC Salut i Social\" \/>\n<meta property=\"og:description\" content=\"Salut ha presentado el proyecto OMIQ-HES, una plataforma tecnol\u00f3gica innovadora que permite integrar datos cl\u00ednicos, gen\u00f3micos y asistenciales para facilitar la gesti\u00f3n y el an\u00e1lisis de datos gen\u00e9ticos de manera centralizada. Esta herramienta favorece el trabajo colaborativo en red, mejora la toma de decisiones m\u00e9dicas e impulsa la investigaci\u00f3n biom\u00e9dica. Al mismo tiempo, garantiza la [&hellip;]\" \/>\n<meta property=\"og:url\" content=\"https:\/\/ticsalutsocial.atoom.space\/es\/noticia\/catalunya-es-consolida-com-a-referent-en-medicina-personalitzada-i-de-precisio-amb-la-nova-plataforma-de-dades-genomiques-omiq-hes\/\" \/>\n<meta property=\"og:site_name\" content=\"Fundaci\u00f3 TIC Salut i Social\" \/>\n<meta property=\"article:modified_time\" content=\"2025-05-27T11:19:53+00:00\" \/>\n<meta property=\"og:image\" content=\"https:\/\/ticsalutsocial.atoom.space\/wp-content\/uploads\/2025\/02\/6.jpeg\" \/>\n\t<meta property=\"og:image:width\" content=\"1600\" \/>\n\t<meta property=\"og:image:height\" content=\"1069\" \/>\n\t<meta property=\"og:image:type\" content=\"image\/jpeg\" \/>\n<meta name=\"twitter:card\" content=\"summary_large_image\" \/>\n<meta name=\"twitter:label1\" content=\"Tiempo de lectura\" \/>\n\t<meta name=\"twitter:data1\" content=\"3 minutos\" \/>\n<script type=\"application\/ld+json\" class=\"yoast-schema-graph\">{\"@context\":\"https:\/\/schema.org\",\"@graph\":[{\"@type\":\"WebPage\",\"@id\":\"https:\/\/ticsalutsocial.atoom.space\/es\/noticia\/catalunya-es-consolida-com-a-referent-en-medicina-personalitzada-i-de-precisio-amb-la-nova-plataforma-de-dades-genomiques-omiq-hes\/\",\"url\":\"https:\/\/ticsalutsocial.atoom.space\/es\/noticia\/catalunya-es-consolida-com-a-referent-en-medicina-personalitzada-i-de-precisio-amb-la-nova-plataforma-de-dades-genomiques-omiq-hes\/\",\"name\":\"Catalu\u00f1a se consolida como referente en medicina personalizada y de precisi\u00f3n con la nueva plataforma de datos gen\u00f3micos OMIQ-HES - Fundaci\u00f3 TIC Salut i Social\",\"isPartOf\":{\"@id\":\"https:\/\/ticsalutsocial.atoom.space\/es\/#website\"},\"primaryImageOfPage\":{\"@id\":\"https:\/\/ticsalutsocial.atoom.space\/es\/noticia\/catalunya-es-consolida-com-a-referent-en-medicina-personalitzada-i-de-precisio-amb-la-nova-plataforma-de-dades-genomiques-omiq-hes\/#primaryimage\"},\"image\":{\"@id\":\"https:\/\/ticsalutsocial.atoom.space\/es\/noticia\/catalunya-es-consolida-com-a-referent-en-medicina-personalitzada-i-de-precisio-amb-la-nova-plataforma-de-dades-genomiques-omiq-hes\/#primaryimage\"},\"thumbnailUrl\":\"https:\/\/ticsalutsocial.atoom.space\/wp-content\/uploads\/2025\/02\/6.jpeg\",\"datePublished\":\"2025-02-05T15:50:33+00:00\",\"dateModified\":\"2025-05-27T11:19:53+00:00\",\"breadcrumb\":{\"@id\":\"https:\/\/ticsalutsocial.atoom.space\/es\/noticia\/catalunya-es-consolida-com-a-referent-en-medicina-personalitzada-i-de-precisio-amb-la-nova-plataforma-de-dades-genomiques-omiq-hes\/#breadcrumb\"},\"inLanguage\":\"es\",\"potentialAction\":[{\"@type\":\"ReadAction\",\"target\":[\"https:\/\/ticsalutsocial.atoom.space\/es\/noticia\/catalunya-es-consolida-com-a-referent-en-medicina-personalitzada-i-de-precisio-amb-la-nova-plataforma-de-dades-genomiques-omiq-hes\/\"]}]},{\"@type\":\"ImageObject\",\"inLanguage\":\"es\",\"@id\":\"https:\/\/ticsalutsocial.atoom.space\/es\/noticia\/catalunya-es-consolida-com-a-referent-en-medicina-personalitzada-i-de-precisio-amb-la-nova-plataforma-de-dades-genomiques-omiq-hes\/#primaryimage\",\"url\":\"https:\/\/ticsalutsocial.atoom.space\/wp-content\/uploads\/2025\/02\/6.jpeg\",\"contentUrl\":\"https:\/\/ticsalutsocial.atoom.space\/wp-content\/uploads\/2025\/02\/6.jpeg\",\"width\":1600,\"height\":1069,\"caption\":\"Catalunya es consolida com a referent en medicina personalitzada i de precisi\u00f3 amb la nova plataforma de dades gen\u00f2miques OMIQ-HES\"},{\"@type\":\"BreadcrumbList\",\"@id\":\"https:\/\/ticsalutsocial.atoom.space\/es\/noticia\/catalunya-es-consolida-com-a-referent-en-medicina-personalitzada-i-de-precisio-amb-la-nova-plataforma-de-dades-genomiques-omiq-hes\/#breadcrumb\",\"itemListElement\":[{\"@type\":\"ListItem\",\"position\":1,\"name\":\"Inici\",\"item\":\"https:\/\/ticsalutsocial.atoom.space\/es\/\"},{\"@type\":\"ListItem\",\"position\":2,\"name\":\"Catalu\u00f1a se consolida como referente en medicina personalizada y de precisi\u00f3n con la nueva plataforma de datos gen\u00f3micos OMIQ-HES\"}]},{\"@type\":\"WebSite\",\"@id\":\"https:\/\/ticsalutsocial.atoom.space\/es\/#website\",\"url\":\"https:\/\/ticsalutsocial.atoom.space\/es\/\",\"name\":\"Fundaci\u00f3 TIC Salut i Social\",\"description\":\"\",\"potentialAction\":[{\"@type\":\"SearchAction\",\"target\":{\"@type\":\"EntryPoint\",\"urlTemplate\":\"https:\/\/ticsalutsocial.atoom.space\/es\/?s={search_term_string}\"},\"query-input\":{\"@type\":\"PropertyValueSpecification\",\"valueRequired\":true,\"valueName\":\"search_term_string\"}}],\"inLanguage\":\"es\"}]}<\/script>\n<!-- \/ Yoast SEO plugin. -->","yoast_head_json":{"title":"Catalu\u00f1a se consolida como referente en medicina personalizada y de precisi\u00f3n con la nueva plataforma de datos gen\u00f3micos OMIQ-HES - Fundaci\u00f3 TIC Salut i Social","robots":{"index":"index","follow":"follow","max-snippet":"max-snippet:-1","max-image-preview":"max-image-preview:large","max-video-preview":"max-video-preview:-1"},"canonical":"https:\/\/ticsalutsocial.atoom.space\/es\/noticia\/catalunya-es-consolida-com-a-referent-en-medicina-personalitzada-i-de-precisio-amb-la-nova-plataforma-de-dades-genomiques-omiq-hes\/","og_locale":"es_ES","og_type":"article","og_title":"Catalu\u00f1a se consolida como referente en medicina personalizada y de precisi\u00f3n con la nueva plataforma de datos gen\u00f3micos OMIQ-HES - Fundaci\u00f3 TIC Salut i Social","og_description":"Salut ha presentado el proyecto OMIQ-HES, una plataforma tecnol\u00f3gica innovadora que permite integrar datos cl\u00ednicos, gen\u00f3micos y asistenciales para facilitar la gesti\u00f3n y el an\u00e1lisis de datos gen\u00e9ticos de manera centralizada. Esta herramienta favorece el trabajo colaborativo en red, mejora la toma de decisiones m\u00e9dicas e impulsa la investigaci\u00f3n biom\u00e9dica. Al mismo tiempo, garantiza la [&hellip;]","og_url":"https:\/\/ticsalutsocial.atoom.space\/es\/noticia\/catalunya-es-consolida-com-a-referent-en-medicina-personalitzada-i-de-precisio-amb-la-nova-plataforma-de-dades-genomiques-omiq-hes\/","og_site_name":"Fundaci\u00f3 TIC Salut i Social","article_modified_time":"2025-05-27T11:19:53+00:00","og_image":[{"width":1600,"height":1069,"url":"https:\/\/ticsalutsocial.atoom.space\/wp-content\/uploads\/2025\/02\/6.jpeg","type":"image\/jpeg"}],"twitter_card":"summary_large_image","twitter_misc":{"Tiempo de lectura":"3 minutos"},"schema":{"@context":"https:\/\/schema.org","@graph":[{"@type":"WebPage","@id":"https:\/\/ticsalutsocial.atoom.space\/es\/noticia\/catalunya-es-consolida-com-a-referent-en-medicina-personalitzada-i-de-precisio-amb-la-nova-plataforma-de-dades-genomiques-omiq-hes\/","url":"https:\/\/ticsalutsocial.atoom.space\/es\/noticia\/catalunya-es-consolida-com-a-referent-en-medicina-personalitzada-i-de-precisio-amb-la-nova-plataforma-de-dades-genomiques-omiq-hes\/","name":"Catalu\u00f1a se consolida como referente en medicina personalizada y de precisi\u00f3n con la nueva plataforma de datos gen\u00f3micos OMIQ-HES - Fundaci\u00f3 TIC Salut i Social","isPartOf":{"@id":"https:\/\/ticsalutsocial.atoom.space\/es\/#website"},"primaryImageOfPage":{"@id":"https:\/\/ticsalutsocial.atoom.space\/es\/noticia\/catalunya-es-consolida-com-a-referent-en-medicina-personalitzada-i-de-precisio-amb-la-nova-plataforma-de-dades-genomiques-omiq-hes\/#primaryimage"},"image":{"@id":"https:\/\/ticsalutsocial.atoom.space\/es\/noticia\/catalunya-es-consolida-com-a-referent-en-medicina-personalitzada-i-de-precisio-amb-la-nova-plataforma-de-dades-genomiques-omiq-hes\/#primaryimage"},"thumbnailUrl":"https:\/\/ticsalutsocial.atoom.space\/wp-content\/uploads\/2025\/02\/6.jpeg","datePublished":"2025-02-05T15:50:33+00:00","dateModified":"2025-05-27T11:19:53+00:00","breadcrumb":{"@id":"https:\/\/ticsalutsocial.atoom.space\/es\/noticia\/catalunya-es-consolida-com-a-referent-en-medicina-personalitzada-i-de-precisio-amb-la-nova-plataforma-de-dades-genomiques-omiq-hes\/#breadcrumb"},"inLanguage":"es","potentialAction":[{"@type":"ReadAction","target":["https:\/\/ticsalutsocial.atoom.space\/es\/noticia\/catalunya-es-consolida-com-a-referent-en-medicina-personalitzada-i-de-precisio-amb-la-nova-plataforma-de-dades-genomiques-omiq-hes\/"]}]},{"@type":"ImageObject","inLanguage":"es","@id":"https:\/\/ticsalutsocial.atoom.space\/es\/noticia\/catalunya-es-consolida-com-a-referent-en-medicina-personalitzada-i-de-precisio-amb-la-nova-plataforma-de-dades-genomiques-omiq-hes\/#primaryimage","url":"https:\/\/ticsalutsocial.atoom.space\/wp-content\/uploads\/2025\/02\/6.jpeg","contentUrl":"https:\/\/ticsalutsocial.atoom.space\/wp-content\/uploads\/2025\/02\/6.jpeg","width":1600,"height":1069,"caption":"Catalunya es consolida com a referent en medicina personalitzada i de precisi\u00f3 amb la nova plataforma de dades gen\u00f2miques OMIQ-HES"},{"@type":"BreadcrumbList","@id":"https:\/\/ticsalutsocial.atoom.space\/es\/noticia\/catalunya-es-consolida-com-a-referent-en-medicina-personalitzada-i-de-precisio-amb-la-nova-plataforma-de-dades-genomiques-omiq-hes\/#breadcrumb","itemListElement":[{"@type":"ListItem","position":1,"name":"Inici","item":"https:\/\/ticsalutsocial.atoom.space\/es\/"},{"@type":"ListItem","position":2,"name":"Catalu\u00f1a se consolida como referente en medicina personalizada y de precisi\u00f3n con la nueva plataforma de datos gen\u00f3micos OMIQ-HES"}]},{"@type":"WebSite","@id":"https:\/\/ticsalutsocial.atoom.space\/es\/#website","url":"https:\/\/ticsalutsocial.atoom.space\/es\/","name":"Fundaci\u00f3 TIC Salut i Social","description":"","potentialAction":[{"@type":"SearchAction","target":{"@type":"EntryPoint","urlTemplate":"https:\/\/ticsalutsocial.atoom.space\/es\/?s={search_term_string}"},"query-input":{"@type":"PropertyValueSpecification","valueRequired":true,"valueName":"search_term_string"}}],"inLanguage":"es"}]}},"_links":{"self":[{"href":"https:\/\/ticsalutsocial.atoom.space\/es\/wp-json\/wp\/v2\/noticia\/30239","targetHints":{"allow":["GET"]}}],"collection":[{"href":"https:\/\/ticsalutsocial.atoom.space\/es\/wp-json\/wp\/v2\/noticia"}],"about":[{"href":"https:\/\/ticsalutsocial.atoom.space\/es\/wp-json\/wp\/v2\/types\/noticia"}],"author":[{"embeddable":true,"href":"https:\/\/ticsalutsocial.atoom.space\/es\/wp-json\/wp\/v2\/users\/3"}],"wp:featuredmedia":[{"embeddable":true,"href":"https:\/\/ticsalutsocial.atoom.space\/es\/wp-json\/wp\/v2\/media\/30230"}],"wp:attachment":[{"href":"https:\/\/ticsalutsocial.atoom.space\/es\/wp-json\/wp\/v2\/media?parent=30239"}],"wp:term":[{"taxonomy":"etiqueta","embeddable":true,"href":"https:\/\/ticsalutsocial.atoom.space\/es\/wp-json\/wp\/v2\/etiqueta?post=30239"},{"taxonomy":"tipus","embeddable":true,"href":"https:\/\/ticsalutsocial.atoom.space\/es\/wp-json\/wp\/v2\/tipus?post=30239"},{"taxonomy":"topic","embeddable":true,"href":"https:\/\/ticsalutsocial.atoom.space\/es\/wp-json\/wp\/v2\/topic?post=30239"}],"curies":[{"name":"wp","href":"https:\/\/api.w.org\/{rel}","templated":true}]}}