
{"id":30291,"date":"2025-02-12T14:14:43","date_gmt":"2025-02-12T12:14:43","guid":{"rendered":"https:\/\/ticsalutsocial.atoom.space\/?post_type=noticia&#038;p=30291"},"modified":"2025-02-12T16:27:02","modified_gmt":"2025-02-12T14:27:02","slug":"noves-aplicacions-per-a-lambit-social-millorant-la-qualitat-de-vida-de-la-comunitat","status":"publish","type":"noticia","link":"https:\/\/ticsalutsocial.atoom.space\/es\/noticia\/noves-aplicacions-per-a-lambit-social-millorant-la-qualitat-de-vida-de-la-comunitat\/","title":{"rendered":"Nuevas aplicaciones para el \u00e1mbito social: Mejorando la calidad de vida de la comunidad"},"content":{"rendered":"\n<p>En un mundo cada vez m\u00e1s interconectado, la tecnolog\u00eda est\u00e1 jugando un papel clave en la mejora de la calidad de vida de las personas, especialmente en el \u00e1mbito social. Las nuevas aplicaciones tecnol\u00f3gicas desarrolladas para este sector tienen como objetivo proporcionar herramientas eficaces para la atenci\u00f3n sanitaria, el bienestar emocional y la inclusi\u00f3n social de colectivos vulnerables.<\/p>\n\n\n\n<p>Estos programas, a menudo basados en inteligencia artificial, plataformas m\u00f3viles y herramientas digitales, ofrecen soluciones innovadoras para retos como la soledad de las personas mayores, la atenci\u00f3n remota para personas con movilidad reducida o el acceso a recursos comunitarios en zonas desfavorecidas. Estas iniciativas marcan un cambio profundo en c\u00f3mo se ofrecen los servicios sociales, promoviendo una atenci\u00f3n personalizada y accesible desde cualquier lugar.<\/p>\n\n\n\n<p>A medida que estas tecnolog\u00edas siguen evolucionando, su impacto en la sociedad promete ser a\u00fan m\u00e1s transformador, abriendo nuevas v\u00edas para la colaboraci\u00f3n entre profesionales de la salud, trabajadores sociales y desarrolladores tecnol\u00f3gicos con el fin de crear una comunidad m\u00e1s cohesionada e inclusiva.<\/p>\n\n\n\n<p>Por ello, queremos anunciar que, en este mes de diciembre, se han publicado cuatro aplicaciones en el Directorio de activos de salud y social del \u00e1rea de Activos Digitales para la Ciudadan\u00eda de la Fundaci\u00f3n TIC Salut Social. Este directorio recoge aplicaciones m\u00f3viles de \u00e1mbito social y\/o salud y social que est\u00e1n recomendadas por centros sociales, o bien identificadas en marcos de referencia que eval\u00faan su calidad. Estos activos digitales pueden ser aplicaciones m\u00f3viles, WebApps o p\u00e1ginas web.<\/p>\n\n\n\n<p>Una de las principales funciones del Directorio es hacer un inventario de las aplicaciones que se est\u00e1n utilizando en el territorio catal\u00e1n, clasificarlas y darlas a conocer a las diferentes \u00e1reas b\u00e1sicas y a la ciudadan\u00eda para que las utilicen. Tanto el trabajador social, el ciudadano, como el responsable del centro, podr\u00e1 buscar qu\u00e9 aplicaciones m\u00f3viles le convienen mejor seg\u00fan sus necesidades. El buscador permite filtrar por el \u00e1mbito en el que est\u00e1 clasificada la aplicaci\u00f3n, el p\u00fablico al que se dirige y tambi\u00e9n si ha sido certificada por la Fundaci\u00f3n TIC Salut Social.<\/p>\n\n\n\n<p><strong>Nuevas aplicaciones del \u00e1mbito social publicadas en el directorio<\/strong> <\/p>\n\n\n\n<p>A continuaci\u00f3n se detalla una breve descripci\u00f3n de las \u00faltimas aplicaciones incorporadas al directorio. Todas las aplicaciones est\u00e1n destinadas a proporcionar un beneficio en salud para la ciudadan\u00eda.<\/p>\n\n\n\n<p>Las tres primeras aplicaciones han sido desarrolladas en Catalu\u00f1a por la Fundaci\u00f3n iSocial y cuentan con una Caja Fuerte Digital, una plataforma para almacenar documentaci\u00f3n en la nube y tener contacto directo con entidades sociales, adem\u00e1s de diversas funcionalidades que facilitan la comunicaci\u00f3n y el acompa\u00f1amiento usuario-profesional. Cada una de las aplicaciones ha sido descargada por m\u00e1s de cien usuarios.<\/p>\n\n\n\n<p><a href=\"https:\/\/ticsalutsocial.atoom.space\/app\/flapp\/\"><strong>Tic Salut &#8211; Flapp!<\/strong><\/a>: desarrollada por la Fundaci\u00f3n iSocial, es la herramienta digital de apoyo a adolescentes y j\u00f3venes con necesidades de emancipaci\u00f3n e inclusi\u00f3n, y a los profesionales que los acompa\u00f1an.<\/p>\n\n\n\n<figure class=\"wp-block-image size-large\"><img loading=\"lazy\" decoding=\"async\" width=\"1024\" height=\"937\" src=\"https:\/\/ticsalutsocial.atoom.space\/wp-content\/uploads\/2025\/02\/Imatge-1-1-1024x937.png\" alt=\"\" class=\"wp-image-30275\" srcset=\"https:\/\/ticsalutsocial.atoom.space\/wp-content\/uploads\/2025\/02\/Imatge-1-1-1024x937.png 1024w, https:\/\/ticsalutsocial.atoom.space\/wp-content\/uploads\/2025\/02\/Imatge-1-1-300x275.png 300w, https:\/\/ticsalutsocial.atoom.space\/wp-content\/uploads\/2025\/02\/Imatge-1-1-768x703.png 768w, https:\/\/ticsalutsocial.atoom.space\/wp-content\/uploads\/2025\/02\/Imatge-1-1.png 1344w\" sizes=\"auto, (max-width: 1024px) 100vw, 1024px\" \/><\/figure>\n\n\n\n<p><a href=\"https:\/\/ticsalutsocial.atoom.space\/app\/nidus\/\"><strong>Tic Salut &#8211; Nidus<\/strong><\/a><strong>:\u00a0<\/strong>desarrollada por la Fundaci\u00f3n iSocial, Nidus es la herramienta digital de apoyo a las personas en situaci\u00f3n de exclusi\u00f3n social y a los profesionales que las acompa\u00f1an.<\/p>\n\n\n\n<figure class=\"wp-block-image size-large\"><img loading=\"lazy\" decoding=\"async\" width=\"1024\" height=\"977\" src=\"https:\/\/ticsalutsocial.atoom.space\/wp-content\/uploads\/2025\/02\/Imatge-2-1024x977.png\" alt=\"\" class=\"wp-image-30278\" srcset=\"https:\/\/ticsalutsocial.atoom.space\/wp-content\/uploads\/2025\/02\/Imatge-2-1024x977.png 1024w, https:\/\/ticsalutsocial.atoom.space\/wp-content\/uploads\/2025\/02\/Imatge-2-300x286.png 300w, https:\/\/ticsalutsocial.atoom.space\/wp-content\/uploads\/2025\/02\/Imatge-2-768x732.png 768w, https:\/\/ticsalutsocial.atoom.space\/wp-content\/uploads\/2025\/02\/Imatge-2.png 1426w\" sizes=\"auto, (max-width: 1024px) 100vw, 1024px\" \/><\/figure>\n\n\n\n<p><a href=\"https:\/\/ticsalutsocial.atoom.space\/app\/isocialpro\/\"><strong>Tic Salut &#8211; iSocialPro<\/strong><\/a><strong>:<\/strong>\u00a0desarrollada por la Fundaci\u00f3n iSocial, iSocialPro es la plataforma de gesti\u00f3n interna de las herramientas Flapp! y Nidus para los profesionales del \u00e1mbito social.<\/p>\n\n\n\n<figure class=\"wp-block-image size-large\"><img loading=\"lazy\" decoding=\"async\" width=\"1024\" height=\"981\" src=\"https:\/\/ticsalutsocial.atoom.space\/wp-content\/uploads\/2025\/02\/Imatge-3-1024x981.png\" alt=\"\" class=\"wp-image-30281\" srcset=\"https:\/\/ticsalutsocial.atoom.space\/wp-content\/uploads\/2025\/02\/Imatge-3-1024x981.png 1024w, https:\/\/ticsalutsocial.atoom.space\/wp-content\/uploads\/2025\/02\/Imatge-3-300x287.png 300w, https:\/\/ticsalutsocial.atoom.space\/wp-content\/uploads\/2025\/02\/Imatge-3-768x736.png 768w, https:\/\/ticsalutsocial.atoom.space\/wp-content\/uploads\/2025\/02\/Imatge-3.png 1436w\" sizes=\"auto, (max-width: 1024px) 100vw, 1024px\" \/><\/figure>\n\n\n\n<p>\u00a0<\/p>\n\n\n\n<p>Por otro lado, tambi\u00e9n hemos incorporado la aplicaci\u00f3n\u00a0<strong><a href=\"https:\/\/ticsalutsocial.atoom.space\/app\/quitnow\/\">Tic Salut &#8211; QuitNow<\/a><\/strong>, desarrollada por Fewlaps SL. Si est\u00e1s intentando dejar de fumar y te cuesta, QuitNow te ayuda a visualizarte como una persona no fumadora, celebrando cada paso logrado. Con una comunidad de apoyo, indicadores de salud y consejos de la OMS, dejar el tabaco es m\u00e1s f\u00e1cil que nunca.<\/p>\n\n\n\n<figure class=\"wp-block-image size-large\"><img loading=\"lazy\" decoding=\"async\" width=\"1024\" height=\"955\" src=\"https:\/\/ticsalutsocial.atoom.space\/wp-content\/uploads\/2025\/02\/Imatge-4-1024x955.png\" alt=\"\" class=\"wp-image-30284\" srcset=\"https:\/\/ticsalutsocial.atoom.space\/wp-content\/uploads\/2025\/02\/Imatge-4-1024x955.png 1024w, https:\/\/ticsalutsocial.atoom.space\/wp-content\/uploads\/2025\/02\/Imatge-4-300x280.png 300w, https:\/\/ticsalutsocial.atoom.space\/wp-content\/uploads\/2025\/02\/Imatge-4-768x716.png 768w, https:\/\/ticsalutsocial.atoom.space\/wp-content\/uploads\/2025\/02\/Imatge-4.png 1278w\" sizes=\"auto, (max-width: 1024px) 100vw, 1024px\" \/><\/figure>\n\n\n\n<p>Para poder dar de alta una aplicaci\u00f3n m\u00f3vil en el Directorio de Aplicaciones, solo es necesario rellenar el formulario de contacto que encontrar\u00e1s en este enlace:\u00a0<a href=\"https:\/\/ticsalutsocial.atoom.space\/que-fem\/actiusdigitals\/formulari-de-contacte\/\">formulari de contacte<\/a>.<\/p>\n\n\n\n<figure class=\"wp-block-image size-full\"><img loading=\"lazy\" decoding=\"async\" width=\"854\" height=\"388\" src=\"https:\/\/ticsalutsocial.atoom.space\/wp-content\/uploads\/2025\/02\/Imagen-5.png\" alt=\"\" class=\"wp-image-30287\" srcset=\"https:\/\/ticsalutsocial.atoom.space\/wp-content\/uploads\/2025\/02\/Imagen-5.png 854w, https:\/\/ticsalutsocial.atoom.space\/wp-content\/uploads\/2025\/02\/Imagen-5-300x136.png 300w, https:\/\/ticsalutsocial.atoom.space\/wp-content\/uploads\/2025\/02\/Imagen-5-768x349.png 768w\" sizes=\"auto, (max-width: 854px) 100vw, 854px\" \/><\/figure>\n\n\n\n<p>Cuando se abra el formulario de contacto, deber\u00e1s completar los campos con toda la informaci\u00f3n de la persona de contacto, los datos del desarrollador, la informaci\u00f3n b\u00e1sica de la aplicaci\u00f3n m\u00f3vil, como la descripci\u00f3n, el enlace a los diferentes mercados de aplicaciones, si hay centros que han participado en el desarrollo de la aplicaci\u00f3n y en qu\u00e9 categor\u00eda o \u00e1mbito de clasificaci\u00f3n propones que se incluya la aplicaci\u00f3n.<\/p>\n\n\n\n<p>Para cualquier duda referente al Directorio de Aplicaciones m\u00f3viles, solo tienes que enviar un correo electr\u00f3nico a&nbsp;<a>oficinamobilitat@ticsalutsocial.cat<\/a>&nbsp;y te responderemos lo antes posible.<\/p>\n","protected":false},"author":21,"featured_media":30294,"menu_order":0,"template":"","meta":{"_acf_changed":false,"inline_featured_image":false},"etiqueta":[],"tipus":[654],"topic":[],"class_list":["post-30291","noticia","type-noticia","status-publish","has-post-thumbnail","hentry","tipus-activos-digitales"],"acf":{"autor":"","imatge":false,"textos_destacats":false,"documents":false,"finalitzat":false,"tipus_plantilla":"objectius","template_objectius":{"cont_principal":"","imatge":false,"cont_seguent":{"titol":"","contingut":""},"seccio_llistat":{"titol":"","llistat":false},"objectius":{"titol":"","objectius":false},"documents":false}},"yoast_head":"<!-- This site is optimized with the Yoast SEO plugin v27.1.1 - https:\/\/yoast.com\/product\/yoast-seo-wordpress\/ -->\n<title>Nuevas aplicaciones para el \u00e1mbito social: Mejorando la calidad de vida de la comunidad - Fundaci\u00f3 TIC Salut i Social<\/title>\n<meta name=\"robots\" content=\"index, follow, max-snippet:-1, max-image-preview:large, max-video-preview:-1\" \/>\n<link rel=\"canonical\" href=\"https:\/\/ticsalutsocial.atoom.space\/es\/noticia\/noves-aplicacions-per-a-lambit-social-millorant-la-qualitat-de-vida-de-la-comunitat\/\" \/>\n<meta property=\"og:locale\" content=\"es_ES\" \/>\n<meta property=\"og:type\" content=\"article\" \/>\n<meta property=\"og:title\" content=\"Nuevas aplicaciones para el \u00e1mbito social: Mejorando la calidad de vida de la comunidad - Fundaci\u00f3 TIC Salut i Social\" \/>\n<meta property=\"og:description\" content=\"En un mundo cada vez m\u00e1s interconectado, la tecnolog\u00eda est\u00e1 jugando un papel clave en la mejora de la calidad de vida de las personas, especialmente en el \u00e1mbito social. Las nuevas aplicaciones tecnol\u00f3gicas desarrolladas para este sector tienen como objetivo proporcionar herramientas eficaces para la atenci\u00f3n sanitaria, el bienestar emocional y la inclusi\u00f3n social [&hellip;]\" \/>\n<meta property=\"og:url\" content=\"https:\/\/ticsalutsocial.atoom.space\/es\/noticia\/noves-aplicacions-per-a-lambit-social-millorant-la-qualitat-de-vida-de-la-comunitat\/\" \/>\n<meta property=\"og:site_name\" content=\"Fundaci\u00f3 TIC Salut i Social\" \/>\n<meta property=\"article:modified_time\" content=\"2025-02-12T14:27:02+00:00\" \/>\n<meta property=\"og:image\" content=\"https:\/\/ticsalutsocial.atoom.space\/wp-content\/uploads\/2025\/02\/Apps-ambit-social.jpg\" \/>\n\t<meta property=\"og:image:width\" content=\"2120\" \/>\n\t<meta property=\"og:image:height\" content=\"1414\" \/>\n\t<meta property=\"og:image:type\" content=\"image\/jpeg\" \/>\n<meta name=\"twitter:card\" content=\"summary_large_image\" \/>\n<meta name=\"twitter:label1\" content=\"Tiempo de lectura\" \/>\n\t<meta name=\"twitter:data1\" content=\"6 minutos\" \/>\n<script type=\"application\/ld+json\" class=\"yoast-schema-graph\">{\"@context\":\"https:\/\/schema.org\",\"@graph\":[{\"@type\":\"WebPage\",\"@id\":\"https:\/\/ticsalutsocial.atoom.space\/es\/noticia\/noves-aplicacions-per-a-lambit-social-millorant-la-qualitat-de-vida-de-la-comunitat\/\",\"url\":\"https:\/\/ticsalutsocial.atoom.space\/es\/noticia\/noves-aplicacions-per-a-lambit-social-millorant-la-qualitat-de-vida-de-la-comunitat\/\",\"name\":\"Nuevas aplicaciones para el \u00e1mbito social: Mejorando la calidad de vida de la comunidad - Fundaci\u00f3 TIC Salut i Social\",\"isPartOf\":{\"@id\":\"https:\/\/ticsalutsocial.atoom.space\/es\/#website\"},\"primaryImageOfPage\":{\"@id\":\"https:\/\/ticsalutsocial.atoom.space\/es\/noticia\/noves-aplicacions-per-a-lambit-social-millorant-la-qualitat-de-vida-de-la-comunitat\/#primaryimage\"},\"image\":{\"@id\":\"https:\/\/ticsalutsocial.atoom.space\/es\/noticia\/noves-aplicacions-per-a-lambit-social-millorant-la-qualitat-de-vida-de-la-comunitat\/#primaryimage\"},\"thumbnailUrl\":\"https:\/\/ticsalutsocial.atoom.space\/wp-content\/uploads\/2025\/02\/Apps-ambit-social.jpg\",\"datePublished\":\"2025-02-12T12:14:43+00:00\",\"dateModified\":\"2025-02-12T14:27:02+00:00\",\"breadcrumb\":{\"@id\":\"https:\/\/ticsalutsocial.atoom.space\/es\/noticia\/noves-aplicacions-per-a-lambit-social-millorant-la-qualitat-de-vida-de-la-comunitat\/#breadcrumb\"},\"inLanguage\":\"es\",\"potentialAction\":[{\"@type\":\"ReadAction\",\"target\":[\"https:\/\/ticsalutsocial.atoom.space\/es\/noticia\/noves-aplicacions-per-a-lambit-social-millorant-la-qualitat-de-vida-de-la-comunitat\/\"]}]},{\"@type\":\"ImageObject\",\"inLanguage\":\"es\",\"@id\":\"https:\/\/ticsalutsocial.atoom.space\/es\/noticia\/noves-aplicacions-per-a-lambit-social-millorant-la-qualitat-de-vida-de-la-comunitat\/#primaryimage\",\"url\":\"https:\/\/ticsalutsocial.atoom.space\/wp-content\/uploads\/2025\/02\/Apps-ambit-social.jpg\",\"contentUrl\":\"https:\/\/ticsalutsocial.atoom.space\/wp-content\/uploads\/2025\/02\/Apps-ambit-social.jpg\",\"width\":2120,\"height\":1414,\"caption\":\"An unrecognizable woman dressed in a yellow sweater checking social media on her mobile phone\"},{\"@type\":\"BreadcrumbList\",\"@id\":\"https:\/\/ticsalutsocial.atoom.space\/es\/noticia\/noves-aplicacions-per-a-lambit-social-millorant-la-qualitat-de-vida-de-la-comunitat\/#breadcrumb\",\"itemListElement\":[{\"@type\":\"ListItem\",\"position\":1,\"name\":\"Inici\",\"item\":\"https:\/\/ticsalutsocial.atoom.space\/es\/\"},{\"@type\":\"ListItem\",\"position\":2,\"name\":\"Nuevas aplicaciones para el \u00e1mbito social: Mejorando la calidad de vida de la comunidad\"}]},{\"@type\":\"WebSite\",\"@id\":\"https:\/\/ticsalutsocial.atoom.space\/es\/#website\",\"url\":\"https:\/\/ticsalutsocial.atoom.space\/es\/\",\"name\":\"Fundaci\u00f3 TIC Salut i Social\",\"description\":\"\",\"potentialAction\":[{\"@type\":\"SearchAction\",\"target\":{\"@type\":\"EntryPoint\",\"urlTemplate\":\"https:\/\/ticsalutsocial.atoom.space\/es\/?s={search_term_string}\"},\"query-input\":{\"@type\":\"PropertyValueSpecification\",\"valueRequired\":true,\"valueName\":\"search_term_string\"}}],\"inLanguage\":\"es\"}]}<\/script>\n<!-- \/ Yoast SEO plugin. -->","yoast_head_json":{"title":"Nuevas aplicaciones para el \u00e1mbito social: Mejorando la calidad de vida de la comunidad - Fundaci\u00f3 TIC Salut i Social","robots":{"index":"index","follow":"follow","max-snippet":"max-snippet:-1","max-image-preview":"max-image-preview:large","max-video-preview":"max-video-preview:-1"},"canonical":"https:\/\/ticsalutsocial.atoom.space\/es\/noticia\/noves-aplicacions-per-a-lambit-social-millorant-la-qualitat-de-vida-de-la-comunitat\/","og_locale":"es_ES","og_type":"article","og_title":"Nuevas aplicaciones para el \u00e1mbito social: Mejorando la calidad de vida de la comunidad - Fundaci\u00f3 TIC Salut i Social","og_description":"En un mundo cada vez m\u00e1s interconectado, la tecnolog\u00eda est\u00e1 jugando un papel clave en la mejora de la calidad de vida de las personas, especialmente en el \u00e1mbito social. Las nuevas aplicaciones tecnol\u00f3gicas desarrolladas para este sector tienen como objetivo proporcionar herramientas eficaces para la atenci\u00f3n sanitaria, el bienestar emocional y la inclusi\u00f3n social [&hellip;]","og_url":"https:\/\/ticsalutsocial.atoom.space\/es\/noticia\/noves-aplicacions-per-a-lambit-social-millorant-la-qualitat-de-vida-de-la-comunitat\/","og_site_name":"Fundaci\u00f3 TIC Salut i Social","article_modified_time":"2025-02-12T14:27:02+00:00","og_image":[{"width":2120,"height":1414,"url":"https:\/\/ticsalutsocial.atoom.space\/wp-content\/uploads\/2025\/02\/Apps-ambit-social.jpg","type":"image\/jpeg"}],"twitter_card":"summary_large_image","twitter_misc":{"Tiempo de lectura":"6 minutos"},"schema":{"@context":"https:\/\/schema.org","@graph":[{"@type":"WebPage","@id":"https:\/\/ticsalutsocial.atoom.space\/es\/noticia\/noves-aplicacions-per-a-lambit-social-millorant-la-qualitat-de-vida-de-la-comunitat\/","url":"https:\/\/ticsalutsocial.atoom.space\/es\/noticia\/noves-aplicacions-per-a-lambit-social-millorant-la-qualitat-de-vida-de-la-comunitat\/","name":"Nuevas aplicaciones para el \u00e1mbito social: Mejorando la calidad de vida de la comunidad - Fundaci\u00f3 TIC Salut i Social","isPartOf":{"@id":"https:\/\/ticsalutsocial.atoom.space\/es\/#website"},"primaryImageOfPage":{"@id":"https:\/\/ticsalutsocial.atoom.space\/es\/noticia\/noves-aplicacions-per-a-lambit-social-millorant-la-qualitat-de-vida-de-la-comunitat\/#primaryimage"},"image":{"@id":"https:\/\/ticsalutsocial.atoom.space\/es\/noticia\/noves-aplicacions-per-a-lambit-social-millorant-la-qualitat-de-vida-de-la-comunitat\/#primaryimage"},"thumbnailUrl":"https:\/\/ticsalutsocial.atoom.space\/wp-content\/uploads\/2025\/02\/Apps-ambit-social.jpg","datePublished":"2025-02-12T12:14:43+00:00","dateModified":"2025-02-12T14:27:02+00:00","breadcrumb":{"@id":"https:\/\/ticsalutsocial.atoom.space\/es\/noticia\/noves-aplicacions-per-a-lambit-social-millorant-la-qualitat-de-vida-de-la-comunitat\/#breadcrumb"},"inLanguage":"es","potentialAction":[{"@type":"ReadAction","target":["https:\/\/ticsalutsocial.atoom.space\/es\/noticia\/noves-aplicacions-per-a-lambit-social-millorant-la-qualitat-de-vida-de-la-comunitat\/"]}]},{"@type":"ImageObject","inLanguage":"es","@id":"https:\/\/ticsalutsocial.atoom.space\/es\/noticia\/noves-aplicacions-per-a-lambit-social-millorant-la-qualitat-de-vida-de-la-comunitat\/#primaryimage","url":"https:\/\/ticsalutsocial.atoom.space\/wp-content\/uploads\/2025\/02\/Apps-ambit-social.jpg","contentUrl":"https:\/\/ticsalutsocial.atoom.space\/wp-content\/uploads\/2025\/02\/Apps-ambit-social.jpg","width":2120,"height":1414,"caption":"An unrecognizable woman dressed in a yellow sweater checking social media on her mobile phone"},{"@type":"BreadcrumbList","@id":"https:\/\/ticsalutsocial.atoom.space\/es\/noticia\/noves-aplicacions-per-a-lambit-social-millorant-la-qualitat-de-vida-de-la-comunitat\/#breadcrumb","itemListElement":[{"@type":"ListItem","position":1,"name":"Inici","item":"https:\/\/ticsalutsocial.atoom.space\/es\/"},{"@type":"ListItem","position":2,"name":"Nuevas aplicaciones para el \u00e1mbito social: Mejorando la calidad de vida de la comunidad"}]},{"@type":"WebSite","@id":"https:\/\/ticsalutsocial.atoom.space\/es\/#website","url":"https:\/\/ticsalutsocial.atoom.space\/es\/","name":"Fundaci\u00f3 TIC Salut i Social","description":"","potentialAction":[{"@type":"SearchAction","target":{"@type":"EntryPoint","urlTemplate":"https:\/\/ticsalutsocial.atoom.space\/es\/?s={search_term_string}"},"query-input":{"@type":"PropertyValueSpecification","valueRequired":true,"valueName":"search_term_string"}}],"inLanguage":"es"}]}},"_links":{"self":[{"href":"https:\/\/ticsalutsocial.atoom.space\/es\/wp-json\/wp\/v2\/noticia\/30291","targetHints":{"allow":["GET"]}}],"collection":[{"href":"https:\/\/ticsalutsocial.atoom.space\/es\/wp-json\/wp\/v2\/noticia"}],"about":[{"href":"https:\/\/ticsalutsocial.atoom.space\/es\/wp-json\/wp\/v2\/types\/noticia"}],"author":[{"embeddable":true,"href":"https:\/\/ticsalutsocial.atoom.space\/es\/wp-json\/wp\/v2\/users\/21"}],"wp:featuredmedia":[{"embeddable":true,"href":"https:\/\/ticsalutsocial.atoom.space\/es\/wp-json\/wp\/v2\/media\/30294"}],"wp:attachment":[{"href":"https:\/\/ticsalutsocial.atoom.space\/es\/wp-json\/wp\/v2\/media?parent=30291"}],"wp:term":[{"taxonomy":"etiqueta","embeddable":true,"href":"https:\/\/ticsalutsocial.atoom.space\/es\/wp-json\/wp\/v2\/etiqueta?post=30291"},{"taxonomy":"tipus","embeddable":true,"href":"https:\/\/ticsalutsocial.atoom.space\/es\/wp-json\/wp\/v2\/tipus?post=30291"},{"taxonomy":"topic","embeddable":true,"href":"https:\/\/ticsalutsocial.atoom.space\/es\/wp-json\/wp\/v2\/topic?post=30291"}],"curies":[{"name":"wp","href":"https:\/\/api.w.org\/{rel}","templated":true}]}}