
{"id":30786,"date":"2025-02-26T14:41:45","date_gmt":"2025-02-26T12:41:45","guid":{"rendered":"https:\/\/ticsalutsocial.atoom.space\/noticia\/visita-el-catalonia-health-innovation-ecosystem-pavilion-al-4yfn-2\/"},"modified":"2025-05-27T13:15:25","modified_gmt":"2025-05-27T11:15:25","slug":"visita-el-catalonia-health-innovation-ecosystem-pavilion-al-4yfn-2","status":"publish","type":"noticia","link":"https:\/\/ticsalutsocial.atoom.space\/es\/noticia\/visita-el-catalonia-health-innovation-ecosystem-pavilion-al-4yfn-2\/","title":{"rendered":"Visita el Catalonia Health Innovation Ecosystem Pavilion al 4YFN"},"content":{"rendered":"<p><strong><span class=\"NormalTextRun SCXW34976340 BCX0\">Consulta el programa con las actividades que han coordinado la Fundaci\u00f3n TIC <\/span><span class=\"NormalTextRun SpellingErrorV2Themed SCXW34976340 BCX0\">Salu<\/span><span class=\"NormalTextRun SpellingErrorV2Themed SCXW34976340 BCX0\">t<\/span><span class=\"NormalTextRun SCXW34976340 BCX0\"> Social y <\/span><span class=\"NormalTextRun SpellingErrorV2Themed SCXW34976340 BCX0\">Biocat<\/span><span class=\"NormalTextRun SCXW34976340 BCX0\"> en el 4YFN, el congreso de innovaci\u00f3n y emprendimiento en el \u00e1mbito tecnol\u00f3gico que se celebra en el marco del Mobile <\/span><span class=\"NormalTextRun SpellingErrorV2Themed SCXW34976340 BCX0\">World<\/span> <span class=\"NormalTextRun SpellingErrorV2Themed SCXW34976340 BCX0\">Congress<\/span><span class=\"NormalTextRun SCXW34976340 BCX0\"> en Barcelona.<\/span><\/strong><\/p>\n<p><span data-ccp-props=\"{&quot;201341983&quot;:0,&quot;335559738&quot;:120,&quot;335559740&quot;:276}\">\u00a0<\/span><\/p>\n<p><span data-contrast=\"auto\">Catalu\u00f1a tendr\u00e1 una presencia destacada en el congreso 4YFN que se celebrar\u00e1 en el marco del Mobile World Congress del 3 al 6 de marzo de 2025 en la Fira Gran Via de Barcelona. La Fundaci\u00f3n TIC Salut Social y Biocat coordinan el <strong>Catalonia Health Innovation Ecosystem Pavilion<\/strong>, ubicado en el Hall 8.0. <a href=\"https:\/\/ticsalutsocial.atoom.space\/wp-content\/uploads\/2025\/02\/PROGRAMA-4YFN_Final.pdf\">En este enlace se puede consultar el programa de actividades del espacio<\/a>, en el que <strong>se presentar\u00e1n y debatir\u00e1n iniciativas y proyectos tecnol\u00f3gicos punteros<\/strong> en el \u00e1mbito de la salud y social en Catalu\u00f1a. El pabell\u00f3n tambi\u00e9n acoger\u00e1 a 16 startups catalanas del \u00e1mbito de las ciencias de la vida que expondr\u00e1n sus soluciones y servicios innovadores.<\/span><span data-ccp-props=\"{&quot;201341983&quot;:0,&quot;335559738&quot;:120,&quot;335559740&quot;:276}\">\u00a0<\/span><\/p>\n<p><span data-contrast=\"auto\">En el <strong>Catalonia Health Innovation Ecosystem Pavilion<\/strong> colaboran la Generalitat de Catalu\u00f1a con el Departamento de Salud, el Departamento de Derechos Sociales, ACCI\u00d3, la <\/span><span data-contrast=\"auto\">Ag\u00e8ncia de Qualitat i Avaluaci\u00f3 Sanit\u00e0ries de Catalunya <\/span><span data-contrast=\"auto\">(AQuAS), y el Institut Catal\u00e0 de la Salut (ICS); el Ayuntamiento de Barcelona; la Uni\u00f3 Catalana d\u2019Hospitals; el Consorci de Salut i Social de Catalunya (CSC); la Asociaci\u00f3n Catalana de Entidades de Salud (ACES); la Asociaci\u00f3n Catalana de Recursos Asistenciales (ACRA); y la Mesa de entidades del Tercer Sector Social de Catalu\u00f1a (M4Social).<\/span><span data-ccp-props=\"{&quot;201341983&quot;:0,&quot;335559738&quot;:120,&quot;335559740&quot;:276}\">\u00a0<\/span><\/p>\n<p><b><span data-contrast=\"auto\">Enlaces de inter\u00e9s: <\/span><\/b><span data-ccp-props=\"{&quot;201341983&quot;:0,&quot;335559738&quot;:120,&quot;335559740&quot;:276}\">\u00a0<\/span><\/p>\n<ul>\n<li data-leveltext=\"\uf0b7\" data-font=\"Symbol\" data-listid=\"1\" data-list-defn-props=\"{&quot;335552541&quot;:1,&quot;335559685&quot;:720,&quot;335559991&quot;:360,&quot;469769226&quot;:&quot;Symbol&quot;,&quot;469769242&quot;:[8226],&quot;469777803&quot;:&quot;left&quot;,&quot;469777804&quot;:&quot;\uf0b7&quot;,&quot;469777815&quot;:&quot;hybridMultilevel&quot;}\" aria-setsize=\"-1\" data-aria-posinset=\"1\" data-aria-level=\"1\"><a href=\"https:\/\/ticsalutsocial.atoom.space\/wp-content\/uploads\/2025\/02\/PROGRAMA-4YFN_Final.pdf\"><span data-contrast=\"none\">Programa del Catalonia Health Innovation Ecosystem Pavilion<\/span><\/a><\/li>\n<\/ul>\n<ul>\n<li data-leveltext=\"\uf0b7\" data-font=\"Symbol\" data-listid=\"1\" data-list-defn-props=\"{&quot;335552541&quot;:1,&quot;335559685&quot;:720,&quot;335559991&quot;:360,&quot;469769226&quot;:&quot;Symbol&quot;,&quot;469769242&quot;:[8226],&quot;469777803&quot;:&quot;left&quot;,&quot;469777804&quot;:&quot;\uf0b7&quot;,&quot;469777815&quot;:&quot;hybridMultilevel&quot;}\" aria-setsize=\"-1\" data-aria-posinset=\"2\" data-aria-level=\"1\"><a href=\"https:\/\/barcelonahealthhub.com\/en\/events\/4yfn-2025\/\"><span data-contrast=\"none\">Programa del Barcelona Health Hub<\/span><\/a><span data-ccp-props=\"{&quot;201341983&quot;:0,&quot;335559738&quot;:120,&quot;335559740&quot;:276}\">\u00a0<\/span><\/li>\n<\/ul>\n<ul>\n<li data-leveltext=\"\uf0b7\" data-font=\"Symbol\" data-listid=\"1\" data-list-defn-props=\"{&quot;335552541&quot;:1,&quot;335559685&quot;:720,&quot;335559991&quot;:360,&quot;469769226&quot;:&quot;Symbol&quot;,&quot;469769242&quot;:[8226],&quot;469777803&quot;:&quot;left&quot;,&quot;469777804&quot;:&quot;\uf0b7&quot;,&quot;469777815&quot;:&quot;hybridMultilevel&quot;}\" aria-setsize=\"-1\" data-aria-posinset=\"3\" data-aria-level=\"1\"><a href=\"https:\/\/www.4yfn.com\/agenda?date=2025-03-03\"><span data-contrast=\"none\">Agenda del 4YFN<\/span><\/a><span data-ccp-props=\"{&quot;201341983&quot;:0,&quot;335559738&quot;:120,&quot;335559740&quot;:276}\">\u00a0<\/span><\/li>\n<\/ul>\n<ul>\n<li data-leveltext=\"\uf0b7\" data-font=\"Symbol\" data-listid=\"1\" data-list-defn-props=\"{&quot;335552541&quot;:1,&quot;335559685&quot;:720,&quot;335559991&quot;:360,&quot;469769226&quot;:&quot;Symbol&quot;,&quot;469769242&quot;:[8226],&quot;469777803&quot;:&quot;left&quot;,&quot;469777804&quot;:&quot;\uf0b7&quot;,&quot;469777815&quot;:&quot;hybridMultilevel&quot;}\" aria-setsize=\"-1\" data-aria-posinset=\"4\" data-aria-level=\"1\"><a href=\"https:\/\/www.mwcbarcelona.com\/agenda?date=2025-03-03\"><span data-contrast=\"none\">Agenda del Mobile World Congress 2025 (MWC)<\/span><\/a><span data-ccp-props=\"{&quot;201341983&quot;:0,&quot;335559738&quot;:120,&quot;335559740&quot;:276}\">\u00a0<\/span><\/li>\n<\/ul>\n","protected":false},"author":21,"featured_media":30778,"menu_order":0,"template":"","meta":{"_acf_changed":false,"inline_featured_image":false},"etiqueta":[],"tipus":[1163],"topic":[],"class_list":["post-30786","noticia","type-noticia","status-publish","has-post-thumbnail","hentry","tipus-actualidad"],"acf":{"autor":"","imatge":30778,"textos_destacats":false,"documents":false,"finalitzat":false,"tipus_plantilla":"objectius","template_objectius":{"cont_principal":"","imatge":false,"cont_seguent":{"titol":"","contingut":""},"seccio_llistat":{"titol":"","llistat":false},"objectius":{"titol":"","objectius":false},"documents":false}},"yoast_head":"<!-- This site is optimized with the Yoast SEO plugin v27.1.1 - https:\/\/yoast.com\/product\/yoast-seo-wordpress\/ -->\n<title>Visita el Catalonia Health Innovation Ecosystem Pavilion al 4YFN - Fundaci\u00f3 TIC Salut i Social<\/title>\n<meta name=\"description\" content=\"Consulta el programa con las actividades que han coordinado la Fundaci\u00f3n TIC Salut Social y Biocat en el 4YFN, el congreso de innovaci\u00f3n y emprendimiento en el \u00e1mbito tecnol\u00f3gico que se celebra en el marco del Mobile World Congress en Barcelona.\" \/>\n<meta name=\"robots\" content=\"index, follow, max-snippet:-1, max-image-preview:large, max-video-preview:-1\" \/>\n<link rel=\"canonical\" href=\"https:\/\/ticsalutsocial.atoom.space\/es\/noticia\/visita-el-catalonia-health-innovation-ecosystem-pavilion-al-4yfn-2\/\" \/>\n<meta property=\"og:locale\" content=\"es_ES\" \/>\n<meta property=\"og:type\" content=\"article\" \/>\n<meta property=\"og:title\" content=\"Visita el Catalonia Health Innovation Ecosystem Pavilion al 4YFN - Fundaci\u00f3 TIC Salut i Social\" \/>\n<meta property=\"og:description\" content=\"Consulta el programa con las actividades que han coordinado la Fundaci\u00f3n TIC Salut Social y Biocat en el 4YFN, el congreso de innovaci\u00f3n y emprendimiento en el \u00e1mbito tecnol\u00f3gico que se celebra en el marco del Mobile World Congress en Barcelona.\" \/>\n<meta property=\"og:url\" content=\"https:\/\/ticsalutsocial.atoom.space\/es\/noticia\/visita-el-catalonia-health-innovation-ecosystem-pavilion-al-4yfn-2\/\" \/>\n<meta property=\"og:site_name\" content=\"Fundaci\u00f3 TIC Salut i Social\" \/>\n<meta property=\"article:modified_time\" content=\"2025-05-27T11:15:25+00:00\" \/>\n<meta property=\"og:image\" content=\"https:\/\/ticsalutsocial.atoom.space\/wp-content\/uploads\/2025\/02\/horizontal_4yfn_MWC-3-1024x494.png\" \/>\n\t<meta property=\"og:image:width\" content=\"1024\" \/>\n\t<meta property=\"og:image:height\" content=\"494\" \/>\n\t<meta property=\"og:image:type\" content=\"image\/png\" \/>\n<meta name=\"twitter:card\" content=\"summary_large_image\" \/>\n<meta name=\"twitter:label1\" content=\"Tiempo de lectura\" \/>\n\t<meta name=\"twitter:data1\" content=\"2 minutos\" \/>\n<script type=\"application\/ld+json\" class=\"yoast-schema-graph\">{\"@context\":\"https:\/\/schema.org\",\"@graph\":[{\"@type\":\"WebPage\",\"@id\":\"https:\/\/ticsalutsocial.atoom.space\/es\/noticia\/visita-el-catalonia-health-innovation-ecosystem-pavilion-al-4yfn-2\/\",\"url\":\"https:\/\/ticsalutsocial.atoom.space\/es\/noticia\/visita-el-catalonia-health-innovation-ecosystem-pavilion-al-4yfn-2\/\",\"name\":\"Visita el Catalonia Health Innovation Ecosystem Pavilion al 4YFN - Fundaci\u00f3 TIC Salut i Social\",\"isPartOf\":{\"@id\":\"https:\/\/ticsalutsocial.atoom.space\/es\/#website\"},\"primaryImageOfPage\":{\"@id\":\"https:\/\/ticsalutsocial.atoom.space\/es\/noticia\/visita-el-catalonia-health-innovation-ecosystem-pavilion-al-4yfn-2\/#primaryimage\"},\"image\":{\"@id\":\"https:\/\/ticsalutsocial.atoom.space\/es\/noticia\/visita-el-catalonia-health-innovation-ecosystem-pavilion-al-4yfn-2\/#primaryimage\"},\"thumbnailUrl\":\"https:\/\/ticsalutsocial.atoom.space\/wp-content\/uploads\/2025\/02\/horizontal_4yfn_MWC-3.png\",\"datePublished\":\"2025-02-26T12:41:45+00:00\",\"dateModified\":\"2025-05-27T11:15:25+00:00\",\"description\":\"Consulta el programa con las actividades que han coordinado la Fundaci\u00f3n TIC Salut Social y Biocat en el 4YFN, el congreso de innovaci\u00f3n y emprendimiento en el \u00e1mbito tecnol\u00f3gico que se celebra en el marco del Mobile World Congress en Barcelona.\",\"breadcrumb\":{\"@id\":\"https:\/\/ticsalutsocial.atoom.space\/es\/noticia\/visita-el-catalonia-health-innovation-ecosystem-pavilion-al-4yfn-2\/#breadcrumb\"},\"inLanguage\":\"es\",\"potentialAction\":[{\"@type\":\"ReadAction\",\"target\":[\"https:\/\/ticsalutsocial.atoom.space\/es\/noticia\/visita-el-catalonia-health-innovation-ecosystem-pavilion-al-4yfn-2\/\"]}]},{\"@type\":\"ImageObject\",\"inLanguage\":\"es\",\"@id\":\"https:\/\/ticsalutsocial.atoom.space\/es\/noticia\/visita-el-catalonia-health-innovation-ecosystem-pavilion-al-4yfn-2\/#primaryimage\",\"url\":\"https:\/\/ticsalutsocial.atoom.space\/wp-content\/uploads\/2025\/02\/horizontal_4yfn_MWC-3.png\",\"contentUrl\":\"https:\/\/ticsalutsocial.atoom.space\/wp-content\/uploads\/2025\/02\/horizontal_4yfn_MWC-3.png\",\"width\":7890,\"height\":3805,\"caption\":\"4YFN - Catalonia Health Innovation Ecosystem Pavilion\"},{\"@type\":\"BreadcrumbList\",\"@id\":\"https:\/\/ticsalutsocial.atoom.space\/es\/noticia\/visita-el-catalonia-health-innovation-ecosystem-pavilion-al-4yfn-2\/#breadcrumb\",\"itemListElement\":[{\"@type\":\"ListItem\",\"position\":1,\"name\":\"Inici\",\"item\":\"https:\/\/ticsalutsocial.atoom.space\/es\/\"},{\"@type\":\"ListItem\",\"position\":2,\"name\":\"Visita el Catalonia Health Innovation Ecosystem Pavilion al 4YFN\"}]},{\"@type\":\"WebSite\",\"@id\":\"https:\/\/ticsalutsocial.atoom.space\/es\/#website\",\"url\":\"https:\/\/ticsalutsocial.atoom.space\/es\/\",\"name\":\"Fundaci\u00f3 TIC Salut i Social\",\"description\":\"\",\"potentialAction\":[{\"@type\":\"SearchAction\",\"target\":{\"@type\":\"EntryPoint\",\"urlTemplate\":\"https:\/\/ticsalutsocial.atoom.space\/es\/?s={search_term_string}\"},\"query-input\":{\"@type\":\"PropertyValueSpecification\",\"valueRequired\":true,\"valueName\":\"search_term_string\"}}],\"inLanguage\":\"es\"}]}<\/script>\n<!-- \/ Yoast SEO plugin. -->","yoast_head_json":{"title":"Visita el Catalonia Health Innovation Ecosystem Pavilion al 4YFN - Fundaci\u00f3 TIC Salut i Social","description":"Consulta el programa con las actividades que han coordinado la Fundaci\u00f3n TIC Salut Social y Biocat en el 4YFN, el congreso de innovaci\u00f3n y emprendimiento en el \u00e1mbito tecnol\u00f3gico que se celebra en el marco del Mobile World Congress en Barcelona.","robots":{"index":"index","follow":"follow","max-snippet":"max-snippet:-1","max-image-preview":"max-image-preview:large","max-video-preview":"max-video-preview:-1"},"canonical":"https:\/\/ticsalutsocial.atoom.space\/es\/noticia\/visita-el-catalonia-health-innovation-ecosystem-pavilion-al-4yfn-2\/","og_locale":"es_ES","og_type":"article","og_title":"Visita el Catalonia Health Innovation Ecosystem Pavilion al 4YFN - Fundaci\u00f3 TIC Salut i Social","og_description":"Consulta el programa con las actividades que han coordinado la Fundaci\u00f3n TIC Salut Social y Biocat en el 4YFN, el congreso de innovaci\u00f3n y emprendimiento en el \u00e1mbito tecnol\u00f3gico que se celebra en el marco del Mobile World Congress en Barcelona.","og_url":"https:\/\/ticsalutsocial.atoom.space\/es\/noticia\/visita-el-catalonia-health-innovation-ecosystem-pavilion-al-4yfn-2\/","og_site_name":"Fundaci\u00f3 TIC Salut i Social","article_modified_time":"2025-05-27T11:15:25+00:00","og_image":[{"width":1024,"height":494,"url":"https:\/\/ticsalutsocial.atoom.space\/wp-content\/uploads\/2025\/02\/horizontal_4yfn_MWC-3-1024x494.png","type":"image\/png"}],"twitter_card":"summary_large_image","twitter_misc":{"Tiempo de lectura":"2 minutos"},"schema":{"@context":"https:\/\/schema.org","@graph":[{"@type":"WebPage","@id":"https:\/\/ticsalutsocial.atoom.space\/es\/noticia\/visita-el-catalonia-health-innovation-ecosystem-pavilion-al-4yfn-2\/","url":"https:\/\/ticsalutsocial.atoom.space\/es\/noticia\/visita-el-catalonia-health-innovation-ecosystem-pavilion-al-4yfn-2\/","name":"Visita el Catalonia Health Innovation Ecosystem Pavilion al 4YFN - Fundaci\u00f3 TIC Salut i Social","isPartOf":{"@id":"https:\/\/ticsalutsocial.atoom.space\/es\/#website"},"primaryImageOfPage":{"@id":"https:\/\/ticsalutsocial.atoom.space\/es\/noticia\/visita-el-catalonia-health-innovation-ecosystem-pavilion-al-4yfn-2\/#primaryimage"},"image":{"@id":"https:\/\/ticsalutsocial.atoom.space\/es\/noticia\/visita-el-catalonia-health-innovation-ecosystem-pavilion-al-4yfn-2\/#primaryimage"},"thumbnailUrl":"https:\/\/ticsalutsocial.atoom.space\/wp-content\/uploads\/2025\/02\/horizontal_4yfn_MWC-3.png","datePublished":"2025-02-26T12:41:45+00:00","dateModified":"2025-05-27T11:15:25+00:00","description":"Consulta el programa con las actividades que han coordinado la Fundaci\u00f3n TIC Salut Social y Biocat en el 4YFN, el congreso de innovaci\u00f3n y emprendimiento en el \u00e1mbito tecnol\u00f3gico que se celebra en el marco del Mobile World Congress en Barcelona.","breadcrumb":{"@id":"https:\/\/ticsalutsocial.atoom.space\/es\/noticia\/visita-el-catalonia-health-innovation-ecosystem-pavilion-al-4yfn-2\/#breadcrumb"},"inLanguage":"es","potentialAction":[{"@type":"ReadAction","target":["https:\/\/ticsalutsocial.atoom.space\/es\/noticia\/visita-el-catalonia-health-innovation-ecosystem-pavilion-al-4yfn-2\/"]}]},{"@type":"ImageObject","inLanguage":"es","@id":"https:\/\/ticsalutsocial.atoom.space\/es\/noticia\/visita-el-catalonia-health-innovation-ecosystem-pavilion-al-4yfn-2\/#primaryimage","url":"https:\/\/ticsalutsocial.atoom.space\/wp-content\/uploads\/2025\/02\/horizontal_4yfn_MWC-3.png","contentUrl":"https:\/\/ticsalutsocial.atoom.space\/wp-content\/uploads\/2025\/02\/horizontal_4yfn_MWC-3.png","width":7890,"height":3805,"caption":"4YFN - Catalonia Health Innovation Ecosystem Pavilion"},{"@type":"BreadcrumbList","@id":"https:\/\/ticsalutsocial.atoom.space\/es\/noticia\/visita-el-catalonia-health-innovation-ecosystem-pavilion-al-4yfn-2\/#breadcrumb","itemListElement":[{"@type":"ListItem","position":1,"name":"Inici","item":"https:\/\/ticsalutsocial.atoom.space\/es\/"},{"@type":"ListItem","position":2,"name":"Visita el Catalonia Health Innovation Ecosystem Pavilion al 4YFN"}]},{"@type":"WebSite","@id":"https:\/\/ticsalutsocial.atoom.space\/es\/#website","url":"https:\/\/ticsalutsocial.atoom.space\/es\/","name":"Fundaci\u00f3 TIC Salut i Social","description":"","potentialAction":[{"@type":"SearchAction","target":{"@type":"EntryPoint","urlTemplate":"https:\/\/ticsalutsocial.atoom.space\/es\/?s={search_term_string}"},"query-input":{"@type":"PropertyValueSpecification","valueRequired":true,"valueName":"search_term_string"}}],"inLanguage":"es"}]}},"_links":{"self":[{"href":"https:\/\/ticsalutsocial.atoom.space\/es\/wp-json\/wp\/v2\/noticia\/30786","targetHints":{"allow":["GET"]}}],"collection":[{"href":"https:\/\/ticsalutsocial.atoom.space\/es\/wp-json\/wp\/v2\/noticia"}],"about":[{"href":"https:\/\/ticsalutsocial.atoom.space\/es\/wp-json\/wp\/v2\/types\/noticia"}],"author":[{"embeddable":true,"href":"https:\/\/ticsalutsocial.atoom.space\/es\/wp-json\/wp\/v2\/users\/21"}],"wp:featuredmedia":[{"embeddable":true,"href":"https:\/\/ticsalutsocial.atoom.space\/es\/wp-json\/wp\/v2\/media\/30778"}],"wp:attachment":[{"href":"https:\/\/ticsalutsocial.atoom.space\/es\/wp-json\/wp\/v2\/media?parent=30786"}],"wp:term":[{"taxonomy":"etiqueta","embeddable":true,"href":"https:\/\/ticsalutsocial.atoom.space\/es\/wp-json\/wp\/v2\/etiqueta?post=30786"},{"taxonomy":"tipus","embeddable":true,"href":"https:\/\/ticsalutsocial.atoom.space\/es\/wp-json\/wp\/v2\/tipus?post=30786"},{"taxonomy":"topic","embeddable":true,"href":"https:\/\/ticsalutsocial.atoom.space\/es\/wp-json\/wp\/v2\/topic?post=30786"}],"curies":[{"name":"wp","href":"https:\/\/api.w.org\/{rel}","templated":true}]}}